{"id":19770,"date":"2011-09-09T22:24:15","date_gmt":"2011-09-09T20:24:15","guid":{"rendered":"https:\/\/sandzakpress.net\/arhiva\/?p=19770"},"modified":"2011-09-09T22:24:15","modified_gmt":"2011-09-09T20:24:15","slug":"tajip-erdogan-planira-posjetiti-gazu","status":"publish","type":"post","link":"https:\/\/sandzakpress.net\/arhiva\/tajip-erdogan-planira-posjetiti-gazu\/","title":{"rendered":"Tajip Erdogan planira posjetiti Gazu"},"content":{"rendered":"<p><strong><a href=\"https:\/\/sandzakpress.net\/arhiva\/wp-content\/uploads\/2011\/09\/erdogan_003.jpg\"><img loading=\"lazy\" decoding=\"async\" class=\"alignleft size-medium wp-image-19771\" src=\"https:\/\/sandzakpress.net\/arhiva\/wp-content\/uploads\/2011\/09\/erdogan_003-300x142.jpg\" alt=\"\" width=\"300\" height=\"142\" \/><\/a>Turska , Izrael &#8211; Tursku i Izrael \u010dekaju novi izazovi poslije spu\u0161tanja odnosa na nivo drugih sekretara i stavljanja  \u201ena led\u201c vojne saradnje.<\/strong><\/p>\n<p>\u201ePremijer Tajip Erdogan \u0107e uskoro posjetiti Gazu\u201c, otkrivaju turski  novinari. Zvani\u010dno je potvr\u0111eno da \u0107e Erdogan idu\u0107e sedmice  otputovati u  Kairo. Poslije konsultacija sa egipatskim doma\u0107inima, bit \u0107e odlu\u010deno  da li \u0107e produ\u017eiti u Gazu, koju Izrael ve\u0107 nekoliko godina dr\u017ei pod  blokadom kako bi sprije\u010dio naoru\u017eavanje Hamasa.<\/p>\n<p>U Izraelu \u0107e, sigrurno, ovo do\u017eivjeti kao novu provokaciju Ankare, koja  tra\u017ei ukidanje blokade Palestinaca. To je i bio neposredan povod za  poreme\u0107aj u koji su prije tri godine zapali odnosi izme\u0111u dvije  decenijama prijateljske zemlje.<\/p>\n<p>\u201eVi ubijate civile\u201c, optu\u017eio je premijer Erdogan Izrael, koji je  po\u010detkom 2009. godine u vi\u0161ednevnim napadima na Gazu ubio vi\u0161e od 1.400  Palestinaca, uglavnom civila. Te njegove rije\u010di su nai\u0161le na aplauze, ne  samo u Turskoj, nego i mnogim zemljama Bliskog istoka.<\/p>\n<p>Kada je Izrael odbio da se izvini Ankari zbog ubistva devet turskih  dr\u017eavljana na brodu koji je prevozio pomo\u0107 Gazi, odnosi su se na\u0161li na  ivici prekida. Ali, kako izgleda, sada\u0161nji \u201ediplomatski rat\u201c se na ovome  ne\u0107e zavr\u0161iti.<\/p>\n<p>&#8220;Mi \u0107emo uskoro po\u010deti pripreme za podizanje zahtjeva da Me\u0111unarodni sud  pravde u Hagu ocijeni (legalnost ) blokade Gaze, zvani\u010dno je re\u010deno u  Ankari.<\/p>\n<p>U Turskoj, tako\u0111e, ka\u017eu da \u0107e se anga\u017eovati na pokretanju postupka pred  Me\u0111unarodnim krivi\u010dnim sudom protiv izraleskih komandosa koji su na  jednom brodu 31. maja pro\u0161le godine ubili turske dr\u017eavljane koji su  prenosili pomo\u0107 Gazi.<\/p>\n<p>U Ankari ka\u017eu da \u0107e poja\u010dati svoje vojno prisustvo u isto\u010dnom Mediteranu.<\/p>\n<p>\u201eNa\u0161i brodovi \u0107e ubudu\u0107e biti \u010desto u tim vodama\u201c, zvani\u010dno je potvr\u0111eno u Ankari.<\/p>\n<p>Sada\u0161nji diplomatski spor izme\u0111u dvije zemlje izazvao je zabrinutost u  Ujedinjenim nacijama i Americi koja je strate\u0161ki saveznik Turske i  Izraela. Washington je bezuspje\u0161no poku\u0161ao da se taj spor rije\u0161i iza  zatvorenih vrata u diplomatskim kontaktima izme\u0111u dvije zemlje.  Najnoviji razvoj bi, kako se strahuje, mogao da se nepovoljno odrazi na  mirovni proces na Bliskom istoku.<\/p>\n<p>&#8220;Mi smo zabrinuti zbog sada\u0161njeg pogor\u0161anja odnosa izme\u0111u na\u0161ih  strate\u0161kih saveznika u NATO-u i na Bliskom istoku&#8221;, ka\u017eu u State  Departmentu. U toku su pojedina\u010dni kontakti izme\u0111u visokih ameri\u010dkih,  turskih i izraelskih diplomata, po\u0161to Bijela ku\u0107a poku\u0161ava da svoje  saveznike vrati za pregovara\u010dki sto i normalizaciji odnosa.<\/p>\n<p>Ankara u ovom sporu ima punu podr\u0161ku Organizacije za islamsku saradnju koja okuplja vi\u0161e od 50 zemalja u svijetu.<\/p>\n<p>\u201eKomisija UN (koja je istra\u017eivala oru\u017eani incident na turskom brodu u  Mediteranu) je propustila priliku da zauzme nepristrasnu poziciju i mi  \u0107emo inicirati novu nezavisnu istragu\u201c, izjavio je generalni sekretar te  organizacije Ekmeledin Ihsanoglu.<\/p>\n<p>Izvor:<strong> Sandzak-X.net<\/strong><\/p>\n","protected":false},"excerpt":{"rendered":"<p>Turska , Izrael &#8211; Tursku i Izrael \u010dekaju novi izazovi poslije spu\u0161tanja odnosa na nivo drugih sekretara i stavljanja \u201ena led\u201c vojne saradnje. \u201ePremijer Tajip Erdogan \u0107e uskoro posjetiti Gazu\u201c, otkrivaju turski novinari. Zvani\u010dno je potvr\u0111eno da \u0107e Erdogan idu\u0107e sedmice otputovati u Kairo. Poslije konsultacija sa egipatskim doma\u0107inima, bit \u0107e odlu\u010deno da li \u0107e [&hellip;]<\/p>\n","protected":false},"author":13,"featured_media":19771,"comment_status":"open","ping_status":"open","sticky":false,"template":"","format":"standard","meta":{"footnotes":""},"categories":[9],"tags":[],"class_list":{"0":"post-19770","1":"post","2":"type-post","3":"status-publish","4":"format-standard","5":"has-post-thumbnail","7":"category-svijet"},"yoast_head":"<!-- This site is optimized with the Yoast SEO Premium plugin v23.1 (Yoast SEO v24.9) - https:\/\/yoast.com\/wordpress\/plugins\/seo\/ -->\n<title>Tajip Erdogan planira posjetiti Gazu<\/title>\n<meta name=\"robots\" content=\"index, follow, max-snippet:-1, max-image-preview:large, max-video-preview:-1\" \/>\n<link rel=\"canonical\" href=\"https:\/\/sandzakpress.net\/arhiva\/tajip-erdogan-planira-posjetiti-gazu\/\" \/>\n<meta property=\"og:locale\" content=\"bs_BA\" \/>\n<meta property=\"og:type\" content=\"article\" \/>\n<meta property=\"og:title\" content=\"Tajip Erdogan planira posjetiti Gazu\" \/>\n<meta property=\"og:description\" content=\"Turska , Izrael &#8211; Tursku i Izrael \u010dekaju novi izazovi poslije spu\u0161tanja odnosa na nivo drugih sekretara i stavljanja \u201ena led\u201c vojne saradnje. \u201ePremijer Tajip Erdogan \u0107e uskoro posjetiti Gazu\u201c, otkrivaju turski novinari. Zvani\u010dno je potvr\u0111eno da \u0107e Erdogan idu\u0107e sedmice otputovati u Kairo. Poslije konsultacija sa egipatskim doma\u0107inima, bit \u0107e odlu\u010deno da li \u0107e [&hellip;]\" \/>\n<meta property=\"og:url\" content=\"https:\/\/sandzakpress.net\/arhiva\/tajip-erdogan-planira-posjetiti-gazu\/\" \/>\n<meta property=\"og:site_name\" content=\"Sand\u017eak PRESS\" \/>\n<meta property=\"article:published_time\" content=\"2011-09-09T20:24:15+00:00\" \/>\n<meta property=\"og:image\" content=\"https:\/\/sandzakpress.net\/arhiva\/wp-content\/uploads\/2011\/09\/erdogan_003.jpg\" \/>\n\t<meta property=\"og:image:width\" content=\"500\" \/>\n\t<meta property=\"og:image:height\" content=\"237\" \/>\n\t<meta property=\"og:image:type\" content=\"image\/jpeg\" \/>\n<meta name=\"twitter:card\" content=\"summary_large_image\" \/>\n<meta name=\"twitter:label1\" content=\"Written by\" \/>\n\t<meta name=\"twitter:data1\" content=\"\" \/>\n\t<meta name=\"twitter:label2\" content=\"Est. reading time\" \/>\n\t<meta name=\"twitter:data2\" content=\"2 minute\" \/>\n<script type=\"application\/ld+json\" class=\"yoast-schema-graph\">{\"@context\":\"https:\/\/schema.org\",\"@graph\":[{\"@type\":\"Article\",\"@id\":\"https:\/\/sandzakpress.net\/arhiva\/tajip-erdogan-planira-posjetiti-gazu\/#article\",\"isPartOf\":{\"@id\":\"https:\/\/sandzakpress.net\/arhiva\/tajip-erdogan-planira-posjetiti-gazu\/\"},\"author\":{\"name\":\"\",\"@id\":\"\"},\"headline\":\"Tajip Erdogan planira posjetiti Gazu\",\"datePublished\":\"2011-09-09T20:24:15+00:00\",\"mainEntityOfPage\":{\"@id\":\"https:\/\/sandzakpress.net\/arhiva\/tajip-erdogan-planira-posjetiti-gazu\/\"},\"wordCount\":497,\"commentCount\":7,\"publisher\":{\"@id\":\"https:\/\/sandzakpress.net\/arhiva\/#\/schema\/person\/6e72b67d6e51910a1117b3b483ba20bd\"},\"image\":{\"@id\":\"https:\/\/sandzakpress.net\/arhiva\/tajip-erdogan-planira-posjetiti-gazu\/#primaryimage\"},\"thumbnailUrl\":\"https:\/\/sandzakpress.net\/arhiva\/wp-content\/uploads\/2011\/09\/erdogan_003.jpg\",\"articleSection\":[\"Svijet\"],\"inLanguage\":\"bs-BA\",\"potentialAction\":[{\"@type\":\"CommentAction\",\"name\":\"Comment\",\"target\":[\"https:\/\/sandzakpress.net\/arhiva\/tajip-erdogan-planira-posjetiti-gazu\/#respond\"]}]},{\"@type\":\"WebPage\",\"@id\":\"https:\/\/sandzakpress.net\/arhiva\/tajip-erdogan-planira-posjetiti-gazu\/\",\"url\":\"https:\/\/sandzakpress.net\/arhiva\/tajip-erdogan-planira-posjetiti-gazu\/\",\"name\":\"Tajip Erdogan planira posjetiti Gazu\",\"isPartOf\":{\"@id\":\"https:\/\/sandzakpress.net\/arhiva\/#website\"},\"primaryImageOfPage\":{\"@id\":\"https:\/\/sandzakpress.net\/arhiva\/tajip-erdogan-planira-posjetiti-gazu\/#primaryimage\"},\"image\":{\"@id\":\"https:\/\/sandzakpress.net\/arhiva\/tajip-erdogan-planira-posjetiti-gazu\/#primaryimage\"},\"thumbnailUrl\":\"https:\/\/sandzakpress.net\/arhiva\/wp-content\/uploads\/2011\/09\/erdogan_003.jpg\",\"datePublished\":\"2011-09-09T20:24:15+00:00\",\"breadcrumb\":{\"@id\":\"https:\/\/sandzakpress.net\/arhiva\/tajip-erdogan-planira-posjetiti-gazu\/#breadcrumb\"},\"inLanguage\":\"bs-BA\",\"potentialAction\":[{\"@type\":\"ReadAction\",\"target\":[\"https:\/\/sandzakpress.net\/arhiva\/tajip-erdogan-planira-posjetiti-gazu\/\"]}]},{\"@type\":\"ImageObject\",\"inLanguage\":\"bs-BA\",\"@id\":\"https:\/\/sandzakpress.net\/arhiva\/tajip-erdogan-planira-posjetiti-gazu\/#primaryimage\",\"url\":\"https:\/\/sandzakpress.net\/arhiva\/wp-content\/uploads\/2011\/09\/erdogan_003.jpg\",\"contentUrl\":\"https:\/\/sandzakpress.net\/arhiva\/wp-content\/uploads\/2011\/09\/erdogan_003.jpg\",\"width\":500,\"height\":237},{\"@type\":\"BreadcrumbList\",\"@id\":\"https:\/\/sandzakpress.net\/arhiva\/tajip-erdogan-planira-posjetiti-gazu\/#breadcrumb\",\"itemListElement\":[{\"@type\":\"ListItem\",\"position\":1,\"name\":\"Home\",\"item\":\"https:\/\/sandzakpress.net\/arhiva\/\"},{\"@type\":\"ListItem\",\"position\":2,\"name\":\"Tajip Erdogan planira posjetiti Gazu\"}]},{\"@type\":\"WebSite\",\"@id\":\"https:\/\/sandzakpress.net\/arhiva\/#website\",\"url\":\"https:\/\/sandzakpress.net\/arhiva\/\",\"name\":\"Sand\u017eak PRESS\",\"description\":\"Prve elektronske novine u Sand\u017eaku\",\"publisher\":{\"@id\":\"https:\/\/sandzakpress.net\/arhiva\/#\/schema\/person\/6e72b67d6e51910a1117b3b483ba20bd\"},\"potentialAction\":[{\"@type\":\"SearchAction\",\"target\":{\"@type\":\"EntryPoint\",\"urlTemplate\":\"https:\/\/sandzakpress.net\/arhiva\/?s={search_term_string}\"},\"query-input\":{\"@type\":\"PropertyValueSpecification\",\"valueRequired\":true,\"valueName\":\"search_term_string\"}}],\"inLanguage\":\"bs-BA\"},{\"@type\":[\"Person\",\"Organization\"],\"@id\":\"https:\/\/sandzakpress.net\/arhiva\/#\/schema\/person\/6e72b67d6e51910a1117b3b483ba20bd\",\"name\":\"Kul\",\"image\":{\"@type\":\"ImageObject\",\"inLanguage\":\"bs-BA\",\"@id\":\"https:\/\/sandzakpress.net\/arhiva\/#\/schema\/person\/image\/\",\"url\":\"https:\/\/secure.gravatar.com\/avatar\/42263f39aa27ac04c43cab85c280eb2e?s=96&d=mm&r=pg\",\"contentUrl\":\"https:\/\/secure.gravatar.com\/avatar\/42263f39aa27ac04c43cab85c280eb2e?s=96&d=mm&r=pg\",\"caption\":\"Kul\"},\"logo\":{\"@id\":\"https:\/\/sandzakpress.net\/arhiva\/#\/schema\/person\/image\/\"}},{\"@type\":\"Person\",\"@id\":\"\",\"url\":\"https:\/\/sandzakpress.net\/arhiva\/author\/\"}]}<\/script>\n<!-- \/ Yoast SEO Premium plugin. -->","yoast_head_json":{"title":"Tajip Erdogan planira posjetiti Gazu","robots":{"index":"index","follow":"follow","max-snippet":"max-snippet:-1","max-image-preview":"max-image-preview:large","max-video-preview":"max-video-preview:-1"},"canonical":"https:\/\/sandzakpress.net\/arhiva\/tajip-erdogan-planira-posjetiti-gazu\/","og_locale":"bs_BA","og_type":"article","og_title":"Tajip Erdogan planira posjetiti Gazu","og_description":"Turska , Izrael &#8211; Tursku i Izrael \u010dekaju novi izazovi poslije spu\u0161tanja odnosa na nivo drugih sekretara i stavljanja \u201ena led\u201c vojne saradnje. \u201ePremijer Tajip Erdogan \u0107e uskoro posjetiti Gazu\u201c, otkrivaju turski novinari. Zvani\u010dno je potvr\u0111eno da \u0107e Erdogan idu\u0107e sedmice otputovati u Kairo. Poslije konsultacija sa egipatskim doma\u0107inima, bit \u0107e odlu\u010deno da li \u0107e [&hellip;]","og_url":"https:\/\/sandzakpress.net\/arhiva\/tajip-erdogan-planira-posjetiti-gazu\/","og_site_name":"Sand\u017eak PRESS","article_published_time":"2011-09-09T20:24:15+00:00","og_image":[{"width":500,"height":237,"url":"https:\/\/sandzakpress.net\/arhiva\/wp-content\/uploads\/2011\/09\/erdogan_003.jpg","type":"image\/jpeg"}],"twitter_card":"summary_large_image","twitter_misc":{"Written by":"","Est. reading time":"2 minute"},"schema":{"@context":"https:\/\/schema.org","@graph":[{"@type":"Article","@id":"https:\/\/sandzakpress.net\/arhiva\/tajip-erdogan-planira-posjetiti-gazu\/#article","isPartOf":{"@id":"https:\/\/sandzakpress.net\/arhiva\/tajip-erdogan-planira-posjetiti-gazu\/"},"author":{"name":"","@id":""},"headline":"Tajip Erdogan planira posjetiti Gazu","datePublished":"2011-09-09T20:24:15+00:00","mainEntityOfPage":{"@id":"https:\/\/sandzakpress.net\/arhiva\/tajip-erdogan-planira-posjetiti-gazu\/"},"wordCount":497,"commentCount":7,"publisher":{"@id":"https:\/\/sandzakpress.net\/arhiva\/#\/schema\/person\/6e72b67d6e51910a1117b3b483ba20bd"},"image":{"@id":"https:\/\/sandzakpress.net\/arhiva\/tajip-erdogan-planira-posjetiti-gazu\/#primaryimage"},"thumbnailUrl":"https:\/\/sandzakpress.net\/arhiva\/wp-content\/uploads\/2011\/09\/erdogan_003.jpg","articleSection":["Svijet"],"inLanguage":"bs-BA","potentialAction":[{"@type":"CommentAction","name":"Comment","target":["https:\/\/sandzakpress.net\/arhiva\/tajip-erdogan-planira-posjetiti-gazu\/#respond"]}]},{"@type":"WebPage","@id":"https:\/\/sandzakpress.net\/arhiva\/tajip-erdogan-planira-posjetiti-gazu\/","url":"https:\/\/sandzakpress.net\/arhiva\/tajip-erdogan-planira-posjetiti-gazu\/","name":"Tajip Erdogan planira posjetiti Gazu","isPartOf":{"@id":"https:\/\/sandzakpress.net\/arhiva\/#website"},"primaryImageOfPage":{"@id":"https:\/\/sandzakpress.net\/arhiva\/tajip-erdogan-planira-posjetiti-gazu\/#primaryimage"},"image":{"@id":"https:\/\/sandzakpress.net\/arhiva\/tajip-erdogan-planira-posjetiti-gazu\/#primaryimage"},"thumbnailUrl":"https:\/\/sandzakpress.net\/arhiva\/wp-content\/uploads\/2011\/09\/erdogan_003.jpg","datePublished":"2011-09-09T20:24:15+00:00","breadcrumb":{"@id":"https:\/\/sandzakpress.net\/arhiva\/tajip-erdogan-planira-posjetiti-gazu\/#breadcrumb"},"inLanguage":"bs-BA","potentialAction":[{"@type":"ReadAction","target":["https:\/\/sandzakpress.net\/arhiva\/tajip-erdogan-planira-posjetiti-gazu\/"]}]},{"@type":"ImageObject","inLanguage":"bs-BA","@id":"https:\/\/sandzakpress.net\/arhiva\/tajip-erdogan-planira-posjetiti-gazu\/#primaryimage","url":"https:\/\/sandzakpress.net\/arhiva\/wp-content\/uploads\/2011\/09\/erdogan_003.jpg","contentUrl":"https:\/\/sandzakpress.net\/arhiva\/wp-content\/uploads\/2011\/09\/erdogan_003.jpg","width":500,"height":237},{"@type":"BreadcrumbList","@id":"https:\/\/sandzakpress.net\/arhiva\/tajip-erdogan-planira-posjetiti-gazu\/#breadcrumb","itemListElement":[{"@type":"ListItem","position":1,"name":"Home","item":"https:\/\/sandzakpress.net\/arhiva\/"},{"@type":"ListItem","position":2,"name":"Tajip Erdogan planira posjetiti Gazu"}]},{"@type":"WebSite","@id":"https:\/\/sandzakpress.net\/arhiva\/#website","url":"https:\/\/sandzakpress.net\/arhiva\/","name":"Sand\u017eak PRESS","description":"Prve elektronske novine u Sand\u017eaku","publisher":{"@id":"https:\/\/sandzakpress.net\/arhiva\/#\/schema\/person\/6e72b67d6e51910a1117b3b483ba20bd"},"potentialAction":[{"@type":"SearchAction","target":{"@type":"EntryPoint","urlTemplate":"https:\/\/sandzakpress.net\/arhiva\/?s={search_term_string}"},"query-input":{"@type":"PropertyValueSpecification","valueRequired":true,"valueName":"search_term_string"}}],"inLanguage":"bs-BA"},{"@type":["Person","Organization"],"@id":"https:\/\/sandzakpress.net\/arhiva\/#\/schema\/person\/6e72b67d6e51910a1117b3b483ba20bd","name":"Kul","image":{"@type":"ImageObject","inLanguage":"bs-BA","@id":"https:\/\/sandzakpress.net\/arhiva\/#\/schema\/person\/image\/","url":"https:\/\/secure.gravatar.com\/avatar\/42263f39aa27ac04c43cab85c280eb2e?s=96&d=mm&r=pg","contentUrl":"https:\/\/secure.gravatar.com\/avatar\/42263f39aa27ac04c43cab85c280eb2e?s=96&d=mm&r=pg","caption":"Kul"},"logo":{"@id":"https:\/\/sandzakpress.net\/arhiva\/#\/schema\/person\/image\/"}},{"@type":"Person","@id":"","url":"https:\/\/sandzakpress.net\/arhiva\/author\/"}]}},"_links":{"self":[{"href":"https:\/\/sandzakpress.net\/arhiva\/wp-json\/wp\/v2\/posts\/19770"}],"collection":[{"href":"https:\/\/sandzakpress.net\/arhiva\/wp-json\/wp\/v2\/posts"}],"about":[{"href":"https:\/\/sandzakpress.net\/arhiva\/wp-json\/wp\/v2\/types\/post"}],"author":[{"embeddable":true,"href":"https:\/\/sandzakpress.net\/arhiva\/wp-json\/wp\/v2\/users\/13"}],"replies":[{"embeddable":true,"href":"https:\/\/sandzakpress.net\/arhiva\/wp-json\/wp\/v2\/comments?post=19770"}],"version-history":[{"count":0,"href":"https:\/\/sandzakpress.net\/arhiva\/wp-json\/wp\/v2\/posts\/19770\/revisions"}],"wp:featuredmedia":[{"embeddable":true,"href":"https:\/\/sandzakpress.net\/arhiva\/wp-json\/wp\/v2\/media\/19771"}],"wp:attachment":[{"href":"https:\/\/sandzakpress.net\/arhiva\/wp-json\/wp\/v2\/media?parent=19770"}],"wp:term":[{"taxonomy":"category","embeddable":true,"href":"https:\/\/sandzakpress.net\/arhiva\/wp-json\/wp\/v2\/categories?post=19770"},{"taxonomy":"post_tag","embeddable":true,"href":"https:\/\/sandzakpress.net\/arhiva\/wp-json\/wp\/v2\/tags?post=19770"}],"curies":[{"name":"wp","href":"https:\/\/api.w.org\/{rel}","templated":true}]}}