{"id":19767,"date":"2011-09-09T22:21:15","date_gmt":"2011-09-09T20:21:15","guid":{"rendered":"https:\/\/sandzakpress.net\/arhiva\/?p=19767"},"modified":"2011-09-09T22:21:15","modified_gmt":"2011-09-09T20:21:15","slug":"ehud-barak-smatra-da-ce-kriza-s-turskom-proci","status":"publish","type":"post","link":"https:\/\/sandzakpress.net\/arhiva\/ehud-barak-smatra-da-ce-kriza-s-turskom-proci\/","title":{"rendered":"Ehud Barak smatra da \u0107e kriza s Turskom pro\u0107i"},"content":{"rendered":"<p><strong><a href=\"https:\/\/sandzakpress.net\/arhiva\/wp-content\/uploads\/2011\/09\/05049435343fe496171901530333805b.jpg\"><img loading=\"lazy\" decoding=\"async\" class=\"alignleft size-full wp-image-19768\" src=\"https:\/\/sandzakpress.net\/arhiva\/wp-content\/uploads\/2011\/09\/05049435343fe496171901530333805b.jpg\" alt=\"\" width=\"180\" height=\"220\" \/><\/a>Turska, Izrael &#8211; Izraelski ministar odbrane Ehud Barak izjavio je u \u010detvrtak da \u0107e  sada\u0161nja kriza s Turskom &#8220;pro\u0107i&#8221;, odbiv\u0161i da se izvini za napad na  turski brod u maju 2010. godine koji je ko\u0161tao \u017eivota devet turskih  putnika.<\/strong><\/p>\n<p>&#8220;Siguran sam da \u0107emo prevazi\u0107i sve to, Turska nije neprijatelj  Izraela&#8221;, izjavio je Barak za dr\u017eavni radio odgovaraju\u0107i na pitanje  za\u0161to je Ankara poja\u010dala mjere odmazde prema Izraelu posljednjih dana.<\/p>\n<p>&#8220;I  mi i Turci poznajemo relanost, na\u0161e dvije zemlje su vrlo va\u017ene Zapadu, a  pravi problemi u regiji za Zapad su Sirija, ono \u0161to se doga\u0111a u Egiptu i  Iranu, a ne Turska, dodao je Barak.<\/p>\n<p>Barak je priznao da je bilo  gre\u0161aka &#8220;u na\u010dinu na koji se koristila sila&#8221; prilikom pribli\u017eavanja  turskom brodu, ali je podsjetio da je Izrael ve\u0107 izrazio &#8220;\u017ealjenje&#8221; zbog  ljudskih gubitaka, ne spominju\u0107i javno izvinjenje koje zahtijeva  Turska.<\/p>\n<p>Izvor: <strong>IslamBosna.ba<\/strong><\/p>\n","protected":false},"excerpt":{"rendered":"<p>Turska, Izrael &#8211; Izraelski ministar odbrane Ehud Barak izjavio je u \u010detvrtak da \u0107e sada\u0161nja kriza s Turskom &#8220;pro\u0107i&#8221;, odbiv\u0161i da se izvini za napad na turski brod u maju 2010. godine koji je ko\u0161tao \u017eivota devet turskih putnika. &#8220;Siguran sam da \u0107emo prevazi\u0107i sve to, Turska nije neprijatelj Izraela&#8221;, izjavio je Barak za dr\u017eavni [&hellip;]<\/p>\n","protected":false},"author":13,"featured_media":19768,"comment_status":"open","ping_status":"open","sticky":false,"template":"","format":"standard","meta":{"footnotes":""},"categories":[9],"tags":[],"class_list":{"0":"post-19767","1":"post","2":"type-post","3":"status-publish","4":"format-standard","5":"has-post-thumbnail","7":"category-svijet"},"yoast_head":"<!-- This site is optimized with the Yoast SEO Premium plugin v23.1 (Yoast SEO v24.9) - https:\/\/yoast.com\/wordpress\/plugins\/seo\/ -->\n<title>Ehud Barak smatra da \u0107e kriza s Turskom pro\u0107i<\/title>\n<meta name=\"robots\" content=\"index, follow, max-snippet:-1, max-image-preview:large, max-video-preview:-1\" \/>\n<link rel=\"canonical\" href=\"https:\/\/sandzakpress.net\/arhiva\/ehud-barak-smatra-da-ce-kriza-s-turskom-proci\/\" \/>\n<meta property=\"og:locale\" content=\"bs_BA\" \/>\n<meta property=\"og:type\" content=\"article\" \/>\n<meta property=\"og:title\" content=\"Ehud Barak smatra da \u0107e kriza s Turskom pro\u0107i\" \/>\n<meta property=\"og:description\" content=\"Turska, Izrael &#8211; Izraelski ministar odbrane Ehud Barak izjavio je u \u010detvrtak da \u0107e sada\u0161nja kriza s Turskom &#8220;pro\u0107i&#8221;, odbiv\u0161i da se izvini za napad na turski brod u maju 2010. godine koji je ko\u0161tao \u017eivota devet turskih putnika. &#8220;Siguran sam da \u0107emo prevazi\u0107i sve to, Turska nije neprijatelj Izraela&#8221;, izjavio je Barak za dr\u017eavni [&hellip;]\" \/>\n<meta property=\"og:url\" content=\"https:\/\/sandzakpress.net\/arhiva\/ehud-barak-smatra-da-ce-kriza-s-turskom-proci\/\" \/>\n<meta property=\"og:site_name\" content=\"Sand\u017eak PRESS\" \/>\n<meta property=\"article:published_time\" content=\"2011-09-09T20:21:15+00:00\" \/>\n<meta property=\"og:image\" content=\"https:\/\/sandzakpress.net\/arhiva\/wp-content\/uploads\/2011\/09\/05049435343fe496171901530333805b.jpg\" \/>\n\t<meta property=\"og:image:width\" content=\"180\" \/>\n\t<meta property=\"og:image:height\" content=\"220\" \/>\n\t<meta property=\"og:image:type\" content=\"image\/jpeg\" \/>\n<meta name=\"twitter:card\" content=\"summary_large_image\" \/>\n<meta name=\"twitter:label1\" content=\"Written by\" \/>\n\t<meta name=\"twitter:data1\" content=\"\" \/>\n\t<meta name=\"twitter:label2\" content=\"Est. reading time\" \/>\n\t<meta name=\"twitter:data2\" content=\"1 minuta\" \/>\n<script type=\"application\/ld+json\" class=\"yoast-schema-graph\">{\"@context\":\"https:\/\/schema.org\",\"@graph\":[{\"@type\":\"Article\",\"@id\":\"https:\/\/sandzakpress.net\/arhiva\/ehud-barak-smatra-da-ce-kriza-s-turskom-proci\/#article\",\"isPartOf\":{\"@id\":\"https:\/\/sandzakpress.net\/arhiva\/ehud-barak-smatra-da-ce-kriza-s-turskom-proci\/\"},\"author\":{\"name\":\"\",\"@id\":\"\"},\"headline\":\"Ehud Barak smatra da \u0107e kriza s Turskom pro\u0107i\",\"datePublished\":\"2011-09-09T20:21:15+00:00\",\"mainEntityOfPage\":{\"@id\":\"https:\/\/sandzakpress.net\/arhiva\/ehud-barak-smatra-da-ce-kriza-s-turskom-proci\/\"},\"wordCount\":170,\"commentCount\":0,\"publisher\":{\"@id\":\"https:\/\/sandzakpress.net\/arhiva\/#\/schema\/person\/6e72b67d6e51910a1117b3b483ba20bd\"},\"image\":{\"@id\":\"https:\/\/sandzakpress.net\/arhiva\/ehud-barak-smatra-da-ce-kriza-s-turskom-proci\/#primaryimage\"},\"thumbnailUrl\":\"https:\/\/sandzakpress.net\/arhiva\/wp-content\/uploads\/2011\/09\/05049435343fe496171901530333805b.jpg\",\"articleSection\":[\"Svijet\"],\"inLanguage\":\"bs-BA\",\"potentialAction\":[{\"@type\":\"CommentAction\",\"name\":\"Comment\",\"target\":[\"https:\/\/sandzakpress.net\/arhiva\/ehud-barak-smatra-da-ce-kriza-s-turskom-proci\/#respond\"]}]},{\"@type\":\"WebPage\",\"@id\":\"https:\/\/sandzakpress.net\/arhiva\/ehud-barak-smatra-da-ce-kriza-s-turskom-proci\/\",\"url\":\"https:\/\/sandzakpress.net\/arhiva\/ehud-barak-smatra-da-ce-kriza-s-turskom-proci\/\",\"name\":\"Ehud Barak smatra da \u0107e kriza s Turskom pro\u0107i\",\"isPartOf\":{\"@id\":\"https:\/\/sandzakpress.net\/arhiva\/#website\"},\"primaryImageOfPage\":{\"@id\":\"https:\/\/sandzakpress.net\/arhiva\/ehud-barak-smatra-da-ce-kriza-s-turskom-proci\/#primaryimage\"},\"image\":{\"@id\":\"https:\/\/sandzakpress.net\/arhiva\/ehud-barak-smatra-da-ce-kriza-s-turskom-proci\/#primaryimage\"},\"thumbnailUrl\":\"https:\/\/sandzakpress.net\/arhiva\/wp-content\/uploads\/2011\/09\/05049435343fe496171901530333805b.jpg\",\"datePublished\":\"2011-09-09T20:21:15+00:00\",\"breadcrumb\":{\"@id\":\"https:\/\/sandzakpress.net\/arhiva\/ehud-barak-smatra-da-ce-kriza-s-turskom-proci\/#breadcrumb\"},\"inLanguage\":\"bs-BA\",\"potentialAction\":[{\"@type\":\"ReadAction\",\"target\":[\"https:\/\/sandzakpress.net\/arhiva\/ehud-barak-smatra-da-ce-kriza-s-turskom-proci\/\"]}]},{\"@type\":\"ImageObject\",\"inLanguage\":\"bs-BA\",\"@id\":\"https:\/\/sandzakpress.net\/arhiva\/ehud-barak-smatra-da-ce-kriza-s-turskom-proci\/#primaryimage\",\"url\":\"https:\/\/sandzakpress.net\/arhiva\/wp-content\/uploads\/2011\/09\/05049435343fe496171901530333805b.jpg\",\"contentUrl\":\"https:\/\/sandzakpress.net\/arhiva\/wp-content\/uploads\/2011\/09\/05049435343fe496171901530333805b.jpg\",\"width\":180,\"height\":220},{\"@type\":\"BreadcrumbList\",\"@id\":\"https:\/\/sandzakpress.net\/arhiva\/ehud-barak-smatra-da-ce-kriza-s-turskom-proci\/#breadcrumb\",\"itemListElement\":[{\"@type\":\"ListItem\",\"position\":1,\"name\":\"Home\",\"item\":\"https:\/\/sandzakpress.net\/arhiva\/\"},{\"@type\":\"ListItem\",\"position\":2,\"name\":\"Ehud Barak smatra da \u0107e kriza s Turskom pro\u0107i\"}]},{\"@type\":\"WebSite\",\"@id\":\"https:\/\/sandzakpress.net\/arhiva\/#website\",\"url\":\"https:\/\/sandzakpress.net\/arhiva\/\",\"name\":\"Sand\u017eak PRESS\",\"description\":\"Prve elektronske novine u Sand\u017eaku\",\"publisher\":{\"@id\":\"https:\/\/sandzakpress.net\/arhiva\/#\/schema\/person\/6e72b67d6e51910a1117b3b483ba20bd\"},\"potentialAction\":[{\"@type\":\"SearchAction\",\"target\":{\"@type\":\"EntryPoint\",\"urlTemplate\":\"https:\/\/sandzakpress.net\/arhiva\/?s={search_term_string}\"},\"query-input\":{\"@type\":\"PropertyValueSpecification\",\"valueRequired\":true,\"valueName\":\"search_term_string\"}}],\"inLanguage\":\"bs-BA\"},{\"@type\":[\"Person\",\"Organization\"],\"@id\":\"https:\/\/sandzakpress.net\/arhiva\/#\/schema\/person\/6e72b67d6e51910a1117b3b483ba20bd\",\"name\":\"Kul\",\"image\":{\"@type\":\"ImageObject\",\"inLanguage\":\"bs-BA\",\"@id\":\"https:\/\/sandzakpress.net\/arhiva\/#\/schema\/person\/image\/\",\"url\":\"https:\/\/secure.gravatar.com\/avatar\/42263f39aa27ac04c43cab85c280eb2e?s=96&d=mm&r=pg\",\"contentUrl\":\"https:\/\/secure.gravatar.com\/avatar\/42263f39aa27ac04c43cab85c280eb2e?s=96&d=mm&r=pg\",\"caption\":\"Kul\"},\"logo\":{\"@id\":\"https:\/\/sandzakpress.net\/arhiva\/#\/schema\/person\/image\/\"}},{\"@type\":\"Person\",\"@id\":\"\",\"url\":\"https:\/\/sandzakpress.net\/arhiva\/author\/\"}]}<\/script>\n<!-- \/ Yoast SEO Premium plugin. -->","yoast_head_json":{"title":"Ehud Barak smatra da \u0107e kriza s Turskom pro\u0107i","robots":{"index":"index","follow":"follow","max-snippet":"max-snippet:-1","max-image-preview":"max-image-preview:large","max-video-preview":"max-video-preview:-1"},"canonical":"https:\/\/sandzakpress.net\/arhiva\/ehud-barak-smatra-da-ce-kriza-s-turskom-proci\/","og_locale":"bs_BA","og_type":"article","og_title":"Ehud Barak smatra da \u0107e kriza s Turskom pro\u0107i","og_description":"Turska, Izrael &#8211; Izraelski ministar odbrane Ehud Barak izjavio je u \u010detvrtak da \u0107e sada\u0161nja kriza s Turskom &#8220;pro\u0107i&#8221;, odbiv\u0161i da se izvini za napad na turski brod u maju 2010. godine koji je ko\u0161tao \u017eivota devet turskih putnika. &#8220;Siguran sam da \u0107emo prevazi\u0107i sve to, Turska nije neprijatelj Izraela&#8221;, izjavio je Barak za dr\u017eavni [&hellip;]","og_url":"https:\/\/sandzakpress.net\/arhiva\/ehud-barak-smatra-da-ce-kriza-s-turskom-proci\/","og_site_name":"Sand\u017eak PRESS","article_published_time":"2011-09-09T20:21:15+00:00","og_image":[{"width":180,"height":220,"url":"https:\/\/sandzakpress.net\/arhiva\/wp-content\/uploads\/2011\/09\/05049435343fe496171901530333805b.jpg","type":"image\/jpeg"}],"twitter_card":"summary_large_image","twitter_misc":{"Written by":"","Est. reading time":"1 minuta"},"schema":{"@context":"https:\/\/schema.org","@graph":[{"@type":"Article","@id":"https:\/\/sandzakpress.net\/arhiva\/ehud-barak-smatra-da-ce-kriza-s-turskom-proci\/#article","isPartOf":{"@id":"https:\/\/sandzakpress.net\/arhiva\/ehud-barak-smatra-da-ce-kriza-s-turskom-proci\/"},"author":{"name":"","@id":""},"headline":"Ehud Barak smatra da \u0107e kriza s Turskom pro\u0107i","datePublished":"2011-09-09T20:21:15+00:00","mainEntityOfPage":{"@id":"https:\/\/sandzakpress.net\/arhiva\/ehud-barak-smatra-da-ce-kriza-s-turskom-proci\/"},"wordCount":170,"commentCount":0,"publisher":{"@id":"https:\/\/sandzakpress.net\/arhiva\/#\/schema\/person\/6e72b67d6e51910a1117b3b483ba20bd"},"image":{"@id":"https:\/\/sandzakpress.net\/arhiva\/ehud-barak-smatra-da-ce-kriza-s-turskom-proci\/#primaryimage"},"thumbnailUrl":"https:\/\/sandzakpress.net\/arhiva\/wp-content\/uploads\/2011\/09\/05049435343fe496171901530333805b.jpg","articleSection":["Svijet"],"inLanguage":"bs-BA","potentialAction":[{"@type":"CommentAction","name":"Comment","target":["https:\/\/sandzakpress.net\/arhiva\/ehud-barak-smatra-da-ce-kriza-s-turskom-proci\/#respond"]}]},{"@type":"WebPage","@id":"https:\/\/sandzakpress.net\/arhiva\/ehud-barak-smatra-da-ce-kriza-s-turskom-proci\/","url":"https:\/\/sandzakpress.net\/arhiva\/ehud-barak-smatra-da-ce-kriza-s-turskom-proci\/","name":"Ehud Barak smatra da \u0107e kriza s Turskom pro\u0107i","isPartOf":{"@id":"https:\/\/sandzakpress.net\/arhiva\/#website"},"primaryImageOfPage":{"@id":"https:\/\/sandzakpress.net\/arhiva\/ehud-barak-smatra-da-ce-kriza-s-turskom-proci\/#primaryimage"},"image":{"@id":"https:\/\/sandzakpress.net\/arhiva\/ehud-barak-smatra-da-ce-kriza-s-turskom-proci\/#primaryimage"},"thumbnailUrl":"https:\/\/sandzakpress.net\/arhiva\/wp-content\/uploads\/2011\/09\/05049435343fe496171901530333805b.jpg","datePublished":"2011-09-09T20:21:15+00:00","breadcrumb":{"@id":"https:\/\/sandzakpress.net\/arhiva\/ehud-barak-smatra-da-ce-kriza-s-turskom-proci\/#breadcrumb"},"inLanguage":"bs-BA","potentialAction":[{"@type":"ReadAction","target":["https:\/\/sandzakpress.net\/arhiva\/ehud-barak-smatra-da-ce-kriza-s-turskom-proci\/"]}]},{"@type":"ImageObject","inLanguage":"bs-BA","@id":"https:\/\/sandzakpress.net\/arhiva\/ehud-barak-smatra-da-ce-kriza-s-turskom-proci\/#primaryimage","url":"https:\/\/sandzakpress.net\/arhiva\/wp-content\/uploads\/2011\/09\/05049435343fe496171901530333805b.jpg","contentUrl":"https:\/\/sandzakpress.net\/arhiva\/wp-content\/uploads\/2011\/09\/05049435343fe496171901530333805b.jpg","width":180,"height":220},{"@type":"BreadcrumbList","@id":"https:\/\/sandzakpress.net\/arhiva\/ehud-barak-smatra-da-ce-kriza-s-turskom-proci\/#breadcrumb","itemListElement":[{"@type":"ListItem","position":1,"name":"Home","item":"https:\/\/sandzakpress.net\/arhiva\/"},{"@type":"ListItem","position":2,"name":"Ehud Barak smatra da \u0107e kriza s Turskom pro\u0107i"}]},{"@type":"WebSite","@id":"https:\/\/sandzakpress.net\/arhiva\/#website","url":"https:\/\/sandzakpress.net\/arhiva\/","name":"Sand\u017eak PRESS","description":"Prve elektronske novine u Sand\u017eaku","publisher":{"@id":"https:\/\/sandzakpress.net\/arhiva\/#\/schema\/person\/6e72b67d6e51910a1117b3b483ba20bd"},"potentialAction":[{"@type":"SearchAction","target":{"@type":"EntryPoint","urlTemplate":"https:\/\/sandzakpress.net\/arhiva\/?s={search_term_string}"},"query-input":{"@type":"PropertyValueSpecification","valueRequired":true,"valueName":"search_term_string"}}],"inLanguage":"bs-BA"},{"@type":["Person","Organization"],"@id":"https:\/\/sandzakpress.net\/arhiva\/#\/schema\/person\/6e72b67d6e51910a1117b3b483ba20bd","name":"Kul","image":{"@type":"ImageObject","inLanguage":"bs-BA","@id":"https:\/\/sandzakpress.net\/arhiva\/#\/schema\/person\/image\/","url":"https:\/\/secure.gravatar.com\/avatar\/42263f39aa27ac04c43cab85c280eb2e?s=96&d=mm&r=pg","contentUrl":"https:\/\/secure.gravatar.com\/avatar\/42263f39aa27ac04c43cab85c280eb2e?s=96&d=mm&r=pg","caption":"Kul"},"logo":{"@id":"https:\/\/sandzakpress.net\/arhiva\/#\/schema\/person\/image\/"}},{"@type":"Person","@id":"","url":"https:\/\/sandzakpress.net\/arhiva\/author\/"}]}},"_links":{"self":[{"href":"https:\/\/sandzakpress.net\/arhiva\/wp-json\/wp\/v2\/posts\/19767"}],"collection":[{"href":"https:\/\/sandzakpress.net\/arhiva\/wp-json\/wp\/v2\/posts"}],"about":[{"href":"https:\/\/sandzakpress.net\/arhiva\/wp-json\/wp\/v2\/types\/post"}],"author":[{"embeddable":true,"href":"https:\/\/sandzakpress.net\/arhiva\/wp-json\/wp\/v2\/users\/13"}],"replies":[{"embeddable":true,"href":"https:\/\/sandzakpress.net\/arhiva\/wp-json\/wp\/v2\/comments?post=19767"}],"version-history":[{"count":0,"href":"https:\/\/sandzakpress.net\/arhiva\/wp-json\/wp\/v2\/posts\/19767\/revisions"}],"wp:featuredmedia":[{"embeddable":true,"href":"https:\/\/sandzakpress.net\/arhiva\/wp-json\/wp\/v2\/media\/19768"}],"wp:attachment":[{"href":"https:\/\/sandzakpress.net\/arhiva\/wp-json\/wp\/v2\/media?parent=19767"}],"wp:term":[{"taxonomy":"category","embeddable":true,"href":"https:\/\/sandzakpress.net\/arhiva\/wp-json\/wp\/v2\/categories?post=19767"},{"taxonomy":"post_tag","embeddable":true,"href":"https:\/\/sandzakpress.net\/arhiva\/wp-json\/wp\/v2\/tags?post=19767"}],"curies":[{"name":"wp","href":"https:\/\/api.w.org\/{rel}","templated":true}]}}