{"id":197617,"date":"2017-10-28T12:59:08","date_gmt":"2017-10-28T10:59:08","guid":{"rendered":"https:\/\/sandzakpress.net\/arhiva\/?p=197617"},"modified":"2017-10-28T12:59:08","modified_gmt":"2017-10-28T10:59:08","slug":"pocinje-zimsko-racunanje-vremena","status":"publish","type":"post","link":"https:\/\/sandzakpress.net\/arhiva\/pocinje-zimsko-racunanje-vremena\/","title":{"rendered":"Po\u010dinje zimsko ra\u010dunanje vremena"},"content":{"rendered":"<p><img decoding=\"async\" src=\"http:\/\/www.radiostoplus.com\/images\/clanci\/RAZNO\/zimsko_racunanje_vremena.jpg\" \/><\/p>\n<p><b>Ljetnje ra\u010dunanje vremena bi\u0107e zavr\u0161eno u no\u0107i izmedju 28. i 29. oktobra pomeranjem kazaljki na \u010dasovnicima za sat unazad.<\/b><\/p>\n<div class=\"desc_holder mb15\">\n<p>Tako u nedelju, 29. oktobra, u 3.00 \u010dasovnike treba vratiti za jedan sat, na 2.00.<\/p>\n<p>Letnje ra\u010dunanje vremena po\u010dinje poslednjeg vikenda u martu i traje do poslednjeg vikenda u oktobru.<\/p>\n<p>U Srbiji je letnje ra\u010dunanje vremena uvedeno 27. marta 1983. godine.<\/p>\n<p>Od 1995. godine satovi su pomerani u poslednjoj sedmici septembra na osnovu odluka koje je donosila vlada, a pre 11 godina donet je novi zakon kojim je letnje ra\u010dunanje vremena uskladjeno sa Evropskom unijom.<\/p>\n<p>(Beta)<\/p>\n<\/div>\n","protected":false},"excerpt":{"rendered":"<p>Ljetnje ra\u010dunanje vremena bi\u0107e zavr\u0161eno u no\u0107i izmedju 28. i 29. oktobra pomeranjem kazaljki na \u010dasovnicima za sat unazad. Tako u nedelju, 29. oktobra, u 3.00 \u010dasovnike treba vratiti za jedan sat, na 2.00. Letnje ra\u010dunanje vremena po\u010dinje poslednjeg vikenda u martu i traje do poslednjeg vikenda u oktobru. U Srbiji je letnje ra\u010dunanje vremena [&hellip;]<\/p>\n","protected":false},"author":509,"featured_media":197626,"comment_status":"open","ping_status":"open","sticky":false,"template":"","format":"standard","meta":{"footnotes":""},"categories":[2695],"tags":[],"class_list":{"0":"post-197617","1":"post","2":"type-post","3":"status-publish","4":"format-standard","5":"has-post-thumbnail","7":"category-zanimljivo"},"yoast_head":"<!-- This site is optimized with the Yoast SEO Premium plugin v23.1 (Yoast SEO v24.9) - https:\/\/yoast.com\/wordpress\/plugins\/seo\/ -->\n<title>Po\u010dinje zimsko ra\u010dunanje vremena<\/title>\n<meta name=\"robots\" content=\"index, follow, max-snippet:-1, max-image-preview:large, max-video-preview:-1\" \/>\n<link rel=\"canonical\" href=\"https:\/\/sandzakpress.net\/arhiva\/pocinje-zimsko-racunanje-vremena\/\" \/>\n<meta property=\"og:locale\" content=\"bs_BA\" \/>\n<meta property=\"og:type\" content=\"article\" \/>\n<meta property=\"og:title\" content=\"Po\u010dinje zimsko ra\u010dunanje vremena\" \/>\n<meta property=\"og:description\" content=\"Ljetnje ra\u010dunanje vremena bi\u0107e zavr\u0161eno u no\u0107i izmedju 28. i 29. oktobra pomeranjem kazaljki na \u010dasovnicima za sat unazad. Tako u nedelju, 29. oktobra, u 3.00 \u010dasovnike treba vratiti za jedan sat, na 2.00. Letnje ra\u010dunanje vremena po\u010dinje poslednjeg vikenda u martu i traje do poslednjeg vikenda u oktobru. U Srbiji je letnje ra\u010dunanje vremena [&hellip;]\" \/>\n<meta property=\"og:url\" content=\"https:\/\/sandzakpress.net\/arhiva\/pocinje-zimsko-racunanje-vremena\/\" \/>\n<meta property=\"og:site_name\" content=\"Sand\u017eak PRESS\" \/>\n<meta property=\"article:published_time\" content=\"2017-10-28T10:59:08+00:00\" \/>\n<meta property=\"og:image\" content=\"https:\/\/sandzakpress.net\/arhiva\/wp-content\/uploads\/2017\/10\/zimsko_racunanje_vremena.jpg\" \/>\n\t<meta property=\"og:image:width\" content=\"750\" \/>\n\t<meta property=\"og:image:height\" content=\"400\" \/>\n\t<meta property=\"og:image:type\" content=\"image\/jpeg\" \/>\n<meta name=\"author\" content=\"Agencija\" \/>\n<meta name=\"twitter:card\" content=\"summary_large_image\" \/>\n<meta name=\"twitter:label1\" content=\"Written by\" \/>\n\t<meta name=\"twitter:data1\" content=\"Agencija\" \/>\n<script type=\"application\/ld+json\" class=\"yoast-schema-graph\">{\"@context\":\"https:\/\/schema.org\",\"@graph\":[{\"@type\":\"Article\",\"@id\":\"https:\/\/sandzakpress.net\/arhiva\/pocinje-zimsko-racunanje-vremena\/#article\",\"isPartOf\":{\"@id\":\"https:\/\/sandzakpress.net\/arhiva\/pocinje-zimsko-racunanje-vremena\/\"},\"author\":{\"name\":\"Agencija\",\"@id\":\"https:\/\/sandzakpress.net\/arhiva\/#\/schema\/person\/cb59d7e3ab91ab90dd680ad0305a6185\"},\"headline\":\"Po\u010dinje zimsko ra\u010dunanje vremena\",\"datePublished\":\"2017-10-28T10:59:08+00:00\",\"mainEntityOfPage\":{\"@id\":\"https:\/\/sandzakpress.net\/arhiva\/pocinje-zimsko-racunanje-vremena\/\"},\"wordCount\":100,\"commentCount\":0,\"publisher\":{\"@id\":\"https:\/\/sandzakpress.net\/arhiva\/#\/schema\/person\/6e72b67d6e51910a1117b3b483ba20bd\"},\"image\":{\"@id\":\"https:\/\/sandzakpress.net\/arhiva\/pocinje-zimsko-racunanje-vremena\/#primaryimage\"},\"thumbnailUrl\":\"https:\/\/sandzakpress.net\/arhiva\/wp-content\/uploads\/2017\/10\/zimsko_racunanje_vremena.jpg\",\"articleSection\":[\"Zanimljivo\"],\"inLanguage\":\"bs-BA\",\"potentialAction\":[{\"@type\":\"CommentAction\",\"name\":\"Comment\",\"target\":[\"https:\/\/sandzakpress.net\/arhiva\/pocinje-zimsko-racunanje-vremena\/#respond\"]}]},{\"@type\":\"WebPage\",\"@id\":\"https:\/\/sandzakpress.net\/arhiva\/pocinje-zimsko-racunanje-vremena\/\",\"url\":\"https:\/\/sandzakpress.net\/arhiva\/pocinje-zimsko-racunanje-vremena\/\",\"name\":\"Po\u010dinje zimsko ra\u010dunanje vremena\",\"isPartOf\":{\"@id\":\"https:\/\/sandzakpress.net\/arhiva\/#website\"},\"primaryImageOfPage\":{\"@id\":\"https:\/\/sandzakpress.net\/arhiva\/pocinje-zimsko-racunanje-vremena\/#primaryimage\"},\"image\":{\"@id\":\"https:\/\/sandzakpress.net\/arhiva\/pocinje-zimsko-racunanje-vremena\/#primaryimage\"},\"thumbnailUrl\":\"https:\/\/sandzakpress.net\/arhiva\/wp-content\/uploads\/2017\/10\/zimsko_racunanje_vremena.jpg\",\"datePublished\":\"2017-10-28T10:59:08+00:00\",\"breadcrumb\":{\"@id\":\"https:\/\/sandzakpress.net\/arhiva\/pocinje-zimsko-racunanje-vremena\/#breadcrumb\"},\"inLanguage\":\"bs-BA\",\"potentialAction\":[{\"@type\":\"ReadAction\",\"target\":[\"https:\/\/sandzakpress.net\/arhiva\/pocinje-zimsko-racunanje-vremena\/\"]}]},{\"@type\":\"ImageObject\",\"inLanguage\":\"bs-BA\",\"@id\":\"https:\/\/sandzakpress.net\/arhiva\/pocinje-zimsko-racunanje-vremena\/#primaryimage\",\"url\":\"https:\/\/sandzakpress.net\/arhiva\/wp-content\/uploads\/2017\/10\/zimsko_racunanje_vremena.jpg\",\"contentUrl\":\"https:\/\/sandzakpress.net\/arhiva\/wp-content\/uploads\/2017\/10\/zimsko_racunanje_vremena.jpg\",\"width\":750,\"height\":400},{\"@type\":\"BreadcrumbList\",\"@id\":\"https:\/\/sandzakpress.net\/arhiva\/pocinje-zimsko-racunanje-vremena\/#breadcrumb\",\"itemListElement\":[{\"@type\":\"ListItem\",\"position\":1,\"name\":\"Home\",\"item\":\"https:\/\/sandzakpress.net\/arhiva\/\"},{\"@type\":\"ListItem\",\"position\":2,\"name\":\"Po\u010dinje zimsko ra\u010dunanje vremena\"}]},{\"@type\":\"WebSite\",\"@id\":\"https:\/\/sandzakpress.net\/arhiva\/#website\",\"url\":\"https:\/\/sandzakpress.net\/arhiva\/\",\"name\":\"Sand\u017eak PRESS\",\"description\":\"Prve elektronske novine u Sand\u017eaku\",\"publisher\":{\"@id\":\"https:\/\/sandzakpress.net\/arhiva\/#\/schema\/person\/6e72b67d6e51910a1117b3b483ba20bd\"},\"potentialAction\":[{\"@type\":\"SearchAction\",\"target\":{\"@type\":\"EntryPoint\",\"urlTemplate\":\"https:\/\/sandzakpress.net\/arhiva\/?s={search_term_string}\"},\"query-input\":{\"@type\":\"PropertyValueSpecification\",\"valueRequired\":true,\"valueName\":\"search_term_string\"}}],\"inLanguage\":\"bs-BA\"},{\"@type\":[\"Person\",\"Organization\"],\"@id\":\"https:\/\/sandzakpress.net\/arhiva\/#\/schema\/person\/6e72b67d6e51910a1117b3b483ba20bd\",\"name\":\"Kul\",\"image\":{\"@type\":\"ImageObject\",\"inLanguage\":\"bs-BA\",\"@id\":\"https:\/\/sandzakpress.net\/arhiva\/#\/schema\/person\/image\/\",\"url\":\"https:\/\/secure.gravatar.com\/avatar\/42263f39aa27ac04c43cab85c280eb2e?s=96&d=mm&r=pg\",\"contentUrl\":\"https:\/\/secure.gravatar.com\/avatar\/42263f39aa27ac04c43cab85c280eb2e?s=96&d=mm&r=pg\",\"caption\":\"Kul\"},\"logo\":{\"@id\":\"https:\/\/sandzakpress.net\/arhiva\/#\/schema\/person\/image\/\"}},{\"@type\":\"Person\",\"@id\":\"https:\/\/sandzakpress.net\/arhiva\/#\/schema\/person\/cb59d7e3ab91ab90dd680ad0305a6185\",\"name\":\"Agencija\",\"image\":{\"@type\":\"ImageObject\",\"inLanguage\":\"bs-BA\",\"@id\":\"https:\/\/sandzakpress.net\/arhiva\/#\/schema\/person\/image\/\",\"url\":\"https:\/\/secure.gravatar.com\/avatar\/4b7fafa80a22f0c2afe23966b3961fe0?s=96&d=mm&r=pg\",\"contentUrl\":\"https:\/\/secure.gravatar.com\/avatar\/4b7fafa80a22f0c2afe23966b3961fe0?s=96&d=mm&r=pg\",\"caption\":\"Agencija\"},\"url\":\"https:\/\/sandzakpress.net\/arhiva\/author\/agencija\/\"}]}<\/script>\n<!-- \/ Yoast SEO Premium plugin. -->","yoast_head_json":{"title":"Po\u010dinje zimsko ra\u010dunanje vremena","robots":{"index":"index","follow":"follow","max-snippet":"max-snippet:-1","max-image-preview":"max-image-preview:large","max-video-preview":"max-video-preview:-1"},"canonical":"https:\/\/sandzakpress.net\/arhiva\/pocinje-zimsko-racunanje-vremena\/","og_locale":"bs_BA","og_type":"article","og_title":"Po\u010dinje zimsko ra\u010dunanje vremena","og_description":"Ljetnje ra\u010dunanje vremena bi\u0107e zavr\u0161eno u no\u0107i izmedju 28. i 29. oktobra pomeranjem kazaljki na \u010dasovnicima za sat unazad. Tako u nedelju, 29. oktobra, u 3.00 \u010dasovnike treba vratiti za jedan sat, na 2.00. Letnje ra\u010dunanje vremena po\u010dinje poslednjeg vikenda u martu i traje do poslednjeg vikenda u oktobru. U Srbiji je letnje ra\u010dunanje vremena [&hellip;]","og_url":"https:\/\/sandzakpress.net\/arhiva\/pocinje-zimsko-racunanje-vremena\/","og_site_name":"Sand\u017eak PRESS","article_published_time":"2017-10-28T10:59:08+00:00","og_image":[{"width":750,"height":400,"url":"https:\/\/sandzakpress.net\/arhiva\/wp-content\/uploads\/2017\/10\/zimsko_racunanje_vremena.jpg","type":"image\/jpeg"}],"author":"Agencija","twitter_card":"summary_large_image","twitter_misc":{"Written by":"Agencija"},"schema":{"@context":"https:\/\/schema.org","@graph":[{"@type":"Article","@id":"https:\/\/sandzakpress.net\/arhiva\/pocinje-zimsko-racunanje-vremena\/#article","isPartOf":{"@id":"https:\/\/sandzakpress.net\/arhiva\/pocinje-zimsko-racunanje-vremena\/"},"author":{"name":"Agencija","@id":"https:\/\/sandzakpress.net\/arhiva\/#\/schema\/person\/cb59d7e3ab91ab90dd680ad0305a6185"},"headline":"Po\u010dinje zimsko ra\u010dunanje vremena","datePublished":"2017-10-28T10:59:08+00:00","mainEntityOfPage":{"@id":"https:\/\/sandzakpress.net\/arhiva\/pocinje-zimsko-racunanje-vremena\/"},"wordCount":100,"commentCount":0,"publisher":{"@id":"https:\/\/sandzakpress.net\/arhiva\/#\/schema\/person\/6e72b67d6e51910a1117b3b483ba20bd"},"image":{"@id":"https:\/\/sandzakpress.net\/arhiva\/pocinje-zimsko-racunanje-vremena\/#primaryimage"},"thumbnailUrl":"https:\/\/sandzakpress.net\/arhiva\/wp-content\/uploads\/2017\/10\/zimsko_racunanje_vremena.jpg","articleSection":["Zanimljivo"],"inLanguage":"bs-BA","potentialAction":[{"@type":"CommentAction","name":"Comment","target":["https:\/\/sandzakpress.net\/arhiva\/pocinje-zimsko-racunanje-vremena\/#respond"]}]},{"@type":"WebPage","@id":"https:\/\/sandzakpress.net\/arhiva\/pocinje-zimsko-racunanje-vremena\/","url":"https:\/\/sandzakpress.net\/arhiva\/pocinje-zimsko-racunanje-vremena\/","name":"Po\u010dinje zimsko ra\u010dunanje vremena","isPartOf":{"@id":"https:\/\/sandzakpress.net\/arhiva\/#website"},"primaryImageOfPage":{"@id":"https:\/\/sandzakpress.net\/arhiva\/pocinje-zimsko-racunanje-vremena\/#primaryimage"},"image":{"@id":"https:\/\/sandzakpress.net\/arhiva\/pocinje-zimsko-racunanje-vremena\/#primaryimage"},"thumbnailUrl":"https:\/\/sandzakpress.net\/arhiva\/wp-content\/uploads\/2017\/10\/zimsko_racunanje_vremena.jpg","datePublished":"2017-10-28T10:59:08+00:00","breadcrumb":{"@id":"https:\/\/sandzakpress.net\/arhiva\/pocinje-zimsko-racunanje-vremena\/#breadcrumb"},"inLanguage":"bs-BA","potentialAction":[{"@type":"ReadAction","target":["https:\/\/sandzakpress.net\/arhiva\/pocinje-zimsko-racunanje-vremena\/"]}]},{"@type":"ImageObject","inLanguage":"bs-BA","@id":"https:\/\/sandzakpress.net\/arhiva\/pocinje-zimsko-racunanje-vremena\/#primaryimage","url":"https:\/\/sandzakpress.net\/arhiva\/wp-content\/uploads\/2017\/10\/zimsko_racunanje_vremena.jpg","contentUrl":"https:\/\/sandzakpress.net\/arhiva\/wp-content\/uploads\/2017\/10\/zimsko_racunanje_vremena.jpg","width":750,"height":400},{"@type":"BreadcrumbList","@id":"https:\/\/sandzakpress.net\/arhiva\/pocinje-zimsko-racunanje-vremena\/#breadcrumb","itemListElement":[{"@type":"ListItem","position":1,"name":"Home","item":"https:\/\/sandzakpress.net\/arhiva\/"},{"@type":"ListItem","position":2,"name":"Po\u010dinje zimsko ra\u010dunanje vremena"}]},{"@type":"WebSite","@id":"https:\/\/sandzakpress.net\/arhiva\/#website","url":"https:\/\/sandzakpress.net\/arhiva\/","name":"Sand\u017eak PRESS","description":"Prve elektronske novine u Sand\u017eaku","publisher":{"@id":"https:\/\/sandzakpress.net\/arhiva\/#\/schema\/person\/6e72b67d6e51910a1117b3b483ba20bd"},"potentialAction":[{"@type":"SearchAction","target":{"@type":"EntryPoint","urlTemplate":"https:\/\/sandzakpress.net\/arhiva\/?s={search_term_string}"},"query-input":{"@type":"PropertyValueSpecification","valueRequired":true,"valueName":"search_term_string"}}],"inLanguage":"bs-BA"},{"@type":["Person","Organization"],"@id":"https:\/\/sandzakpress.net\/arhiva\/#\/schema\/person\/6e72b67d6e51910a1117b3b483ba20bd","name":"Kul","image":{"@type":"ImageObject","inLanguage":"bs-BA","@id":"https:\/\/sandzakpress.net\/arhiva\/#\/schema\/person\/image\/","url":"https:\/\/secure.gravatar.com\/avatar\/42263f39aa27ac04c43cab85c280eb2e?s=96&d=mm&r=pg","contentUrl":"https:\/\/secure.gravatar.com\/avatar\/42263f39aa27ac04c43cab85c280eb2e?s=96&d=mm&r=pg","caption":"Kul"},"logo":{"@id":"https:\/\/sandzakpress.net\/arhiva\/#\/schema\/person\/image\/"}},{"@type":"Person","@id":"https:\/\/sandzakpress.net\/arhiva\/#\/schema\/person\/cb59d7e3ab91ab90dd680ad0305a6185","name":"Agencija","image":{"@type":"ImageObject","inLanguage":"bs-BA","@id":"https:\/\/sandzakpress.net\/arhiva\/#\/schema\/person\/image\/","url":"https:\/\/secure.gravatar.com\/avatar\/4b7fafa80a22f0c2afe23966b3961fe0?s=96&d=mm&r=pg","contentUrl":"https:\/\/secure.gravatar.com\/avatar\/4b7fafa80a22f0c2afe23966b3961fe0?s=96&d=mm&r=pg","caption":"Agencija"},"url":"https:\/\/sandzakpress.net\/arhiva\/author\/agencija\/"}]}},"_links":{"self":[{"href":"https:\/\/sandzakpress.net\/arhiva\/wp-json\/wp\/v2\/posts\/197617"}],"collection":[{"href":"https:\/\/sandzakpress.net\/arhiva\/wp-json\/wp\/v2\/posts"}],"about":[{"href":"https:\/\/sandzakpress.net\/arhiva\/wp-json\/wp\/v2\/types\/post"}],"author":[{"embeddable":true,"href":"https:\/\/sandzakpress.net\/arhiva\/wp-json\/wp\/v2\/users\/509"}],"replies":[{"embeddable":true,"href":"https:\/\/sandzakpress.net\/arhiva\/wp-json\/wp\/v2\/comments?post=197617"}],"version-history":[{"count":0,"href":"https:\/\/sandzakpress.net\/arhiva\/wp-json\/wp\/v2\/posts\/197617\/revisions"}],"wp:featuredmedia":[{"embeddable":true,"href":"https:\/\/sandzakpress.net\/arhiva\/wp-json\/wp\/v2\/media\/197626"}],"wp:attachment":[{"href":"https:\/\/sandzakpress.net\/arhiva\/wp-json\/wp\/v2\/media?parent=197617"}],"wp:term":[{"taxonomy":"category","embeddable":true,"href":"https:\/\/sandzakpress.net\/arhiva\/wp-json\/wp\/v2\/categories?post=197617"},{"taxonomy":"post_tag","embeddable":true,"href":"https:\/\/sandzakpress.net\/arhiva\/wp-json\/wp\/v2\/tags?post=197617"}],"curies":[{"name":"wp","href":"https:\/\/api.w.org\/{rel}","templated":true}]}}