{"id":197516,"date":"2017-10-26T15:40:42","date_gmt":"2017-10-26T13:40:42","guid":{"rendered":"https:\/\/sandzakpress.net\/arhiva\/institut-za-nestale-osobe-nezadovoljni-smo-saradnjom-s-tuzilastvom-bih"},"modified":"2017-10-26T15:40:42","modified_gmt":"2017-10-26T13:40:42","slug":"institut-za-nestale-osobe-nezadovoljni-smo-saradnjom-s-tuzilastvom-bih","status":"publish","type":"post","link":"https:\/\/sandzakpress.net\/arhiva\/institut-za-nestale-osobe-nezadovoljni-smo-saradnjom-s-tuzilastvom-bih\/","title":{"rendered":"Institut za nestale osobe: Nezadovoljni smo saradnjom s Tu\u017eila\u0161tvom BiH"},"content":{"rendered":"<p><span class=\"cb-itemprop\"><\/p>\n<p><img decoding=\"async\" src=\"http:\/\/e-vijesti.com\/wp-content\/uploads\/2017\/10\/institut-za-nestale-osobe-nezadovoljni-smo-saradnjom-s-tuilatvom-bih_860e83a-1000x600.jpg\" \/><\/p>\n<p><strong>Predstavnici Instituta za nestale osobe Bosne i Hercegovine nisu zadovoljni saradnjom s Tu\u017eila\u0161tvom BiH, a procesi za dobijanje dozvola za ekshumaciju su jako spori, \u0161to uveliko ote\u017eava tra\u017eenje nestalih, zaklju\u010dak je dana\u0161njeg okruglog stola \u201cPostignu\u0107a i prioriteti u tra\u017eenju nestalih osoba BiH\u201d, koji je danas u Prijedoru organizovao Savjetodavni odbor ove institucije, javlja Anadolu Agency (AA).<\/strong><\/p>\n<p>Do sada je u Bosni i Hercegovini prona\u0111eno 25.000 nestalih osoba, oko 23.000 osoba je identificirano, a neidentificirani se nalaze u 12 objekata \u0161irom Bosne i Hercegovine. Traga se za jo\u0161 oko 7.000 nestalih. Problem predstavlja i nedostatak ta\u010dnih informacija o masovnim i pojedina\u010dnim grobnicama, \u0161to ote\u017eava proces tra\u017eenja nestalih.<\/p>\n<p>Predsjedavaju\u0107i Kolegija direktora Instituta za nestale osobe BiH Nikola Peri\u0161i\u0107 je izjavio da su danas detektovali neke od problema u procesu tra\u017eenja nestalo, a to su, prije svega, saradnja s Tu\u017eila\u0161tvom BiH, pro\u0161irenje lista ovla\u0161tenih sudskih vje\u0161taka, materijalna i tehni\u010dka opremljenost Instituta, posebno podru\u010dnih i terenskih kancelarija.<\/p>\n<p>\u201cTreba ista\u0107i saradnju s na\u0161im partnerima Me\u0111unarodnom komisijom za nestala lica i Me\u0111unarodnim komitetom Crvenog krsta, gdje je u toku proces Me\u0111unarodne komisije za nestala lica, odnosno revizije kad su u pitanju mrtva\u010dnice i spomen-kosturnice gdje bi mogli ta\u010dno da utvrdimo ta\u010dan broj posmrtnih ostataka i eventualno gre\u0161ke u zamjeni indentiteta\u201d, rekao je Peri\u0161i\u0107 i naglasio da \u0107e Institut i dalje biti klju\u010dni faktor u tra\u017eenju nestalih osoba, a o\u010dekuju se mnogo bolji rezultati u narednom periodu.<\/p>\n<p>On je naglasio da je u zadnjih pet godina bio problem s upravlja\u010dkom strukturom Instituta za nestale osobe, te da je i zbog toga dolazilo do zastoja u radu. Peri\u0161i\u0107 je tako\u0111e naglasio da je nezadovoljan radom Suda i Tu\u017eila\u0161tva BiH zbog nepodizanja optu\u017enica protiv osoba koje su po\u010dinile zlo\u010din.<\/p>\n<p>\u201cNa\u0161 prijedlog \u0107e biti formiranje ekspertskih mobilnih timova koji \u0107e biti zadu\u017eeni ispred Tu\u017eila\u0161tva BiH za saradnju s udru\u017eenjima nestalih i Institutom kako bi se ubrzao \u010ditav proces. Imamo situacija gdje pojedini predmeti u Tu\u017eila\u0161tvu i Sudu BiH \u010dekaju po par godina da do\u0111u na red da se rje\u0161avaju\u201d, istakao je Peri\u0161i\u0107.<\/p>\n<p>\u010clan Savjetodavnog odbora Instituta za nestale osobe BiH Fikret Ba\u010di\u0107 je istakao naredni biti organizovani u Mostaru i Tuzli.<\/p>\n<p>\u201cZa nas su sve \u017ertve-\u017ertve bez obzira na njihovo ime i prezime, a \u017eeljeli smo i na ovaj na\u010din pribli\u017eiti udru\u017eenja koja tra\u017ee nestale institucijama koje tra\u017ee ratne zlo\u010dince. Omogu\u0107ili smo svima da postave pitanja i \u010dlanovima Instituta, te \u010dlanovima Suda, Tu\u017eila\u0161tva BiH, predstavnicima policije, SIPA-e. Proces tra\u017eenja je spor i slo\u017een a ovaj Okrugli sto je danas predvi\u0111en za udru\u017eenja iz Krajine, jer se na ovom prostoru jo\u0161 uvijek traga za najve\u0107im brojem osoba\u201d, istakao je Ba\u010di\u0107.<\/p>\n<p>Predsjedavaju\u0107i privremenog Upravnog odbora \u0160imun Novakovi\u0107 je rekao da je upoznao \u010dlanove obitelji nestalih o radu privremenog Upravnog odbora, a istakao je da je do danas odr\u017eano 15 sjednica ovog tijela koje je izbarano u oktobru pro\u0161le godine.<\/p>\n<p>U Prijedoru je danas re\u010deno da je na lokalitetu Kori\u0107anskih stijena prilikom poslednjih ekshumacija prona\u0111eno 137 posmrtnih ostataka, te da se radi o Prijedor\u010danima, \u010dime je proces tra\u017eenja na Kori\u0107anskim stijenama okon\u010dan.<\/p>\n<p>Okruglom stolu u Prijedoru je prisustvovalo 47 predstavnika udru\u017eenja iz Krajine, predstavnici policije, Tu\u017eila\u0161tva BiH, SIPA-e, Crvenog krsta, Me\u0111unarodnog komiteta Crvenog krsta, Me\u0111unarodne komisije za nestale osobe, Kantonalnog tu\u017eila\u0161tva Biha\u0107\u2026<\/p>\n<p><\/span><br \/>\nPogledajte vijest na izvornom sajtu:<\/p>\n<p><a href=\"http:\/\/bosnapress.net\/institut-za-nestale-osobe-nezadovoljni-smo-saradnjom-s-tuzilastvom-bih\/\" target=\"_blank\">Institut za nestale osobe: Nezadovoljni smo saradnjom s Tu\u017eila\u0161tvom BiH<\/a><\/p>\n","protected":false},"excerpt":{"rendered":"<p>Predstavnici Instituta za nestale osobe Bosne i Hercegovine nisu zadovoljni saradnjom s Tu\u017eila\u0161tvom BiH, a procesi za dobijanje dozvola za ekshumaciju su jako spori, \u0161to uveliko ote\u017eava tra\u017eenje nestalih, zaklju\u010dak je dana\u0161njeg okruglog stola \u201cPostignu\u0107a i prioriteti u tra\u017eenju nestalih osoba BiH\u201d, koji je danas u Prijedoru organizovao Savjetodavni odbor ove institucije, javlja Anadolu Agency [&hellip;]<\/p>\n","protected":false},"author":83,"featured_media":197518,"comment_status":"open","ping_status":"open","sticky":false,"template":"","format":"standard","meta":{"footnotes":""},"categories":[10513],"tags":[10466],"class_list":{"0":"post-197516","1":"post","2":"type-post","3":"status-publish","4":"format-standard","5":"has-post-thumbnail","7":"category-bosna-press","8":"tag-bosna-i-hercegovina"},"yoast_head":"<!-- This site is optimized with the Yoast SEO Premium plugin v23.1 (Yoast SEO v24.9) - https:\/\/yoast.com\/wordpress\/plugins\/seo\/ -->\n<title>Institut za nestale osobe: Nezadovoljni smo saradnjom s Tu\u017eila\u0161tvom BiH<\/title>\n<meta name=\"robots\" content=\"index, follow, max-snippet:-1, max-image-preview:large, max-video-preview:-1\" \/>\n<link rel=\"canonical\" href=\"https:\/\/sandzakpress.net\/arhiva\/institut-za-nestale-osobe-nezadovoljni-smo-saradnjom-s-tuzilastvom-bih\/\" \/>\n<meta property=\"og:locale\" content=\"bs_BA\" \/>\n<meta property=\"og:type\" content=\"article\" \/>\n<meta property=\"og:title\" content=\"Institut za nestale osobe: Nezadovoljni smo saradnjom s Tu\u017eila\u0161tvom BiH\" \/>\n<meta property=\"og:description\" content=\"Predstavnici Instituta za nestale osobe Bosne i Hercegovine nisu zadovoljni saradnjom s Tu\u017eila\u0161tvom BiH, a procesi za dobijanje dozvola za ekshumaciju su jako spori, \u0161to uveliko ote\u017eava tra\u017eenje nestalih, zaklju\u010dak je dana\u0161njeg okruglog stola \u201cPostignu\u0107a i prioriteti u tra\u017eenju nestalih osoba BiH\u201d, koji je danas u Prijedoru organizovao Savjetodavni odbor ove institucije, javlja Anadolu Agency [&hellip;]\" \/>\n<meta property=\"og:url\" content=\"https:\/\/sandzakpress.net\/arhiva\/institut-za-nestale-osobe-nezadovoljni-smo-saradnjom-s-tuzilastvom-bih\/\" \/>\n<meta property=\"og:site_name\" content=\"Sand\u017eak PRESS\" \/>\n<meta property=\"article:published_time\" content=\"2017-10-26T13:40:42+00:00\" \/>\n<meta property=\"og:image\" content=\"https:\/\/sandzakpress.net\/arhiva\/wp-content\/uploads\/2017\/10\/institut-za-nestale-osobe-nezadovoljni-smo-saradnjom-s-tuilatvom-bih_860e83a-1000x600-1.jpg\" \/>\n\t<meta property=\"og:image:width\" content=\"1000\" \/>\n\t<meta property=\"og:image:height\" content=\"600\" \/>\n\t<meta property=\"og:image:type\" content=\"image\/jpeg\" \/>\n<meta name=\"author\" content=\"bosniak\" \/>\n<meta name=\"twitter:card\" content=\"summary_large_image\" \/>\n<meta name=\"twitter:label1\" content=\"Written by\" \/>\n\t<meta name=\"twitter:data1\" content=\"bosniak\" \/>\n\t<meta name=\"twitter:label2\" content=\"Est. reading time\" \/>\n\t<meta name=\"twitter:data2\" content=\"3 minute\" \/>\n<script type=\"application\/ld+json\" class=\"yoast-schema-graph\">{\"@context\":\"https:\/\/schema.org\",\"@graph\":[{\"@type\":\"Article\",\"@id\":\"https:\/\/sandzakpress.net\/arhiva\/institut-za-nestale-osobe-nezadovoljni-smo-saradnjom-s-tuzilastvom-bih\/#article\",\"isPartOf\":{\"@id\":\"https:\/\/sandzakpress.net\/arhiva\/institut-za-nestale-osobe-nezadovoljni-smo-saradnjom-s-tuzilastvom-bih\/\"},\"author\":{\"name\":\"bosniak\",\"@id\":\"https:\/\/sandzakpress.net\/arhiva\/#\/schema\/person\/c8baee722073534b583ea7bdb2e36c02\"},\"headline\":\"Institut za nestale osobe: Nezadovoljni smo saradnjom s Tu\u017eila\u0161tvom BiH\",\"datePublished\":\"2017-10-26T13:40:42+00:00\",\"mainEntityOfPage\":{\"@id\":\"https:\/\/sandzakpress.net\/arhiva\/institut-za-nestale-osobe-nezadovoljni-smo-saradnjom-s-tuzilastvom-bih\/\"},\"wordCount\":638,\"commentCount\":0,\"publisher\":{\"@id\":\"https:\/\/sandzakpress.net\/arhiva\/#\/schema\/person\/6e72b67d6e51910a1117b3b483ba20bd\"},\"image\":{\"@id\":\"https:\/\/sandzakpress.net\/arhiva\/institut-za-nestale-osobe-nezadovoljni-smo-saradnjom-s-tuzilastvom-bih\/#primaryimage\"},\"thumbnailUrl\":\"https:\/\/sandzakpress.net\/arhiva\/wp-content\/uploads\/2017\/10\/institut-za-nestale-osobe-nezadovoljni-smo-saradnjom-s-tuilatvom-bih_860e83a-1000x600-1.jpg\",\"keywords\":[\"Bosna i Hercegovina\"],\"articleSection\":[\"Bosna PRESS\"],\"inLanguage\":\"bs-BA\",\"potentialAction\":[{\"@type\":\"CommentAction\",\"name\":\"Comment\",\"target\":[\"https:\/\/sandzakpress.net\/arhiva\/institut-za-nestale-osobe-nezadovoljni-smo-saradnjom-s-tuzilastvom-bih\/#respond\"]}]},{\"@type\":\"WebPage\",\"@id\":\"https:\/\/sandzakpress.net\/arhiva\/institut-za-nestale-osobe-nezadovoljni-smo-saradnjom-s-tuzilastvom-bih\/\",\"url\":\"https:\/\/sandzakpress.net\/arhiva\/institut-za-nestale-osobe-nezadovoljni-smo-saradnjom-s-tuzilastvom-bih\/\",\"name\":\"Institut za nestale osobe: Nezadovoljni smo saradnjom s Tu\u017eila\u0161tvom BiH\",\"isPartOf\":{\"@id\":\"https:\/\/sandzakpress.net\/arhiva\/#website\"},\"primaryImageOfPage\":{\"@id\":\"https:\/\/sandzakpress.net\/arhiva\/institut-za-nestale-osobe-nezadovoljni-smo-saradnjom-s-tuzilastvom-bih\/#primaryimage\"},\"image\":{\"@id\":\"https:\/\/sandzakpress.net\/arhiva\/institut-za-nestale-osobe-nezadovoljni-smo-saradnjom-s-tuzilastvom-bih\/#primaryimage\"},\"thumbnailUrl\":\"https:\/\/sandzakpress.net\/arhiva\/wp-content\/uploads\/2017\/10\/institut-za-nestale-osobe-nezadovoljni-smo-saradnjom-s-tuilatvom-bih_860e83a-1000x600-1.jpg\",\"datePublished\":\"2017-10-26T13:40:42+00:00\",\"breadcrumb\":{\"@id\":\"https:\/\/sandzakpress.net\/arhiva\/institut-za-nestale-osobe-nezadovoljni-smo-saradnjom-s-tuzilastvom-bih\/#breadcrumb\"},\"inLanguage\":\"bs-BA\",\"potentialAction\":[{\"@type\":\"ReadAction\",\"target\":[\"https:\/\/sandzakpress.net\/arhiva\/institut-za-nestale-osobe-nezadovoljni-smo-saradnjom-s-tuzilastvom-bih\/\"]}]},{\"@type\":\"ImageObject\",\"inLanguage\":\"bs-BA\",\"@id\":\"https:\/\/sandzakpress.net\/arhiva\/institut-za-nestale-osobe-nezadovoljni-smo-saradnjom-s-tuzilastvom-bih\/#primaryimage\",\"url\":\"https:\/\/sandzakpress.net\/arhiva\/wp-content\/uploads\/2017\/10\/institut-za-nestale-osobe-nezadovoljni-smo-saradnjom-s-tuilatvom-bih_860e83a-1000x600-1.jpg\",\"contentUrl\":\"https:\/\/sandzakpress.net\/arhiva\/wp-content\/uploads\/2017\/10\/institut-za-nestale-osobe-nezadovoljni-smo-saradnjom-s-tuilatvom-bih_860e83a-1000x600-1.jpg\",\"width\":1000,\"height\":600},{\"@type\":\"BreadcrumbList\",\"@id\":\"https:\/\/sandzakpress.net\/arhiva\/institut-za-nestale-osobe-nezadovoljni-smo-saradnjom-s-tuzilastvom-bih\/#breadcrumb\",\"itemListElement\":[{\"@type\":\"ListItem\",\"position\":1,\"name\":\"Home\",\"item\":\"https:\/\/sandzakpress.net\/arhiva\/\"},{\"@type\":\"ListItem\",\"position\":2,\"name\":\"Institut za nestale osobe: Nezadovoljni smo saradnjom s Tu\u017eila\u0161tvom BiH\"}]},{\"@type\":\"WebSite\",\"@id\":\"https:\/\/sandzakpress.net\/arhiva\/#website\",\"url\":\"https:\/\/sandzakpress.net\/arhiva\/\",\"name\":\"Sand\u017eak PRESS\",\"description\":\"Prve elektronske novine u Sand\u017eaku\",\"publisher\":{\"@id\":\"https:\/\/sandzakpress.net\/arhiva\/#\/schema\/person\/6e72b67d6e51910a1117b3b483ba20bd\"},\"potentialAction\":[{\"@type\":\"SearchAction\",\"target\":{\"@type\":\"EntryPoint\",\"urlTemplate\":\"https:\/\/sandzakpress.net\/arhiva\/?s={search_term_string}\"},\"query-input\":{\"@type\":\"PropertyValueSpecification\",\"valueRequired\":true,\"valueName\":\"search_term_string\"}}],\"inLanguage\":\"bs-BA\"},{\"@type\":[\"Person\",\"Organization\"],\"@id\":\"https:\/\/sandzakpress.net\/arhiva\/#\/schema\/person\/6e72b67d6e51910a1117b3b483ba20bd\",\"name\":\"Kul\",\"image\":{\"@type\":\"ImageObject\",\"inLanguage\":\"bs-BA\",\"@id\":\"https:\/\/sandzakpress.net\/arhiva\/#\/schema\/person\/image\/\",\"url\":\"https:\/\/secure.gravatar.com\/avatar\/42263f39aa27ac04c43cab85c280eb2e?s=96&d=mm&r=pg\",\"contentUrl\":\"https:\/\/secure.gravatar.com\/avatar\/42263f39aa27ac04c43cab85c280eb2e?s=96&d=mm&r=pg\",\"caption\":\"Kul\"},\"logo\":{\"@id\":\"https:\/\/sandzakpress.net\/arhiva\/#\/schema\/person\/image\/\"}},{\"@type\":\"Person\",\"@id\":\"https:\/\/sandzakpress.net\/arhiva\/#\/schema\/person\/c8baee722073534b583ea7bdb2e36c02\",\"name\":\"bosniak\",\"image\":{\"@type\":\"ImageObject\",\"inLanguage\":\"bs-BA\",\"@id\":\"https:\/\/sandzakpress.net\/arhiva\/#\/schema\/person\/image\/\",\"url\":\"https:\/\/secure.gravatar.com\/avatar\/a04fd330bfe3a36a72a0ad4a6d89fca7?s=96&d=mm&r=pg\",\"contentUrl\":\"https:\/\/secure.gravatar.com\/avatar\/a04fd330bfe3a36a72a0ad4a6d89fca7?s=96&d=mm&r=pg\",\"caption\":\"bosniak\"},\"url\":\"https:\/\/sandzakpress.net\/arhiva\/author\/bosniak\/\"}]}<\/script>\n<!-- \/ Yoast SEO Premium plugin. -->","yoast_head_json":{"title":"Institut za nestale osobe: Nezadovoljni smo saradnjom s Tu\u017eila\u0161tvom BiH","robots":{"index":"index","follow":"follow","max-snippet":"max-snippet:-1","max-image-preview":"max-image-preview:large","max-video-preview":"max-video-preview:-1"},"canonical":"https:\/\/sandzakpress.net\/arhiva\/institut-za-nestale-osobe-nezadovoljni-smo-saradnjom-s-tuzilastvom-bih\/","og_locale":"bs_BA","og_type":"article","og_title":"Institut za nestale osobe: Nezadovoljni smo saradnjom s Tu\u017eila\u0161tvom BiH","og_description":"Predstavnici Instituta za nestale osobe Bosne i Hercegovine nisu zadovoljni saradnjom s Tu\u017eila\u0161tvom BiH, a procesi za dobijanje dozvola za ekshumaciju su jako spori, \u0161to uveliko ote\u017eava tra\u017eenje nestalih, zaklju\u010dak je dana\u0161njeg okruglog stola \u201cPostignu\u0107a i prioriteti u tra\u017eenju nestalih osoba BiH\u201d, koji je danas u Prijedoru organizovao Savjetodavni odbor ove institucije, javlja Anadolu Agency [&hellip;]","og_url":"https:\/\/sandzakpress.net\/arhiva\/institut-za-nestale-osobe-nezadovoljni-smo-saradnjom-s-tuzilastvom-bih\/","og_site_name":"Sand\u017eak PRESS","article_published_time":"2017-10-26T13:40:42+00:00","og_image":[{"width":1000,"height":600,"url":"https:\/\/sandzakpress.net\/arhiva\/wp-content\/uploads\/2017\/10\/institut-za-nestale-osobe-nezadovoljni-smo-saradnjom-s-tuilatvom-bih_860e83a-1000x600-1.jpg","type":"image\/jpeg"}],"author":"bosniak","twitter_card":"summary_large_image","twitter_misc":{"Written by":"bosniak","Est. reading time":"3 minute"},"schema":{"@context":"https:\/\/schema.org","@graph":[{"@type":"Article","@id":"https:\/\/sandzakpress.net\/arhiva\/institut-za-nestale-osobe-nezadovoljni-smo-saradnjom-s-tuzilastvom-bih\/#article","isPartOf":{"@id":"https:\/\/sandzakpress.net\/arhiva\/institut-za-nestale-osobe-nezadovoljni-smo-saradnjom-s-tuzilastvom-bih\/"},"author":{"name":"bosniak","@id":"https:\/\/sandzakpress.net\/arhiva\/#\/schema\/person\/c8baee722073534b583ea7bdb2e36c02"},"headline":"Institut za nestale osobe: Nezadovoljni smo saradnjom s Tu\u017eila\u0161tvom BiH","datePublished":"2017-10-26T13:40:42+00:00","mainEntityOfPage":{"@id":"https:\/\/sandzakpress.net\/arhiva\/institut-za-nestale-osobe-nezadovoljni-smo-saradnjom-s-tuzilastvom-bih\/"},"wordCount":638,"commentCount":0,"publisher":{"@id":"https:\/\/sandzakpress.net\/arhiva\/#\/schema\/person\/6e72b67d6e51910a1117b3b483ba20bd"},"image":{"@id":"https:\/\/sandzakpress.net\/arhiva\/institut-za-nestale-osobe-nezadovoljni-smo-saradnjom-s-tuzilastvom-bih\/#primaryimage"},"thumbnailUrl":"https:\/\/sandzakpress.net\/arhiva\/wp-content\/uploads\/2017\/10\/institut-za-nestale-osobe-nezadovoljni-smo-saradnjom-s-tuilatvom-bih_860e83a-1000x600-1.jpg","keywords":["Bosna i Hercegovina"],"articleSection":["Bosna PRESS"],"inLanguage":"bs-BA","potentialAction":[{"@type":"CommentAction","name":"Comment","target":["https:\/\/sandzakpress.net\/arhiva\/institut-za-nestale-osobe-nezadovoljni-smo-saradnjom-s-tuzilastvom-bih\/#respond"]}]},{"@type":"WebPage","@id":"https:\/\/sandzakpress.net\/arhiva\/institut-za-nestale-osobe-nezadovoljni-smo-saradnjom-s-tuzilastvom-bih\/","url":"https:\/\/sandzakpress.net\/arhiva\/institut-za-nestale-osobe-nezadovoljni-smo-saradnjom-s-tuzilastvom-bih\/","name":"Institut za nestale osobe: Nezadovoljni smo saradnjom s Tu\u017eila\u0161tvom BiH","isPartOf":{"@id":"https:\/\/sandzakpress.net\/arhiva\/#website"},"primaryImageOfPage":{"@id":"https:\/\/sandzakpress.net\/arhiva\/institut-za-nestale-osobe-nezadovoljni-smo-saradnjom-s-tuzilastvom-bih\/#primaryimage"},"image":{"@id":"https:\/\/sandzakpress.net\/arhiva\/institut-za-nestale-osobe-nezadovoljni-smo-saradnjom-s-tuzilastvom-bih\/#primaryimage"},"thumbnailUrl":"https:\/\/sandzakpress.net\/arhiva\/wp-content\/uploads\/2017\/10\/institut-za-nestale-osobe-nezadovoljni-smo-saradnjom-s-tuilatvom-bih_860e83a-1000x600-1.jpg","datePublished":"2017-10-26T13:40:42+00:00","breadcrumb":{"@id":"https:\/\/sandzakpress.net\/arhiva\/institut-za-nestale-osobe-nezadovoljni-smo-saradnjom-s-tuzilastvom-bih\/#breadcrumb"},"inLanguage":"bs-BA","potentialAction":[{"@type":"ReadAction","target":["https:\/\/sandzakpress.net\/arhiva\/institut-za-nestale-osobe-nezadovoljni-smo-saradnjom-s-tuzilastvom-bih\/"]}]},{"@type":"ImageObject","inLanguage":"bs-BA","@id":"https:\/\/sandzakpress.net\/arhiva\/institut-za-nestale-osobe-nezadovoljni-smo-saradnjom-s-tuzilastvom-bih\/#primaryimage","url":"https:\/\/sandzakpress.net\/arhiva\/wp-content\/uploads\/2017\/10\/institut-za-nestale-osobe-nezadovoljni-smo-saradnjom-s-tuilatvom-bih_860e83a-1000x600-1.jpg","contentUrl":"https:\/\/sandzakpress.net\/arhiva\/wp-content\/uploads\/2017\/10\/institut-za-nestale-osobe-nezadovoljni-smo-saradnjom-s-tuilatvom-bih_860e83a-1000x600-1.jpg","width":1000,"height":600},{"@type":"BreadcrumbList","@id":"https:\/\/sandzakpress.net\/arhiva\/institut-za-nestale-osobe-nezadovoljni-smo-saradnjom-s-tuzilastvom-bih\/#breadcrumb","itemListElement":[{"@type":"ListItem","position":1,"name":"Home","item":"https:\/\/sandzakpress.net\/arhiva\/"},{"@type":"ListItem","position":2,"name":"Institut za nestale osobe: Nezadovoljni smo saradnjom s Tu\u017eila\u0161tvom BiH"}]},{"@type":"WebSite","@id":"https:\/\/sandzakpress.net\/arhiva\/#website","url":"https:\/\/sandzakpress.net\/arhiva\/","name":"Sand\u017eak PRESS","description":"Prve elektronske novine u Sand\u017eaku","publisher":{"@id":"https:\/\/sandzakpress.net\/arhiva\/#\/schema\/person\/6e72b67d6e51910a1117b3b483ba20bd"},"potentialAction":[{"@type":"SearchAction","target":{"@type":"EntryPoint","urlTemplate":"https:\/\/sandzakpress.net\/arhiva\/?s={search_term_string}"},"query-input":{"@type":"PropertyValueSpecification","valueRequired":true,"valueName":"search_term_string"}}],"inLanguage":"bs-BA"},{"@type":["Person","Organization"],"@id":"https:\/\/sandzakpress.net\/arhiva\/#\/schema\/person\/6e72b67d6e51910a1117b3b483ba20bd","name":"Kul","image":{"@type":"ImageObject","inLanguage":"bs-BA","@id":"https:\/\/sandzakpress.net\/arhiva\/#\/schema\/person\/image\/","url":"https:\/\/secure.gravatar.com\/avatar\/42263f39aa27ac04c43cab85c280eb2e?s=96&d=mm&r=pg","contentUrl":"https:\/\/secure.gravatar.com\/avatar\/42263f39aa27ac04c43cab85c280eb2e?s=96&d=mm&r=pg","caption":"Kul"},"logo":{"@id":"https:\/\/sandzakpress.net\/arhiva\/#\/schema\/person\/image\/"}},{"@type":"Person","@id":"https:\/\/sandzakpress.net\/arhiva\/#\/schema\/person\/c8baee722073534b583ea7bdb2e36c02","name":"bosniak","image":{"@type":"ImageObject","inLanguage":"bs-BA","@id":"https:\/\/sandzakpress.net\/arhiva\/#\/schema\/person\/image\/","url":"https:\/\/secure.gravatar.com\/avatar\/a04fd330bfe3a36a72a0ad4a6d89fca7?s=96&d=mm&r=pg","contentUrl":"https:\/\/secure.gravatar.com\/avatar\/a04fd330bfe3a36a72a0ad4a6d89fca7?s=96&d=mm&r=pg","caption":"bosniak"},"url":"https:\/\/sandzakpress.net\/arhiva\/author\/bosniak\/"}]}},"_links":{"self":[{"href":"https:\/\/sandzakpress.net\/arhiva\/wp-json\/wp\/v2\/posts\/197516"}],"collection":[{"href":"https:\/\/sandzakpress.net\/arhiva\/wp-json\/wp\/v2\/posts"}],"about":[{"href":"https:\/\/sandzakpress.net\/arhiva\/wp-json\/wp\/v2\/types\/post"}],"author":[{"embeddable":true,"href":"https:\/\/sandzakpress.net\/arhiva\/wp-json\/wp\/v2\/users\/83"}],"replies":[{"embeddable":true,"href":"https:\/\/sandzakpress.net\/arhiva\/wp-json\/wp\/v2\/comments?post=197516"}],"version-history":[{"count":0,"href":"https:\/\/sandzakpress.net\/arhiva\/wp-json\/wp\/v2\/posts\/197516\/revisions"}],"wp:featuredmedia":[{"embeddable":true,"href":"https:\/\/sandzakpress.net\/arhiva\/wp-json\/wp\/v2\/media\/197518"}],"wp:attachment":[{"href":"https:\/\/sandzakpress.net\/arhiva\/wp-json\/wp\/v2\/media?parent=197516"}],"wp:term":[{"taxonomy":"category","embeddable":true,"href":"https:\/\/sandzakpress.net\/arhiva\/wp-json\/wp\/v2\/categories?post=197516"},{"taxonomy":"post_tag","embeddable":true,"href":"https:\/\/sandzakpress.net\/arhiva\/wp-json\/wp\/v2\/tags?post=197516"}],"curies":[{"name":"wp","href":"https:\/\/api.w.org\/{rel}","templated":true}]}}