{"id":197495,"date":"2017-10-26T11:45:18","date_gmt":"2017-10-26T09:45:18","guid":{"rendered":"https:\/\/sandzakpress.net\/arhiva\/?p=197495"},"modified":"2017-10-26T11:35:43","modified_gmt":"2017-10-26T09:35:43","slug":"bijelo-polje-oteo-pa-brutalno-pretukao-stolara","status":"publish","type":"post","link":"https:\/\/sandzakpress.net\/arhiva\/bijelo-polje-oteo-pa-brutalno-pretukao-stolara\/","title":{"rendered":"Bijelo Polje &#8211; Oteo, pa brutalno pretukao stolara"},"content":{"rendered":"<p><img decoding=\"async\" src=\"http:\/\/www.sandzacke.rs\/wp-content\/uploads\/2017\/10\/senad-spahic-696x469.jpg\" \/><\/p>\n<p>Nedavni \u201cnesporazum\u201d kom su prethodila sitnija trvenja, Bjelopoljaca Senada Spahi\u0107a (50) iz naselja Voljavac i Zijada Hod\u017ei\u0107a, posle kog su intervenisali pripadnici Interventne jedinice Centra bezbjednosti i ljekari Op\u0161te bolnice u Bijelom Polju, po\u010de\u0107e za koji dan da se razrje\u0161ava u Osnovnom dr\u017eavnom tu\u017eila\u0161tvu, a bez sumnje, zavr\u0161i\u0107e u bjelopoljskom Osnovnom sudu, pi\u0161u \u201cNovosti\u201d.<\/p>\n<p>Posljednji susret znanaca pretvorio se u no\u0107nu moru za Spahi\u0107a, koji va\u017ei za dobrog majstora stolara. On tvrdi da ga je Hod\u017ei\u0107 oteo i u svojoj ku\u0107i pretukao, toliko, da je zadobio prelom vili\u010dne kosti. Poslije vi\u0161ednevnog lije\u010denja tek ju\u010der je otpu\u0161ten iz Op\u0161te bolnice.<\/p>\n<p>Kako je nesre\u0107ni \u010dovjek izjavio policiji, Hod\u017ei\u0107 je uz prijetnju zahtijevao od Spahi\u0107a da za njega izvede radove u ku\u0107i u naselju Gubava\u010d.<\/p>\n<p>\u201cNije to bio prvi put da mi prijeti smr\u0107u, ali je poslije dolaska u restoran gdje sam bio sve prebacio na \u0161alu tra\u017ee\u0107i da odemo do njegove ku\u0107e \u2018i uzmemo mjere za vi\u0161e pregradnih vrata, uz obe\u0107anje da \u0107e me vratiti gdje ja ka\u017eem'\u201d, ispri\u010dao je Senad policiji.<\/p>\n<p>Kako je kazao, morao je da prihvati ovaj poziv jer izdr\u017eava \u010detvoro djece i ne slute\u0107i kako \u0107e mu u ku\u0107i Zijad \u201cuzeti mjeru\u201d.<\/p>\n<p>Kada su stigli u Gubava\u010d, Zijad je navodno pru\u017eio prido\u0161lom majstoru svesku, olovku i metar i kazao mu: \u201cHajde sad meri\u201d.<\/p>\n<p>\u201cSagnuo sam se i tada dobio udarac u glavu. A potom je nastavio da me tu\u010de. Rekao mi je da je ta ku\u0107a operaciona sala gdje on operi\u0161e ljude, da je robijao ranije, pa \u0107e i zbog mene\u201d, ispri\u010dao je Senad istra\u017eiteljima, tvrde\u0107i da je bio zaklju\u010dan.<\/p>\n<p>Spahi\u0107 dodaje i da je ispred Zijadovih vrata video dva poznata \u010dovjeka, koji nisu reagovali na njegove vapaje da zovu policiju i ljekare. Senad obja\u0161njava da ne zna razloge prebijanja, a jedino na \u0161ta sumnja je spor protiv sugra\u0111anina koga je tu\u017eio zbog otu\u0111enja vrijednih stolarskih ma\u0161ina.<\/p>\n<p>O nemilom doga\u0111aju obavje\u0161tena je policija i protiv Hod\u017ei\u0107a je podnijeta krivi\u010dna prijava.<\/p>\n<p>\u201cHod\u017ei\u0107 je priveden i pu\u0161ten na slobodu nakon prikupljenih informacija. \u010cekamo izja\u0161njenje tu\u017eioca\u201d, saop\u0161teno je iz policije, povodom ovog slu\u010daja.<\/p>\n<p>Portparol Vi\u0161eg dr\u017eavnog tu\u017eila\u0161tva u Bijelom Polju Hasan Luka\u010d potvrdio je za \u201cNovosti\u201d da je prijava podnijeta.<\/p>\n<p>\u201cCentar bezbjednosti Bijelo Polje je Osnovnom dr\u017eavnom tu\u017eila\u0161tvu u Bijelom Polju podnio krivi\u010dnu prijavu protiv Z. H. iz Bijelog Polja, na \u0161tetu S. S. Po istoj krivi\u010dnoj prijavi, Osnovno dr\u017eavno tu\u017eila\u0161tvo je formiralo spise predmeta i postupak je u proceduri. O daljim mjerama i radnjama \u0107ete biti blagovremeno obavje\u0161teni\u201d, rekao je Luka\u010d, nagove\u0161tavaju\u0107i sudski epilog.<\/p>\n<p>(Novosti)<\/p>\n","protected":false},"excerpt":{"rendered":"<p>Nedavni \u201cnesporazum\u201d kom su prethodila sitnija trvenja, Bjelopoljaca Senada Spahi\u0107a (50) iz naselja Voljavac i Zijada Hod\u017ei\u0107a, posle kog su intervenisali pripadnici Interventne jedinice Centra bezbjednosti i ljekari Op\u0161te bolnice u Bijelom Polju, po\u010de\u0107e za koji dan da se razrje\u0161ava u Osnovnom dr\u017eavnom tu\u017eila\u0161tvu, a bez sumnje, zavr\u0161i\u0107e u bjelopoljskom Osnovnom sudu, pi\u0161u \u201cNovosti\u201d. Posljednji [&hellip;]<\/p>\n","protected":false},"author":509,"featured_media":197501,"comment_status":"open","ping_status":"open","sticky":false,"template":"","format":"standard","meta":{"footnotes":""},"categories":[396,801,10429],"tags":[],"class_list":{"0":"post-197495","1":"post","2":"type-post","3":"status-publish","4":"format-standard","5":"has-post-thumbnail","7":"category-bijelo_polje","8":"category-crna_hronika","9":"category-vazno"},"yoast_head":"<!-- This site is optimized with the Yoast SEO Premium plugin v23.1 (Yoast SEO v24.9) - https:\/\/yoast.com\/wordpress\/plugins\/seo\/ -->\n<title>Bijelo Polje - Oteo, pa brutalno pretukao stolara<\/title>\n<meta name=\"robots\" content=\"index, follow, max-snippet:-1, max-image-preview:large, max-video-preview:-1\" \/>\n<link rel=\"canonical\" href=\"https:\/\/sandzakpress.net\/arhiva\/bijelo-polje-oteo-pa-brutalno-pretukao-stolara\/\" \/>\n<meta property=\"og:locale\" content=\"bs_BA\" \/>\n<meta property=\"og:type\" content=\"article\" \/>\n<meta property=\"og:title\" content=\"Bijelo Polje - Oteo, pa brutalno pretukao stolara\" \/>\n<meta property=\"og:description\" content=\"Nedavni \u201cnesporazum\u201d kom su prethodila sitnija trvenja, Bjelopoljaca Senada Spahi\u0107a (50) iz naselja Voljavac i Zijada Hod\u017ei\u0107a, posle kog su intervenisali pripadnici Interventne jedinice Centra bezbjednosti i ljekari Op\u0161te bolnice u Bijelom Polju, po\u010de\u0107e za koji dan da se razrje\u0161ava u Osnovnom dr\u017eavnom tu\u017eila\u0161tvu, a bez sumnje, zavr\u0161i\u0107e u bjelopoljskom Osnovnom sudu, pi\u0161u \u201cNovosti\u201d. Posljednji [&hellip;]\" \/>\n<meta property=\"og:url\" content=\"https:\/\/sandzakpress.net\/arhiva\/bijelo-polje-oteo-pa-brutalno-pretukao-stolara\/\" \/>\n<meta property=\"og:site_name\" content=\"Sand\u017eak PRESS\" \/>\n<meta property=\"article:published_time\" content=\"2017-10-26T09:45:18+00:00\" \/>\n<meta property=\"og:image\" content=\"https:\/\/sandzakpress.net\/arhiva\/wp-content\/uploads\/2017\/10\/senad-spahic-696x469.jpg\" \/>\n\t<meta property=\"og:image:width\" content=\"696\" \/>\n\t<meta property=\"og:image:height\" content=\"469\" \/>\n\t<meta property=\"og:image:type\" content=\"image\/jpeg\" \/>\n<meta name=\"author\" content=\"Agencija\" \/>\n<meta name=\"twitter:card\" content=\"summary_large_image\" \/>\n<meta name=\"twitter:label1\" content=\"Written by\" \/>\n\t<meta name=\"twitter:data1\" content=\"Agencija\" \/>\n\t<meta name=\"twitter:label2\" content=\"Est. reading time\" \/>\n\t<meta name=\"twitter:data2\" content=\"2 minute\" \/>\n<script type=\"application\/ld+json\" class=\"yoast-schema-graph\">{\"@context\":\"https:\/\/schema.org\",\"@graph\":[{\"@type\":\"Article\",\"@id\":\"https:\/\/sandzakpress.net\/arhiva\/bijelo-polje-oteo-pa-brutalno-pretukao-stolara\/#article\",\"isPartOf\":{\"@id\":\"https:\/\/sandzakpress.net\/arhiva\/bijelo-polje-oteo-pa-brutalno-pretukao-stolara\/\"},\"author\":{\"name\":\"Agencija\",\"@id\":\"https:\/\/sandzakpress.net\/arhiva\/#\/schema\/person\/cb59d7e3ab91ab90dd680ad0305a6185\"},\"headline\":\"Bijelo Polje &#8211; Oteo, pa brutalno pretukao stolara\",\"datePublished\":\"2017-10-26T09:45:18+00:00\",\"mainEntityOfPage\":{\"@id\":\"https:\/\/sandzakpress.net\/arhiva\/bijelo-polje-oteo-pa-brutalno-pretukao-stolara\/\"},\"wordCount\":501,\"commentCount\":0,\"publisher\":{\"@id\":\"https:\/\/sandzakpress.net\/arhiva\/#\/schema\/person\/6e72b67d6e51910a1117b3b483ba20bd\"},\"image\":{\"@id\":\"https:\/\/sandzakpress.net\/arhiva\/bijelo-polje-oteo-pa-brutalno-pretukao-stolara\/#primaryimage\"},\"thumbnailUrl\":\"https:\/\/sandzakpress.net\/arhiva\/wp-content\/uploads\/2017\/10\/senad-spahic-696x469.jpg\",\"articleSection\":[\"Bijelo Polje\",\"Hronika\",\"VA\u017dNO!\"],\"inLanguage\":\"bs-BA\",\"potentialAction\":[{\"@type\":\"CommentAction\",\"name\":\"Comment\",\"target\":[\"https:\/\/sandzakpress.net\/arhiva\/bijelo-polje-oteo-pa-brutalno-pretukao-stolara\/#respond\"]}]},{\"@type\":\"WebPage\",\"@id\":\"https:\/\/sandzakpress.net\/arhiva\/bijelo-polje-oteo-pa-brutalno-pretukao-stolara\/\",\"url\":\"https:\/\/sandzakpress.net\/arhiva\/bijelo-polje-oteo-pa-brutalno-pretukao-stolara\/\",\"name\":\"Bijelo Polje - Oteo, pa brutalno pretukao stolara\",\"isPartOf\":{\"@id\":\"https:\/\/sandzakpress.net\/arhiva\/#website\"},\"primaryImageOfPage\":{\"@id\":\"https:\/\/sandzakpress.net\/arhiva\/bijelo-polje-oteo-pa-brutalno-pretukao-stolara\/#primaryimage\"},\"image\":{\"@id\":\"https:\/\/sandzakpress.net\/arhiva\/bijelo-polje-oteo-pa-brutalno-pretukao-stolara\/#primaryimage\"},\"thumbnailUrl\":\"https:\/\/sandzakpress.net\/arhiva\/wp-content\/uploads\/2017\/10\/senad-spahic-696x469.jpg\",\"datePublished\":\"2017-10-26T09:45:18+00:00\",\"breadcrumb\":{\"@id\":\"https:\/\/sandzakpress.net\/arhiva\/bijelo-polje-oteo-pa-brutalno-pretukao-stolara\/#breadcrumb\"},\"inLanguage\":\"bs-BA\",\"potentialAction\":[{\"@type\":\"ReadAction\",\"target\":[\"https:\/\/sandzakpress.net\/arhiva\/bijelo-polje-oteo-pa-brutalno-pretukao-stolara\/\"]}]},{\"@type\":\"ImageObject\",\"inLanguage\":\"bs-BA\",\"@id\":\"https:\/\/sandzakpress.net\/arhiva\/bijelo-polje-oteo-pa-brutalno-pretukao-stolara\/#primaryimage\",\"url\":\"https:\/\/sandzakpress.net\/arhiva\/wp-content\/uploads\/2017\/10\/senad-spahic-696x469.jpg\",\"contentUrl\":\"https:\/\/sandzakpress.net\/arhiva\/wp-content\/uploads\/2017\/10\/senad-spahic-696x469.jpg\",\"width\":696,\"height\":469},{\"@type\":\"BreadcrumbList\",\"@id\":\"https:\/\/sandzakpress.net\/arhiva\/bijelo-polje-oteo-pa-brutalno-pretukao-stolara\/#breadcrumb\",\"itemListElement\":[{\"@type\":\"ListItem\",\"position\":1,\"name\":\"Home\",\"item\":\"https:\/\/sandzakpress.net\/arhiva\/\"},{\"@type\":\"ListItem\",\"position\":2,\"name\":\"Bijelo Polje &#8211; Oteo, pa brutalno pretukao stolara\"}]},{\"@type\":\"WebSite\",\"@id\":\"https:\/\/sandzakpress.net\/arhiva\/#website\",\"url\":\"https:\/\/sandzakpress.net\/arhiva\/\",\"name\":\"Sand\u017eak PRESS\",\"description\":\"Prve elektronske novine u Sand\u017eaku\",\"publisher\":{\"@id\":\"https:\/\/sandzakpress.net\/arhiva\/#\/schema\/person\/6e72b67d6e51910a1117b3b483ba20bd\"},\"potentialAction\":[{\"@type\":\"SearchAction\",\"target\":{\"@type\":\"EntryPoint\",\"urlTemplate\":\"https:\/\/sandzakpress.net\/arhiva\/?s={search_term_string}\"},\"query-input\":{\"@type\":\"PropertyValueSpecification\",\"valueRequired\":true,\"valueName\":\"search_term_string\"}}],\"inLanguage\":\"bs-BA\"},{\"@type\":[\"Person\",\"Organization\"],\"@id\":\"https:\/\/sandzakpress.net\/arhiva\/#\/schema\/person\/6e72b67d6e51910a1117b3b483ba20bd\",\"name\":\"Kul\",\"image\":{\"@type\":\"ImageObject\",\"inLanguage\":\"bs-BA\",\"@id\":\"https:\/\/sandzakpress.net\/arhiva\/#\/schema\/person\/image\/\",\"url\":\"https:\/\/secure.gravatar.com\/avatar\/42263f39aa27ac04c43cab85c280eb2e?s=96&d=mm&r=pg\",\"contentUrl\":\"https:\/\/secure.gravatar.com\/avatar\/42263f39aa27ac04c43cab85c280eb2e?s=96&d=mm&r=pg\",\"caption\":\"Kul\"},\"logo\":{\"@id\":\"https:\/\/sandzakpress.net\/arhiva\/#\/schema\/person\/image\/\"}},{\"@type\":\"Person\",\"@id\":\"https:\/\/sandzakpress.net\/arhiva\/#\/schema\/person\/cb59d7e3ab91ab90dd680ad0305a6185\",\"name\":\"Agencija\",\"image\":{\"@type\":\"ImageObject\",\"inLanguage\":\"bs-BA\",\"@id\":\"https:\/\/sandzakpress.net\/arhiva\/#\/schema\/person\/image\/\",\"url\":\"https:\/\/secure.gravatar.com\/avatar\/4b7fafa80a22f0c2afe23966b3961fe0?s=96&d=mm&r=pg\",\"contentUrl\":\"https:\/\/secure.gravatar.com\/avatar\/4b7fafa80a22f0c2afe23966b3961fe0?s=96&d=mm&r=pg\",\"caption\":\"Agencija\"},\"url\":\"https:\/\/sandzakpress.net\/arhiva\/author\/agencija\/\"}]}<\/script>\n<!-- \/ Yoast SEO Premium plugin. -->","yoast_head_json":{"title":"Bijelo Polje - Oteo, pa brutalno pretukao stolara","robots":{"index":"index","follow":"follow","max-snippet":"max-snippet:-1","max-image-preview":"max-image-preview:large","max-video-preview":"max-video-preview:-1"},"canonical":"https:\/\/sandzakpress.net\/arhiva\/bijelo-polje-oteo-pa-brutalno-pretukao-stolara\/","og_locale":"bs_BA","og_type":"article","og_title":"Bijelo Polje - Oteo, pa brutalno pretukao stolara","og_description":"Nedavni \u201cnesporazum\u201d kom su prethodila sitnija trvenja, Bjelopoljaca Senada Spahi\u0107a (50) iz naselja Voljavac i Zijada Hod\u017ei\u0107a, posle kog su intervenisali pripadnici Interventne jedinice Centra bezbjednosti i ljekari Op\u0161te bolnice u Bijelom Polju, po\u010de\u0107e za koji dan da se razrje\u0161ava u Osnovnom dr\u017eavnom tu\u017eila\u0161tvu, a bez sumnje, zavr\u0161i\u0107e u bjelopoljskom Osnovnom sudu, pi\u0161u \u201cNovosti\u201d. Posljednji [&hellip;]","og_url":"https:\/\/sandzakpress.net\/arhiva\/bijelo-polje-oteo-pa-brutalno-pretukao-stolara\/","og_site_name":"Sand\u017eak PRESS","article_published_time":"2017-10-26T09:45:18+00:00","og_image":[{"width":696,"height":469,"url":"https:\/\/sandzakpress.net\/arhiva\/wp-content\/uploads\/2017\/10\/senad-spahic-696x469.jpg","type":"image\/jpeg"}],"author":"Agencija","twitter_card":"summary_large_image","twitter_misc":{"Written by":"Agencija","Est. reading time":"2 minute"},"schema":{"@context":"https:\/\/schema.org","@graph":[{"@type":"Article","@id":"https:\/\/sandzakpress.net\/arhiva\/bijelo-polje-oteo-pa-brutalno-pretukao-stolara\/#article","isPartOf":{"@id":"https:\/\/sandzakpress.net\/arhiva\/bijelo-polje-oteo-pa-brutalno-pretukao-stolara\/"},"author":{"name":"Agencija","@id":"https:\/\/sandzakpress.net\/arhiva\/#\/schema\/person\/cb59d7e3ab91ab90dd680ad0305a6185"},"headline":"Bijelo Polje &#8211; Oteo, pa brutalno pretukao stolara","datePublished":"2017-10-26T09:45:18+00:00","mainEntityOfPage":{"@id":"https:\/\/sandzakpress.net\/arhiva\/bijelo-polje-oteo-pa-brutalno-pretukao-stolara\/"},"wordCount":501,"commentCount":0,"publisher":{"@id":"https:\/\/sandzakpress.net\/arhiva\/#\/schema\/person\/6e72b67d6e51910a1117b3b483ba20bd"},"image":{"@id":"https:\/\/sandzakpress.net\/arhiva\/bijelo-polje-oteo-pa-brutalno-pretukao-stolara\/#primaryimage"},"thumbnailUrl":"https:\/\/sandzakpress.net\/arhiva\/wp-content\/uploads\/2017\/10\/senad-spahic-696x469.jpg","articleSection":["Bijelo Polje","Hronika","VA\u017dNO!"],"inLanguage":"bs-BA","potentialAction":[{"@type":"CommentAction","name":"Comment","target":["https:\/\/sandzakpress.net\/arhiva\/bijelo-polje-oteo-pa-brutalno-pretukao-stolara\/#respond"]}]},{"@type":"WebPage","@id":"https:\/\/sandzakpress.net\/arhiva\/bijelo-polje-oteo-pa-brutalno-pretukao-stolara\/","url":"https:\/\/sandzakpress.net\/arhiva\/bijelo-polje-oteo-pa-brutalno-pretukao-stolara\/","name":"Bijelo Polje - Oteo, pa brutalno pretukao stolara","isPartOf":{"@id":"https:\/\/sandzakpress.net\/arhiva\/#website"},"primaryImageOfPage":{"@id":"https:\/\/sandzakpress.net\/arhiva\/bijelo-polje-oteo-pa-brutalno-pretukao-stolara\/#primaryimage"},"image":{"@id":"https:\/\/sandzakpress.net\/arhiva\/bijelo-polje-oteo-pa-brutalno-pretukao-stolara\/#primaryimage"},"thumbnailUrl":"https:\/\/sandzakpress.net\/arhiva\/wp-content\/uploads\/2017\/10\/senad-spahic-696x469.jpg","datePublished":"2017-10-26T09:45:18+00:00","breadcrumb":{"@id":"https:\/\/sandzakpress.net\/arhiva\/bijelo-polje-oteo-pa-brutalno-pretukao-stolara\/#breadcrumb"},"inLanguage":"bs-BA","potentialAction":[{"@type":"ReadAction","target":["https:\/\/sandzakpress.net\/arhiva\/bijelo-polje-oteo-pa-brutalno-pretukao-stolara\/"]}]},{"@type":"ImageObject","inLanguage":"bs-BA","@id":"https:\/\/sandzakpress.net\/arhiva\/bijelo-polje-oteo-pa-brutalno-pretukao-stolara\/#primaryimage","url":"https:\/\/sandzakpress.net\/arhiva\/wp-content\/uploads\/2017\/10\/senad-spahic-696x469.jpg","contentUrl":"https:\/\/sandzakpress.net\/arhiva\/wp-content\/uploads\/2017\/10\/senad-spahic-696x469.jpg","width":696,"height":469},{"@type":"BreadcrumbList","@id":"https:\/\/sandzakpress.net\/arhiva\/bijelo-polje-oteo-pa-brutalno-pretukao-stolara\/#breadcrumb","itemListElement":[{"@type":"ListItem","position":1,"name":"Home","item":"https:\/\/sandzakpress.net\/arhiva\/"},{"@type":"ListItem","position":2,"name":"Bijelo Polje &#8211; Oteo, pa brutalno pretukao stolara"}]},{"@type":"WebSite","@id":"https:\/\/sandzakpress.net\/arhiva\/#website","url":"https:\/\/sandzakpress.net\/arhiva\/","name":"Sand\u017eak PRESS","description":"Prve elektronske novine u Sand\u017eaku","publisher":{"@id":"https:\/\/sandzakpress.net\/arhiva\/#\/schema\/person\/6e72b67d6e51910a1117b3b483ba20bd"},"potentialAction":[{"@type":"SearchAction","target":{"@type":"EntryPoint","urlTemplate":"https:\/\/sandzakpress.net\/arhiva\/?s={search_term_string}"},"query-input":{"@type":"PropertyValueSpecification","valueRequired":true,"valueName":"search_term_string"}}],"inLanguage":"bs-BA"},{"@type":["Person","Organization"],"@id":"https:\/\/sandzakpress.net\/arhiva\/#\/schema\/person\/6e72b67d6e51910a1117b3b483ba20bd","name":"Kul","image":{"@type":"ImageObject","inLanguage":"bs-BA","@id":"https:\/\/sandzakpress.net\/arhiva\/#\/schema\/person\/image\/","url":"https:\/\/secure.gravatar.com\/avatar\/42263f39aa27ac04c43cab85c280eb2e?s=96&d=mm&r=pg","contentUrl":"https:\/\/secure.gravatar.com\/avatar\/42263f39aa27ac04c43cab85c280eb2e?s=96&d=mm&r=pg","caption":"Kul"},"logo":{"@id":"https:\/\/sandzakpress.net\/arhiva\/#\/schema\/person\/image\/"}},{"@type":"Person","@id":"https:\/\/sandzakpress.net\/arhiva\/#\/schema\/person\/cb59d7e3ab91ab90dd680ad0305a6185","name":"Agencija","image":{"@type":"ImageObject","inLanguage":"bs-BA","@id":"https:\/\/sandzakpress.net\/arhiva\/#\/schema\/person\/image\/","url":"https:\/\/secure.gravatar.com\/avatar\/4b7fafa80a22f0c2afe23966b3961fe0?s=96&d=mm&r=pg","contentUrl":"https:\/\/secure.gravatar.com\/avatar\/4b7fafa80a22f0c2afe23966b3961fe0?s=96&d=mm&r=pg","caption":"Agencija"},"url":"https:\/\/sandzakpress.net\/arhiva\/author\/agencija\/"}]}},"_links":{"self":[{"href":"https:\/\/sandzakpress.net\/arhiva\/wp-json\/wp\/v2\/posts\/197495"}],"collection":[{"href":"https:\/\/sandzakpress.net\/arhiva\/wp-json\/wp\/v2\/posts"}],"about":[{"href":"https:\/\/sandzakpress.net\/arhiva\/wp-json\/wp\/v2\/types\/post"}],"author":[{"embeddable":true,"href":"https:\/\/sandzakpress.net\/arhiva\/wp-json\/wp\/v2\/users\/509"}],"replies":[{"embeddable":true,"href":"https:\/\/sandzakpress.net\/arhiva\/wp-json\/wp\/v2\/comments?post=197495"}],"version-history":[{"count":0,"href":"https:\/\/sandzakpress.net\/arhiva\/wp-json\/wp\/v2\/posts\/197495\/revisions"}],"wp:featuredmedia":[{"embeddable":true,"href":"https:\/\/sandzakpress.net\/arhiva\/wp-json\/wp\/v2\/media\/197501"}],"wp:attachment":[{"href":"https:\/\/sandzakpress.net\/arhiva\/wp-json\/wp\/v2\/media?parent=197495"}],"wp:term":[{"taxonomy":"category","embeddable":true,"href":"https:\/\/sandzakpress.net\/arhiva\/wp-json\/wp\/v2\/categories?post=197495"},{"taxonomy":"post_tag","embeddable":true,"href":"https:\/\/sandzakpress.net\/arhiva\/wp-json\/wp\/v2\/tags?post=197495"}],"curies":[{"name":"wp","href":"https:\/\/api.w.org\/{rel}","templated":true}]}}