{"id":19730,"date":"2011-09-09T21:14:51","date_gmt":"2011-09-09T19:14:51","guid":{"rendered":"https:\/\/sandzakpress.net\/arhiva\/?p=19730"},"modified":"2011-09-09T21:14:51","modified_gmt":"2011-09-09T19:14:51","slug":"pokrenuli-peticiju-za-alimentacioni-fond","status":"publish","type":"post","link":"https:\/\/sandzakpress.net\/arhiva\/pokrenuli-peticiju-za-alimentacioni-fond\/","title":{"rendered":"Pokrenuli peticiju za Alimentacioni fond"},"content":{"rendered":"<p><strong><a href=\"https:\/\/sandzakpress.net\/arhiva\/wp-content\/uploads\/2011\/09\/images9.jpg\"><img loading=\"lazy\" decoding=\"async\" class=\"alignleft size-full wp-image-19731\" src=\"https:\/\/sandzakpress.net\/arhiva\/wp-content\/uploads\/2011\/09\/images9.jpg\" alt=\"\" width=\"217\" height=\"233\" \/><\/a>Sjeverni Sand\u017eak &#8211; Udru\u017eenje samohranih roditelja i jednoroditeljskih porodica \u201eZajedno\u201c iz Novog Pazara pokrenulo je akciju potpisivanja peticije za formiranje Alimentacionog fonda, iz koga bi se isplacivale alimentacije roditeljima, koji zbog du\u017eine sudskih procesa ovo pravo ostvaruju te\u0161ko i sporo.<\/strong><\/p>\n<p>Predsjednica udruzenja Alma Junis ka\u017ee za radio Sto plus da bi ovaj fond trebala da formira i finasira dr\u017eava u prvoj godini postojanja, a da bi se on u kasnijem periodu popunjavao sudski presudjenim alimentacijama .<\/p>\n<p>\u201eDakle, dr\u017eava bi u po\u010detku preko fonda ispla\u0107ivala alimentaciju majkama ili o\u010devima, a kasnije ga refundirala od drugog roditelja, za \u0161ta ima mehanizme. To je samoodr\u017eivi fond, za koji je potrebna samo dobra volja donosioca zakona\u201d, rekla je Junisova na\u0161em radiju.<\/p>\n<p>Zasedanja Skupstine Srbije na kome se o\u010dekuje verifikacija novih zakonskih akata koji se ti\u010du porodi\u010dno\u2013 obligacionih odnosa o\u010dekuje do kraja godine.<\/p>\n<p>Izvor: <strong>RadioStoPlus.com<\/strong><\/p>\n","protected":false},"excerpt":{"rendered":"<p>Sjeverni Sand\u017eak &#8211; Udru\u017eenje samohranih roditelja i jednoroditeljskih porodica \u201eZajedno\u201c iz Novog Pazara pokrenulo je akciju potpisivanja peticije za formiranje Alimentacionog fonda, iz koga bi se isplacivale alimentacije roditeljima, koji zbog du\u017eine sudskih procesa ovo pravo ostvaruju te\u0161ko i sporo. Predsjednica udruzenja Alma Junis ka\u017ee za radio Sto plus da bi ovaj fond trebala da [&hellip;]<\/p>\n","protected":false},"author":13,"featured_media":19731,"comment_status":"open","ping_status":"open","sticky":false,"template":"","format":"standard","meta":{"footnotes":""},"categories":[72,52,327,392,393,394,5],"tags":[],"class_list":{"0":"post-19730","1":"post","2":"type-post","3":"status-publish","4":"format-standard","5":"has-post-thumbnail","7":"category-novi-pazar","8":"category-sjenica","9":"category-tutin","10":"category-prijepolje_","11":"category-priboj","12":"category-nova-varos","13":"category-drustvo"},"yoast_head":"<!-- This site is optimized with the Yoast SEO Premium plugin v23.1 (Yoast SEO v24.9) - https:\/\/yoast.com\/wordpress\/plugins\/seo\/ -->\n<title>Pokrenuli peticiju za Alimentacioni fond<\/title>\n<meta name=\"robots\" content=\"index, follow, max-snippet:-1, max-image-preview:large, max-video-preview:-1\" \/>\n<link rel=\"canonical\" href=\"https:\/\/sandzakpress.net\/arhiva\/pokrenuli-peticiju-za-alimentacioni-fond\/\" \/>\n<meta property=\"og:locale\" content=\"bs_BA\" \/>\n<meta property=\"og:type\" content=\"article\" \/>\n<meta property=\"og:title\" content=\"Pokrenuli peticiju za Alimentacioni fond\" \/>\n<meta property=\"og:description\" content=\"Sjeverni Sand\u017eak &#8211; Udru\u017eenje samohranih roditelja i jednoroditeljskih porodica \u201eZajedno\u201c iz Novog Pazara pokrenulo je akciju potpisivanja peticije za formiranje Alimentacionog fonda, iz koga bi se isplacivale alimentacije roditeljima, koji zbog du\u017eine sudskih procesa ovo pravo ostvaruju te\u0161ko i sporo. Predsjednica udruzenja Alma Junis ka\u017ee za radio Sto plus da bi ovaj fond trebala da [&hellip;]\" \/>\n<meta property=\"og:url\" content=\"https:\/\/sandzakpress.net\/arhiva\/pokrenuli-peticiju-za-alimentacioni-fond\/\" \/>\n<meta property=\"og:site_name\" content=\"Sand\u017eak PRESS\" \/>\n<meta property=\"article:published_time\" content=\"2011-09-09T19:14:51+00:00\" \/>\n<meta property=\"og:image\" content=\"https:\/\/sandzakpress.net\/arhiva\/wp-content\/uploads\/2011\/09\/images9.jpg\" \/>\n\t<meta property=\"og:image:width\" content=\"217\" \/>\n\t<meta property=\"og:image:height\" content=\"233\" \/>\n\t<meta property=\"og:image:type\" content=\"image\/jpeg\" \/>\n<meta name=\"twitter:card\" content=\"summary_large_image\" \/>\n<meta name=\"twitter:label1\" content=\"Written by\" \/>\n\t<meta name=\"twitter:data1\" content=\"\" \/>\n\t<meta name=\"twitter:label2\" content=\"Est. reading time\" \/>\n\t<meta name=\"twitter:data2\" content=\"1 minuta\" \/>\n<script type=\"application\/ld+json\" class=\"yoast-schema-graph\">{\"@context\":\"https:\/\/schema.org\",\"@graph\":[{\"@type\":\"Article\",\"@id\":\"https:\/\/sandzakpress.net\/arhiva\/pokrenuli-peticiju-za-alimentacioni-fond\/#article\",\"isPartOf\":{\"@id\":\"https:\/\/sandzakpress.net\/arhiva\/pokrenuli-peticiju-za-alimentacioni-fond\/\"},\"author\":{\"name\":\"\",\"@id\":\"\"},\"headline\":\"Pokrenuli peticiju za Alimentacioni fond\",\"datePublished\":\"2011-09-09T19:14:51+00:00\",\"mainEntityOfPage\":{\"@id\":\"https:\/\/sandzakpress.net\/arhiva\/pokrenuli-peticiju-za-alimentacioni-fond\/\"},\"wordCount\":161,\"commentCount\":0,\"publisher\":{\"@id\":\"https:\/\/sandzakpress.net\/arhiva\/#\/schema\/person\/6e72b67d6e51910a1117b3b483ba20bd\"},\"image\":{\"@id\":\"https:\/\/sandzakpress.net\/arhiva\/pokrenuli-peticiju-za-alimentacioni-fond\/#primaryimage\"},\"thumbnailUrl\":\"https:\/\/sandzakpress.net\/arhiva\/wp-content\/uploads\/2011\/09\/images9.jpg\",\"articleSection\":[\"Novi Pazar\",\"Sjenica\",\"Tutin\",\"Prijepolje\",\"Priboj\",\"Nova Varo\u0161\",\"Dru\u0161tvo\"],\"inLanguage\":\"bs-BA\",\"potentialAction\":[{\"@type\":\"CommentAction\",\"name\":\"Comment\",\"target\":[\"https:\/\/sandzakpress.net\/arhiva\/pokrenuli-peticiju-za-alimentacioni-fond\/#respond\"]}]},{\"@type\":\"WebPage\",\"@id\":\"https:\/\/sandzakpress.net\/arhiva\/pokrenuli-peticiju-za-alimentacioni-fond\/\",\"url\":\"https:\/\/sandzakpress.net\/arhiva\/pokrenuli-peticiju-za-alimentacioni-fond\/\",\"name\":\"Pokrenuli peticiju za Alimentacioni fond\",\"isPartOf\":{\"@id\":\"https:\/\/sandzakpress.net\/arhiva\/#website\"},\"primaryImageOfPage\":{\"@id\":\"https:\/\/sandzakpress.net\/arhiva\/pokrenuli-peticiju-za-alimentacioni-fond\/#primaryimage\"},\"image\":{\"@id\":\"https:\/\/sandzakpress.net\/arhiva\/pokrenuli-peticiju-za-alimentacioni-fond\/#primaryimage\"},\"thumbnailUrl\":\"https:\/\/sandzakpress.net\/arhiva\/wp-content\/uploads\/2011\/09\/images9.jpg\",\"datePublished\":\"2011-09-09T19:14:51+00:00\",\"breadcrumb\":{\"@id\":\"https:\/\/sandzakpress.net\/arhiva\/pokrenuli-peticiju-za-alimentacioni-fond\/#breadcrumb\"},\"inLanguage\":\"bs-BA\",\"potentialAction\":[{\"@type\":\"ReadAction\",\"target\":[\"https:\/\/sandzakpress.net\/arhiva\/pokrenuli-peticiju-za-alimentacioni-fond\/\"]}]},{\"@type\":\"ImageObject\",\"inLanguage\":\"bs-BA\",\"@id\":\"https:\/\/sandzakpress.net\/arhiva\/pokrenuli-peticiju-za-alimentacioni-fond\/#primaryimage\",\"url\":\"https:\/\/sandzakpress.net\/arhiva\/wp-content\/uploads\/2011\/09\/images9.jpg\",\"contentUrl\":\"https:\/\/sandzakpress.net\/arhiva\/wp-content\/uploads\/2011\/09\/images9.jpg\",\"width\":217,\"height\":233},{\"@type\":\"BreadcrumbList\",\"@id\":\"https:\/\/sandzakpress.net\/arhiva\/pokrenuli-peticiju-za-alimentacioni-fond\/#breadcrumb\",\"itemListElement\":[{\"@type\":\"ListItem\",\"position\":1,\"name\":\"Home\",\"item\":\"https:\/\/sandzakpress.net\/arhiva\/\"},{\"@type\":\"ListItem\",\"position\":2,\"name\":\"Pokrenuli peticiju za Alimentacioni fond\"}]},{\"@type\":\"WebSite\",\"@id\":\"https:\/\/sandzakpress.net\/arhiva\/#website\",\"url\":\"https:\/\/sandzakpress.net\/arhiva\/\",\"name\":\"Sand\u017eak PRESS\",\"description\":\"Prve elektronske novine u Sand\u017eaku\",\"publisher\":{\"@id\":\"https:\/\/sandzakpress.net\/arhiva\/#\/schema\/person\/6e72b67d6e51910a1117b3b483ba20bd\"},\"potentialAction\":[{\"@type\":\"SearchAction\",\"target\":{\"@type\":\"EntryPoint\",\"urlTemplate\":\"https:\/\/sandzakpress.net\/arhiva\/?s={search_term_string}\"},\"query-input\":{\"@type\":\"PropertyValueSpecification\",\"valueRequired\":true,\"valueName\":\"search_term_string\"}}],\"inLanguage\":\"bs-BA\"},{\"@type\":[\"Person\",\"Organization\"],\"@id\":\"https:\/\/sandzakpress.net\/arhiva\/#\/schema\/person\/6e72b67d6e51910a1117b3b483ba20bd\",\"name\":\"Kul\",\"image\":{\"@type\":\"ImageObject\",\"inLanguage\":\"bs-BA\",\"@id\":\"https:\/\/sandzakpress.net\/arhiva\/#\/schema\/person\/image\/\",\"url\":\"https:\/\/secure.gravatar.com\/avatar\/42263f39aa27ac04c43cab85c280eb2e?s=96&d=mm&r=pg\",\"contentUrl\":\"https:\/\/secure.gravatar.com\/avatar\/42263f39aa27ac04c43cab85c280eb2e?s=96&d=mm&r=pg\",\"caption\":\"Kul\"},\"logo\":{\"@id\":\"https:\/\/sandzakpress.net\/arhiva\/#\/schema\/person\/image\/\"}},{\"@type\":\"Person\",\"@id\":\"\",\"url\":\"https:\/\/sandzakpress.net\/arhiva\/author\/\"}]}<\/script>\n<!-- \/ Yoast SEO Premium plugin. -->","yoast_head_json":{"title":"Pokrenuli peticiju za Alimentacioni fond","robots":{"index":"index","follow":"follow","max-snippet":"max-snippet:-1","max-image-preview":"max-image-preview:large","max-video-preview":"max-video-preview:-1"},"canonical":"https:\/\/sandzakpress.net\/arhiva\/pokrenuli-peticiju-za-alimentacioni-fond\/","og_locale":"bs_BA","og_type":"article","og_title":"Pokrenuli peticiju za Alimentacioni fond","og_description":"Sjeverni Sand\u017eak &#8211; Udru\u017eenje samohranih roditelja i jednoroditeljskih porodica \u201eZajedno\u201c iz Novog Pazara pokrenulo je akciju potpisivanja peticije za formiranje Alimentacionog fonda, iz koga bi se isplacivale alimentacije roditeljima, koji zbog du\u017eine sudskih procesa ovo pravo ostvaruju te\u0161ko i sporo. Predsjednica udruzenja Alma Junis ka\u017ee za radio Sto plus da bi ovaj fond trebala da [&hellip;]","og_url":"https:\/\/sandzakpress.net\/arhiva\/pokrenuli-peticiju-za-alimentacioni-fond\/","og_site_name":"Sand\u017eak PRESS","article_published_time":"2011-09-09T19:14:51+00:00","og_image":[{"width":217,"height":233,"url":"https:\/\/sandzakpress.net\/arhiva\/wp-content\/uploads\/2011\/09\/images9.jpg","type":"image\/jpeg"}],"twitter_card":"summary_large_image","twitter_misc":{"Written by":"","Est. reading time":"1 minuta"},"schema":{"@context":"https:\/\/schema.org","@graph":[{"@type":"Article","@id":"https:\/\/sandzakpress.net\/arhiva\/pokrenuli-peticiju-za-alimentacioni-fond\/#article","isPartOf":{"@id":"https:\/\/sandzakpress.net\/arhiva\/pokrenuli-peticiju-za-alimentacioni-fond\/"},"author":{"name":"","@id":""},"headline":"Pokrenuli peticiju za Alimentacioni fond","datePublished":"2011-09-09T19:14:51+00:00","mainEntityOfPage":{"@id":"https:\/\/sandzakpress.net\/arhiva\/pokrenuli-peticiju-za-alimentacioni-fond\/"},"wordCount":161,"commentCount":0,"publisher":{"@id":"https:\/\/sandzakpress.net\/arhiva\/#\/schema\/person\/6e72b67d6e51910a1117b3b483ba20bd"},"image":{"@id":"https:\/\/sandzakpress.net\/arhiva\/pokrenuli-peticiju-za-alimentacioni-fond\/#primaryimage"},"thumbnailUrl":"https:\/\/sandzakpress.net\/arhiva\/wp-content\/uploads\/2011\/09\/images9.jpg","articleSection":["Novi Pazar","Sjenica","Tutin","Prijepolje","Priboj","Nova Varo\u0161","Dru\u0161tvo"],"inLanguage":"bs-BA","potentialAction":[{"@type":"CommentAction","name":"Comment","target":["https:\/\/sandzakpress.net\/arhiva\/pokrenuli-peticiju-za-alimentacioni-fond\/#respond"]}]},{"@type":"WebPage","@id":"https:\/\/sandzakpress.net\/arhiva\/pokrenuli-peticiju-za-alimentacioni-fond\/","url":"https:\/\/sandzakpress.net\/arhiva\/pokrenuli-peticiju-za-alimentacioni-fond\/","name":"Pokrenuli peticiju za Alimentacioni fond","isPartOf":{"@id":"https:\/\/sandzakpress.net\/arhiva\/#website"},"primaryImageOfPage":{"@id":"https:\/\/sandzakpress.net\/arhiva\/pokrenuli-peticiju-za-alimentacioni-fond\/#primaryimage"},"image":{"@id":"https:\/\/sandzakpress.net\/arhiva\/pokrenuli-peticiju-za-alimentacioni-fond\/#primaryimage"},"thumbnailUrl":"https:\/\/sandzakpress.net\/arhiva\/wp-content\/uploads\/2011\/09\/images9.jpg","datePublished":"2011-09-09T19:14:51+00:00","breadcrumb":{"@id":"https:\/\/sandzakpress.net\/arhiva\/pokrenuli-peticiju-za-alimentacioni-fond\/#breadcrumb"},"inLanguage":"bs-BA","potentialAction":[{"@type":"ReadAction","target":["https:\/\/sandzakpress.net\/arhiva\/pokrenuli-peticiju-za-alimentacioni-fond\/"]}]},{"@type":"ImageObject","inLanguage":"bs-BA","@id":"https:\/\/sandzakpress.net\/arhiva\/pokrenuli-peticiju-za-alimentacioni-fond\/#primaryimage","url":"https:\/\/sandzakpress.net\/arhiva\/wp-content\/uploads\/2011\/09\/images9.jpg","contentUrl":"https:\/\/sandzakpress.net\/arhiva\/wp-content\/uploads\/2011\/09\/images9.jpg","width":217,"height":233},{"@type":"BreadcrumbList","@id":"https:\/\/sandzakpress.net\/arhiva\/pokrenuli-peticiju-za-alimentacioni-fond\/#breadcrumb","itemListElement":[{"@type":"ListItem","position":1,"name":"Home","item":"https:\/\/sandzakpress.net\/arhiva\/"},{"@type":"ListItem","position":2,"name":"Pokrenuli peticiju za Alimentacioni fond"}]},{"@type":"WebSite","@id":"https:\/\/sandzakpress.net\/arhiva\/#website","url":"https:\/\/sandzakpress.net\/arhiva\/","name":"Sand\u017eak PRESS","description":"Prve elektronske novine u Sand\u017eaku","publisher":{"@id":"https:\/\/sandzakpress.net\/arhiva\/#\/schema\/person\/6e72b67d6e51910a1117b3b483ba20bd"},"potentialAction":[{"@type":"SearchAction","target":{"@type":"EntryPoint","urlTemplate":"https:\/\/sandzakpress.net\/arhiva\/?s={search_term_string}"},"query-input":{"@type":"PropertyValueSpecification","valueRequired":true,"valueName":"search_term_string"}}],"inLanguage":"bs-BA"},{"@type":["Person","Organization"],"@id":"https:\/\/sandzakpress.net\/arhiva\/#\/schema\/person\/6e72b67d6e51910a1117b3b483ba20bd","name":"Kul","image":{"@type":"ImageObject","inLanguage":"bs-BA","@id":"https:\/\/sandzakpress.net\/arhiva\/#\/schema\/person\/image\/","url":"https:\/\/secure.gravatar.com\/avatar\/42263f39aa27ac04c43cab85c280eb2e?s=96&d=mm&r=pg","contentUrl":"https:\/\/secure.gravatar.com\/avatar\/42263f39aa27ac04c43cab85c280eb2e?s=96&d=mm&r=pg","caption":"Kul"},"logo":{"@id":"https:\/\/sandzakpress.net\/arhiva\/#\/schema\/person\/image\/"}},{"@type":"Person","@id":"","url":"https:\/\/sandzakpress.net\/arhiva\/author\/"}]}},"_links":{"self":[{"href":"https:\/\/sandzakpress.net\/arhiva\/wp-json\/wp\/v2\/posts\/19730"}],"collection":[{"href":"https:\/\/sandzakpress.net\/arhiva\/wp-json\/wp\/v2\/posts"}],"about":[{"href":"https:\/\/sandzakpress.net\/arhiva\/wp-json\/wp\/v2\/types\/post"}],"author":[{"embeddable":true,"href":"https:\/\/sandzakpress.net\/arhiva\/wp-json\/wp\/v2\/users\/13"}],"replies":[{"embeddable":true,"href":"https:\/\/sandzakpress.net\/arhiva\/wp-json\/wp\/v2\/comments?post=19730"}],"version-history":[{"count":0,"href":"https:\/\/sandzakpress.net\/arhiva\/wp-json\/wp\/v2\/posts\/19730\/revisions"}],"wp:featuredmedia":[{"embeddable":true,"href":"https:\/\/sandzakpress.net\/arhiva\/wp-json\/wp\/v2\/media\/19731"}],"wp:attachment":[{"href":"https:\/\/sandzakpress.net\/arhiva\/wp-json\/wp\/v2\/media?parent=19730"}],"wp:term":[{"taxonomy":"category","embeddable":true,"href":"https:\/\/sandzakpress.net\/arhiva\/wp-json\/wp\/v2\/categories?post=19730"},{"taxonomy":"post_tag","embeddable":true,"href":"https:\/\/sandzakpress.net\/arhiva\/wp-json\/wp\/v2\/tags?post=19730"}],"curies":[{"name":"wp","href":"https:\/\/api.w.org\/{rel}","templated":true}]}}