{"id":197289,"date":"2017-10-24T14:48:16","date_gmt":"2017-10-24T12:48:16","guid":{"rendered":"https:\/\/sandzakpress.net\/arhiva\/?p=197289"},"modified":"2017-10-24T17:35:28","modified_gmt":"2017-10-24T15:35:28","slug":"zasto-se-niko-ne-oglasava-ljajiceva-divlja-gradnja-u-centru-novog-pazara","status":"publish","type":"post","link":"https:\/\/sandzakpress.net\/arhiva\/zasto-se-niko-ne-oglasava-ljajiceva-divlja-gradnja-u-centru-novog-pazara\/","title":{"rendered":"ZA\u0160TO SE NIKO NE OGLA\u0160AVA \u2013 Ljaji\u0107eva divlja gradnja u centru Novog Pazara!"},"content":{"rendered":"<p><img loading=\"lazy\" decoding=\"async\" class=\"alignnone size-full wp-image-197307\" src=\"https:\/\/sandzakpress.net\/arhiva\/wp-content\/uploads\/2017\/10\/viber-image-11.jpg\" alt=\"\" width=\"849\" height=\"503\" srcset=\"https:\/\/sandzakpress.net\/arhiva\/wp-content\/uploads\/2017\/10\/viber-image-11.jpg 849w, https:\/\/sandzakpress.net\/arhiva\/wp-content\/uploads\/2017\/10\/viber-image-11-768x455.jpg 768w, https:\/\/sandzakpress.net\/arhiva\/wp-content\/uploads\/2017\/10\/viber-image-11-616x365.jpg 616w\" sizes=\"(max-width: 849px) 100vw, 849px\" \/><\/p>\n<p><strong>U strogom centru Novog Pazara u ulici 28. novembra nao\u010digled inspekcijskih organa i predstavnika lokalne samouprave Mirsada Ljaji\u0107, brat Rasima Ljaji\u0107a, na divlje gradi objekat.\u00a0<\/strong><\/p>\n<p>Ovaj objekat koji je u vlasni\u0161tvu Ljaji\u0107a trenutno se nadogra\u0111uje kako bi se dobio ve\u0107i prostor za kockarnicu koja se ve\u0107 nalazi u objektu.\u00a0\u00a0<\/p>\n<p>Iako se divlje podignut objekat nalazi uz Amir-agin han koji je pod za\u0161titom\u00a0Republi\u010dkog zavoda za za\u0161titu spomenika kulture inspekcijske slu\u017ebe predvo\u0111ene na\u010delnikom Buli\u0107em okre\u0107u glavu. Divljom gradnjom trajno je naru\u0161en izgled tog dijela stare \u010dar\u0161ije i dodatno ugro\u017een turisti\u010dki potencijal Novog Pazara.<\/p>\n<p>Podsje\u0107amo na gostovanje Rasima Ljaji\u0107a u emisiji N1 televizije gdje tvrdi da njegov brat samo gradi stepenice sa prizemlja na prvi sprat unutar objekta BEZ NADOGRADNJE.<\/p>\n<p>Pogledajte izjavu ali i radove na objektu na koji je nadogra\u0111ena cijela prostorija.<\/p>\n<p><iframe loading=\"lazy\" title=\"Ljaji\u0107 poku\u0161ava da opravda divlju gradnju svog brata\" width=\"696\" height=\"522\" src=\"https:\/\/www.youtube.com\/embed\/wJm3Pk2eU0I?feature=oembed\" frameborder=\"0\" allow=\"accelerometer; autoplay; encrypted-media; gyroscope; picture-in-picture\" allowfullscreen><\/iframe><\/p>\n<blockquote class=\"wp-embedded-content\" data-secret=\"rssUfJK3w2\"><p><a href=\"https:\/\/sandzakpress.net\/arhiva\/gradska-uprava-u-novom-pazaru-je-odbila-dati-gradevinsku-dozvolu-za-preko-40-dzamija-u-novom-pazaru\/\">Novopazarska vlast je odbila dati gra\u0111evinsku dozvolu za preko 45 d\u017eamija u Novom Pazaru!<\/a><\/p><\/blockquote>\n<p><iframe loading=\"lazy\" class=\"wp-embedded-content\" sandbox=\"allow-scripts\" security=\"restricted\" style=\"position: absolute; visibility: hidden;\" title=\"&#8220;Novopazarska vlast je odbila dati gra\u0111evinsku dozvolu za preko 45 d\u017eamija u Novom Pazaru!&#8221; &#8212; Sand\u017eak PRESS\" src=\"https:\/\/sandzakpress.net\/arhiva\/gradska-uprava-u-novom-pazaru-je-odbila-dati-gradevinsku-dozvolu-za-preko-40-dzamija-u-novom-pazaru\/embed\/#?secret=TdxpiPam03#?secret=rssUfJK3w2\" data-secret=\"rssUfJK3w2\" width=\"600\" height=\"338\" frameborder=\"0\" marginwidth=\"0\" marginheight=\"0\" scrolling=\"no\"><\/iframe><\/p>\n","protected":false},"excerpt":{"rendered":"<p>U strogom centru Novog Pazara u ulici 28. novembra nao\u010digled inspekcijskih organa i predstavnika lokalne samouprave Mirsada Ljaji\u0107, brat Rasima Ljaji\u0107a, na divlje gradi objekat.\u00a0 Ovaj objekat koji je u vlasni\u0161tvu Ljaji\u0107a trenutno se nadogra\u0111uje kako bi se dobio ve\u0107i prostor za kockarnicu koja se ve\u0107 nalazi u objektu.\u00a0\u00a0 Iako se divlje podignut objekat nalazi [&hellip;]<\/p>\n","protected":false},"author":509,"featured_media":197307,"comment_status":"open","ping_status":"open","sticky":false,"template":"","format":"standard","meta":{"footnotes":""},"categories":[72,1,8957,16],"tags":[],"class_list":{"0":"post-197289","1":"post","2":"type-post","3":"status-publish","4":"format-standard","5":"has-post-thumbnail","7":"category-novi-pazar","8":"category-politika","9":"category-vijesti-dana","10":"category-novine"},"yoast_head":"<!-- This site is optimized with the Yoast SEO Premium plugin v23.1 (Yoast SEO v24.9) - https:\/\/yoast.com\/wordpress\/plugins\/seo\/ -->\n<title>ZA\u0160TO SE NIKO NE OGLA\u0160AVA \u2013 Ljaji\u0107eva divlja gradnja u centru Novog Pazara!<\/title>\n<meta name=\"robots\" content=\"index, follow, max-snippet:-1, max-image-preview:large, max-video-preview:-1\" \/>\n<link rel=\"canonical\" href=\"https:\/\/sandzakpress.net\/arhiva\/zasto-se-niko-ne-oglasava-ljajiceva-divlja-gradnja-u-centru-novog-pazara\/\" \/>\n<meta property=\"og:locale\" content=\"bs_BA\" \/>\n<meta property=\"og:type\" content=\"article\" \/>\n<meta property=\"og:title\" content=\"ZA\u0160TO SE NIKO NE OGLA\u0160AVA \u2013 Ljaji\u0107eva divlja gradnja u centru Novog Pazara!\" \/>\n<meta property=\"og:description\" content=\"U strogom centru Novog Pazara u ulici 28. novembra nao\u010digled inspekcijskih organa i predstavnika lokalne samouprave Mirsada Ljaji\u0107, brat Rasima Ljaji\u0107a, na divlje gradi objekat.\u00a0 Ovaj objekat koji je u vlasni\u0161tvu Ljaji\u0107a trenutno se nadogra\u0111uje kako bi se dobio ve\u0107i prostor za kockarnicu koja se ve\u0107 nalazi u objektu.\u00a0\u00a0 Iako se divlje podignut objekat nalazi [&hellip;]\" \/>\n<meta property=\"og:url\" content=\"https:\/\/sandzakpress.net\/arhiva\/zasto-se-niko-ne-oglasava-ljajiceva-divlja-gradnja-u-centru-novog-pazara\/\" \/>\n<meta property=\"og:site_name\" content=\"Sand\u017eak PRESS\" \/>\n<meta property=\"article:published_time\" content=\"2017-10-24T12:48:16+00:00\" \/>\n<meta property=\"article:modified_time\" content=\"2017-10-24T15:35:28+00:00\" \/>\n<meta property=\"og:image\" content=\"https:\/\/sandzakpress.net\/arhiva\/wp-content\/uploads\/2017\/10\/viber-image-11.jpg\" \/>\n\t<meta property=\"og:image:width\" content=\"849\" \/>\n\t<meta property=\"og:image:height\" content=\"503\" \/>\n\t<meta property=\"og:image:type\" content=\"image\/jpeg\" \/>\n<meta name=\"author\" content=\"Agencija\" \/>\n<meta name=\"twitter:card\" content=\"summary_large_image\" \/>\n<meta name=\"twitter:label1\" content=\"Written by\" \/>\n\t<meta name=\"twitter:data1\" content=\"Agencija\" \/>\n\t<meta name=\"twitter:label2\" content=\"Est. reading time\" \/>\n\t<meta name=\"twitter:data2\" content=\"1 minuta\" \/>\n<script type=\"application\/ld+json\" class=\"yoast-schema-graph\">{\"@context\":\"https:\/\/schema.org\",\"@graph\":[{\"@type\":\"Article\",\"@id\":\"https:\/\/sandzakpress.net\/arhiva\/zasto-se-niko-ne-oglasava-ljajiceva-divlja-gradnja-u-centru-novog-pazara\/#article\",\"isPartOf\":{\"@id\":\"https:\/\/sandzakpress.net\/arhiva\/zasto-se-niko-ne-oglasava-ljajiceva-divlja-gradnja-u-centru-novog-pazara\/\"},\"author\":{\"name\":\"Agencija\",\"@id\":\"https:\/\/sandzakpress.net\/arhiva\/#\/schema\/person\/cb59d7e3ab91ab90dd680ad0305a6185\"},\"headline\":\"ZA\u0160TO SE NIKO NE OGLA\u0160AVA \u2013 Ljaji\u0107eva divlja gradnja u centru Novog Pazara!\",\"datePublished\":\"2017-10-24T12:48:16+00:00\",\"dateModified\":\"2017-10-24T15:35:28+00:00\",\"mainEntityOfPage\":{\"@id\":\"https:\/\/sandzakpress.net\/arhiva\/zasto-se-niko-ne-oglasava-ljajiceva-divlja-gradnja-u-centru-novog-pazara\/\"},\"wordCount\":179,\"commentCount\":7,\"publisher\":{\"@id\":\"https:\/\/sandzakpress.net\/arhiva\/#\/schema\/person\/6e72b67d6e51910a1117b3b483ba20bd\"},\"image\":{\"@id\":\"https:\/\/sandzakpress.net\/arhiva\/zasto-se-niko-ne-oglasava-ljajiceva-divlja-gradnja-u-centru-novog-pazara\/#primaryimage\"},\"thumbnailUrl\":\"https:\/\/sandzakpress.net\/arhiva\/wp-content\/uploads\/2017\/10\/viber-image-11.jpg\",\"articleSection\":[\"Novi Pazar\",\"Politika\",\"VIJESTI DANA\",\"Novine\"],\"inLanguage\":\"bs-BA\",\"potentialAction\":[{\"@type\":\"CommentAction\",\"name\":\"Comment\",\"target\":[\"https:\/\/sandzakpress.net\/arhiva\/zasto-se-niko-ne-oglasava-ljajiceva-divlja-gradnja-u-centru-novog-pazara\/#respond\"]}]},{\"@type\":\"WebPage\",\"@id\":\"https:\/\/sandzakpress.net\/arhiva\/zasto-se-niko-ne-oglasava-ljajiceva-divlja-gradnja-u-centru-novog-pazara\/\",\"url\":\"https:\/\/sandzakpress.net\/arhiva\/zasto-se-niko-ne-oglasava-ljajiceva-divlja-gradnja-u-centru-novog-pazara\/\",\"name\":\"ZA\u0160TO SE NIKO NE OGLA\u0160AVA \u2013 Ljaji\u0107eva divlja gradnja u centru Novog Pazara!\",\"isPartOf\":{\"@id\":\"https:\/\/sandzakpress.net\/arhiva\/#website\"},\"primaryImageOfPage\":{\"@id\":\"https:\/\/sandzakpress.net\/arhiva\/zasto-se-niko-ne-oglasava-ljajiceva-divlja-gradnja-u-centru-novog-pazara\/#primaryimage\"},\"image\":{\"@id\":\"https:\/\/sandzakpress.net\/arhiva\/zasto-se-niko-ne-oglasava-ljajiceva-divlja-gradnja-u-centru-novog-pazara\/#primaryimage\"},\"thumbnailUrl\":\"https:\/\/sandzakpress.net\/arhiva\/wp-content\/uploads\/2017\/10\/viber-image-11.jpg\",\"datePublished\":\"2017-10-24T12:48:16+00:00\",\"dateModified\":\"2017-10-24T15:35:28+00:00\",\"breadcrumb\":{\"@id\":\"https:\/\/sandzakpress.net\/arhiva\/zasto-se-niko-ne-oglasava-ljajiceva-divlja-gradnja-u-centru-novog-pazara\/#breadcrumb\"},\"inLanguage\":\"bs-BA\",\"potentialAction\":[{\"@type\":\"ReadAction\",\"target\":[\"https:\/\/sandzakpress.net\/arhiva\/zasto-se-niko-ne-oglasava-ljajiceva-divlja-gradnja-u-centru-novog-pazara\/\"]}]},{\"@type\":\"ImageObject\",\"inLanguage\":\"bs-BA\",\"@id\":\"https:\/\/sandzakpress.net\/arhiva\/zasto-se-niko-ne-oglasava-ljajiceva-divlja-gradnja-u-centru-novog-pazara\/#primaryimage\",\"url\":\"https:\/\/sandzakpress.net\/arhiva\/wp-content\/uploads\/2017\/10\/viber-image-11.jpg\",\"contentUrl\":\"https:\/\/sandzakpress.net\/arhiva\/wp-content\/uploads\/2017\/10\/viber-image-11.jpg\",\"width\":849,\"height\":503},{\"@type\":\"BreadcrumbList\",\"@id\":\"https:\/\/sandzakpress.net\/arhiva\/zasto-se-niko-ne-oglasava-ljajiceva-divlja-gradnja-u-centru-novog-pazara\/#breadcrumb\",\"itemListElement\":[{\"@type\":\"ListItem\",\"position\":1,\"name\":\"Home\",\"item\":\"https:\/\/sandzakpress.net\/arhiva\/\"},{\"@type\":\"ListItem\",\"position\":2,\"name\":\"ZA\u0160TO SE NIKO NE OGLA\u0160AVA \u2013 Ljaji\u0107eva divlja gradnja u centru Novog Pazara!\"}]},{\"@type\":\"WebSite\",\"@id\":\"https:\/\/sandzakpress.net\/arhiva\/#website\",\"url\":\"https:\/\/sandzakpress.net\/arhiva\/\",\"name\":\"Sand\u017eak PRESS\",\"description\":\"Prve elektronske novine u Sand\u017eaku\",\"publisher\":{\"@id\":\"https:\/\/sandzakpress.net\/arhiva\/#\/schema\/person\/6e72b67d6e51910a1117b3b483ba20bd\"},\"potentialAction\":[{\"@type\":\"SearchAction\",\"target\":{\"@type\":\"EntryPoint\",\"urlTemplate\":\"https:\/\/sandzakpress.net\/arhiva\/?s={search_term_string}\"},\"query-input\":{\"@type\":\"PropertyValueSpecification\",\"valueRequired\":true,\"valueName\":\"search_term_string\"}}],\"inLanguage\":\"bs-BA\"},{\"@type\":[\"Person\",\"Organization\"],\"@id\":\"https:\/\/sandzakpress.net\/arhiva\/#\/schema\/person\/6e72b67d6e51910a1117b3b483ba20bd\",\"name\":\"Kul\",\"image\":{\"@type\":\"ImageObject\",\"inLanguage\":\"bs-BA\",\"@id\":\"https:\/\/sandzakpress.net\/arhiva\/#\/schema\/person\/image\/\",\"url\":\"https:\/\/secure.gravatar.com\/avatar\/42263f39aa27ac04c43cab85c280eb2e?s=96&d=mm&r=pg\",\"contentUrl\":\"https:\/\/secure.gravatar.com\/avatar\/42263f39aa27ac04c43cab85c280eb2e?s=96&d=mm&r=pg\",\"caption\":\"Kul\"},\"logo\":{\"@id\":\"https:\/\/sandzakpress.net\/arhiva\/#\/schema\/person\/image\/\"}},{\"@type\":\"Person\",\"@id\":\"https:\/\/sandzakpress.net\/arhiva\/#\/schema\/person\/cb59d7e3ab91ab90dd680ad0305a6185\",\"name\":\"Agencija\",\"image\":{\"@type\":\"ImageObject\",\"inLanguage\":\"bs-BA\",\"@id\":\"https:\/\/sandzakpress.net\/arhiva\/#\/schema\/person\/image\/\",\"url\":\"https:\/\/secure.gravatar.com\/avatar\/4b7fafa80a22f0c2afe23966b3961fe0?s=96&d=mm&r=pg\",\"contentUrl\":\"https:\/\/secure.gravatar.com\/avatar\/4b7fafa80a22f0c2afe23966b3961fe0?s=96&d=mm&r=pg\",\"caption\":\"Agencija\"},\"url\":\"https:\/\/sandzakpress.net\/arhiva\/author\/agencija\/\"}]}<\/script>\n<!-- \/ Yoast SEO Premium plugin. -->","yoast_head_json":{"title":"ZA\u0160TO SE NIKO NE OGLA\u0160AVA \u2013 Ljaji\u0107eva divlja gradnja u centru Novog Pazara!","robots":{"index":"index","follow":"follow","max-snippet":"max-snippet:-1","max-image-preview":"max-image-preview:large","max-video-preview":"max-video-preview:-1"},"canonical":"https:\/\/sandzakpress.net\/arhiva\/zasto-se-niko-ne-oglasava-ljajiceva-divlja-gradnja-u-centru-novog-pazara\/","og_locale":"bs_BA","og_type":"article","og_title":"ZA\u0160TO SE NIKO NE OGLA\u0160AVA \u2013 Ljaji\u0107eva divlja gradnja u centru Novog Pazara!","og_description":"U strogom centru Novog Pazara u ulici 28. novembra nao\u010digled inspekcijskih organa i predstavnika lokalne samouprave Mirsada Ljaji\u0107, brat Rasima Ljaji\u0107a, na divlje gradi objekat.\u00a0 Ovaj objekat koji je u vlasni\u0161tvu Ljaji\u0107a trenutno se nadogra\u0111uje kako bi se dobio ve\u0107i prostor za kockarnicu koja se ve\u0107 nalazi u objektu.\u00a0\u00a0 Iako se divlje podignut objekat nalazi [&hellip;]","og_url":"https:\/\/sandzakpress.net\/arhiva\/zasto-se-niko-ne-oglasava-ljajiceva-divlja-gradnja-u-centru-novog-pazara\/","og_site_name":"Sand\u017eak PRESS","article_published_time":"2017-10-24T12:48:16+00:00","article_modified_time":"2017-10-24T15:35:28+00:00","og_image":[{"width":849,"height":503,"url":"https:\/\/sandzakpress.net\/arhiva\/wp-content\/uploads\/2017\/10\/viber-image-11.jpg","type":"image\/jpeg"}],"author":"Agencija","twitter_card":"summary_large_image","twitter_misc":{"Written by":"Agencija","Est. reading time":"1 minuta"},"schema":{"@context":"https:\/\/schema.org","@graph":[{"@type":"Article","@id":"https:\/\/sandzakpress.net\/arhiva\/zasto-se-niko-ne-oglasava-ljajiceva-divlja-gradnja-u-centru-novog-pazara\/#article","isPartOf":{"@id":"https:\/\/sandzakpress.net\/arhiva\/zasto-se-niko-ne-oglasava-ljajiceva-divlja-gradnja-u-centru-novog-pazara\/"},"author":{"name":"Agencija","@id":"https:\/\/sandzakpress.net\/arhiva\/#\/schema\/person\/cb59d7e3ab91ab90dd680ad0305a6185"},"headline":"ZA\u0160TO SE NIKO NE OGLA\u0160AVA \u2013 Ljaji\u0107eva divlja gradnja u centru Novog Pazara!","datePublished":"2017-10-24T12:48:16+00:00","dateModified":"2017-10-24T15:35:28+00:00","mainEntityOfPage":{"@id":"https:\/\/sandzakpress.net\/arhiva\/zasto-se-niko-ne-oglasava-ljajiceva-divlja-gradnja-u-centru-novog-pazara\/"},"wordCount":179,"commentCount":7,"publisher":{"@id":"https:\/\/sandzakpress.net\/arhiva\/#\/schema\/person\/6e72b67d6e51910a1117b3b483ba20bd"},"image":{"@id":"https:\/\/sandzakpress.net\/arhiva\/zasto-se-niko-ne-oglasava-ljajiceva-divlja-gradnja-u-centru-novog-pazara\/#primaryimage"},"thumbnailUrl":"https:\/\/sandzakpress.net\/arhiva\/wp-content\/uploads\/2017\/10\/viber-image-11.jpg","articleSection":["Novi Pazar","Politika","VIJESTI DANA","Novine"],"inLanguage":"bs-BA","potentialAction":[{"@type":"CommentAction","name":"Comment","target":["https:\/\/sandzakpress.net\/arhiva\/zasto-se-niko-ne-oglasava-ljajiceva-divlja-gradnja-u-centru-novog-pazara\/#respond"]}]},{"@type":"WebPage","@id":"https:\/\/sandzakpress.net\/arhiva\/zasto-se-niko-ne-oglasava-ljajiceva-divlja-gradnja-u-centru-novog-pazara\/","url":"https:\/\/sandzakpress.net\/arhiva\/zasto-se-niko-ne-oglasava-ljajiceva-divlja-gradnja-u-centru-novog-pazara\/","name":"ZA\u0160TO SE NIKO NE OGLA\u0160AVA \u2013 Ljaji\u0107eva divlja gradnja u centru Novog Pazara!","isPartOf":{"@id":"https:\/\/sandzakpress.net\/arhiva\/#website"},"primaryImageOfPage":{"@id":"https:\/\/sandzakpress.net\/arhiva\/zasto-se-niko-ne-oglasava-ljajiceva-divlja-gradnja-u-centru-novog-pazara\/#primaryimage"},"image":{"@id":"https:\/\/sandzakpress.net\/arhiva\/zasto-se-niko-ne-oglasava-ljajiceva-divlja-gradnja-u-centru-novog-pazara\/#primaryimage"},"thumbnailUrl":"https:\/\/sandzakpress.net\/arhiva\/wp-content\/uploads\/2017\/10\/viber-image-11.jpg","datePublished":"2017-10-24T12:48:16+00:00","dateModified":"2017-10-24T15:35:28+00:00","breadcrumb":{"@id":"https:\/\/sandzakpress.net\/arhiva\/zasto-se-niko-ne-oglasava-ljajiceva-divlja-gradnja-u-centru-novog-pazara\/#breadcrumb"},"inLanguage":"bs-BA","potentialAction":[{"@type":"ReadAction","target":["https:\/\/sandzakpress.net\/arhiva\/zasto-se-niko-ne-oglasava-ljajiceva-divlja-gradnja-u-centru-novog-pazara\/"]}]},{"@type":"ImageObject","inLanguage":"bs-BA","@id":"https:\/\/sandzakpress.net\/arhiva\/zasto-se-niko-ne-oglasava-ljajiceva-divlja-gradnja-u-centru-novog-pazara\/#primaryimage","url":"https:\/\/sandzakpress.net\/arhiva\/wp-content\/uploads\/2017\/10\/viber-image-11.jpg","contentUrl":"https:\/\/sandzakpress.net\/arhiva\/wp-content\/uploads\/2017\/10\/viber-image-11.jpg","width":849,"height":503},{"@type":"BreadcrumbList","@id":"https:\/\/sandzakpress.net\/arhiva\/zasto-se-niko-ne-oglasava-ljajiceva-divlja-gradnja-u-centru-novog-pazara\/#breadcrumb","itemListElement":[{"@type":"ListItem","position":1,"name":"Home","item":"https:\/\/sandzakpress.net\/arhiva\/"},{"@type":"ListItem","position":2,"name":"ZA\u0160TO SE NIKO NE OGLA\u0160AVA \u2013 Ljaji\u0107eva divlja gradnja u centru Novog Pazara!"}]},{"@type":"WebSite","@id":"https:\/\/sandzakpress.net\/arhiva\/#website","url":"https:\/\/sandzakpress.net\/arhiva\/","name":"Sand\u017eak PRESS","description":"Prve elektronske novine u Sand\u017eaku","publisher":{"@id":"https:\/\/sandzakpress.net\/arhiva\/#\/schema\/person\/6e72b67d6e51910a1117b3b483ba20bd"},"potentialAction":[{"@type":"SearchAction","target":{"@type":"EntryPoint","urlTemplate":"https:\/\/sandzakpress.net\/arhiva\/?s={search_term_string}"},"query-input":{"@type":"PropertyValueSpecification","valueRequired":true,"valueName":"search_term_string"}}],"inLanguage":"bs-BA"},{"@type":["Person","Organization"],"@id":"https:\/\/sandzakpress.net\/arhiva\/#\/schema\/person\/6e72b67d6e51910a1117b3b483ba20bd","name":"Kul","image":{"@type":"ImageObject","inLanguage":"bs-BA","@id":"https:\/\/sandzakpress.net\/arhiva\/#\/schema\/person\/image\/","url":"https:\/\/secure.gravatar.com\/avatar\/42263f39aa27ac04c43cab85c280eb2e?s=96&d=mm&r=pg","contentUrl":"https:\/\/secure.gravatar.com\/avatar\/42263f39aa27ac04c43cab85c280eb2e?s=96&d=mm&r=pg","caption":"Kul"},"logo":{"@id":"https:\/\/sandzakpress.net\/arhiva\/#\/schema\/person\/image\/"}},{"@type":"Person","@id":"https:\/\/sandzakpress.net\/arhiva\/#\/schema\/person\/cb59d7e3ab91ab90dd680ad0305a6185","name":"Agencija","image":{"@type":"ImageObject","inLanguage":"bs-BA","@id":"https:\/\/sandzakpress.net\/arhiva\/#\/schema\/person\/image\/","url":"https:\/\/secure.gravatar.com\/avatar\/4b7fafa80a22f0c2afe23966b3961fe0?s=96&d=mm&r=pg","contentUrl":"https:\/\/secure.gravatar.com\/avatar\/4b7fafa80a22f0c2afe23966b3961fe0?s=96&d=mm&r=pg","caption":"Agencija"},"url":"https:\/\/sandzakpress.net\/arhiva\/author\/agencija\/"}]}},"_links":{"self":[{"href":"https:\/\/sandzakpress.net\/arhiva\/wp-json\/wp\/v2\/posts\/197289"}],"collection":[{"href":"https:\/\/sandzakpress.net\/arhiva\/wp-json\/wp\/v2\/posts"}],"about":[{"href":"https:\/\/sandzakpress.net\/arhiva\/wp-json\/wp\/v2\/types\/post"}],"author":[{"embeddable":true,"href":"https:\/\/sandzakpress.net\/arhiva\/wp-json\/wp\/v2\/users\/509"}],"replies":[{"embeddable":true,"href":"https:\/\/sandzakpress.net\/arhiva\/wp-json\/wp\/v2\/comments?post=197289"}],"version-history":[{"count":0,"href":"https:\/\/sandzakpress.net\/arhiva\/wp-json\/wp\/v2\/posts\/197289\/revisions"}],"wp:featuredmedia":[{"embeddable":true,"href":"https:\/\/sandzakpress.net\/arhiva\/wp-json\/wp\/v2\/media\/197307"}],"wp:attachment":[{"href":"https:\/\/sandzakpress.net\/arhiva\/wp-json\/wp\/v2\/media?parent=197289"}],"wp:term":[{"taxonomy":"category","embeddable":true,"href":"https:\/\/sandzakpress.net\/arhiva\/wp-json\/wp\/v2\/categories?post=197289"},{"taxonomy":"post_tag","embeddable":true,"href":"https:\/\/sandzakpress.net\/arhiva\/wp-json\/wp\/v2\/tags?post=197289"}],"curies":[{"name":"wp","href":"https:\/\/api.w.org\/{rel}","templated":true}]}}