{"id":197130,"date":"2017-10-20T12:29:18","date_gmt":"2017-10-20T10:29:18","guid":{"rendered":"https:\/\/sandzakpress.net\/arhiva\/?p=197130"},"modified":"2017-10-20T12:29:18","modified_gmt":"2017-10-20T10:29:18","slug":"sandzak-automobilom-sletio-u-provaliju-jedna-osoba-teze-povrijedena","status":"publish","type":"post","link":"https:\/\/sandzakpress.net\/arhiva\/sandzak-automobilom-sletio-u-provaliju-jedna-osoba-teze-povrijedena\/","title":{"rendered":"SAND\u017dAK &#8211; Automobilom sletio u provaliju, jedna osoba te\u017ee povrije\u0111ena"},"content":{"rendered":"<p><strong><img loading=\"lazy\" decoding=\"async\" class=\"aligncenter\" src=\"http:\/\/www.sandzaklive.rs\/images\/0\/jhgj7897.jpg\" alt=\"jhgj7897\" width=\"519\" height=\"385\" \/><\/strong><\/p>\n<p><strong>Do\u00adgo\u00addi\u00adla se sa\u00ado\u00adbra\u00ad\u0107aj\u00adna ne\u00adzgo\u00adda na ma\u00adgi\u00adstral\u00adnom pu\u00adtu na iz\u00adla\u00adzu iz Ro\u00ad\u017ea\u00adja, ka\u00adda je te\u00ad\u017ee po\u00advri\u00adje\u00ad\u0111en pet\u00adna\u00ade\u00adsto\u00adgo\u00addi\u00ad\u0161nji A.K., dok je D\u017ee\u00admal Ku\u00adje\u00advi\u0107 (18) za\u00addo\u00adbio lak\u00ad\u0161e tje\u00adle\u00adsne po\u00advre\u00adde.<\/strong><\/p>\n<p>Po\u00advri\u00adje\u00ad\u0111e\u00adni A.K. je zbri\u00adnut u Hit\u00adnoj slu\u00ad\u017ebi u Ro\u00ad\u017ea\u00adja\u00adma, a po\u00adtom je pre\u00adve\u00adzen u be\u00adran\u00adsku Op\u00ad\u0161tu bol\u00adni\u00adcu, gdje je za\u00addr\u00ad\u017ean na li\u00adje\u00ad\u010de\u00adnju zbog frak\u00adtu\u00adre pot\u00adko\u00adlje\u00adni\u00adce. Pre\u00adma in\u00adfor\u00adma\u00adci\u00adja\u00adma iz Osnov\u00adnog dr\u00ad\u017eav\u00adnog tu\u00ad\u017ei\u00adla\u00ad\u0161tva, do ude\u00adsa je do\u00ad\u0161lo ka\u00adda je D\u017ee\u00admal Ku\u00adje\u00advi\u0107, ko\u00adji se na\u00adla\u00adzio za vo\u00adla\u00adnom \u201emer\u00adce\u00adde\u00adsa\u201d ro\u00ad\u017eaj\u00adskih re\u00adgi\u00adstar\u00adskih ozna\u00adka, zbog ne\u00adpri\u00adla\u00adgo\u00ad\u0111e\u00adne br\u00adzi\u00adne, iz\u00adgu\u00adbio kon\u00adtro\u00adlu i sle\u00adtio u pro\u00adva\u00adli\u00adju po\u00adkraj Ibra.<\/p>\n<p>ODT je ovla\u00adstio iz\u00advi\u00ad\u0111aj\u00adnu eki\u00adpu OB Ro\u00ad\u017ea\u00adje da iz\u00advr\u00ad\u0161i uvi\u00addjaj i ura\u00addi al\u00adko test vo\u00adza\u00ad\u010da.<\/p>\n<p>(Dan)<\/p>\n","protected":false},"excerpt":{"rendered":"<p>Do\u00adgo\u00addi\u00adla se sa\u00ado\u00adbra\u00ad\u0107aj\u00adna ne\u00adzgo\u00adda na ma\u00adgi\u00adstral\u00adnom pu\u00adtu na iz\u00adla\u00adzu iz Ro\u00ad\u017ea\u00adja, ka\u00adda je te\u00ad\u017ee po\u00advri\u00adje\u00ad\u0111en pet\u00adna\u00ade\u00adsto\u00adgo\u00addi\u00ad\u0161nji A.K., dok je D\u017ee\u00admal Ku\u00adje\u00advi\u0107 (18) za\u00addo\u00adbio lak\u00ad\u0161e tje\u00adle\u00adsne po\u00advre\u00adde. Po\u00advri\u00adje\u00ad\u0111e\u00adni A.K. je zbri\u00adnut u Hit\u00adnoj slu\u00ad\u017ebi u Ro\u00ad\u017ea\u00adja\u00adma, a po\u00adtom je pre\u00adve\u00adzen u be\u00adran\u00adsku Op\u00ad\u0161tu bol\u00adni\u00adcu, gdje je za\u00addr\u00ad\u017ean na li\u00adje\u00ad\u010de\u00adnju zbog frak\u00adtu\u00adre pot\u00adko\u00adlje\u00adni\u00adce. Pre\u00adma in\u00adfor\u00adma\u00adci\u00adja\u00adma iz Osnov\u00adnog [&hellip;]<\/p>\n","protected":false},"author":509,"featured_media":197134,"comment_status":"open","ping_status":"open","sticky":false,"template":"","format":"standard","meta":{"footnotes":""},"categories":[398,801,10429],"tags":[],"class_list":{"0":"post-197130","1":"post","2":"type-post","3":"status-publish","4":"format-standard","5":"has-post-thumbnail","7":"category-rozaje","8":"category-crna_hronika","9":"category-vazno"},"yoast_head":"<!-- This site is optimized with the Yoast SEO Premium plugin v23.1 (Yoast SEO v24.9) - https:\/\/yoast.com\/wordpress\/plugins\/seo\/ -->\n<title>SAND\u017dAK - Automobilom sletio u provaliju, jedna osoba te\u017ee povrije\u0111ena<\/title>\n<meta name=\"robots\" content=\"index, follow, max-snippet:-1, max-image-preview:large, max-video-preview:-1\" \/>\n<link rel=\"canonical\" href=\"https:\/\/sandzakpress.net\/arhiva\/sandzak-automobilom-sletio-u-provaliju-jedna-osoba-teze-povrijedena\/\" \/>\n<meta property=\"og:locale\" content=\"bs_BA\" \/>\n<meta property=\"og:type\" content=\"article\" \/>\n<meta property=\"og:title\" content=\"SAND\u017dAK - Automobilom sletio u provaliju, jedna osoba te\u017ee povrije\u0111ena\" \/>\n<meta property=\"og:description\" content=\"Do\u00adgo\u00addi\u00adla se sa\u00ado\u00adbra\u00ad\u0107aj\u00adna ne\u00adzgo\u00adda na ma\u00adgi\u00adstral\u00adnom pu\u00adtu na iz\u00adla\u00adzu iz Ro\u00ad\u017ea\u00adja, ka\u00adda je te\u00ad\u017ee po\u00advri\u00adje\u00ad\u0111en pet\u00adna\u00ade\u00adsto\u00adgo\u00addi\u00ad\u0161nji A.K., dok je D\u017ee\u00admal Ku\u00adje\u00advi\u0107 (18) za\u00addo\u00adbio lak\u00ad\u0161e tje\u00adle\u00adsne po\u00advre\u00adde. Po\u00advri\u00adje\u00ad\u0111e\u00adni A.K. je zbri\u00adnut u Hit\u00adnoj slu\u00ad\u017ebi u Ro\u00ad\u017ea\u00adja\u00adma, a po\u00adtom je pre\u00adve\u00adzen u be\u00adran\u00adsku Op\u00ad\u0161tu bol\u00adni\u00adcu, gdje je za\u00addr\u00ad\u017ean na li\u00adje\u00ad\u010de\u00adnju zbog frak\u00adtu\u00adre pot\u00adko\u00adlje\u00adni\u00adce. Pre\u00adma in\u00adfor\u00adma\u00adci\u00adja\u00adma iz Osnov\u00adnog [&hellip;]\" \/>\n<meta property=\"og:url\" content=\"https:\/\/sandzakpress.net\/arhiva\/sandzak-automobilom-sletio-u-provaliju-jedna-osoba-teze-povrijedena\/\" \/>\n<meta property=\"og:site_name\" content=\"Sand\u017eak PRESS\" \/>\n<meta property=\"article:published_time\" content=\"2017-10-20T10:29:18+00:00\" \/>\n<meta property=\"og:image\" content=\"https:\/\/sandzakpress.net\/arhiva\/wp-content\/uploads\/2017\/10\/jhgj7897.jpg\" \/>\n\t<meta property=\"og:image:width\" content=\"407\" \/>\n\t<meta property=\"og:image:height\" content=\"302\" \/>\n\t<meta property=\"og:image:type\" content=\"image\/jpeg\" \/>\n<meta name=\"author\" content=\"Agencija\" \/>\n<meta name=\"twitter:card\" content=\"summary_large_image\" \/>\n<meta name=\"twitter:label1\" content=\"Written by\" \/>\n\t<meta name=\"twitter:data1\" content=\"Agencija\" \/>\n\t<meta name=\"twitter:label2\" content=\"Est. reading time\" \/>\n\t<meta name=\"twitter:data2\" content=\"1 minuta\" \/>\n<script type=\"application\/ld+json\" class=\"yoast-schema-graph\">{\"@context\":\"https:\/\/schema.org\",\"@graph\":[{\"@type\":\"Article\",\"@id\":\"https:\/\/sandzakpress.net\/arhiva\/sandzak-automobilom-sletio-u-provaliju-jedna-osoba-teze-povrijedena\/#article\",\"isPartOf\":{\"@id\":\"https:\/\/sandzakpress.net\/arhiva\/sandzak-automobilom-sletio-u-provaliju-jedna-osoba-teze-povrijedena\/\"},\"author\":{\"name\":\"Agencija\",\"@id\":\"https:\/\/sandzakpress.net\/arhiva\/#\/schema\/person\/cb59d7e3ab91ab90dd680ad0305a6185\"},\"headline\":\"SAND\u017dAK &#8211; Automobilom sletio u provaliju, jedna osoba te\u017ee povrije\u0111ena\",\"datePublished\":\"2017-10-20T10:29:18+00:00\",\"mainEntityOfPage\":{\"@id\":\"https:\/\/sandzakpress.net\/arhiva\/sandzak-automobilom-sletio-u-provaliju-jedna-osoba-teze-povrijedena\/\"},\"wordCount\":246,\"commentCount\":2,\"publisher\":{\"@id\":\"https:\/\/sandzakpress.net\/arhiva\/#\/schema\/person\/6e72b67d6e51910a1117b3b483ba20bd\"},\"image\":{\"@id\":\"https:\/\/sandzakpress.net\/arhiva\/sandzak-automobilom-sletio-u-provaliju-jedna-osoba-teze-povrijedena\/#primaryimage\"},\"thumbnailUrl\":\"https:\/\/sandzakpress.net\/arhiva\/wp-content\/uploads\/2017\/10\/jhgj7897.jpg\",\"articleSection\":[\"Ro\u017eaje\",\"Hronika\",\"VA\u017dNO!\"],\"inLanguage\":\"bs-BA\",\"potentialAction\":[{\"@type\":\"CommentAction\",\"name\":\"Comment\",\"target\":[\"https:\/\/sandzakpress.net\/arhiva\/sandzak-automobilom-sletio-u-provaliju-jedna-osoba-teze-povrijedena\/#respond\"]}]},{\"@type\":\"WebPage\",\"@id\":\"https:\/\/sandzakpress.net\/arhiva\/sandzak-automobilom-sletio-u-provaliju-jedna-osoba-teze-povrijedena\/\",\"url\":\"https:\/\/sandzakpress.net\/arhiva\/sandzak-automobilom-sletio-u-provaliju-jedna-osoba-teze-povrijedena\/\",\"name\":\"SAND\u017dAK - Automobilom sletio u provaliju, jedna osoba te\u017ee povrije\u0111ena\",\"isPartOf\":{\"@id\":\"https:\/\/sandzakpress.net\/arhiva\/#website\"},\"primaryImageOfPage\":{\"@id\":\"https:\/\/sandzakpress.net\/arhiva\/sandzak-automobilom-sletio-u-provaliju-jedna-osoba-teze-povrijedena\/#primaryimage\"},\"image\":{\"@id\":\"https:\/\/sandzakpress.net\/arhiva\/sandzak-automobilom-sletio-u-provaliju-jedna-osoba-teze-povrijedena\/#primaryimage\"},\"thumbnailUrl\":\"https:\/\/sandzakpress.net\/arhiva\/wp-content\/uploads\/2017\/10\/jhgj7897.jpg\",\"datePublished\":\"2017-10-20T10:29:18+00:00\",\"breadcrumb\":{\"@id\":\"https:\/\/sandzakpress.net\/arhiva\/sandzak-automobilom-sletio-u-provaliju-jedna-osoba-teze-povrijedena\/#breadcrumb\"},\"inLanguage\":\"bs-BA\",\"potentialAction\":[{\"@type\":\"ReadAction\",\"target\":[\"https:\/\/sandzakpress.net\/arhiva\/sandzak-automobilom-sletio-u-provaliju-jedna-osoba-teze-povrijedena\/\"]}]},{\"@type\":\"ImageObject\",\"inLanguage\":\"bs-BA\",\"@id\":\"https:\/\/sandzakpress.net\/arhiva\/sandzak-automobilom-sletio-u-provaliju-jedna-osoba-teze-povrijedena\/#primaryimage\",\"url\":\"https:\/\/sandzakpress.net\/arhiva\/wp-content\/uploads\/2017\/10\/jhgj7897.jpg\",\"contentUrl\":\"https:\/\/sandzakpress.net\/arhiva\/wp-content\/uploads\/2017\/10\/jhgj7897.jpg\",\"width\":407,\"height\":302},{\"@type\":\"BreadcrumbList\",\"@id\":\"https:\/\/sandzakpress.net\/arhiva\/sandzak-automobilom-sletio-u-provaliju-jedna-osoba-teze-povrijedena\/#breadcrumb\",\"itemListElement\":[{\"@type\":\"ListItem\",\"position\":1,\"name\":\"Home\",\"item\":\"https:\/\/sandzakpress.net\/arhiva\/\"},{\"@type\":\"ListItem\",\"position\":2,\"name\":\"SAND\u017dAK &#8211; Automobilom sletio u provaliju, jedna osoba te\u017ee povrije\u0111ena\"}]},{\"@type\":\"WebSite\",\"@id\":\"https:\/\/sandzakpress.net\/arhiva\/#website\",\"url\":\"https:\/\/sandzakpress.net\/arhiva\/\",\"name\":\"Sand\u017eak PRESS\",\"description\":\"Prve elektronske novine u Sand\u017eaku\",\"publisher\":{\"@id\":\"https:\/\/sandzakpress.net\/arhiva\/#\/schema\/person\/6e72b67d6e51910a1117b3b483ba20bd\"},\"potentialAction\":[{\"@type\":\"SearchAction\",\"target\":{\"@type\":\"EntryPoint\",\"urlTemplate\":\"https:\/\/sandzakpress.net\/arhiva\/?s={search_term_string}\"},\"query-input\":{\"@type\":\"PropertyValueSpecification\",\"valueRequired\":true,\"valueName\":\"search_term_string\"}}],\"inLanguage\":\"bs-BA\"},{\"@type\":[\"Person\",\"Organization\"],\"@id\":\"https:\/\/sandzakpress.net\/arhiva\/#\/schema\/person\/6e72b67d6e51910a1117b3b483ba20bd\",\"name\":\"Kul\",\"image\":{\"@type\":\"ImageObject\",\"inLanguage\":\"bs-BA\",\"@id\":\"https:\/\/sandzakpress.net\/arhiva\/#\/schema\/person\/image\/\",\"url\":\"https:\/\/secure.gravatar.com\/avatar\/42263f39aa27ac04c43cab85c280eb2e?s=96&d=mm&r=pg\",\"contentUrl\":\"https:\/\/secure.gravatar.com\/avatar\/42263f39aa27ac04c43cab85c280eb2e?s=96&d=mm&r=pg\",\"caption\":\"Kul\"},\"logo\":{\"@id\":\"https:\/\/sandzakpress.net\/arhiva\/#\/schema\/person\/image\/\"}},{\"@type\":\"Person\",\"@id\":\"https:\/\/sandzakpress.net\/arhiva\/#\/schema\/person\/cb59d7e3ab91ab90dd680ad0305a6185\",\"name\":\"Agencija\",\"image\":{\"@type\":\"ImageObject\",\"inLanguage\":\"bs-BA\",\"@id\":\"https:\/\/sandzakpress.net\/arhiva\/#\/schema\/person\/image\/\",\"url\":\"https:\/\/secure.gravatar.com\/avatar\/4b7fafa80a22f0c2afe23966b3961fe0?s=96&d=mm&r=pg\",\"contentUrl\":\"https:\/\/secure.gravatar.com\/avatar\/4b7fafa80a22f0c2afe23966b3961fe0?s=96&d=mm&r=pg\",\"caption\":\"Agencija\"},\"url\":\"https:\/\/sandzakpress.net\/arhiva\/author\/agencija\/\"}]}<\/script>\n<!-- \/ Yoast SEO Premium plugin. -->","yoast_head_json":{"title":"SAND\u017dAK - Automobilom sletio u provaliju, jedna osoba te\u017ee povrije\u0111ena","robots":{"index":"index","follow":"follow","max-snippet":"max-snippet:-1","max-image-preview":"max-image-preview:large","max-video-preview":"max-video-preview:-1"},"canonical":"https:\/\/sandzakpress.net\/arhiva\/sandzak-automobilom-sletio-u-provaliju-jedna-osoba-teze-povrijedena\/","og_locale":"bs_BA","og_type":"article","og_title":"SAND\u017dAK - Automobilom sletio u provaliju, jedna osoba te\u017ee povrije\u0111ena","og_description":"Do\u00adgo\u00addi\u00adla se sa\u00ado\u00adbra\u00ad\u0107aj\u00adna ne\u00adzgo\u00adda na ma\u00adgi\u00adstral\u00adnom pu\u00adtu na iz\u00adla\u00adzu iz Ro\u00ad\u017ea\u00adja, ka\u00adda je te\u00ad\u017ee po\u00advri\u00adje\u00ad\u0111en pet\u00adna\u00ade\u00adsto\u00adgo\u00addi\u00ad\u0161nji A.K., dok je D\u017ee\u00admal Ku\u00adje\u00advi\u0107 (18) za\u00addo\u00adbio lak\u00ad\u0161e tje\u00adle\u00adsne po\u00advre\u00adde. Po\u00advri\u00adje\u00ad\u0111e\u00adni A.K. je zbri\u00adnut u Hit\u00adnoj slu\u00ad\u017ebi u Ro\u00ad\u017ea\u00adja\u00adma, a po\u00adtom je pre\u00adve\u00adzen u be\u00adran\u00adsku Op\u00ad\u0161tu bol\u00adni\u00adcu, gdje je za\u00addr\u00ad\u017ean na li\u00adje\u00ad\u010de\u00adnju zbog frak\u00adtu\u00adre pot\u00adko\u00adlje\u00adni\u00adce. Pre\u00adma in\u00adfor\u00adma\u00adci\u00adja\u00adma iz Osnov\u00adnog [&hellip;]","og_url":"https:\/\/sandzakpress.net\/arhiva\/sandzak-automobilom-sletio-u-provaliju-jedna-osoba-teze-povrijedena\/","og_site_name":"Sand\u017eak PRESS","article_published_time":"2017-10-20T10:29:18+00:00","og_image":[{"width":407,"height":302,"url":"https:\/\/sandzakpress.net\/arhiva\/wp-content\/uploads\/2017\/10\/jhgj7897.jpg","type":"image\/jpeg"}],"author":"Agencija","twitter_card":"summary_large_image","twitter_misc":{"Written by":"Agencija","Est. reading time":"1 minuta"},"schema":{"@context":"https:\/\/schema.org","@graph":[{"@type":"Article","@id":"https:\/\/sandzakpress.net\/arhiva\/sandzak-automobilom-sletio-u-provaliju-jedna-osoba-teze-povrijedena\/#article","isPartOf":{"@id":"https:\/\/sandzakpress.net\/arhiva\/sandzak-automobilom-sletio-u-provaliju-jedna-osoba-teze-povrijedena\/"},"author":{"name":"Agencija","@id":"https:\/\/sandzakpress.net\/arhiva\/#\/schema\/person\/cb59d7e3ab91ab90dd680ad0305a6185"},"headline":"SAND\u017dAK &#8211; Automobilom sletio u provaliju, jedna osoba te\u017ee povrije\u0111ena","datePublished":"2017-10-20T10:29:18+00:00","mainEntityOfPage":{"@id":"https:\/\/sandzakpress.net\/arhiva\/sandzak-automobilom-sletio-u-provaliju-jedna-osoba-teze-povrijedena\/"},"wordCount":246,"commentCount":2,"publisher":{"@id":"https:\/\/sandzakpress.net\/arhiva\/#\/schema\/person\/6e72b67d6e51910a1117b3b483ba20bd"},"image":{"@id":"https:\/\/sandzakpress.net\/arhiva\/sandzak-automobilom-sletio-u-provaliju-jedna-osoba-teze-povrijedena\/#primaryimage"},"thumbnailUrl":"https:\/\/sandzakpress.net\/arhiva\/wp-content\/uploads\/2017\/10\/jhgj7897.jpg","articleSection":["Ro\u017eaje","Hronika","VA\u017dNO!"],"inLanguage":"bs-BA","potentialAction":[{"@type":"CommentAction","name":"Comment","target":["https:\/\/sandzakpress.net\/arhiva\/sandzak-automobilom-sletio-u-provaliju-jedna-osoba-teze-povrijedena\/#respond"]}]},{"@type":"WebPage","@id":"https:\/\/sandzakpress.net\/arhiva\/sandzak-automobilom-sletio-u-provaliju-jedna-osoba-teze-povrijedena\/","url":"https:\/\/sandzakpress.net\/arhiva\/sandzak-automobilom-sletio-u-provaliju-jedna-osoba-teze-povrijedena\/","name":"SAND\u017dAK - Automobilom sletio u provaliju, jedna osoba te\u017ee povrije\u0111ena","isPartOf":{"@id":"https:\/\/sandzakpress.net\/arhiva\/#website"},"primaryImageOfPage":{"@id":"https:\/\/sandzakpress.net\/arhiva\/sandzak-automobilom-sletio-u-provaliju-jedna-osoba-teze-povrijedena\/#primaryimage"},"image":{"@id":"https:\/\/sandzakpress.net\/arhiva\/sandzak-automobilom-sletio-u-provaliju-jedna-osoba-teze-povrijedena\/#primaryimage"},"thumbnailUrl":"https:\/\/sandzakpress.net\/arhiva\/wp-content\/uploads\/2017\/10\/jhgj7897.jpg","datePublished":"2017-10-20T10:29:18+00:00","breadcrumb":{"@id":"https:\/\/sandzakpress.net\/arhiva\/sandzak-automobilom-sletio-u-provaliju-jedna-osoba-teze-povrijedena\/#breadcrumb"},"inLanguage":"bs-BA","potentialAction":[{"@type":"ReadAction","target":["https:\/\/sandzakpress.net\/arhiva\/sandzak-automobilom-sletio-u-provaliju-jedna-osoba-teze-povrijedena\/"]}]},{"@type":"ImageObject","inLanguage":"bs-BA","@id":"https:\/\/sandzakpress.net\/arhiva\/sandzak-automobilom-sletio-u-provaliju-jedna-osoba-teze-povrijedena\/#primaryimage","url":"https:\/\/sandzakpress.net\/arhiva\/wp-content\/uploads\/2017\/10\/jhgj7897.jpg","contentUrl":"https:\/\/sandzakpress.net\/arhiva\/wp-content\/uploads\/2017\/10\/jhgj7897.jpg","width":407,"height":302},{"@type":"BreadcrumbList","@id":"https:\/\/sandzakpress.net\/arhiva\/sandzak-automobilom-sletio-u-provaliju-jedna-osoba-teze-povrijedena\/#breadcrumb","itemListElement":[{"@type":"ListItem","position":1,"name":"Home","item":"https:\/\/sandzakpress.net\/arhiva\/"},{"@type":"ListItem","position":2,"name":"SAND\u017dAK &#8211; Automobilom sletio u provaliju, jedna osoba te\u017ee povrije\u0111ena"}]},{"@type":"WebSite","@id":"https:\/\/sandzakpress.net\/arhiva\/#website","url":"https:\/\/sandzakpress.net\/arhiva\/","name":"Sand\u017eak PRESS","description":"Prve elektronske novine u Sand\u017eaku","publisher":{"@id":"https:\/\/sandzakpress.net\/arhiva\/#\/schema\/person\/6e72b67d6e51910a1117b3b483ba20bd"},"potentialAction":[{"@type":"SearchAction","target":{"@type":"EntryPoint","urlTemplate":"https:\/\/sandzakpress.net\/arhiva\/?s={search_term_string}"},"query-input":{"@type":"PropertyValueSpecification","valueRequired":true,"valueName":"search_term_string"}}],"inLanguage":"bs-BA"},{"@type":["Person","Organization"],"@id":"https:\/\/sandzakpress.net\/arhiva\/#\/schema\/person\/6e72b67d6e51910a1117b3b483ba20bd","name":"Kul","image":{"@type":"ImageObject","inLanguage":"bs-BA","@id":"https:\/\/sandzakpress.net\/arhiva\/#\/schema\/person\/image\/","url":"https:\/\/secure.gravatar.com\/avatar\/42263f39aa27ac04c43cab85c280eb2e?s=96&d=mm&r=pg","contentUrl":"https:\/\/secure.gravatar.com\/avatar\/42263f39aa27ac04c43cab85c280eb2e?s=96&d=mm&r=pg","caption":"Kul"},"logo":{"@id":"https:\/\/sandzakpress.net\/arhiva\/#\/schema\/person\/image\/"}},{"@type":"Person","@id":"https:\/\/sandzakpress.net\/arhiva\/#\/schema\/person\/cb59d7e3ab91ab90dd680ad0305a6185","name":"Agencija","image":{"@type":"ImageObject","inLanguage":"bs-BA","@id":"https:\/\/sandzakpress.net\/arhiva\/#\/schema\/person\/image\/","url":"https:\/\/secure.gravatar.com\/avatar\/4b7fafa80a22f0c2afe23966b3961fe0?s=96&d=mm&r=pg","contentUrl":"https:\/\/secure.gravatar.com\/avatar\/4b7fafa80a22f0c2afe23966b3961fe0?s=96&d=mm&r=pg","caption":"Agencija"},"url":"https:\/\/sandzakpress.net\/arhiva\/author\/agencija\/"}]}},"_links":{"self":[{"href":"https:\/\/sandzakpress.net\/arhiva\/wp-json\/wp\/v2\/posts\/197130"}],"collection":[{"href":"https:\/\/sandzakpress.net\/arhiva\/wp-json\/wp\/v2\/posts"}],"about":[{"href":"https:\/\/sandzakpress.net\/arhiva\/wp-json\/wp\/v2\/types\/post"}],"author":[{"embeddable":true,"href":"https:\/\/sandzakpress.net\/arhiva\/wp-json\/wp\/v2\/users\/509"}],"replies":[{"embeddable":true,"href":"https:\/\/sandzakpress.net\/arhiva\/wp-json\/wp\/v2\/comments?post=197130"}],"version-history":[{"count":0,"href":"https:\/\/sandzakpress.net\/arhiva\/wp-json\/wp\/v2\/posts\/197130\/revisions"}],"wp:featuredmedia":[{"embeddable":true,"href":"https:\/\/sandzakpress.net\/arhiva\/wp-json\/wp\/v2\/media\/197134"}],"wp:attachment":[{"href":"https:\/\/sandzakpress.net\/arhiva\/wp-json\/wp\/v2\/media?parent=197130"}],"wp:term":[{"taxonomy":"category","embeddable":true,"href":"https:\/\/sandzakpress.net\/arhiva\/wp-json\/wp\/v2\/categories?post=197130"},{"taxonomy":"post_tag","embeddable":true,"href":"https:\/\/sandzakpress.net\/arhiva\/wp-json\/wp\/v2\/tags?post=197130"}],"curies":[{"name":"wp","href":"https:\/\/api.w.org\/{rel}","templated":true}]}}