{"id":19695,"date":"2011-09-09T14:44:50","date_gmt":"2011-09-09T12:44:50","guid":{"rendered":"https:\/\/sandzakpress.net\/arhiva\/?p=19695"},"modified":"2011-09-09T14:44:50","modified_gmt":"2011-09-09T12:44:50","slug":"novih-34-miliona-eura-za-zajednicke-projekte","status":"publish","type":"post","link":"https:\/\/sandzakpress.net\/arhiva\/novih-34-miliona-eura-za-zajednicke-projekte\/","title":{"rendered":"Novih 3,4 miliona eura za zajedni\u010dke projekte"},"content":{"rendered":"<p><strong><a href=\"https:\/\/sandzakpress.net\/arhiva\/wp-content\/uploads\/2011\/09\/1315346265.jpg\"><img loading=\"lazy\" decoding=\"async\" class=\"alignleft size-medium wp-image-19696\" src=\"https:\/\/sandzakpress.net\/arhiva\/wp-content\/uploads\/2011\/09\/1315346265-300x211.jpg\" alt=\"\" width=\"300\" height=\"211\" \/><\/a>Sjeverni Sand\u017eak, Ju\u017eni Sand\u017eak &#8211; Rok za dostavljanje projekata je 14. novembar ove godine. Bi\u0107e skra\u0107ena procedura, a ovo vam je \u0161kola kako treba da konkuri\u0161ete za pristupne evropske fondove koji vas \u010dekaju na putu ka EU &#8211; kazao Enrik Aguado Esenjo, menad\u017eer prekograni\u010dnih programa EU <\/strong><\/p>\n<p>Drugi poziv za dostavljanje projekata u okviru Programa prekograni\u010dne saradnje Crne Gore, zemlje kandidata i Srbije, zemlje potencijalnog kandidata za EU i kori\u0161\u0107enje IPA (Instrumenata za predpristupnu podr\u0161ku) fondova je raspisan 15. avgusta ove godine. Partnerski projekti prekograni\u010dne saradnje Crne Gore i Srbije u drugom pozivu bi\u0107e podr\u017eani od EU sa 3,4 miliona eura, a rok za njihovo dostavljanje je 14. novembar 2011. godine. U prvom pozivu podr\u0161ka je iznosila 1,8 miliona eura i odobreno je 13 projekata. Me\u0111u njima i saradnja Berana i Prijepolja na turisti\u010dkoj odr\u017eivosti i Bijelog Polja i Priboja na pravima djece i gra\u0111ana. Ovo je istaknuto na ju\u010dera\u0161njoj sve\u010danoj konferenciji povodom raspisivanja Drugog poziva kojoj su prisustvovali menad\u017eeri EU, predstavnici zajedni\u010dkog sekretarijata prekograni\u010dne saradnje, gradona\u010delnici zainteresovanih op\u0161tina, autori dosada\u0161njih projekata, kao i ambasador Srbije u Crnoj Gori Zoran Lutovac.<\/p>\n<p>Menad\u017eer prekograni\u010dnih programa EU Enriko Aguado Asenjo je podsjetio da je pri\u010da po\u010dela 2007. godine, prvi poziv raspisan 2009. a ugovori potpisani 2010. godine.<\/p>\n<p>&#8211; To jeste sporo, ali tako funkcioni\u0161u evropske institucije i \u017eelimo da vas naviknemo na to kada budete \u010dlanice EU. Za Drugi poziv projekata prekograni\u010dne saradnje Crne Gore i Srbije je pove\u0107an bud\u017eet sa 1,8 na 3,4 miliona eura. Cilj nam je da se pove\u0107aju i grantovi finansijske podr\u0161ke. Ubrza\u0107emo i proceduru sa 12 na \u0161est mjeseci, jer \u017eelimo da pomognemo grani\u010dnim podru\u010djima koji najmanje razvijeni u svim dr\u017eavama. Ovo je i \u0161kola da nau\u010dite kako treba koristiti pristupne fondove &#8211; kazao je Asenjo.<\/p>\n<p>Koordinator projekta iz Ministartsva vanjih poslova Crne Gore Tijana Ljiljani\u0107 je naglasila da su integracije obaveza svih, a ne samo Vlade.<\/p>\n<p>&#8211; Crna Gora je lider u regionu kada je u pitanju prekograni\u010dna saradnja. U okviru prekogami\u010dne saradnje sa Srbijom je Prvim pozivom kandidovano 56 projekata, sa BiH-a 38 projekata, sa Albanijom 26 projekata i sa Hrvatskom 24 projekta. Tako\u0111e, aktivno u\u010destvujemo u ostalim IPA programima, pogotovo u mediteranskom i jadranskom. O\u010dekujem da \u0107e se u Drugom pozivu broj podnosioca projekata pove\u0107ati za 50 odsto &#8211; kazala je Ljiljani\u0107.<\/p>\n<p>Kristina A\u0161kovi\u0107 iz kancelarije Vlade Srbije za prekograni\u010dnu saradnju je slikovito objasnila aktuelnu fazu kada je pristup evropskim fondovima u pitanju.<\/p>\n<p>&#8211; Bili smo u obdani\u0161tu, sada smo u srednjoj \u0161koli i \u010dinimo sve da primaknemo maturi, a tek kada budemo na fakultetu bi\u0107emo pravi partneri Evropskim fondovima &#8211; istakla je A\u0161kovi\u0107.<\/p>\n<p>Prezentacije dosada\u0161njih u\u010dinaka sa posebnim osvtom na dostavljanje prijedloga za Drugi poziv prekograni\u010dne saradnje Crne Gore i Srbije imali su i Elizabet Sartorel, Darko \u010cukuranovi\u0107 i Denis Slatina.<\/p>\n<p>Braju\u0161kovi\u0107: \u0160ansa za region<\/p>\n<p>U\u010desnike konferencije je pozdravio i novoizabrani predsjednik Kola\u0161ina Darko Braju\u0161kovi\u0107.<\/p>\n<p>&#8211; S jedne strane smo ohrabreni, a sa druge motivisani da budemo pravi partneri u ovim projektima. U vremenu krize, moramo se na pravi na\u010din kandidovati za sredstva koja dolaze sa strane. Ovim projektima \u0107emo u Kola\u0161inu posvetiti posebnu pa\u017enju i istovremeno formirati tim stru\u010dnjaka koji \u0107e ih pratiti &#8211; kazao je Braju\u0161kovi\u0107<\/p>\n<p>Ko sara\u0111uje<\/p>\n<p>Program prekograni\u010dne saradnje Srbija &#8211; Crna Gora obuhvata Ra\u0161ki i Zlatiborski okrug, kao i pridru\u017eni Moravski okrug. U Crnoj Gori su to Andrijevica, Berane, Bijelo Polje, Kola\u0161in, Mojkovac, Nik\u0161i\u0107, Plav, Plu\u017eine, Pljevlja, Ro\u017eaje, \u0160avnik, \u017dabljak, kao i pridru\u017ene op\u0161tine Podgoricu, Danilovgrad i Cetinje.<\/p>\n<p>Izvor<strong>: Pobjeda.Co.me<\/strong><\/p>\n","protected":false},"excerpt":{"rendered":"<p>Sjeverni Sand\u017eak, Ju\u017eni Sand\u017eak &#8211; Rok za dostavljanje projekata je 14. novembar ove godine. Bi\u0107e skra\u0107ena procedura, a ovo vam je \u0161kola kako treba da konkuri\u0161ete za pristupne evropske fondove koji vas \u010dekaju na putu ka EU &#8211; kazao Enrik Aguado Esenjo, menad\u017eer prekograni\u010dnih programa EU Drugi poziv za dostavljanje projekata u okviru Programa prekograni\u010dne [&hellip;]<\/p>\n","protected":false},"author":13,"featured_media":19696,"comment_status":"open","ping_status":"open","sticky":false,"template":"","format":"standard","meta":{"footnotes":""},"categories":[398,72,397,52,327,392,396,3,393,395,399],"tags":[],"class_list":{"0":"post-19695","1":"post","2":"type-post","3":"status-publish","4":"format-standard","5":"has-post-thumbnail","7":"category-rozaje","8":"category-novi-pazar","9":"category-berane","10":"category-sjenica","11":"category-tutin","12":"category-prijepolje_","13":"category-bijelo_polje","14":"category-privreda","15":"category-priboj","16":"category-pljevlja_","17":"category-plav_"},"yoast_head":"<!-- This site is optimized with the Yoast SEO Premium plugin v23.1 (Yoast SEO v24.9) - https:\/\/yoast.com\/wordpress\/plugins\/seo\/ -->\n<title>Novih 3,4 miliona eura za zajedni\u010dke projekte<\/title>\n<meta name=\"robots\" content=\"index, follow, max-snippet:-1, max-image-preview:large, max-video-preview:-1\" \/>\n<link rel=\"canonical\" href=\"https:\/\/sandzakpress.net\/arhiva\/novih-34-miliona-eura-za-zajednicke-projekte\/\" \/>\n<meta property=\"og:locale\" content=\"bs_BA\" \/>\n<meta property=\"og:type\" content=\"article\" \/>\n<meta property=\"og:title\" content=\"Novih 3,4 miliona eura za zajedni\u010dke projekte\" \/>\n<meta property=\"og:description\" content=\"Sjeverni Sand\u017eak, Ju\u017eni Sand\u017eak &#8211; Rok za dostavljanje projekata je 14. novembar ove godine. Bi\u0107e skra\u0107ena procedura, a ovo vam je \u0161kola kako treba da konkuri\u0161ete za pristupne evropske fondove koji vas \u010dekaju na putu ka EU &#8211; kazao Enrik Aguado Esenjo, menad\u017eer prekograni\u010dnih programa EU Drugi poziv za dostavljanje projekata u okviru Programa prekograni\u010dne [&hellip;]\" \/>\n<meta property=\"og:url\" content=\"https:\/\/sandzakpress.net\/arhiva\/novih-34-miliona-eura-za-zajednicke-projekte\/\" \/>\n<meta property=\"og:site_name\" content=\"Sand\u017eak PRESS\" \/>\n<meta property=\"article:published_time\" content=\"2011-09-09T12:44:50+00:00\" \/>\n<meta property=\"og:image\" content=\"https:\/\/sandzakpress.net\/arhiva\/wp-content\/uploads\/2011\/09\/1315346265.jpg\" \/>\n\t<meta property=\"og:image:width\" content=\"460\" \/>\n\t<meta property=\"og:image:height\" content=\"325\" \/>\n\t<meta property=\"og:image:type\" content=\"image\/jpeg\" \/>\n<meta name=\"twitter:card\" content=\"summary_large_image\" \/>\n<meta name=\"twitter:label1\" content=\"Written by\" \/>\n\t<meta name=\"twitter:data1\" content=\"\" \/>\n\t<meta name=\"twitter:label2\" content=\"Est. reading time\" \/>\n\t<meta name=\"twitter:data2\" content=\"3 minute\" \/>\n<script type=\"application\/ld+json\" class=\"yoast-schema-graph\">{\"@context\":\"https:\/\/schema.org\",\"@graph\":[{\"@type\":\"Article\",\"@id\":\"https:\/\/sandzakpress.net\/arhiva\/novih-34-miliona-eura-za-zajednicke-projekte\/#article\",\"isPartOf\":{\"@id\":\"https:\/\/sandzakpress.net\/arhiva\/novih-34-miliona-eura-za-zajednicke-projekte\/\"},\"author\":{\"name\":\"\",\"@id\":\"\"},\"headline\":\"Novih 3,4 miliona eura za zajedni\u010dke projekte\",\"datePublished\":\"2011-09-09T12:44:50+00:00\",\"mainEntityOfPage\":{\"@id\":\"https:\/\/sandzakpress.net\/arhiva\/novih-34-miliona-eura-za-zajednicke-projekte\/\"},\"wordCount\":638,\"commentCount\":0,\"publisher\":{\"@id\":\"https:\/\/sandzakpress.net\/arhiva\/#\/schema\/person\/6e72b67d6e51910a1117b3b483ba20bd\"},\"image\":{\"@id\":\"https:\/\/sandzakpress.net\/arhiva\/novih-34-miliona-eura-za-zajednicke-projekte\/#primaryimage\"},\"thumbnailUrl\":\"https:\/\/sandzakpress.net\/arhiva\/wp-content\/uploads\/2011\/09\/1315346265.jpg\",\"articleSection\":[\"Ro\u017eaje\",\"Novi Pazar\",\"Berane\",\"Sjenica\",\"Tutin\",\"Prijepolje\",\"Bijelo Polje\",\"Privreda\",\"Priboj\",\"Pljevlja\",\"Plav\"],\"inLanguage\":\"bs-BA\",\"potentialAction\":[{\"@type\":\"CommentAction\",\"name\":\"Comment\",\"target\":[\"https:\/\/sandzakpress.net\/arhiva\/novih-34-miliona-eura-za-zajednicke-projekte\/#respond\"]}]},{\"@type\":\"WebPage\",\"@id\":\"https:\/\/sandzakpress.net\/arhiva\/novih-34-miliona-eura-za-zajednicke-projekte\/\",\"url\":\"https:\/\/sandzakpress.net\/arhiva\/novih-34-miliona-eura-za-zajednicke-projekte\/\",\"name\":\"Novih 3,4 miliona eura za zajedni\u010dke projekte\",\"isPartOf\":{\"@id\":\"https:\/\/sandzakpress.net\/arhiva\/#website\"},\"primaryImageOfPage\":{\"@id\":\"https:\/\/sandzakpress.net\/arhiva\/novih-34-miliona-eura-za-zajednicke-projekte\/#primaryimage\"},\"image\":{\"@id\":\"https:\/\/sandzakpress.net\/arhiva\/novih-34-miliona-eura-za-zajednicke-projekte\/#primaryimage\"},\"thumbnailUrl\":\"https:\/\/sandzakpress.net\/arhiva\/wp-content\/uploads\/2011\/09\/1315346265.jpg\",\"datePublished\":\"2011-09-09T12:44:50+00:00\",\"breadcrumb\":{\"@id\":\"https:\/\/sandzakpress.net\/arhiva\/novih-34-miliona-eura-za-zajednicke-projekte\/#breadcrumb\"},\"inLanguage\":\"bs-BA\",\"potentialAction\":[{\"@type\":\"ReadAction\",\"target\":[\"https:\/\/sandzakpress.net\/arhiva\/novih-34-miliona-eura-za-zajednicke-projekte\/\"]}]},{\"@type\":\"ImageObject\",\"inLanguage\":\"bs-BA\",\"@id\":\"https:\/\/sandzakpress.net\/arhiva\/novih-34-miliona-eura-za-zajednicke-projekte\/#primaryimage\",\"url\":\"https:\/\/sandzakpress.net\/arhiva\/wp-content\/uploads\/2011\/09\/1315346265.jpg\",\"contentUrl\":\"https:\/\/sandzakpress.net\/arhiva\/wp-content\/uploads\/2011\/09\/1315346265.jpg\",\"width\":460,\"height\":325},{\"@type\":\"BreadcrumbList\",\"@id\":\"https:\/\/sandzakpress.net\/arhiva\/novih-34-miliona-eura-za-zajednicke-projekte\/#breadcrumb\",\"itemListElement\":[{\"@type\":\"ListItem\",\"position\":1,\"name\":\"Home\",\"item\":\"https:\/\/sandzakpress.net\/arhiva\/\"},{\"@type\":\"ListItem\",\"position\":2,\"name\":\"Novih 3,4 miliona eura za zajedni\u010dke projekte\"}]},{\"@type\":\"WebSite\",\"@id\":\"https:\/\/sandzakpress.net\/arhiva\/#website\",\"url\":\"https:\/\/sandzakpress.net\/arhiva\/\",\"name\":\"Sand\u017eak PRESS\",\"description\":\"Prve elektronske novine u Sand\u017eaku\",\"publisher\":{\"@id\":\"https:\/\/sandzakpress.net\/arhiva\/#\/schema\/person\/6e72b67d6e51910a1117b3b483ba20bd\"},\"potentialAction\":[{\"@type\":\"SearchAction\",\"target\":{\"@type\":\"EntryPoint\",\"urlTemplate\":\"https:\/\/sandzakpress.net\/arhiva\/?s={search_term_string}\"},\"query-input\":{\"@type\":\"PropertyValueSpecification\",\"valueRequired\":true,\"valueName\":\"search_term_string\"}}],\"inLanguage\":\"bs-BA\"},{\"@type\":[\"Person\",\"Organization\"],\"@id\":\"https:\/\/sandzakpress.net\/arhiva\/#\/schema\/person\/6e72b67d6e51910a1117b3b483ba20bd\",\"name\":\"Kul\",\"image\":{\"@type\":\"ImageObject\",\"inLanguage\":\"bs-BA\",\"@id\":\"https:\/\/sandzakpress.net\/arhiva\/#\/schema\/person\/image\/\",\"url\":\"https:\/\/secure.gravatar.com\/avatar\/42263f39aa27ac04c43cab85c280eb2e?s=96&d=mm&r=pg\",\"contentUrl\":\"https:\/\/secure.gravatar.com\/avatar\/42263f39aa27ac04c43cab85c280eb2e?s=96&d=mm&r=pg\",\"caption\":\"Kul\"},\"logo\":{\"@id\":\"https:\/\/sandzakpress.net\/arhiva\/#\/schema\/person\/image\/\"}},{\"@type\":\"Person\",\"@id\":\"\",\"url\":\"https:\/\/sandzakpress.net\/arhiva\/author\/\"}]}<\/script>\n<!-- \/ Yoast SEO Premium plugin. -->","yoast_head_json":{"title":"Novih 3,4 miliona eura za zajedni\u010dke projekte","robots":{"index":"index","follow":"follow","max-snippet":"max-snippet:-1","max-image-preview":"max-image-preview:large","max-video-preview":"max-video-preview:-1"},"canonical":"https:\/\/sandzakpress.net\/arhiva\/novih-34-miliona-eura-za-zajednicke-projekte\/","og_locale":"bs_BA","og_type":"article","og_title":"Novih 3,4 miliona eura za zajedni\u010dke projekte","og_description":"Sjeverni Sand\u017eak, Ju\u017eni Sand\u017eak &#8211; Rok za dostavljanje projekata je 14. novembar ove godine. Bi\u0107e skra\u0107ena procedura, a ovo vam je \u0161kola kako treba da konkuri\u0161ete za pristupne evropske fondove koji vas \u010dekaju na putu ka EU &#8211; kazao Enrik Aguado Esenjo, menad\u017eer prekograni\u010dnih programa EU Drugi poziv za dostavljanje projekata u okviru Programa prekograni\u010dne [&hellip;]","og_url":"https:\/\/sandzakpress.net\/arhiva\/novih-34-miliona-eura-za-zajednicke-projekte\/","og_site_name":"Sand\u017eak PRESS","article_published_time":"2011-09-09T12:44:50+00:00","og_image":[{"width":460,"height":325,"url":"https:\/\/sandzakpress.net\/arhiva\/wp-content\/uploads\/2011\/09\/1315346265.jpg","type":"image\/jpeg"}],"twitter_card":"summary_large_image","twitter_misc":{"Written by":"","Est. reading time":"3 minute"},"schema":{"@context":"https:\/\/schema.org","@graph":[{"@type":"Article","@id":"https:\/\/sandzakpress.net\/arhiva\/novih-34-miliona-eura-za-zajednicke-projekte\/#article","isPartOf":{"@id":"https:\/\/sandzakpress.net\/arhiva\/novih-34-miliona-eura-za-zajednicke-projekte\/"},"author":{"name":"","@id":""},"headline":"Novih 3,4 miliona eura za zajedni\u010dke projekte","datePublished":"2011-09-09T12:44:50+00:00","mainEntityOfPage":{"@id":"https:\/\/sandzakpress.net\/arhiva\/novih-34-miliona-eura-za-zajednicke-projekte\/"},"wordCount":638,"commentCount":0,"publisher":{"@id":"https:\/\/sandzakpress.net\/arhiva\/#\/schema\/person\/6e72b67d6e51910a1117b3b483ba20bd"},"image":{"@id":"https:\/\/sandzakpress.net\/arhiva\/novih-34-miliona-eura-za-zajednicke-projekte\/#primaryimage"},"thumbnailUrl":"https:\/\/sandzakpress.net\/arhiva\/wp-content\/uploads\/2011\/09\/1315346265.jpg","articleSection":["Ro\u017eaje","Novi Pazar","Berane","Sjenica","Tutin","Prijepolje","Bijelo Polje","Privreda","Priboj","Pljevlja","Plav"],"inLanguage":"bs-BA","potentialAction":[{"@type":"CommentAction","name":"Comment","target":["https:\/\/sandzakpress.net\/arhiva\/novih-34-miliona-eura-za-zajednicke-projekte\/#respond"]}]},{"@type":"WebPage","@id":"https:\/\/sandzakpress.net\/arhiva\/novih-34-miliona-eura-za-zajednicke-projekte\/","url":"https:\/\/sandzakpress.net\/arhiva\/novih-34-miliona-eura-za-zajednicke-projekte\/","name":"Novih 3,4 miliona eura za zajedni\u010dke projekte","isPartOf":{"@id":"https:\/\/sandzakpress.net\/arhiva\/#website"},"primaryImageOfPage":{"@id":"https:\/\/sandzakpress.net\/arhiva\/novih-34-miliona-eura-za-zajednicke-projekte\/#primaryimage"},"image":{"@id":"https:\/\/sandzakpress.net\/arhiva\/novih-34-miliona-eura-za-zajednicke-projekte\/#primaryimage"},"thumbnailUrl":"https:\/\/sandzakpress.net\/arhiva\/wp-content\/uploads\/2011\/09\/1315346265.jpg","datePublished":"2011-09-09T12:44:50+00:00","breadcrumb":{"@id":"https:\/\/sandzakpress.net\/arhiva\/novih-34-miliona-eura-za-zajednicke-projekte\/#breadcrumb"},"inLanguage":"bs-BA","potentialAction":[{"@type":"ReadAction","target":["https:\/\/sandzakpress.net\/arhiva\/novih-34-miliona-eura-za-zajednicke-projekte\/"]}]},{"@type":"ImageObject","inLanguage":"bs-BA","@id":"https:\/\/sandzakpress.net\/arhiva\/novih-34-miliona-eura-za-zajednicke-projekte\/#primaryimage","url":"https:\/\/sandzakpress.net\/arhiva\/wp-content\/uploads\/2011\/09\/1315346265.jpg","contentUrl":"https:\/\/sandzakpress.net\/arhiva\/wp-content\/uploads\/2011\/09\/1315346265.jpg","width":460,"height":325},{"@type":"BreadcrumbList","@id":"https:\/\/sandzakpress.net\/arhiva\/novih-34-miliona-eura-za-zajednicke-projekte\/#breadcrumb","itemListElement":[{"@type":"ListItem","position":1,"name":"Home","item":"https:\/\/sandzakpress.net\/arhiva\/"},{"@type":"ListItem","position":2,"name":"Novih 3,4 miliona eura za zajedni\u010dke projekte"}]},{"@type":"WebSite","@id":"https:\/\/sandzakpress.net\/arhiva\/#website","url":"https:\/\/sandzakpress.net\/arhiva\/","name":"Sand\u017eak PRESS","description":"Prve elektronske novine u Sand\u017eaku","publisher":{"@id":"https:\/\/sandzakpress.net\/arhiva\/#\/schema\/person\/6e72b67d6e51910a1117b3b483ba20bd"},"potentialAction":[{"@type":"SearchAction","target":{"@type":"EntryPoint","urlTemplate":"https:\/\/sandzakpress.net\/arhiva\/?s={search_term_string}"},"query-input":{"@type":"PropertyValueSpecification","valueRequired":true,"valueName":"search_term_string"}}],"inLanguage":"bs-BA"},{"@type":["Person","Organization"],"@id":"https:\/\/sandzakpress.net\/arhiva\/#\/schema\/person\/6e72b67d6e51910a1117b3b483ba20bd","name":"Kul","image":{"@type":"ImageObject","inLanguage":"bs-BA","@id":"https:\/\/sandzakpress.net\/arhiva\/#\/schema\/person\/image\/","url":"https:\/\/secure.gravatar.com\/avatar\/42263f39aa27ac04c43cab85c280eb2e?s=96&d=mm&r=pg","contentUrl":"https:\/\/secure.gravatar.com\/avatar\/42263f39aa27ac04c43cab85c280eb2e?s=96&d=mm&r=pg","caption":"Kul"},"logo":{"@id":"https:\/\/sandzakpress.net\/arhiva\/#\/schema\/person\/image\/"}},{"@type":"Person","@id":"","url":"https:\/\/sandzakpress.net\/arhiva\/author\/"}]}},"_links":{"self":[{"href":"https:\/\/sandzakpress.net\/arhiva\/wp-json\/wp\/v2\/posts\/19695"}],"collection":[{"href":"https:\/\/sandzakpress.net\/arhiva\/wp-json\/wp\/v2\/posts"}],"about":[{"href":"https:\/\/sandzakpress.net\/arhiva\/wp-json\/wp\/v2\/types\/post"}],"author":[{"embeddable":true,"href":"https:\/\/sandzakpress.net\/arhiva\/wp-json\/wp\/v2\/users\/13"}],"replies":[{"embeddable":true,"href":"https:\/\/sandzakpress.net\/arhiva\/wp-json\/wp\/v2\/comments?post=19695"}],"version-history":[{"count":0,"href":"https:\/\/sandzakpress.net\/arhiva\/wp-json\/wp\/v2\/posts\/19695\/revisions"}],"wp:featuredmedia":[{"embeddable":true,"href":"https:\/\/sandzakpress.net\/arhiva\/wp-json\/wp\/v2\/media\/19696"}],"wp:attachment":[{"href":"https:\/\/sandzakpress.net\/arhiva\/wp-json\/wp\/v2\/media?parent=19695"}],"wp:term":[{"taxonomy":"category","embeddable":true,"href":"https:\/\/sandzakpress.net\/arhiva\/wp-json\/wp\/v2\/categories?post=19695"},{"taxonomy":"post_tag","embeddable":true,"href":"https:\/\/sandzakpress.net\/arhiva\/wp-json\/wp\/v2\/tags?post=19695"}],"curies":[{"name":"wp","href":"https:\/\/api.w.org\/{rel}","templated":true}]}}