{"id":196811,"date":"2017-10-14T13:46:41","date_gmt":"2017-10-14T11:46:41","guid":{"rendered":"https:\/\/sandzakpress.net\/arhiva\/je-li-moguca-vojna-neutralnost-republike-srpske"},"modified":"2017-10-14T13:46:41","modified_gmt":"2017-10-14T11:46:41","slug":"je-li-moguca-vojna-neutralnost-republike-srpske","status":"publish","type":"post","link":"https:\/\/sandzakpress.net\/arhiva\/je-li-moguca-vojna-neutralnost-republike-srpske\/","title":{"rendered":"Je li mogu\u0107a vojna neutralnost Republike Srpske"},"content":{"rendered":"<p><span class=\"cb-itemprop\"><\/p>\n<p><img decoding=\"async\" src=\"http:\/\/balkans.aljazeera.net\/sites\/default\/files\/styles\/d8\/public\/narodna_skupstina_rs_nsrs_promo_1.jpg?itok=hzWK7q7u\" \/><\/p>\n<p>Pred zastupnicima\u00a0<a href=\"http:\/\/balkans.aljazeera.net\/tema\/bih\">Narodne skup\u0161tine Republike Srpske<\/a>\u00a0(NSRS) 17. oktobra na\u0107i \u0107e se Prijedlog rezolucije o za\u0161titi ustavnog poretka i progla\u0161enju vojne neutralnosti tog bh. entiteta.<\/p>\n<p>Zastupnik koalicije Domovina u Narodnoj skup\u0161tini RS-a Admir \u010cavka tvrdi da je ta rezolucija \u010disto politikanstvo i da je on ne\u0107e podr\u017eati.<\/p>\n<p>\u201cU Parlamentarnoj skup\u0161tini Bosne i Hercegovine\u00a02005. godine donesena je odluka o MAP-u, za koju je tada glasao i SNSD. Tada je dogovoren put Bosne i Hercegovine\u00a0ka NATO-u. Tu cijela pri\u010da po\u010dinje i zavr\u0161ava. Ova rezolucija je \u010disto politikanstvo; ja u svoje ime govorim da je, naravno, ne\u0107u podr\u017eati. Jedini razlog \u0161to je uop\u0161te do\u0161lo do ove teme jest to \u0161to se poku\u0161ava skrenuti pa\u017enja s\u00a0klju\u010dnih tema s kojima se susre\u0107emo u RS-u: ljudi napu\u0161taju ovaj entitet, svake godine ostajemo bez 12.000 stanovnika, ekonomija nije stabilna\u2026 Mislim da ne postoji mehanizam da se put ka NATO-u sprije\u010di u pola dr\u017eave, to nije mogu\u0107e, a i znamo kako se odluke mijenjaju u Parlamentarnoj skup\u0161tini Bosne i Hercegovine\u201d, smatra \u010cavka.<\/p>\n<h4>NATO daje sigurnost<\/h4>\n<p>\u010cinjenica je, nastavlja \u010cavka, da su gotovo sve dr\u017eave u na\u0161em okru\u017eenju \u010dlanice NATO-a, a posljednja je i Crna Gora:<\/p>\n<p>\u201cMi moramo da budemo u NATO-u, jer nam daje sigurnost. Dakle, to je samo rezolucija i ona mo\u017ee ostati kao takva. \u010cujemo da se i Demokratski narodni savez (DNS) usprotivio rezoluciji, a znamo da bez te stranke nema ve\u0107ine u NSRS-u.\u201d<\/p>\n<p>Ipak, iz DNS-a isti\u010du da organi stranke jo\u0161 nisu zauzeli stav kad\u00a0je u pitanju rezolucija i\u00a0da \u0107e se o tome raspravljati u ponedjeljak na sjednici Kluba DNS-a.<\/p>\n<p>\u201cMi nismo potpisnici prijedloga rezolucije, potpisnici su SNSD, Socijalisti\u010dka partija i Slobodni demokratski srpski klub. Nismo potpisnici upravo zbog toga \u0161to smo imali odre\u0111ene primjedbe i \u0161to je mogu\u0107e da \u0107emo i\u0107i s nekim amandmanima\u201d, ka\u017ee za Al Jazeeru poslanica DNS-a iz Zvornika Spomenka Stevanovi\u0107.<\/p>\n<p>Miroslav Br\u010dkalo, \u0161ef Kluba Partije demokratskog progresa (PDP) u NSRS-u, ka\u017ee da je Dodik sam, kroz aktivaciju Akcijskog plana za \u010dlanstvo (MAP) 2005, nametnuo put ka NATO-u.<\/p>\n<p>\u201cOvo je nastavak avanturisti\u010dke politike g. Dodika. On nam je svojevremeno sam, kroz aktivaciju MAP-a, nametnuo ovaj put. To je suvi\u0161e ozbiljno pitanje i stav PDP-a je da to pitanje treba vezati za Srbiju. Ne treba prejudicirati stvari i rje\u0161enja vezano za tu temu. Za nas bi bilo nelogi\u010dno da Srbija ode nekim putem, a da mi ne budemo s njom na tom putu. Ovo nije nikakav strate\u0161ki potez ili koji je razmatran i donesen u pravom trenutku. Opozicija \u0107e narednih dana imati sastanak, a mo\u017eda \u0107emo, kako je g. Dragan \u010cavi\u0107 rekao, i mi predlo\u017eiti neke rezolucije\u201d, navodi Br\u010dkalo.<\/p>\n<h4>Dr\u017eavno pitanje<\/h4>\n<p>Delegat Kluba iz reda hrvatskog naroda u Vije\u0107u naroda Republike Srpske \u017deljko Stipi\u0107 smatra da se vojna neutralnost ne mo\u017ee proglasiti na jednom dijelu dr\u017eave.<\/p>\n<p>\u201cMislim da se to treba razmatrati na nivou Bosne i Hercegovine\u00a0i da je to dr\u017eavno pitanje. Kada taj prijedlog bude kod nas na stolu, u Vije\u0107u naroda,\u00a0inzistirat \u0107emo na vitalnom nacionalnom interesu, mada u Klubu Hrvata nemamo ve\u0107inu jer su ovdje uba\u010deni ljudi iz SNSD-a. Njih ne mo\u017eemo preglasati. To \u0107e biti burna sjednica i nadamo se da \u0107e Bo\u0161njaci pokrenuti vitalni nacionalni interes u Vije\u0107u naroda. U NSRS-u \u0107e tako\u0111er biti burno, a koalicija Domovina u proteklom periodu bila je malo nestabilna. Sada se stanje stabiliziralo\u201d, obja\u0161njava Stipi\u0107.<\/p>\n<p>\u0160ef Kluba zastupnika SNSD-a u NSRS-u Radovan Vi\u0161kovi\u0107 ka\u017ee da je ovdje rije\u010d o tome da Republika Srpska prati to \u0161to je uradila Srbija.<\/p>\n<p>\u201cO\u010dito da imate pogre\u0161ne informacije ili ne \u017eelite razumjeti situaciju. Ovdje se radi o tome da Republika Srpska prati to \u0161ta je uradila Srbija. Ta zemlja je isto donijela rezoluciju o vojnoj neutralnosti, u kojoj je previ\u0111eno da se, kada do\u0111e momenat za puno \u010dlanstvo u NATO savezu, gra\u0111ani o tome izjasne na referendumu. Prema tome, ovdje ni\u0161ta nije novo. Nekome smeta \u0161to sada o tome raspravlja Narodna skup\u0161tina kao najvi\u0161e zakonodavno tijelo. \u010cak je i opozicija u proteklih nekoliko godina davala izjave da \u0107e se RS pona\u0161ati onako kako se bude pona\u0161ala Srbija u slu\u010daju NATO-a. Gra\u0111ani RS-a \u0107e, kada to bude aktuelno, na referendumu re\u0107i da li \u017eele \u010dlanstvo u NATO-u ili ne\u201d, obja\u0161njava.<\/p>\n<p>Na pitanje smatra li da se na jednom dijelu teritorije neke dr\u017eave mo\u017ee proglasiti vojna neutralnost\u00a0Vi\u0161kovi\u0107 odgovara da RS ima toliko kapaciteta, mo\u0107i i ustavnih nadle\u017enosti\u00a0za takav poduhvat i\u00a0da po\u00a0Dejtonskom sporazumu\u00a0i Ustavu ima apsolutno pravo na to.<\/p>\n<h4>Promi\u0161ljeni potezi Milorada Dodika<\/h4>\n<p>Novinar i politi\u010dki analiti\u010dar Mladen Mirosavljevi\u0107 ka\u017ee da entitetski predsjednik Milorad Dodik\u00a0samo naizgled\u00a0pravi kontradiktorne poteze na politi\u010dkoj sceni, ali da su oni itekako promi\u0161ljeni.<\/p>\n<p>\u201cKako je kooperativan kada osjeti da mu prijeti politi\u010dka opasnost iz me\u0111unarodnih centara mo\u0107i, tako postaje izuzetno nekooperativan kada osjeti da je momenat da su ti centri mo\u0107i zabavljeni drugim doga\u0111ajima, na nekoj drugoj strani, i onda \u2018digne glavu\u2019\u00a0i po\u010dne se ko\u010doperiti koriste\u0107i to, naravno, prvenstveno za unutra\u0161njopoliti\u010dku upotrebu i predstoje\u0107e izbore. Isti slu\u010daj je sa raznoraznim rezolucijama u entitetskoj Skup\u0161tini, koja uglavnom slu\u017ei za manipulisanje politi\u010dkim interesima, prije svega vladaju\u0107e koalicije i Dodika li\u010dno. To \u0107e se pokazati i u ovom slu\u010daju. Ako NATO, a prije svega SAD, zaista po\u017eele da formalizuju\u00a0\u010dlanstvo Bosne i Hercegovine\u00a0u NATO-u, to \u0107e se i dogoditi, a Dodik \u0107e postati politi\u010dka pro\u0161lost. Ili \u0107e prona\u0107i opravdanje za\u0161to \u0107e se prikloniti \u010dlanstvu u NATO-u. Sve ostalo je nebitno\u201d, isti\u010de Mirosavljevi\u0107.<\/p>\n<p>Dodaje da se vojna neutralnost mo\u017ee proglasiti na jednom dijelu teritorije, ali da je pitanje koliko je u tom slu\u010daju validna.<\/p>\n<p>\u201cDa li \u0107e to zna\u010diti, recimo, da \u0107e Federacija Bosne i Hercegovine\u00a0biti u NATO-u, a Republika Srpska \u0107e se prikloniti Rusiji i u njoj \u0107e biti ruski interes pod krinkom vojne neutralnosti? Te\u0161ko,\u00a0i u to niko ne bi mogao povjerovati, a kamoli da to profunkcioni\u0161e u praksi. Dakle, pri\u010da je u realnosti besmislena.\u201d<\/p>\n<p>U Bosni i Hercegovini, nastavlja Mirosavljevi\u0107, stalno se \u0161pekulira o ustavnim promjenama\u00a0ispostavljanjem lista \u017eelja zainteresovanih stranaka.<\/p>\n<p>\u201cBilo kakvo otvaranje pitanja ustavnih promjena, bez saglasnosti svih relevantnih strana u dr\u017eavi, nije mogu\u0107e provesti u praksi. Pogotovo nije mogu\u0107e bilo kakvim rezolucijama.\u201d<\/p>\n<p>Zaklju\u010duje da su to samo igre za pridobijanje glasa\u010da i ni\u0161ta drugo, te da u Republici Srpskoj jednostavno ne postoji kapacitet bilo koje vrste da se bilo kakva rezolucija provede u djelo\u00a0ako o tome ne postoji konsenzus najva\u017enijih me\u0111unarodnih centara mo\u0107i.<\/p>\n<p><em>Izvor: Al Jazeera<\/em><\/p>\n<p><\/span><br \/>\nPogledajte vijest na izvornom sajtu:<\/p>\n<p><a href=\"http:\/\/bosnapress.net\/je-li-moguca-vojna-neutralnost-republike-srpske\/\" target=\"_blank\">Je li mogu\u0107a vojna neutralnost Republike Srpske<\/a><\/p>\n","protected":false},"excerpt":{"rendered":"<p>Pred zastupnicima\u00a0Narodne skup\u0161tine Republike Srpske\u00a0(NSRS) 17. oktobra na\u0107i \u0107e se Prijedlog rezolucije o za\u0161titi ustavnog poretka i progla\u0161enju vojne neutralnosti tog bh. entiteta. Zastupnik koalicije Domovina u Narodnoj skup\u0161tini RS-a Admir \u010cavka tvrdi da je ta rezolucija \u010disto politikanstvo i da je on ne\u0107e podr\u017eati. \u201cU Parlamentarnoj skup\u0161tini Bosne i Hercegovine\u00a02005. godine donesena je odluka [&hellip;]<\/p>\n","protected":false},"author":83,"featured_media":196812,"comment_status":"open","ping_status":"open","sticky":false,"template":"","format":"standard","meta":{"footnotes":""},"categories":[10513],"tags":[10466],"class_list":{"0":"post-196811","1":"post","2":"type-post","3":"status-publish","4":"format-standard","5":"has-post-thumbnail","7":"category-bosna-press","8":"tag-bosna-i-hercegovina"},"yoast_head":"<!-- This site is optimized with the Yoast SEO Premium plugin v23.1 (Yoast SEO v24.9) - https:\/\/yoast.com\/wordpress\/plugins\/seo\/ -->\n<title>Je li mogu\u0107a vojna neutralnost Republike Srpske<\/title>\n<meta name=\"robots\" content=\"index, follow, max-snippet:-1, max-image-preview:large, max-video-preview:-1\" \/>\n<link rel=\"canonical\" href=\"https:\/\/sandzakpress.net\/arhiva\/je-li-moguca-vojna-neutralnost-republike-srpske\/\" \/>\n<meta property=\"og:locale\" content=\"bs_BA\" \/>\n<meta property=\"og:type\" content=\"article\" \/>\n<meta property=\"og:title\" content=\"Je li mogu\u0107a vojna neutralnost Republike Srpske\" \/>\n<meta property=\"og:description\" content=\"Pred zastupnicima\u00a0Narodne skup\u0161tine Republike Srpske\u00a0(NSRS) 17. oktobra na\u0107i \u0107e se Prijedlog rezolucije o za\u0161titi ustavnog poretka i progla\u0161enju vojne neutralnosti tog bh. entiteta. Zastupnik koalicije Domovina u Narodnoj skup\u0161tini RS-a Admir \u010cavka tvrdi da je ta rezolucija \u010disto politikanstvo i da je on ne\u0107e podr\u017eati. \u201cU Parlamentarnoj skup\u0161tini Bosne i Hercegovine\u00a02005. godine donesena je odluka [&hellip;]\" \/>\n<meta property=\"og:url\" content=\"https:\/\/sandzakpress.net\/arhiva\/je-li-moguca-vojna-neutralnost-republike-srpske\/\" \/>\n<meta property=\"og:site_name\" content=\"Sand\u017eak PRESS\" \/>\n<meta property=\"article:published_time\" content=\"2017-10-14T11:46:41+00:00\" \/>\n<meta property=\"og:image\" content=\"https:\/\/sandzakpress.net\/arhiva\/wp-content\/uploads\/2017\/10\/narodna_skupstina_rs_nsrs_promo_1.jpg\" \/>\n\t<meta property=\"og:image:width\" content=\"770\" \/>\n\t<meta property=\"og:image:height\" content=\"433\" \/>\n\t<meta property=\"og:image:type\" content=\"image\/jpeg\" \/>\n<meta name=\"author\" content=\"bosniak\" \/>\n<meta name=\"twitter:card\" content=\"summary_large_image\" \/>\n<meta name=\"twitter:label1\" content=\"Written by\" \/>\n\t<meta name=\"twitter:data1\" content=\"bosniak\" \/>\n\t<meta name=\"twitter:label2\" content=\"Est. reading time\" \/>\n\t<meta name=\"twitter:data2\" content=\"6 minuta\" \/>\n<script type=\"application\/ld+json\" class=\"yoast-schema-graph\">{\"@context\":\"https:\/\/schema.org\",\"@graph\":[{\"@type\":\"Article\",\"@id\":\"https:\/\/sandzakpress.net\/arhiva\/je-li-moguca-vojna-neutralnost-republike-srpske\/#article\",\"isPartOf\":{\"@id\":\"https:\/\/sandzakpress.net\/arhiva\/je-li-moguca-vojna-neutralnost-republike-srpske\/\"},\"author\":{\"name\":\"bosniak\",\"@id\":\"https:\/\/sandzakpress.net\/arhiva\/#\/schema\/person\/c8baee722073534b583ea7bdb2e36c02\"},\"headline\":\"Je li mogu\u0107a vojna neutralnost Republike Srpske\",\"datePublished\":\"2017-10-14T11:46:41+00:00\",\"mainEntityOfPage\":{\"@id\":\"https:\/\/sandzakpress.net\/arhiva\/je-li-moguca-vojna-neutralnost-republike-srpske\/\"},\"wordCount\":1193,\"commentCount\":0,\"publisher\":{\"@id\":\"https:\/\/sandzakpress.net\/arhiva\/#\/schema\/person\/6e72b67d6e51910a1117b3b483ba20bd\"},\"image\":{\"@id\":\"https:\/\/sandzakpress.net\/arhiva\/je-li-moguca-vojna-neutralnost-republike-srpske\/#primaryimage\"},\"thumbnailUrl\":\"https:\/\/sandzakpress.net\/arhiva\/wp-content\/uploads\/2017\/10\/narodna_skupstina_rs_nsrs_promo_1.jpg\",\"keywords\":[\"Bosna i Hercegovina\"],\"articleSection\":[\"Bosna PRESS\"],\"inLanguage\":\"bs-BA\",\"potentialAction\":[{\"@type\":\"CommentAction\",\"name\":\"Comment\",\"target\":[\"https:\/\/sandzakpress.net\/arhiva\/je-li-moguca-vojna-neutralnost-republike-srpske\/#respond\"]}]},{\"@type\":\"WebPage\",\"@id\":\"https:\/\/sandzakpress.net\/arhiva\/je-li-moguca-vojna-neutralnost-republike-srpske\/\",\"url\":\"https:\/\/sandzakpress.net\/arhiva\/je-li-moguca-vojna-neutralnost-republike-srpske\/\",\"name\":\"Je li mogu\u0107a vojna neutralnost Republike Srpske\",\"isPartOf\":{\"@id\":\"https:\/\/sandzakpress.net\/arhiva\/#website\"},\"primaryImageOfPage\":{\"@id\":\"https:\/\/sandzakpress.net\/arhiva\/je-li-moguca-vojna-neutralnost-republike-srpske\/#primaryimage\"},\"image\":{\"@id\":\"https:\/\/sandzakpress.net\/arhiva\/je-li-moguca-vojna-neutralnost-republike-srpske\/#primaryimage\"},\"thumbnailUrl\":\"https:\/\/sandzakpress.net\/arhiva\/wp-content\/uploads\/2017\/10\/narodna_skupstina_rs_nsrs_promo_1.jpg\",\"datePublished\":\"2017-10-14T11:46:41+00:00\",\"breadcrumb\":{\"@id\":\"https:\/\/sandzakpress.net\/arhiva\/je-li-moguca-vojna-neutralnost-republike-srpske\/#breadcrumb\"},\"inLanguage\":\"bs-BA\",\"potentialAction\":[{\"@type\":\"ReadAction\",\"target\":[\"https:\/\/sandzakpress.net\/arhiva\/je-li-moguca-vojna-neutralnost-republike-srpske\/\"]}]},{\"@type\":\"ImageObject\",\"inLanguage\":\"bs-BA\",\"@id\":\"https:\/\/sandzakpress.net\/arhiva\/je-li-moguca-vojna-neutralnost-republike-srpske\/#primaryimage\",\"url\":\"https:\/\/sandzakpress.net\/arhiva\/wp-content\/uploads\/2017\/10\/narodna_skupstina_rs_nsrs_promo_1.jpg\",\"contentUrl\":\"https:\/\/sandzakpress.net\/arhiva\/wp-content\/uploads\/2017\/10\/narodna_skupstina_rs_nsrs_promo_1.jpg\",\"width\":770,\"height\":433},{\"@type\":\"BreadcrumbList\",\"@id\":\"https:\/\/sandzakpress.net\/arhiva\/je-li-moguca-vojna-neutralnost-republike-srpske\/#breadcrumb\",\"itemListElement\":[{\"@type\":\"ListItem\",\"position\":1,\"name\":\"Home\",\"item\":\"https:\/\/sandzakpress.net\/arhiva\/\"},{\"@type\":\"ListItem\",\"position\":2,\"name\":\"Je li mogu\u0107a vojna neutralnost Republike Srpske\"}]},{\"@type\":\"WebSite\",\"@id\":\"https:\/\/sandzakpress.net\/arhiva\/#website\",\"url\":\"https:\/\/sandzakpress.net\/arhiva\/\",\"name\":\"Sand\u017eak PRESS\",\"description\":\"Prve elektronske novine u Sand\u017eaku\",\"publisher\":{\"@id\":\"https:\/\/sandzakpress.net\/arhiva\/#\/schema\/person\/6e72b67d6e51910a1117b3b483ba20bd\"},\"potentialAction\":[{\"@type\":\"SearchAction\",\"target\":{\"@type\":\"EntryPoint\",\"urlTemplate\":\"https:\/\/sandzakpress.net\/arhiva\/?s={search_term_string}\"},\"query-input\":{\"@type\":\"PropertyValueSpecification\",\"valueRequired\":true,\"valueName\":\"search_term_string\"}}],\"inLanguage\":\"bs-BA\"},{\"@type\":[\"Person\",\"Organization\"],\"@id\":\"https:\/\/sandzakpress.net\/arhiva\/#\/schema\/person\/6e72b67d6e51910a1117b3b483ba20bd\",\"name\":\"Kul\",\"image\":{\"@type\":\"ImageObject\",\"inLanguage\":\"bs-BA\",\"@id\":\"https:\/\/sandzakpress.net\/arhiva\/#\/schema\/person\/image\/\",\"url\":\"https:\/\/secure.gravatar.com\/avatar\/42263f39aa27ac04c43cab85c280eb2e?s=96&d=mm&r=pg\",\"contentUrl\":\"https:\/\/secure.gravatar.com\/avatar\/42263f39aa27ac04c43cab85c280eb2e?s=96&d=mm&r=pg\",\"caption\":\"Kul\"},\"logo\":{\"@id\":\"https:\/\/sandzakpress.net\/arhiva\/#\/schema\/person\/image\/\"}},{\"@type\":\"Person\",\"@id\":\"https:\/\/sandzakpress.net\/arhiva\/#\/schema\/person\/c8baee722073534b583ea7bdb2e36c02\",\"name\":\"bosniak\",\"image\":{\"@type\":\"ImageObject\",\"inLanguage\":\"bs-BA\",\"@id\":\"https:\/\/sandzakpress.net\/arhiva\/#\/schema\/person\/image\/\",\"url\":\"https:\/\/secure.gravatar.com\/avatar\/a04fd330bfe3a36a72a0ad4a6d89fca7?s=96&d=mm&r=pg\",\"contentUrl\":\"https:\/\/secure.gravatar.com\/avatar\/a04fd330bfe3a36a72a0ad4a6d89fca7?s=96&d=mm&r=pg\",\"caption\":\"bosniak\"},\"url\":\"https:\/\/sandzakpress.net\/arhiva\/author\/bosniak\/\"}]}<\/script>\n<!-- \/ Yoast SEO Premium plugin. -->","yoast_head_json":{"title":"Je li mogu\u0107a vojna neutralnost Republike Srpske","robots":{"index":"index","follow":"follow","max-snippet":"max-snippet:-1","max-image-preview":"max-image-preview:large","max-video-preview":"max-video-preview:-1"},"canonical":"https:\/\/sandzakpress.net\/arhiva\/je-li-moguca-vojna-neutralnost-republike-srpske\/","og_locale":"bs_BA","og_type":"article","og_title":"Je li mogu\u0107a vojna neutralnost Republike Srpske","og_description":"Pred zastupnicima\u00a0Narodne skup\u0161tine Republike Srpske\u00a0(NSRS) 17. oktobra na\u0107i \u0107e se Prijedlog rezolucije o za\u0161titi ustavnog poretka i progla\u0161enju vojne neutralnosti tog bh. entiteta. Zastupnik koalicije Domovina u Narodnoj skup\u0161tini RS-a Admir \u010cavka tvrdi da je ta rezolucija \u010disto politikanstvo i da je on ne\u0107e podr\u017eati. \u201cU Parlamentarnoj skup\u0161tini Bosne i Hercegovine\u00a02005. godine donesena je odluka [&hellip;]","og_url":"https:\/\/sandzakpress.net\/arhiva\/je-li-moguca-vojna-neutralnost-republike-srpske\/","og_site_name":"Sand\u017eak PRESS","article_published_time":"2017-10-14T11:46:41+00:00","og_image":[{"width":770,"height":433,"url":"https:\/\/sandzakpress.net\/arhiva\/wp-content\/uploads\/2017\/10\/narodna_skupstina_rs_nsrs_promo_1.jpg","type":"image\/jpeg"}],"author":"bosniak","twitter_card":"summary_large_image","twitter_misc":{"Written by":"bosniak","Est. reading time":"6 minuta"},"schema":{"@context":"https:\/\/schema.org","@graph":[{"@type":"Article","@id":"https:\/\/sandzakpress.net\/arhiva\/je-li-moguca-vojna-neutralnost-republike-srpske\/#article","isPartOf":{"@id":"https:\/\/sandzakpress.net\/arhiva\/je-li-moguca-vojna-neutralnost-republike-srpske\/"},"author":{"name":"bosniak","@id":"https:\/\/sandzakpress.net\/arhiva\/#\/schema\/person\/c8baee722073534b583ea7bdb2e36c02"},"headline":"Je li mogu\u0107a vojna neutralnost Republike Srpske","datePublished":"2017-10-14T11:46:41+00:00","mainEntityOfPage":{"@id":"https:\/\/sandzakpress.net\/arhiva\/je-li-moguca-vojna-neutralnost-republike-srpske\/"},"wordCount":1193,"commentCount":0,"publisher":{"@id":"https:\/\/sandzakpress.net\/arhiva\/#\/schema\/person\/6e72b67d6e51910a1117b3b483ba20bd"},"image":{"@id":"https:\/\/sandzakpress.net\/arhiva\/je-li-moguca-vojna-neutralnost-republike-srpske\/#primaryimage"},"thumbnailUrl":"https:\/\/sandzakpress.net\/arhiva\/wp-content\/uploads\/2017\/10\/narodna_skupstina_rs_nsrs_promo_1.jpg","keywords":["Bosna i Hercegovina"],"articleSection":["Bosna PRESS"],"inLanguage":"bs-BA","potentialAction":[{"@type":"CommentAction","name":"Comment","target":["https:\/\/sandzakpress.net\/arhiva\/je-li-moguca-vojna-neutralnost-republike-srpske\/#respond"]}]},{"@type":"WebPage","@id":"https:\/\/sandzakpress.net\/arhiva\/je-li-moguca-vojna-neutralnost-republike-srpske\/","url":"https:\/\/sandzakpress.net\/arhiva\/je-li-moguca-vojna-neutralnost-republike-srpske\/","name":"Je li mogu\u0107a vojna neutralnost Republike Srpske","isPartOf":{"@id":"https:\/\/sandzakpress.net\/arhiva\/#website"},"primaryImageOfPage":{"@id":"https:\/\/sandzakpress.net\/arhiva\/je-li-moguca-vojna-neutralnost-republike-srpske\/#primaryimage"},"image":{"@id":"https:\/\/sandzakpress.net\/arhiva\/je-li-moguca-vojna-neutralnost-republike-srpske\/#primaryimage"},"thumbnailUrl":"https:\/\/sandzakpress.net\/arhiva\/wp-content\/uploads\/2017\/10\/narodna_skupstina_rs_nsrs_promo_1.jpg","datePublished":"2017-10-14T11:46:41+00:00","breadcrumb":{"@id":"https:\/\/sandzakpress.net\/arhiva\/je-li-moguca-vojna-neutralnost-republike-srpske\/#breadcrumb"},"inLanguage":"bs-BA","potentialAction":[{"@type":"ReadAction","target":["https:\/\/sandzakpress.net\/arhiva\/je-li-moguca-vojna-neutralnost-republike-srpske\/"]}]},{"@type":"ImageObject","inLanguage":"bs-BA","@id":"https:\/\/sandzakpress.net\/arhiva\/je-li-moguca-vojna-neutralnost-republike-srpske\/#primaryimage","url":"https:\/\/sandzakpress.net\/arhiva\/wp-content\/uploads\/2017\/10\/narodna_skupstina_rs_nsrs_promo_1.jpg","contentUrl":"https:\/\/sandzakpress.net\/arhiva\/wp-content\/uploads\/2017\/10\/narodna_skupstina_rs_nsrs_promo_1.jpg","width":770,"height":433},{"@type":"BreadcrumbList","@id":"https:\/\/sandzakpress.net\/arhiva\/je-li-moguca-vojna-neutralnost-republike-srpske\/#breadcrumb","itemListElement":[{"@type":"ListItem","position":1,"name":"Home","item":"https:\/\/sandzakpress.net\/arhiva\/"},{"@type":"ListItem","position":2,"name":"Je li mogu\u0107a vojna neutralnost Republike Srpske"}]},{"@type":"WebSite","@id":"https:\/\/sandzakpress.net\/arhiva\/#website","url":"https:\/\/sandzakpress.net\/arhiva\/","name":"Sand\u017eak PRESS","description":"Prve elektronske novine u Sand\u017eaku","publisher":{"@id":"https:\/\/sandzakpress.net\/arhiva\/#\/schema\/person\/6e72b67d6e51910a1117b3b483ba20bd"},"potentialAction":[{"@type":"SearchAction","target":{"@type":"EntryPoint","urlTemplate":"https:\/\/sandzakpress.net\/arhiva\/?s={search_term_string}"},"query-input":{"@type":"PropertyValueSpecification","valueRequired":true,"valueName":"search_term_string"}}],"inLanguage":"bs-BA"},{"@type":["Person","Organization"],"@id":"https:\/\/sandzakpress.net\/arhiva\/#\/schema\/person\/6e72b67d6e51910a1117b3b483ba20bd","name":"Kul","image":{"@type":"ImageObject","inLanguage":"bs-BA","@id":"https:\/\/sandzakpress.net\/arhiva\/#\/schema\/person\/image\/","url":"https:\/\/secure.gravatar.com\/avatar\/42263f39aa27ac04c43cab85c280eb2e?s=96&d=mm&r=pg","contentUrl":"https:\/\/secure.gravatar.com\/avatar\/42263f39aa27ac04c43cab85c280eb2e?s=96&d=mm&r=pg","caption":"Kul"},"logo":{"@id":"https:\/\/sandzakpress.net\/arhiva\/#\/schema\/person\/image\/"}},{"@type":"Person","@id":"https:\/\/sandzakpress.net\/arhiva\/#\/schema\/person\/c8baee722073534b583ea7bdb2e36c02","name":"bosniak","image":{"@type":"ImageObject","inLanguage":"bs-BA","@id":"https:\/\/sandzakpress.net\/arhiva\/#\/schema\/person\/image\/","url":"https:\/\/secure.gravatar.com\/avatar\/a04fd330bfe3a36a72a0ad4a6d89fca7?s=96&d=mm&r=pg","contentUrl":"https:\/\/secure.gravatar.com\/avatar\/a04fd330bfe3a36a72a0ad4a6d89fca7?s=96&d=mm&r=pg","caption":"bosniak"},"url":"https:\/\/sandzakpress.net\/arhiva\/author\/bosniak\/"}]}},"_links":{"self":[{"href":"https:\/\/sandzakpress.net\/arhiva\/wp-json\/wp\/v2\/posts\/196811"}],"collection":[{"href":"https:\/\/sandzakpress.net\/arhiva\/wp-json\/wp\/v2\/posts"}],"about":[{"href":"https:\/\/sandzakpress.net\/arhiva\/wp-json\/wp\/v2\/types\/post"}],"author":[{"embeddable":true,"href":"https:\/\/sandzakpress.net\/arhiva\/wp-json\/wp\/v2\/users\/83"}],"replies":[{"embeddable":true,"href":"https:\/\/sandzakpress.net\/arhiva\/wp-json\/wp\/v2\/comments?post=196811"}],"version-history":[{"count":0,"href":"https:\/\/sandzakpress.net\/arhiva\/wp-json\/wp\/v2\/posts\/196811\/revisions"}],"wp:featuredmedia":[{"embeddable":true,"href":"https:\/\/sandzakpress.net\/arhiva\/wp-json\/wp\/v2\/media\/196812"}],"wp:attachment":[{"href":"https:\/\/sandzakpress.net\/arhiva\/wp-json\/wp\/v2\/media?parent=196811"}],"wp:term":[{"taxonomy":"category","embeddable":true,"href":"https:\/\/sandzakpress.net\/arhiva\/wp-json\/wp\/v2\/categories?post=196811"},{"taxonomy":"post_tag","embeddable":true,"href":"https:\/\/sandzakpress.net\/arhiva\/wp-json\/wp\/v2\/tags?post=196811"}],"curies":[{"name":"wp","href":"https:\/\/api.w.org\/{rel}","templated":true}]}}