{"id":196478,"date":"2017-10-11T00:02:45","date_gmt":"2017-10-10T22:02:45","guid":{"rendered":"https:\/\/sandzakpress.net\/arhiva\/?p=196478"},"modified":"2017-10-11T10:45:04","modified_gmt":"2017-10-11T08:45:04","slug":"cirkus-dacic-pjevao-erdoganu-jusufspahic-bacao-pare-video","status":"publish","type":"post","link":"https:\/\/sandzakpress.net\/arhiva\/cirkus-dacic-pjevao-erdoganu-jusufspahic-bacao-pare-video\/","title":{"rendered":"CIRKUS &#8211; Da\u010di\u0107 pjevao Erdoganu, Jusufspahi\u0107 bacao pare (Video)"},"content":{"rendered":"<p><img loading=\"lazy\" decoding=\"async\" class=\"alignnone size-large wp-image-196479\" src=\"https:\/\/sandzakpress.net\/arhiva\/wp-content\/uploads\/2017\/10\/e5d64efc-e276-4e4a-bf10-349d4fb36ad9-616x346.jpg\" alt=\"\" width=\"616\" height=\"346\" srcset=\"https:\/\/sandzakpress.net\/arhiva\/wp-content\/uploads\/2017\/10\/e5d64efc-e276-4e4a-bf10-349d4fb36ad9-616x346.jpg 616w, https:\/\/sandzakpress.net\/arhiva\/wp-content\/uploads\/2017\/10\/e5d64efc-e276-4e4a-bf10-349d4fb36ad9-768x432.jpg 768w, https:\/\/sandzakpress.net\/arhiva\/wp-content\/uploads\/2017\/10\/e5d64efc-e276-4e4a-bf10-349d4fb36ad9.jpg 1334w\" sizes=\"(max-width: 616px) 100vw, 616px\" \/><\/p>\n<p><strong>Prvo je zapjevao &#8220;Miljacku&#8221;, od Halida Be\u0161li\u0107a, a sigurno je bio zadovoljan dobijenim bak\u0161i\u0161om.<\/strong><\/p>\n<p>Sve\u010danoj ve\u010deri koju je predsjednik Srbije, Aleksandar Vu\u010di\u0107 organizovao u \u010dast dolaska Red\u017eepa Erdogana u Beograd, prisustvovao je i ministar spoljnih poslova, Ivica Da\u010di\u0107.<\/p>\n<p>On se kao pravi doma\u0107in, potrudio da se gosti u Domu Garde, osje\u0107aju prijatno, pa se i mikrofon na\u0161ao u njegovim rukama.<\/p>\n<p><img decoding=\"async\" src=\"https:\/\/xdn.tf.rs\/2017\/10\/10\/dacic-620x350.jpg\" \/><\/p>\n<p>Prvo je zapjevao &#8220;Miljacku&#8221;, od Halida Be\u0161li\u0107a, a njegovim izvo\u0111enjem bio je odu\u0161evljen i Jusufspahi\u0107, koji mu je pri\u0161ao i dao bak\u0161i\u0161.<\/p>\n<p>Nakon toga, Da\u010di\u0107 je zapjevao i pjesmu koja se do sada nije na\u0161la na njegovom repertoaru &#8220;Osman aga&#8221;, za koju je dobio aplauze.<\/p>\n<p>Pogledajte kako je Da\u010di\u0107 otpjevao poznate pjesme za koje je dobio i bak\u0161i\u0161:<\/p>\n<p><iframe loading=\"lazy\" src=\"http:\/\/www.telegraf.rs\/livestreampage\/iframe-web?video_id=4912&amp;nsfw=0&amp;video_url_mp4=http:\/\/now.tf.rs\/2017\/10\/10\/1010_Dacic_pjeva_baksis\/1010_Dacic_pjeva_baksis.mp4&amp;video_url_hls=http:\/\/now.tf.rs\/2017\/10\/10\/1010_Dacic_pjeva_baksis\/1010_Dacic_pjeva_baksis.m3u8&amp;thumb=http:\/\/now.tf.rs\/thumbs\/2017\/10\/10\/1010_Dacic_pjeva_baksis\/1010_Dacic_pjeva_baksis2.jpg&amp;video_title=Ministar Da\u010di\u0107 dobio bak\u0161i\u0161 za pesmu od Muftije\" width=\"620\" height=\"350\" frameborder=\"0\" scrolling=\"no\" allowfullscreen=\"allowfullscreen\"><\/iframe><\/p>\n<div class=\"embeddedContent video\"><iframe loading=\"lazy\" class=\"ams_webtv \" src=\"http:\/\/www.adriamedia.tv\/embed_player.php?media_id=95078&amp;title=1\" width=\"600\" height=\"350\" allowfullscreen=\"allowfullscreen\" data-mce-fragment=\"1\"><\/iframe><\/div>\n<blockquote class=\"twitter-video\" data-lang=\"en\">\n<p dir=\"ltr\" lang=\"tr\">S\u0131rbistan Ba\u015fbakan\u0131 Ivitsa Da\u010di\u0107\u2019in yorumuyla Osman Aga. <a href=\"https:\/\/twitter.com\/hashtag\/Erdo%C4%9Fan?src=hash&amp;ref_src=twsrc%5Etfw\">#Erdo\u011fan<\/a> <a href=\"https:\/\/twitter.com\/hashtag\/Serbia?src=hash&amp;ref_src=twsrc%5Etfw\">#Serbia<\/a> <a href=\"https:\/\/twitter.com\/hashtag\/Turkey?src=hash&amp;ref_src=twsrc%5Etfw\">#Turkey<\/a> <a href=\"https:\/\/t.co\/mWx8Z13rcB\">pic.twitter.com\/mWx8Z13rcB<\/a><\/p>\n<p>\u2014 Murat KINACI (@kinacimurat) <a href=\"https:\/\/twitter.com\/kinacimurat\/status\/917849935889956864?ref_src=twsrc%5Etfw\">October 10, 2017<\/a><\/p><\/blockquote>\n<p><script async src=\"\/\/platform.twitter.com\/widgets.js\" charset=\"utf-8\"><\/script><\/p>\n<p>(telegraf.rs)<\/p>\n","protected":false},"excerpt":{"rendered":"<p>Prvo je zapjevao &#8220;Miljacku&#8221;, od Halida Be\u0161li\u0107a, a sigurno je bio zadovoljan dobijenim bak\u0161i\u0161om. Sve\u010danoj ve\u010deri koju je predsjednik Srbije, Aleksandar Vu\u010di\u0107 organizovao u \u010dast dolaska Red\u017eepa Erdogana u Beograd, prisustvovao je i ministar spoljnih poslova, Ivica Da\u010di\u0107. On se kao pravi doma\u0107in, potrudio da se gosti u Domu Garde, osje\u0107aju prijatno, pa se i [&hellip;]<\/p>\n","protected":false},"author":501,"featured_media":196479,"comment_status":"open","ping_status":"open","sticky":false,"template":"","format":"standard","meta":{"footnotes":""},"categories":[1,10307,8957,798,2692],"tags":[],"class_list":{"0":"post-196478","1":"post","2":"type-post","3":"status-publish","4":"format-standard","5":"has-post-thumbnail","7":"category-politika","8":"category-srbija","9":"category-vijesti-dana","10":"category-teme","11":"category-turska-gradovi"},"yoast_head":"<!-- This site is optimized with the Yoast SEO Premium plugin v23.1 (Yoast SEO v24.9) - https:\/\/yoast.com\/wordpress\/plugins\/seo\/ -->\n<title>CIRKUS - Da\u010di\u0107 pjevao Erdoganu, Jusufspahi\u0107 bacao pare (Video)<\/title>\n<meta name=\"robots\" content=\"index, follow, max-snippet:-1, max-image-preview:large, max-video-preview:-1\" \/>\n<link rel=\"canonical\" href=\"https:\/\/sandzakpress.net\/arhiva\/cirkus-dacic-pjevao-erdoganu-jusufspahic-bacao-pare-video\/\" \/>\n<meta property=\"og:locale\" content=\"bs_BA\" \/>\n<meta property=\"og:type\" content=\"article\" \/>\n<meta property=\"og:title\" content=\"CIRKUS - Da\u010di\u0107 pjevao Erdoganu, Jusufspahi\u0107 bacao pare (Video)\" \/>\n<meta property=\"og:description\" content=\"Prvo je zapjevao &#8220;Miljacku&#8221;, od Halida Be\u0161li\u0107a, a sigurno je bio zadovoljan dobijenim bak\u0161i\u0161om. Sve\u010danoj ve\u010deri koju je predsjednik Srbije, Aleksandar Vu\u010di\u0107 organizovao u \u010dast dolaska Red\u017eepa Erdogana u Beograd, prisustvovao je i ministar spoljnih poslova, Ivica Da\u010di\u0107. On se kao pravi doma\u0107in, potrudio da se gosti u Domu Garde, osje\u0107aju prijatno, pa se i [&hellip;]\" \/>\n<meta property=\"og:url\" content=\"https:\/\/sandzakpress.net\/arhiva\/cirkus-dacic-pjevao-erdoganu-jusufspahic-bacao-pare-video\/\" \/>\n<meta property=\"og:site_name\" content=\"Sand\u017eak PRESS\" \/>\n<meta property=\"article:published_time\" content=\"2017-10-10T22:02:45+00:00\" \/>\n<meta property=\"article:modified_time\" content=\"2017-10-11T08:45:04+00:00\" \/>\n<meta property=\"og:image\" content=\"https:\/\/sandzakpress.net\/arhiva\/wp-content\/uploads\/2017\/10\/e5d64efc-e276-4e4a-bf10-349d4fb36ad9.jpg\" \/>\n\t<meta property=\"og:image:width\" content=\"1334\" \/>\n\t<meta property=\"og:image:height\" content=\"750\" \/>\n\t<meta property=\"og:image:type\" content=\"image\/jpeg\" \/>\n<meta name=\"author\" content=\"SM\" \/>\n<meta name=\"twitter:card\" content=\"summary_large_image\" \/>\n<meta name=\"twitter:label1\" content=\"Written by\" \/>\n\t<meta name=\"twitter:data1\" content=\"SM\" \/>\n\t<meta name=\"twitter:label2\" content=\"Est. reading time\" \/>\n\t<meta name=\"twitter:data2\" content=\"1 minuta\" \/>\n<script type=\"application\/ld+json\" class=\"yoast-schema-graph\">{\"@context\":\"https:\/\/schema.org\",\"@graph\":[{\"@type\":\"Article\",\"@id\":\"https:\/\/sandzakpress.net\/arhiva\/cirkus-dacic-pjevao-erdoganu-jusufspahic-bacao-pare-video\/#article\",\"isPartOf\":{\"@id\":\"https:\/\/sandzakpress.net\/arhiva\/cirkus-dacic-pjevao-erdoganu-jusufspahic-bacao-pare-video\/\"},\"author\":{\"name\":\"SM\",\"@id\":\"https:\/\/sandzakpress.net\/arhiva\/#\/schema\/person\/32f63b6bc693126333e4b1d8cccb52ac\"},\"headline\":\"CIRKUS &#8211; Da\u010di\u0107 pjevao Erdoganu, Jusufspahi\u0107 bacao pare (Video)\",\"datePublished\":\"2017-10-10T22:02:45+00:00\",\"dateModified\":\"2017-10-11T08:45:04+00:00\",\"mainEntityOfPage\":{\"@id\":\"https:\/\/sandzakpress.net\/arhiva\/cirkus-dacic-pjevao-erdoganu-jusufspahic-bacao-pare-video\/\"},\"wordCount\":177,\"commentCount\":34,\"publisher\":{\"@id\":\"https:\/\/sandzakpress.net\/arhiva\/#\/schema\/person\/6e72b67d6e51910a1117b3b483ba20bd\"},\"image\":{\"@id\":\"https:\/\/sandzakpress.net\/arhiva\/cirkus-dacic-pjevao-erdoganu-jusufspahic-bacao-pare-video\/#primaryimage\"},\"thumbnailUrl\":\"https:\/\/sandzakpress.net\/arhiva\/wp-content\/uploads\/2017\/10\/e5d64efc-e276-4e4a-bf10-349d4fb36ad9.jpg\",\"articleSection\":[\"Politika\",\"Srbija\",\"VIJESTI DANA\",\"NAJNOVIJE\",\"Turska\"],\"inLanguage\":\"bs-BA\",\"potentialAction\":[{\"@type\":\"CommentAction\",\"name\":\"Comment\",\"target\":[\"https:\/\/sandzakpress.net\/arhiva\/cirkus-dacic-pjevao-erdoganu-jusufspahic-bacao-pare-video\/#respond\"]}]},{\"@type\":\"WebPage\",\"@id\":\"https:\/\/sandzakpress.net\/arhiva\/cirkus-dacic-pjevao-erdoganu-jusufspahic-bacao-pare-video\/\",\"url\":\"https:\/\/sandzakpress.net\/arhiva\/cirkus-dacic-pjevao-erdoganu-jusufspahic-bacao-pare-video\/\",\"name\":\"CIRKUS - Da\u010di\u0107 pjevao Erdoganu, Jusufspahi\u0107 bacao pare (Video)\",\"isPartOf\":{\"@id\":\"https:\/\/sandzakpress.net\/arhiva\/#website\"},\"primaryImageOfPage\":{\"@id\":\"https:\/\/sandzakpress.net\/arhiva\/cirkus-dacic-pjevao-erdoganu-jusufspahic-bacao-pare-video\/#primaryimage\"},\"image\":{\"@id\":\"https:\/\/sandzakpress.net\/arhiva\/cirkus-dacic-pjevao-erdoganu-jusufspahic-bacao-pare-video\/#primaryimage\"},\"thumbnailUrl\":\"https:\/\/sandzakpress.net\/arhiva\/wp-content\/uploads\/2017\/10\/e5d64efc-e276-4e4a-bf10-349d4fb36ad9.jpg\",\"datePublished\":\"2017-10-10T22:02:45+00:00\",\"dateModified\":\"2017-10-11T08:45:04+00:00\",\"breadcrumb\":{\"@id\":\"https:\/\/sandzakpress.net\/arhiva\/cirkus-dacic-pjevao-erdoganu-jusufspahic-bacao-pare-video\/#breadcrumb\"},\"inLanguage\":\"bs-BA\",\"potentialAction\":[{\"@type\":\"ReadAction\",\"target\":[\"https:\/\/sandzakpress.net\/arhiva\/cirkus-dacic-pjevao-erdoganu-jusufspahic-bacao-pare-video\/\"]}]},{\"@type\":\"ImageObject\",\"inLanguage\":\"bs-BA\",\"@id\":\"https:\/\/sandzakpress.net\/arhiva\/cirkus-dacic-pjevao-erdoganu-jusufspahic-bacao-pare-video\/#primaryimage\",\"url\":\"https:\/\/sandzakpress.net\/arhiva\/wp-content\/uploads\/2017\/10\/e5d64efc-e276-4e4a-bf10-349d4fb36ad9.jpg\",\"contentUrl\":\"https:\/\/sandzakpress.net\/arhiva\/wp-content\/uploads\/2017\/10\/e5d64efc-e276-4e4a-bf10-349d4fb36ad9.jpg\",\"width\":1334,\"height\":750},{\"@type\":\"BreadcrumbList\",\"@id\":\"https:\/\/sandzakpress.net\/arhiva\/cirkus-dacic-pjevao-erdoganu-jusufspahic-bacao-pare-video\/#breadcrumb\",\"itemListElement\":[{\"@type\":\"ListItem\",\"position\":1,\"name\":\"Home\",\"item\":\"https:\/\/sandzakpress.net\/arhiva\/\"},{\"@type\":\"ListItem\",\"position\":2,\"name\":\"CIRKUS &#8211; Da\u010di\u0107 pjevao Erdoganu, Jusufspahi\u0107 bacao pare (Video)\"}]},{\"@type\":\"WebSite\",\"@id\":\"https:\/\/sandzakpress.net\/arhiva\/#website\",\"url\":\"https:\/\/sandzakpress.net\/arhiva\/\",\"name\":\"Sand\u017eak PRESS\",\"description\":\"Prve elektronske novine u Sand\u017eaku\",\"publisher\":{\"@id\":\"https:\/\/sandzakpress.net\/arhiva\/#\/schema\/person\/6e72b67d6e51910a1117b3b483ba20bd\"},\"potentialAction\":[{\"@type\":\"SearchAction\",\"target\":{\"@type\":\"EntryPoint\",\"urlTemplate\":\"https:\/\/sandzakpress.net\/arhiva\/?s={search_term_string}\"},\"query-input\":{\"@type\":\"PropertyValueSpecification\",\"valueRequired\":true,\"valueName\":\"search_term_string\"}}],\"inLanguage\":\"bs-BA\"},{\"@type\":[\"Person\",\"Organization\"],\"@id\":\"https:\/\/sandzakpress.net\/arhiva\/#\/schema\/person\/6e72b67d6e51910a1117b3b483ba20bd\",\"name\":\"Kul\",\"image\":{\"@type\":\"ImageObject\",\"inLanguage\":\"bs-BA\",\"@id\":\"https:\/\/sandzakpress.net\/arhiva\/#\/schema\/person\/image\/\",\"url\":\"https:\/\/secure.gravatar.com\/avatar\/42263f39aa27ac04c43cab85c280eb2e?s=96&d=mm&r=pg\",\"contentUrl\":\"https:\/\/secure.gravatar.com\/avatar\/42263f39aa27ac04c43cab85c280eb2e?s=96&d=mm&r=pg\",\"caption\":\"Kul\"},\"logo\":{\"@id\":\"https:\/\/sandzakpress.net\/arhiva\/#\/schema\/person\/image\/\"}},{\"@type\":\"Person\",\"@id\":\"https:\/\/sandzakpress.net\/arhiva\/#\/schema\/person\/32f63b6bc693126333e4b1d8cccb52ac\",\"name\":\"SM\",\"image\":{\"@type\":\"ImageObject\",\"inLanguage\":\"bs-BA\",\"@id\":\"https:\/\/sandzakpress.net\/arhiva\/#\/schema\/person\/image\/\",\"url\":\"https:\/\/secure.gravatar.com\/avatar\/e06a45a606f1dee973ded6565c9e653e?s=96&d=mm&r=pg\",\"contentUrl\":\"https:\/\/secure.gravatar.com\/avatar\/e06a45a606f1dee973ded6565c9e653e?s=96&d=mm&r=pg\",\"caption\":\"SM\"},\"url\":\"https:\/\/sandzakpress.net\/arhiva\/author\/sandzakmedia\/\"}]}<\/script>\n<!-- \/ Yoast SEO Premium plugin. -->","yoast_head_json":{"title":"CIRKUS - Da\u010di\u0107 pjevao Erdoganu, Jusufspahi\u0107 bacao pare (Video)","robots":{"index":"index","follow":"follow","max-snippet":"max-snippet:-1","max-image-preview":"max-image-preview:large","max-video-preview":"max-video-preview:-1"},"canonical":"https:\/\/sandzakpress.net\/arhiva\/cirkus-dacic-pjevao-erdoganu-jusufspahic-bacao-pare-video\/","og_locale":"bs_BA","og_type":"article","og_title":"CIRKUS - Da\u010di\u0107 pjevao Erdoganu, Jusufspahi\u0107 bacao pare (Video)","og_description":"Prvo je zapjevao &#8220;Miljacku&#8221;, od Halida Be\u0161li\u0107a, a sigurno je bio zadovoljan dobijenim bak\u0161i\u0161om. Sve\u010danoj ve\u010deri koju je predsjednik Srbije, Aleksandar Vu\u010di\u0107 organizovao u \u010dast dolaska Red\u017eepa Erdogana u Beograd, prisustvovao je i ministar spoljnih poslova, Ivica Da\u010di\u0107. On se kao pravi doma\u0107in, potrudio da se gosti u Domu Garde, osje\u0107aju prijatno, pa se i [&hellip;]","og_url":"https:\/\/sandzakpress.net\/arhiva\/cirkus-dacic-pjevao-erdoganu-jusufspahic-bacao-pare-video\/","og_site_name":"Sand\u017eak PRESS","article_published_time":"2017-10-10T22:02:45+00:00","article_modified_time":"2017-10-11T08:45:04+00:00","og_image":[{"width":1334,"height":750,"url":"https:\/\/sandzakpress.net\/arhiva\/wp-content\/uploads\/2017\/10\/e5d64efc-e276-4e4a-bf10-349d4fb36ad9.jpg","type":"image\/jpeg"}],"author":"SM","twitter_card":"summary_large_image","twitter_misc":{"Written by":"SM","Est. reading time":"1 minuta"},"schema":{"@context":"https:\/\/schema.org","@graph":[{"@type":"Article","@id":"https:\/\/sandzakpress.net\/arhiva\/cirkus-dacic-pjevao-erdoganu-jusufspahic-bacao-pare-video\/#article","isPartOf":{"@id":"https:\/\/sandzakpress.net\/arhiva\/cirkus-dacic-pjevao-erdoganu-jusufspahic-bacao-pare-video\/"},"author":{"name":"SM","@id":"https:\/\/sandzakpress.net\/arhiva\/#\/schema\/person\/32f63b6bc693126333e4b1d8cccb52ac"},"headline":"CIRKUS &#8211; Da\u010di\u0107 pjevao Erdoganu, Jusufspahi\u0107 bacao pare (Video)","datePublished":"2017-10-10T22:02:45+00:00","dateModified":"2017-10-11T08:45:04+00:00","mainEntityOfPage":{"@id":"https:\/\/sandzakpress.net\/arhiva\/cirkus-dacic-pjevao-erdoganu-jusufspahic-bacao-pare-video\/"},"wordCount":177,"commentCount":34,"publisher":{"@id":"https:\/\/sandzakpress.net\/arhiva\/#\/schema\/person\/6e72b67d6e51910a1117b3b483ba20bd"},"image":{"@id":"https:\/\/sandzakpress.net\/arhiva\/cirkus-dacic-pjevao-erdoganu-jusufspahic-bacao-pare-video\/#primaryimage"},"thumbnailUrl":"https:\/\/sandzakpress.net\/arhiva\/wp-content\/uploads\/2017\/10\/e5d64efc-e276-4e4a-bf10-349d4fb36ad9.jpg","articleSection":["Politika","Srbija","VIJESTI DANA","NAJNOVIJE","Turska"],"inLanguage":"bs-BA","potentialAction":[{"@type":"CommentAction","name":"Comment","target":["https:\/\/sandzakpress.net\/arhiva\/cirkus-dacic-pjevao-erdoganu-jusufspahic-bacao-pare-video\/#respond"]}]},{"@type":"WebPage","@id":"https:\/\/sandzakpress.net\/arhiva\/cirkus-dacic-pjevao-erdoganu-jusufspahic-bacao-pare-video\/","url":"https:\/\/sandzakpress.net\/arhiva\/cirkus-dacic-pjevao-erdoganu-jusufspahic-bacao-pare-video\/","name":"CIRKUS - Da\u010di\u0107 pjevao Erdoganu, Jusufspahi\u0107 bacao pare (Video)","isPartOf":{"@id":"https:\/\/sandzakpress.net\/arhiva\/#website"},"primaryImageOfPage":{"@id":"https:\/\/sandzakpress.net\/arhiva\/cirkus-dacic-pjevao-erdoganu-jusufspahic-bacao-pare-video\/#primaryimage"},"image":{"@id":"https:\/\/sandzakpress.net\/arhiva\/cirkus-dacic-pjevao-erdoganu-jusufspahic-bacao-pare-video\/#primaryimage"},"thumbnailUrl":"https:\/\/sandzakpress.net\/arhiva\/wp-content\/uploads\/2017\/10\/e5d64efc-e276-4e4a-bf10-349d4fb36ad9.jpg","datePublished":"2017-10-10T22:02:45+00:00","dateModified":"2017-10-11T08:45:04+00:00","breadcrumb":{"@id":"https:\/\/sandzakpress.net\/arhiva\/cirkus-dacic-pjevao-erdoganu-jusufspahic-bacao-pare-video\/#breadcrumb"},"inLanguage":"bs-BA","potentialAction":[{"@type":"ReadAction","target":["https:\/\/sandzakpress.net\/arhiva\/cirkus-dacic-pjevao-erdoganu-jusufspahic-bacao-pare-video\/"]}]},{"@type":"ImageObject","inLanguage":"bs-BA","@id":"https:\/\/sandzakpress.net\/arhiva\/cirkus-dacic-pjevao-erdoganu-jusufspahic-bacao-pare-video\/#primaryimage","url":"https:\/\/sandzakpress.net\/arhiva\/wp-content\/uploads\/2017\/10\/e5d64efc-e276-4e4a-bf10-349d4fb36ad9.jpg","contentUrl":"https:\/\/sandzakpress.net\/arhiva\/wp-content\/uploads\/2017\/10\/e5d64efc-e276-4e4a-bf10-349d4fb36ad9.jpg","width":1334,"height":750},{"@type":"BreadcrumbList","@id":"https:\/\/sandzakpress.net\/arhiva\/cirkus-dacic-pjevao-erdoganu-jusufspahic-bacao-pare-video\/#breadcrumb","itemListElement":[{"@type":"ListItem","position":1,"name":"Home","item":"https:\/\/sandzakpress.net\/arhiva\/"},{"@type":"ListItem","position":2,"name":"CIRKUS &#8211; Da\u010di\u0107 pjevao Erdoganu, Jusufspahi\u0107 bacao pare (Video)"}]},{"@type":"WebSite","@id":"https:\/\/sandzakpress.net\/arhiva\/#website","url":"https:\/\/sandzakpress.net\/arhiva\/","name":"Sand\u017eak PRESS","description":"Prve elektronske novine u Sand\u017eaku","publisher":{"@id":"https:\/\/sandzakpress.net\/arhiva\/#\/schema\/person\/6e72b67d6e51910a1117b3b483ba20bd"},"potentialAction":[{"@type":"SearchAction","target":{"@type":"EntryPoint","urlTemplate":"https:\/\/sandzakpress.net\/arhiva\/?s={search_term_string}"},"query-input":{"@type":"PropertyValueSpecification","valueRequired":true,"valueName":"search_term_string"}}],"inLanguage":"bs-BA"},{"@type":["Person","Organization"],"@id":"https:\/\/sandzakpress.net\/arhiva\/#\/schema\/person\/6e72b67d6e51910a1117b3b483ba20bd","name":"Kul","image":{"@type":"ImageObject","inLanguage":"bs-BA","@id":"https:\/\/sandzakpress.net\/arhiva\/#\/schema\/person\/image\/","url":"https:\/\/secure.gravatar.com\/avatar\/42263f39aa27ac04c43cab85c280eb2e?s=96&d=mm&r=pg","contentUrl":"https:\/\/secure.gravatar.com\/avatar\/42263f39aa27ac04c43cab85c280eb2e?s=96&d=mm&r=pg","caption":"Kul"},"logo":{"@id":"https:\/\/sandzakpress.net\/arhiva\/#\/schema\/person\/image\/"}},{"@type":"Person","@id":"https:\/\/sandzakpress.net\/arhiva\/#\/schema\/person\/32f63b6bc693126333e4b1d8cccb52ac","name":"SM","image":{"@type":"ImageObject","inLanguage":"bs-BA","@id":"https:\/\/sandzakpress.net\/arhiva\/#\/schema\/person\/image\/","url":"https:\/\/secure.gravatar.com\/avatar\/e06a45a606f1dee973ded6565c9e653e?s=96&d=mm&r=pg","contentUrl":"https:\/\/secure.gravatar.com\/avatar\/e06a45a606f1dee973ded6565c9e653e?s=96&d=mm&r=pg","caption":"SM"},"url":"https:\/\/sandzakpress.net\/arhiva\/author\/sandzakmedia\/"}]}},"_links":{"self":[{"href":"https:\/\/sandzakpress.net\/arhiva\/wp-json\/wp\/v2\/posts\/196478"}],"collection":[{"href":"https:\/\/sandzakpress.net\/arhiva\/wp-json\/wp\/v2\/posts"}],"about":[{"href":"https:\/\/sandzakpress.net\/arhiva\/wp-json\/wp\/v2\/types\/post"}],"author":[{"embeddable":true,"href":"https:\/\/sandzakpress.net\/arhiva\/wp-json\/wp\/v2\/users\/501"}],"replies":[{"embeddable":true,"href":"https:\/\/sandzakpress.net\/arhiva\/wp-json\/wp\/v2\/comments?post=196478"}],"version-history":[{"count":0,"href":"https:\/\/sandzakpress.net\/arhiva\/wp-json\/wp\/v2\/posts\/196478\/revisions"}],"wp:featuredmedia":[{"embeddable":true,"href":"https:\/\/sandzakpress.net\/arhiva\/wp-json\/wp\/v2\/media\/196479"}],"wp:attachment":[{"href":"https:\/\/sandzakpress.net\/arhiva\/wp-json\/wp\/v2\/media?parent=196478"}],"wp:term":[{"taxonomy":"category","embeddable":true,"href":"https:\/\/sandzakpress.net\/arhiva\/wp-json\/wp\/v2\/categories?post=196478"},{"taxonomy":"post_tag","embeddable":true,"href":"https:\/\/sandzakpress.net\/arhiva\/wp-json\/wp\/v2\/tags?post=196478"}],"curies":[{"name":"wp","href":"https:\/\/api.w.org\/{rel}","templated":true}]}}