{"id":196461,"date":"2017-10-10T21:33:48","date_gmt":"2017-10-10T19:33:48","guid":{"rendered":"https:\/\/sandzakpress.net\/arhiva\/odrzana-gej-parada-u-pristini-u-povorci-i-predsjednik-hasim-taci"},"modified":"2017-10-10T21:33:48","modified_gmt":"2017-10-10T19:33:48","slug":"odrzana-gej-parada-u-pristini-u-povorci-i-predsjednik-hasim-taci","status":"publish","type":"post","link":"https:\/\/sandzakpress.net\/arhiva\/odrzana-gej-parada-u-pristini-u-povorci-i-predsjednik-hasim-taci\/","title":{"rendered":"Odr\u017eana gej parada u Pri\u0161tini, u povorci i predsjednik Ha\u0161im Ta\u010di"},"content":{"rendered":"<p><span class=\"cb-itemprop\"><\/p>\n<div><\/div>\n<div><\/div>\n<div class=\"uvod uvod-clanka hidden-xs\"><img decoding=\"async\" src=\"https:\/\/static.klix.ba\/media\/images\/vijesti\/b_171010087.jpg?v=1\" alt=\"Odr\u017eana gej parada u Pri\u0161tini, u povorci i predsjednik Ha\u0161im Ta\u010di\" \/><\/div>\n<div><\/div>\n<div>\n<div class=\"uvod uvod-clanka hidden-xs\"><strong>Obra\u0107anje jednog od organizatora LGBT zajednice na Kosovu, u Pri\u0161tini je danas bez incidenata zavr\u0161ena prva Parada ponosa, u kojoj su u\u010destvovali predsjednik Ha\u0161im Ta\u010di, ministar za evropske integracije Durat Hoha, diplomatski predstavnici i predstavnici politi\u010dkih partija.<\/strong><\/div>\n<\/div>\n<div><\/div>\n<div class=\"tekst clanak_vijesti\">\n<p>\u0160etnju pripadnika gej parade osiguravao je veliki broj pripadnika policije nakon \u0161to su mediji sino\u0107 dobili poruku u kojoj je u\u010desnicima ove manifestacije prije\u0107eno smr\u0107u. Parada je okon\u010dana na Trgu Zahir Pajaziti.<\/p>\n<p>\u201cVelika je \u010dast da razgovaram sa vama. Ovo je jedan od najsretnijih trenutaka. Danas smo uspje\u0161no zavr\u0161ili Paradu ponosa na Kosovu. Ovdje podi\u017eemo svoj glas da nas \u010dujete ne samo vi, ve\u0107 svi. \u017delimo da \u017eivimo sretno jedan pored drugog. Na ovom svijetu ima mjesta za sve\u201d, naveo je organizator\u201d, pi\u0161e portal Indexonline.<\/p>\n<\/p>\n<p>Predsjednik Ha\u0161im Ta\u010di je poru\u010dio da su svim gra\u0111anima Kosova zagarantovana jednaka prava, te da ne\u0107e dozvoliti prijetnje bilo kome.<\/p>\n<p>\u201cOvdje sam da izrazim podr\u0161ku ovoj zajednice da potvrdim da su na Kosovu sve zajednice jednake, da su dr\u017eava i dru\u0161tvo Kosova izgra\u0111eni na principima slobode i jednakih prava svih zajednica\u201d, rekao je Ta\u010di.<\/p>\n<p>Gej povorka je krenula ne\u0161to prije podneva sa Trga Skenderbeg. U\u010desnici Parade ponosa nosili su prepoznatljive zastave u bojama duge i raznobojne balone.<\/p>\n<\/div>\n<div><\/div>\n<div>(klix.ba)<\/div>\n<p><\/span><br \/>\nPogledajte vijest na izvornom sajtu:<\/p>\n<p><a href=\"http:\/\/bosnapress.net\/odrzana-gej-parada-u-pristini-u-povorci-i-predsjednik-hasim-taci\/\" target=\"_blank\">Odr\u017eana gej parada u Pri\u0161tini, u povorci i predsjednik Ha\u0161im Ta\u010di<\/a><\/p>\n","protected":false},"excerpt":{"rendered":"<p>Obra\u0107anje jednog od organizatora LGBT zajednice na Kosovu, u Pri\u0161tini je danas bez incidenata zavr\u0161ena prva Parada ponosa, u kojoj su u\u010destvovali predsjednik Ha\u0161im Ta\u010di, ministar za evropske integracije Durat Hoha, diplomatski predstavnici i predstavnici politi\u010dkih partija. \u0160etnju pripadnika gej parade osiguravao je veliki broj pripadnika policije nakon \u0161to su mediji sino\u0107 dobili poruku u [&hellip;]<\/p>\n","protected":false},"author":83,"featured_media":196462,"comment_status":"open","ping_status":"open","sticky":false,"template":"","format":"standard","meta":{"footnotes":""},"categories":[10513],"tags":[10466],"class_list":{"0":"post-196461","1":"post","2":"type-post","3":"status-publish","4":"format-standard","5":"has-post-thumbnail","7":"category-bosna-press","8":"tag-bosna-i-hercegovina"},"yoast_head":"<!-- This site is optimized with the Yoast SEO Premium plugin v23.1 (Yoast SEO v24.9) - https:\/\/yoast.com\/wordpress\/plugins\/seo\/ -->\n<title>Odr\u017eana gej parada u Pri\u0161tini, u povorci i predsjednik Ha\u0161im Ta\u010di<\/title>\n<meta name=\"robots\" content=\"index, follow, max-snippet:-1, max-image-preview:large, max-video-preview:-1\" \/>\n<link rel=\"canonical\" href=\"https:\/\/sandzakpress.net\/arhiva\/odrzana-gej-parada-u-pristini-u-povorci-i-predsjednik-hasim-taci\/\" \/>\n<meta property=\"og:locale\" content=\"bs_BA\" \/>\n<meta property=\"og:type\" content=\"article\" \/>\n<meta property=\"og:title\" content=\"Odr\u017eana gej parada u Pri\u0161tini, u povorci i predsjednik Ha\u0161im Ta\u010di\" \/>\n<meta property=\"og:description\" content=\"Obra\u0107anje jednog od organizatora LGBT zajednice na Kosovu, u Pri\u0161tini je danas bez incidenata zavr\u0161ena prva Parada ponosa, u kojoj su u\u010destvovali predsjednik Ha\u0161im Ta\u010di, ministar za evropske integracije Durat Hoha, diplomatski predstavnici i predstavnici politi\u010dkih partija. \u0160etnju pripadnika gej parade osiguravao je veliki broj pripadnika policije nakon \u0161to su mediji sino\u0107 dobili poruku u [&hellip;]\" \/>\n<meta property=\"og:url\" content=\"https:\/\/sandzakpress.net\/arhiva\/odrzana-gej-parada-u-pristini-u-povorci-i-predsjednik-hasim-taci\/\" \/>\n<meta property=\"og:site_name\" content=\"Sand\u017eak PRESS\" \/>\n<meta property=\"article:published_time\" content=\"2017-10-10T19:33:48+00:00\" \/>\n<meta property=\"og:image\" content=\"https:\/\/sandzakpress.net\/arhiva\/wp-content\/uploads\/2017\/10\/b_171010087.jpg\" \/>\n\t<meta property=\"og:image:width\" content=\"850\" \/>\n\t<meta property=\"og:image:height\" content=\"451\" \/>\n\t<meta property=\"og:image:type\" content=\"image\/jpeg\" \/>\n<meta name=\"author\" content=\"bosniak\" \/>\n<meta name=\"twitter:card\" content=\"summary_large_image\" \/>\n<meta name=\"twitter:label1\" content=\"Written by\" \/>\n\t<meta name=\"twitter:data1\" content=\"bosniak\" \/>\n\t<meta name=\"twitter:label2\" content=\"Est. reading time\" \/>\n\t<meta name=\"twitter:data2\" content=\"1 minuta\" \/>\n<script type=\"application\/ld+json\" class=\"yoast-schema-graph\">{\"@context\":\"https:\/\/schema.org\",\"@graph\":[{\"@type\":\"Article\",\"@id\":\"https:\/\/sandzakpress.net\/arhiva\/odrzana-gej-parada-u-pristini-u-povorci-i-predsjednik-hasim-taci\/#article\",\"isPartOf\":{\"@id\":\"https:\/\/sandzakpress.net\/arhiva\/odrzana-gej-parada-u-pristini-u-povorci-i-predsjednik-hasim-taci\/\"},\"author\":{\"name\":\"bosniak\",\"@id\":\"https:\/\/sandzakpress.net\/arhiva\/#\/schema\/person\/c8baee722073534b583ea7bdb2e36c02\"},\"headline\":\"Odr\u017eana gej parada u Pri\u0161tini, u povorci i predsjednik Ha\u0161im Ta\u010di\",\"datePublished\":\"2017-10-10T19:33:48+00:00\",\"mainEntityOfPage\":{\"@id\":\"https:\/\/sandzakpress.net\/arhiva\/odrzana-gej-parada-u-pristini-u-povorci-i-predsjednik-hasim-taci\/\"},\"wordCount\":263,\"commentCount\":1,\"publisher\":{\"@id\":\"https:\/\/sandzakpress.net\/arhiva\/#\/schema\/person\/6e72b67d6e51910a1117b3b483ba20bd\"},\"image\":{\"@id\":\"https:\/\/sandzakpress.net\/arhiva\/odrzana-gej-parada-u-pristini-u-povorci-i-predsjednik-hasim-taci\/#primaryimage\"},\"thumbnailUrl\":\"https:\/\/sandzakpress.net\/arhiva\/wp-content\/uploads\/2017\/10\/b_171010087.jpg\",\"keywords\":[\"Bosna i Hercegovina\"],\"articleSection\":[\"Bosna PRESS\"],\"inLanguage\":\"bs-BA\",\"potentialAction\":[{\"@type\":\"CommentAction\",\"name\":\"Comment\",\"target\":[\"https:\/\/sandzakpress.net\/arhiva\/odrzana-gej-parada-u-pristini-u-povorci-i-predsjednik-hasim-taci\/#respond\"]}]},{\"@type\":\"WebPage\",\"@id\":\"https:\/\/sandzakpress.net\/arhiva\/odrzana-gej-parada-u-pristini-u-povorci-i-predsjednik-hasim-taci\/\",\"url\":\"https:\/\/sandzakpress.net\/arhiva\/odrzana-gej-parada-u-pristini-u-povorci-i-predsjednik-hasim-taci\/\",\"name\":\"Odr\u017eana gej parada u Pri\u0161tini, u povorci i predsjednik Ha\u0161im Ta\u010di\",\"isPartOf\":{\"@id\":\"https:\/\/sandzakpress.net\/arhiva\/#website\"},\"primaryImageOfPage\":{\"@id\":\"https:\/\/sandzakpress.net\/arhiva\/odrzana-gej-parada-u-pristini-u-povorci-i-predsjednik-hasim-taci\/#primaryimage\"},\"image\":{\"@id\":\"https:\/\/sandzakpress.net\/arhiva\/odrzana-gej-parada-u-pristini-u-povorci-i-predsjednik-hasim-taci\/#primaryimage\"},\"thumbnailUrl\":\"https:\/\/sandzakpress.net\/arhiva\/wp-content\/uploads\/2017\/10\/b_171010087.jpg\",\"datePublished\":\"2017-10-10T19:33:48+00:00\",\"breadcrumb\":{\"@id\":\"https:\/\/sandzakpress.net\/arhiva\/odrzana-gej-parada-u-pristini-u-povorci-i-predsjednik-hasim-taci\/#breadcrumb\"},\"inLanguage\":\"bs-BA\",\"potentialAction\":[{\"@type\":\"ReadAction\",\"target\":[\"https:\/\/sandzakpress.net\/arhiva\/odrzana-gej-parada-u-pristini-u-povorci-i-predsjednik-hasim-taci\/\"]}]},{\"@type\":\"ImageObject\",\"inLanguage\":\"bs-BA\",\"@id\":\"https:\/\/sandzakpress.net\/arhiva\/odrzana-gej-parada-u-pristini-u-povorci-i-predsjednik-hasim-taci\/#primaryimage\",\"url\":\"https:\/\/sandzakpress.net\/arhiva\/wp-content\/uploads\/2017\/10\/b_171010087.jpg\",\"contentUrl\":\"https:\/\/sandzakpress.net\/arhiva\/wp-content\/uploads\/2017\/10\/b_171010087.jpg\",\"width\":850,\"height\":451},{\"@type\":\"BreadcrumbList\",\"@id\":\"https:\/\/sandzakpress.net\/arhiva\/odrzana-gej-parada-u-pristini-u-povorci-i-predsjednik-hasim-taci\/#breadcrumb\",\"itemListElement\":[{\"@type\":\"ListItem\",\"position\":1,\"name\":\"Home\",\"item\":\"https:\/\/sandzakpress.net\/arhiva\/\"},{\"@type\":\"ListItem\",\"position\":2,\"name\":\"Odr\u017eana gej parada u Pri\u0161tini, u povorci i predsjednik Ha\u0161im Ta\u010di\"}]},{\"@type\":\"WebSite\",\"@id\":\"https:\/\/sandzakpress.net\/arhiva\/#website\",\"url\":\"https:\/\/sandzakpress.net\/arhiva\/\",\"name\":\"Sand\u017eak PRESS\",\"description\":\"Prve elektronske novine u Sand\u017eaku\",\"publisher\":{\"@id\":\"https:\/\/sandzakpress.net\/arhiva\/#\/schema\/person\/6e72b67d6e51910a1117b3b483ba20bd\"},\"potentialAction\":[{\"@type\":\"SearchAction\",\"target\":{\"@type\":\"EntryPoint\",\"urlTemplate\":\"https:\/\/sandzakpress.net\/arhiva\/?s={search_term_string}\"},\"query-input\":{\"@type\":\"PropertyValueSpecification\",\"valueRequired\":true,\"valueName\":\"search_term_string\"}}],\"inLanguage\":\"bs-BA\"},{\"@type\":[\"Person\",\"Organization\"],\"@id\":\"https:\/\/sandzakpress.net\/arhiva\/#\/schema\/person\/6e72b67d6e51910a1117b3b483ba20bd\",\"name\":\"Kul\",\"image\":{\"@type\":\"ImageObject\",\"inLanguage\":\"bs-BA\",\"@id\":\"https:\/\/sandzakpress.net\/arhiva\/#\/schema\/person\/image\/\",\"url\":\"https:\/\/secure.gravatar.com\/avatar\/42263f39aa27ac04c43cab85c280eb2e?s=96&d=mm&r=pg\",\"contentUrl\":\"https:\/\/secure.gravatar.com\/avatar\/42263f39aa27ac04c43cab85c280eb2e?s=96&d=mm&r=pg\",\"caption\":\"Kul\"},\"logo\":{\"@id\":\"https:\/\/sandzakpress.net\/arhiva\/#\/schema\/person\/image\/\"}},{\"@type\":\"Person\",\"@id\":\"https:\/\/sandzakpress.net\/arhiva\/#\/schema\/person\/c8baee722073534b583ea7bdb2e36c02\",\"name\":\"bosniak\",\"image\":{\"@type\":\"ImageObject\",\"inLanguage\":\"bs-BA\",\"@id\":\"https:\/\/sandzakpress.net\/arhiva\/#\/schema\/person\/image\/\",\"url\":\"https:\/\/secure.gravatar.com\/avatar\/a04fd330bfe3a36a72a0ad4a6d89fca7?s=96&d=mm&r=pg\",\"contentUrl\":\"https:\/\/secure.gravatar.com\/avatar\/a04fd330bfe3a36a72a0ad4a6d89fca7?s=96&d=mm&r=pg\",\"caption\":\"bosniak\"},\"url\":\"https:\/\/sandzakpress.net\/arhiva\/author\/bosniak\/\"}]}<\/script>\n<!-- \/ Yoast SEO Premium plugin. -->","yoast_head_json":{"title":"Odr\u017eana gej parada u Pri\u0161tini, u povorci i predsjednik Ha\u0161im Ta\u010di","robots":{"index":"index","follow":"follow","max-snippet":"max-snippet:-1","max-image-preview":"max-image-preview:large","max-video-preview":"max-video-preview:-1"},"canonical":"https:\/\/sandzakpress.net\/arhiva\/odrzana-gej-parada-u-pristini-u-povorci-i-predsjednik-hasim-taci\/","og_locale":"bs_BA","og_type":"article","og_title":"Odr\u017eana gej parada u Pri\u0161tini, u povorci i predsjednik Ha\u0161im Ta\u010di","og_description":"Obra\u0107anje jednog od organizatora LGBT zajednice na Kosovu, u Pri\u0161tini je danas bez incidenata zavr\u0161ena prva Parada ponosa, u kojoj su u\u010destvovali predsjednik Ha\u0161im Ta\u010di, ministar za evropske integracije Durat Hoha, diplomatski predstavnici i predstavnici politi\u010dkih partija. \u0160etnju pripadnika gej parade osiguravao je veliki broj pripadnika policije nakon \u0161to su mediji sino\u0107 dobili poruku u [&hellip;]","og_url":"https:\/\/sandzakpress.net\/arhiva\/odrzana-gej-parada-u-pristini-u-povorci-i-predsjednik-hasim-taci\/","og_site_name":"Sand\u017eak PRESS","article_published_time":"2017-10-10T19:33:48+00:00","og_image":[{"width":850,"height":451,"url":"https:\/\/sandzakpress.net\/arhiva\/wp-content\/uploads\/2017\/10\/b_171010087.jpg","type":"image\/jpeg"}],"author":"bosniak","twitter_card":"summary_large_image","twitter_misc":{"Written by":"bosniak","Est. reading time":"1 minuta"},"schema":{"@context":"https:\/\/schema.org","@graph":[{"@type":"Article","@id":"https:\/\/sandzakpress.net\/arhiva\/odrzana-gej-parada-u-pristini-u-povorci-i-predsjednik-hasim-taci\/#article","isPartOf":{"@id":"https:\/\/sandzakpress.net\/arhiva\/odrzana-gej-parada-u-pristini-u-povorci-i-predsjednik-hasim-taci\/"},"author":{"name":"bosniak","@id":"https:\/\/sandzakpress.net\/arhiva\/#\/schema\/person\/c8baee722073534b583ea7bdb2e36c02"},"headline":"Odr\u017eana gej parada u Pri\u0161tini, u povorci i predsjednik Ha\u0161im Ta\u010di","datePublished":"2017-10-10T19:33:48+00:00","mainEntityOfPage":{"@id":"https:\/\/sandzakpress.net\/arhiva\/odrzana-gej-parada-u-pristini-u-povorci-i-predsjednik-hasim-taci\/"},"wordCount":263,"commentCount":1,"publisher":{"@id":"https:\/\/sandzakpress.net\/arhiva\/#\/schema\/person\/6e72b67d6e51910a1117b3b483ba20bd"},"image":{"@id":"https:\/\/sandzakpress.net\/arhiva\/odrzana-gej-parada-u-pristini-u-povorci-i-predsjednik-hasim-taci\/#primaryimage"},"thumbnailUrl":"https:\/\/sandzakpress.net\/arhiva\/wp-content\/uploads\/2017\/10\/b_171010087.jpg","keywords":["Bosna i Hercegovina"],"articleSection":["Bosna PRESS"],"inLanguage":"bs-BA","potentialAction":[{"@type":"CommentAction","name":"Comment","target":["https:\/\/sandzakpress.net\/arhiva\/odrzana-gej-parada-u-pristini-u-povorci-i-predsjednik-hasim-taci\/#respond"]}]},{"@type":"WebPage","@id":"https:\/\/sandzakpress.net\/arhiva\/odrzana-gej-parada-u-pristini-u-povorci-i-predsjednik-hasim-taci\/","url":"https:\/\/sandzakpress.net\/arhiva\/odrzana-gej-parada-u-pristini-u-povorci-i-predsjednik-hasim-taci\/","name":"Odr\u017eana gej parada u Pri\u0161tini, u povorci i predsjednik Ha\u0161im Ta\u010di","isPartOf":{"@id":"https:\/\/sandzakpress.net\/arhiva\/#website"},"primaryImageOfPage":{"@id":"https:\/\/sandzakpress.net\/arhiva\/odrzana-gej-parada-u-pristini-u-povorci-i-predsjednik-hasim-taci\/#primaryimage"},"image":{"@id":"https:\/\/sandzakpress.net\/arhiva\/odrzana-gej-parada-u-pristini-u-povorci-i-predsjednik-hasim-taci\/#primaryimage"},"thumbnailUrl":"https:\/\/sandzakpress.net\/arhiva\/wp-content\/uploads\/2017\/10\/b_171010087.jpg","datePublished":"2017-10-10T19:33:48+00:00","breadcrumb":{"@id":"https:\/\/sandzakpress.net\/arhiva\/odrzana-gej-parada-u-pristini-u-povorci-i-predsjednik-hasim-taci\/#breadcrumb"},"inLanguage":"bs-BA","potentialAction":[{"@type":"ReadAction","target":["https:\/\/sandzakpress.net\/arhiva\/odrzana-gej-parada-u-pristini-u-povorci-i-predsjednik-hasim-taci\/"]}]},{"@type":"ImageObject","inLanguage":"bs-BA","@id":"https:\/\/sandzakpress.net\/arhiva\/odrzana-gej-parada-u-pristini-u-povorci-i-predsjednik-hasim-taci\/#primaryimage","url":"https:\/\/sandzakpress.net\/arhiva\/wp-content\/uploads\/2017\/10\/b_171010087.jpg","contentUrl":"https:\/\/sandzakpress.net\/arhiva\/wp-content\/uploads\/2017\/10\/b_171010087.jpg","width":850,"height":451},{"@type":"BreadcrumbList","@id":"https:\/\/sandzakpress.net\/arhiva\/odrzana-gej-parada-u-pristini-u-povorci-i-predsjednik-hasim-taci\/#breadcrumb","itemListElement":[{"@type":"ListItem","position":1,"name":"Home","item":"https:\/\/sandzakpress.net\/arhiva\/"},{"@type":"ListItem","position":2,"name":"Odr\u017eana gej parada u Pri\u0161tini, u povorci i predsjednik Ha\u0161im Ta\u010di"}]},{"@type":"WebSite","@id":"https:\/\/sandzakpress.net\/arhiva\/#website","url":"https:\/\/sandzakpress.net\/arhiva\/","name":"Sand\u017eak PRESS","description":"Prve elektronske novine u Sand\u017eaku","publisher":{"@id":"https:\/\/sandzakpress.net\/arhiva\/#\/schema\/person\/6e72b67d6e51910a1117b3b483ba20bd"},"potentialAction":[{"@type":"SearchAction","target":{"@type":"EntryPoint","urlTemplate":"https:\/\/sandzakpress.net\/arhiva\/?s={search_term_string}"},"query-input":{"@type":"PropertyValueSpecification","valueRequired":true,"valueName":"search_term_string"}}],"inLanguage":"bs-BA"},{"@type":["Person","Organization"],"@id":"https:\/\/sandzakpress.net\/arhiva\/#\/schema\/person\/6e72b67d6e51910a1117b3b483ba20bd","name":"Kul","image":{"@type":"ImageObject","inLanguage":"bs-BA","@id":"https:\/\/sandzakpress.net\/arhiva\/#\/schema\/person\/image\/","url":"https:\/\/secure.gravatar.com\/avatar\/42263f39aa27ac04c43cab85c280eb2e?s=96&d=mm&r=pg","contentUrl":"https:\/\/secure.gravatar.com\/avatar\/42263f39aa27ac04c43cab85c280eb2e?s=96&d=mm&r=pg","caption":"Kul"},"logo":{"@id":"https:\/\/sandzakpress.net\/arhiva\/#\/schema\/person\/image\/"}},{"@type":"Person","@id":"https:\/\/sandzakpress.net\/arhiva\/#\/schema\/person\/c8baee722073534b583ea7bdb2e36c02","name":"bosniak","image":{"@type":"ImageObject","inLanguage":"bs-BA","@id":"https:\/\/sandzakpress.net\/arhiva\/#\/schema\/person\/image\/","url":"https:\/\/secure.gravatar.com\/avatar\/a04fd330bfe3a36a72a0ad4a6d89fca7?s=96&d=mm&r=pg","contentUrl":"https:\/\/secure.gravatar.com\/avatar\/a04fd330bfe3a36a72a0ad4a6d89fca7?s=96&d=mm&r=pg","caption":"bosniak"},"url":"https:\/\/sandzakpress.net\/arhiva\/author\/bosniak\/"}]}},"_links":{"self":[{"href":"https:\/\/sandzakpress.net\/arhiva\/wp-json\/wp\/v2\/posts\/196461"}],"collection":[{"href":"https:\/\/sandzakpress.net\/arhiva\/wp-json\/wp\/v2\/posts"}],"about":[{"href":"https:\/\/sandzakpress.net\/arhiva\/wp-json\/wp\/v2\/types\/post"}],"author":[{"embeddable":true,"href":"https:\/\/sandzakpress.net\/arhiva\/wp-json\/wp\/v2\/users\/83"}],"replies":[{"embeddable":true,"href":"https:\/\/sandzakpress.net\/arhiva\/wp-json\/wp\/v2\/comments?post=196461"}],"version-history":[{"count":0,"href":"https:\/\/sandzakpress.net\/arhiva\/wp-json\/wp\/v2\/posts\/196461\/revisions"}],"wp:featuredmedia":[{"embeddable":true,"href":"https:\/\/sandzakpress.net\/arhiva\/wp-json\/wp\/v2\/media\/196462"}],"wp:attachment":[{"href":"https:\/\/sandzakpress.net\/arhiva\/wp-json\/wp\/v2\/media?parent=196461"}],"wp:term":[{"taxonomy":"category","embeddable":true,"href":"https:\/\/sandzakpress.net\/arhiva\/wp-json\/wp\/v2\/categories?post=196461"},{"taxonomy":"post_tag","embeddable":true,"href":"https:\/\/sandzakpress.net\/arhiva\/wp-json\/wp\/v2\/tags?post=196461"}],"curies":[{"name":"wp","href":"https:\/\/api.w.org\/{rel}","templated":true}]}}