{"id":196389,"date":"2017-10-10T11:30:01","date_gmt":"2017-10-10T09:30:01","guid":{"rendered":"https:\/\/sandzakpress.net\/arhiva\/?p=196389"},"modified":"2017-10-10T11:21:59","modified_gmt":"2017-10-10T09:21:59","slug":"ponovo-ce-se-suditi-predsjedniku-plavske-opstine","status":"publish","type":"post","link":"https:\/\/sandzakpress.net\/arhiva\/ponovo-ce-se-suditi-predsjedniku-plavske-opstine\/","title":{"rendered":"Ponovo \u0107e se suditi predsjedniku plavske op\u0161tine"},"content":{"rendered":"<p><img decoding=\"async\" src=\"http:\/\/www.sandzacke.rs\/wp-content\/uploads\/2017\/10\/orhan-sahmanovic-1-696x469.jpg\" \/><\/p>\n<p><strong>Apelacioni sud ukinuo je presudu kojom je predsjednik op\u0161tine Plav, Orhan \u0160ahmanovi\u0107, osu\u0111en na godinu, a njegove kolege Tahir \u0110onbalaj i Jovan Lon\u010darevi\u0107 na deset i osam mjeseci zatvora zbog zloupotrebe slu\u017ebenog polo\u017eaja.<\/strong><\/p>\n<p>U obrazlo\u017eenju ukinute presude navodi se da je prvostepena odluka zahva\u0107ena bitnim povredama krivi\u010dnog postupka.<\/p>\n<p>\u201cPrvostepena presuda je nerazumljiva i protivrje\u010dna, jer nijesu navedeni razlozi o nekim odlu\u010dnim \u010dinjenicama. Po ocjeni drugostepenog suda, nijesu zadovoljeni uslovi za saizvr\u0161ila\u0161tvo, jer da bi se o tome moglo govoriti potrebno je da su radnje optu\u017eenih povezane subjektivnim elementom, odnosno zajedni\u010dkom odlukom\u201d, navodi se u obrazlo\u017eenju ukinute presude.<\/p>\n<p>Prvostepenu odluku donijelo je vije\u0107e sutkinje Suzane Mugo\u0161e.<\/p>\n<p>Prema navodima prvostepene presude, \u0160ahmanovi\u0107 je uz pomo\u0107 kolega \u0110onbalaja i Lon\u010darevi\u0107a, po\u010detkom aprila 2014. godine, zloupotrijebio polo\u017eaj i o\u0161tetio op\u0161tinu za 11.952,68 eura, te pribavio korist privatnim investitorima Sandru i \u0160abanu Mehaju.<\/p>\n<p>Kako pi\u0161e u optu\u017enici, u postupku procjene i obra\u010duna naknade za ure\u0111enje gra\u0111evinskog zemlji\u0161ta i nadzora izvr\u0161enja naplate, postupaju\u0107i po zahtjevu za izdavanje urbanisti\u010dko-tehi\u010dkih uslova od 5. februara 2014. godine, za ova dva investitora su izvr\u0161ili procjenu i obra\u010dun naknade za ure\u0111enje gra\u0111evinskog zemlji\u0161ta u manjem iznosu od propisane naknade, a potom ih oslobodili pla\u0107anja te naknade.<\/p>\n<p>Okrivljeni Lon\u010darevi\u0107 je za osnov procjene neosnovano uzeo samo povr\u0161inu stambenog prostora i odredio visinu naknade u iznosu od 2.745,60 eura umjesto u iznosu od 11,952,68 eura za povr\u0161inu poslovno-stambenog objekta.<\/p>\n<p>\u0160ahmanovi\u0107 je bez odobrenja Skup\u0161tine op\u0161tine Plav, investitore Mehaj u potpunosti oslobodio pla\u0107anja naknade za ure\u0111enje gra\u0111evinskog zemlji\u0161ta, iako za to nije imao pravnog osnova.<\/p>\n<p>Sa druge strane, \u0160ahmanovi\u0107 je iznose\u0107i odbranu tvrdio da je specijalno tu\u017eila\u0161tvo podiglo optu\u017enicu protiv njega iz politi\u010dkih motiva.<\/p>\n<p>On nije sporio da je potpisao sporno rje\u0161enje, ali je pojasnio da je to uradio shodno zakonskim odredbama.<\/p>\n<p>(Vijesti)<\/p>\n","protected":false},"excerpt":{"rendered":"<p>Apelacioni sud ukinuo je presudu kojom je predsjednik op\u0161tine Plav, Orhan \u0160ahmanovi\u0107, osu\u0111en na godinu, a njegove kolege Tahir \u0110onbalaj i Jovan Lon\u010darevi\u0107 na deset i osam mjeseci zatvora zbog zloupotrebe slu\u017ebenog polo\u017eaja. U obrazlo\u017eenju ukinute presude navodi se da je prvostepena odluka zahva\u0107ena bitnim povredama krivi\u010dnog postupka. \u201cPrvostepena presuda je nerazumljiva i protivrje\u010dna, jer [&hellip;]<\/p>\n","protected":false},"author":509,"featured_media":196394,"comment_status":"open","ping_status":"open","sticky":false,"template":"","format":"standard","meta":{"footnotes":""},"categories":[1,399,10429],"tags":[],"class_list":{"0":"post-196389","1":"post","2":"type-post","3":"status-publish","4":"format-standard","5":"has-post-thumbnail","7":"category-politika","8":"category-plav_","9":"category-vazno"},"yoast_head":"<!-- This site is optimized with the Yoast SEO Premium plugin v23.1 (Yoast SEO v24.9) - https:\/\/yoast.com\/wordpress\/plugins\/seo\/ -->\n<title>Ponovo \u0107e se suditi predsjedniku plavske op\u0161tine<\/title>\n<meta name=\"robots\" content=\"index, follow, max-snippet:-1, max-image-preview:large, max-video-preview:-1\" \/>\n<link rel=\"canonical\" href=\"https:\/\/sandzakpress.net\/arhiva\/ponovo-ce-se-suditi-predsjedniku-plavske-opstine\/\" \/>\n<meta property=\"og:locale\" content=\"bs_BA\" \/>\n<meta property=\"og:type\" content=\"article\" \/>\n<meta property=\"og:title\" content=\"Ponovo \u0107e se suditi predsjedniku plavske op\u0161tine\" \/>\n<meta property=\"og:description\" content=\"Apelacioni sud ukinuo je presudu kojom je predsjednik op\u0161tine Plav, Orhan \u0160ahmanovi\u0107, osu\u0111en na godinu, a njegove kolege Tahir \u0110onbalaj i Jovan Lon\u010darevi\u0107 na deset i osam mjeseci zatvora zbog zloupotrebe slu\u017ebenog polo\u017eaja. U obrazlo\u017eenju ukinute presude navodi se da je prvostepena odluka zahva\u0107ena bitnim povredama krivi\u010dnog postupka. \u201cPrvostepena presuda je nerazumljiva i protivrje\u010dna, jer [&hellip;]\" \/>\n<meta property=\"og:url\" content=\"https:\/\/sandzakpress.net\/arhiva\/ponovo-ce-se-suditi-predsjedniku-plavske-opstine\/\" \/>\n<meta property=\"og:site_name\" content=\"Sand\u017eak PRESS\" \/>\n<meta property=\"article:published_time\" content=\"2017-10-10T09:30:01+00:00\" \/>\n<meta property=\"og:image\" content=\"https:\/\/sandzakpress.net\/arhiva\/wp-content\/uploads\/2017\/10\/orhan-sahmanovic-1-696x469.jpg\" \/>\n\t<meta property=\"og:image:width\" content=\"696\" \/>\n\t<meta property=\"og:image:height\" content=\"469\" \/>\n\t<meta property=\"og:image:type\" content=\"image\/jpeg\" \/>\n<meta name=\"author\" content=\"Agencija\" \/>\n<meta name=\"twitter:card\" content=\"summary_large_image\" \/>\n<meta name=\"twitter:label1\" content=\"Written by\" \/>\n\t<meta name=\"twitter:data1\" content=\"Agencija\" \/>\n\t<meta name=\"twitter:label2\" content=\"Est. reading time\" \/>\n\t<meta name=\"twitter:data2\" content=\"2 minute\" \/>\n<script type=\"application\/ld+json\" class=\"yoast-schema-graph\">{\"@context\":\"https:\/\/schema.org\",\"@graph\":[{\"@type\":\"Article\",\"@id\":\"https:\/\/sandzakpress.net\/arhiva\/ponovo-ce-se-suditi-predsjedniku-plavske-opstine\/#article\",\"isPartOf\":{\"@id\":\"https:\/\/sandzakpress.net\/arhiva\/ponovo-ce-se-suditi-predsjedniku-plavske-opstine\/\"},\"author\":{\"name\":\"Agencija\",\"@id\":\"https:\/\/sandzakpress.net\/arhiva\/#\/schema\/person\/cb59d7e3ab91ab90dd680ad0305a6185\"},\"headline\":\"Ponovo \u0107e se suditi predsjedniku plavske op\u0161tine\",\"datePublished\":\"2017-10-10T09:30:01+00:00\",\"mainEntityOfPage\":{\"@id\":\"https:\/\/sandzakpress.net\/arhiva\/ponovo-ce-se-suditi-predsjedniku-plavske-opstine\/\"},\"wordCount\":345,\"commentCount\":0,\"publisher\":{\"@id\":\"https:\/\/sandzakpress.net\/arhiva\/#\/schema\/person\/6e72b67d6e51910a1117b3b483ba20bd\"},\"image\":{\"@id\":\"https:\/\/sandzakpress.net\/arhiva\/ponovo-ce-se-suditi-predsjedniku-plavske-opstine\/#primaryimage\"},\"thumbnailUrl\":\"https:\/\/sandzakpress.net\/arhiva\/wp-content\/uploads\/2017\/10\/orhan-sahmanovic-1-696x469.jpg\",\"articleSection\":[\"Politika\",\"Plav\",\"VA\u017dNO!\"],\"inLanguage\":\"bs-BA\",\"potentialAction\":[{\"@type\":\"CommentAction\",\"name\":\"Comment\",\"target\":[\"https:\/\/sandzakpress.net\/arhiva\/ponovo-ce-se-suditi-predsjedniku-plavske-opstine\/#respond\"]}]},{\"@type\":\"WebPage\",\"@id\":\"https:\/\/sandzakpress.net\/arhiva\/ponovo-ce-se-suditi-predsjedniku-plavske-opstine\/\",\"url\":\"https:\/\/sandzakpress.net\/arhiva\/ponovo-ce-se-suditi-predsjedniku-plavske-opstine\/\",\"name\":\"Ponovo \u0107e se suditi predsjedniku plavske op\u0161tine\",\"isPartOf\":{\"@id\":\"https:\/\/sandzakpress.net\/arhiva\/#website\"},\"primaryImageOfPage\":{\"@id\":\"https:\/\/sandzakpress.net\/arhiva\/ponovo-ce-se-suditi-predsjedniku-plavske-opstine\/#primaryimage\"},\"image\":{\"@id\":\"https:\/\/sandzakpress.net\/arhiva\/ponovo-ce-se-suditi-predsjedniku-plavske-opstine\/#primaryimage\"},\"thumbnailUrl\":\"https:\/\/sandzakpress.net\/arhiva\/wp-content\/uploads\/2017\/10\/orhan-sahmanovic-1-696x469.jpg\",\"datePublished\":\"2017-10-10T09:30:01+00:00\",\"breadcrumb\":{\"@id\":\"https:\/\/sandzakpress.net\/arhiva\/ponovo-ce-se-suditi-predsjedniku-plavske-opstine\/#breadcrumb\"},\"inLanguage\":\"bs-BA\",\"potentialAction\":[{\"@type\":\"ReadAction\",\"target\":[\"https:\/\/sandzakpress.net\/arhiva\/ponovo-ce-se-suditi-predsjedniku-plavske-opstine\/\"]}]},{\"@type\":\"ImageObject\",\"inLanguage\":\"bs-BA\",\"@id\":\"https:\/\/sandzakpress.net\/arhiva\/ponovo-ce-se-suditi-predsjedniku-plavske-opstine\/#primaryimage\",\"url\":\"https:\/\/sandzakpress.net\/arhiva\/wp-content\/uploads\/2017\/10\/orhan-sahmanovic-1-696x469.jpg\",\"contentUrl\":\"https:\/\/sandzakpress.net\/arhiva\/wp-content\/uploads\/2017\/10\/orhan-sahmanovic-1-696x469.jpg\",\"width\":696,\"height\":469},{\"@type\":\"BreadcrumbList\",\"@id\":\"https:\/\/sandzakpress.net\/arhiva\/ponovo-ce-se-suditi-predsjedniku-plavske-opstine\/#breadcrumb\",\"itemListElement\":[{\"@type\":\"ListItem\",\"position\":1,\"name\":\"Home\",\"item\":\"https:\/\/sandzakpress.net\/arhiva\/\"},{\"@type\":\"ListItem\",\"position\":2,\"name\":\"Ponovo \u0107e se suditi predsjedniku plavske op\u0161tine\"}]},{\"@type\":\"WebSite\",\"@id\":\"https:\/\/sandzakpress.net\/arhiva\/#website\",\"url\":\"https:\/\/sandzakpress.net\/arhiva\/\",\"name\":\"Sand\u017eak PRESS\",\"description\":\"Prve elektronske novine u Sand\u017eaku\",\"publisher\":{\"@id\":\"https:\/\/sandzakpress.net\/arhiva\/#\/schema\/person\/6e72b67d6e51910a1117b3b483ba20bd\"},\"potentialAction\":[{\"@type\":\"SearchAction\",\"target\":{\"@type\":\"EntryPoint\",\"urlTemplate\":\"https:\/\/sandzakpress.net\/arhiva\/?s={search_term_string}\"},\"query-input\":{\"@type\":\"PropertyValueSpecification\",\"valueRequired\":true,\"valueName\":\"search_term_string\"}}],\"inLanguage\":\"bs-BA\"},{\"@type\":[\"Person\",\"Organization\"],\"@id\":\"https:\/\/sandzakpress.net\/arhiva\/#\/schema\/person\/6e72b67d6e51910a1117b3b483ba20bd\",\"name\":\"Kul\",\"image\":{\"@type\":\"ImageObject\",\"inLanguage\":\"bs-BA\",\"@id\":\"https:\/\/sandzakpress.net\/arhiva\/#\/schema\/person\/image\/\",\"url\":\"https:\/\/secure.gravatar.com\/avatar\/42263f39aa27ac04c43cab85c280eb2e?s=96&d=mm&r=pg\",\"contentUrl\":\"https:\/\/secure.gravatar.com\/avatar\/42263f39aa27ac04c43cab85c280eb2e?s=96&d=mm&r=pg\",\"caption\":\"Kul\"},\"logo\":{\"@id\":\"https:\/\/sandzakpress.net\/arhiva\/#\/schema\/person\/image\/\"}},{\"@type\":\"Person\",\"@id\":\"https:\/\/sandzakpress.net\/arhiva\/#\/schema\/person\/cb59d7e3ab91ab90dd680ad0305a6185\",\"name\":\"Agencija\",\"image\":{\"@type\":\"ImageObject\",\"inLanguage\":\"bs-BA\",\"@id\":\"https:\/\/sandzakpress.net\/arhiva\/#\/schema\/person\/image\/\",\"url\":\"https:\/\/secure.gravatar.com\/avatar\/4b7fafa80a22f0c2afe23966b3961fe0?s=96&d=mm&r=pg\",\"contentUrl\":\"https:\/\/secure.gravatar.com\/avatar\/4b7fafa80a22f0c2afe23966b3961fe0?s=96&d=mm&r=pg\",\"caption\":\"Agencija\"},\"url\":\"https:\/\/sandzakpress.net\/arhiva\/author\/agencija\/\"}]}<\/script>\n<!-- \/ Yoast SEO Premium plugin. -->","yoast_head_json":{"title":"Ponovo \u0107e se suditi predsjedniku plavske op\u0161tine","robots":{"index":"index","follow":"follow","max-snippet":"max-snippet:-1","max-image-preview":"max-image-preview:large","max-video-preview":"max-video-preview:-1"},"canonical":"https:\/\/sandzakpress.net\/arhiva\/ponovo-ce-se-suditi-predsjedniku-plavske-opstine\/","og_locale":"bs_BA","og_type":"article","og_title":"Ponovo \u0107e se suditi predsjedniku plavske op\u0161tine","og_description":"Apelacioni sud ukinuo je presudu kojom je predsjednik op\u0161tine Plav, Orhan \u0160ahmanovi\u0107, osu\u0111en na godinu, a njegove kolege Tahir \u0110onbalaj i Jovan Lon\u010darevi\u0107 na deset i osam mjeseci zatvora zbog zloupotrebe slu\u017ebenog polo\u017eaja. U obrazlo\u017eenju ukinute presude navodi se da je prvostepena odluka zahva\u0107ena bitnim povredama krivi\u010dnog postupka. \u201cPrvostepena presuda je nerazumljiva i protivrje\u010dna, jer [&hellip;]","og_url":"https:\/\/sandzakpress.net\/arhiva\/ponovo-ce-se-suditi-predsjedniku-plavske-opstine\/","og_site_name":"Sand\u017eak PRESS","article_published_time":"2017-10-10T09:30:01+00:00","og_image":[{"width":696,"height":469,"url":"https:\/\/sandzakpress.net\/arhiva\/wp-content\/uploads\/2017\/10\/orhan-sahmanovic-1-696x469.jpg","type":"image\/jpeg"}],"author":"Agencija","twitter_card":"summary_large_image","twitter_misc":{"Written by":"Agencija","Est. reading time":"2 minute"},"schema":{"@context":"https:\/\/schema.org","@graph":[{"@type":"Article","@id":"https:\/\/sandzakpress.net\/arhiva\/ponovo-ce-se-suditi-predsjedniku-plavske-opstine\/#article","isPartOf":{"@id":"https:\/\/sandzakpress.net\/arhiva\/ponovo-ce-se-suditi-predsjedniku-plavske-opstine\/"},"author":{"name":"Agencija","@id":"https:\/\/sandzakpress.net\/arhiva\/#\/schema\/person\/cb59d7e3ab91ab90dd680ad0305a6185"},"headline":"Ponovo \u0107e se suditi predsjedniku plavske op\u0161tine","datePublished":"2017-10-10T09:30:01+00:00","mainEntityOfPage":{"@id":"https:\/\/sandzakpress.net\/arhiva\/ponovo-ce-se-suditi-predsjedniku-plavske-opstine\/"},"wordCount":345,"commentCount":0,"publisher":{"@id":"https:\/\/sandzakpress.net\/arhiva\/#\/schema\/person\/6e72b67d6e51910a1117b3b483ba20bd"},"image":{"@id":"https:\/\/sandzakpress.net\/arhiva\/ponovo-ce-se-suditi-predsjedniku-plavske-opstine\/#primaryimage"},"thumbnailUrl":"https:\/\/sandzakpress.net\/arhiva\/wp-content\/uploads\/2017\/10\/orhan-sahmanovic-1-696x469.jpg","articleSection":["Politika","Plav","VA\u017dNO!"],"inLanguage":"bs-BA","potentialAction":[{"@type":"CommentAction","name":"Comment","target":["https:\/\/sandzakpress.net\/arhiva\/ponovo-ce-se-suditi-predsjedniku-plavske-opstine\/#respond"]}]},{"@type":"WebPage","@id":"https:\/\/sandzakpress.net\/arhiva\/ponovo-ce-se-suditi-predsjedniku-plavske-opstine\/","url":"https:\/\/sandzakpress.net\/arhiva\/ponovo-ce-se-suditi-predsjedniku-plavske-opstine\/","name":"Ponovo \u0107e se suditi predsjedniku plavske op\u0161tine","isPartOf":{"@id":"https:\/\/sandzakpress.net\/arhiva\/#website"},"primaryImageOfPage":{"@id":"https:\/\/sandzakpress.net\/arhiva\/ponovo-ce-se-suditi-predsjedniku-plavske-opstine\/#primaryimage"},"image":{"@id":"https:\/\/sandzakpress.net\/arhiva\/ponovo-ce-se-suditi-predsjedniku-plavske-opstine\/#primaryimage"},"thumbnailUrl":"https:\/\/sandzakpress.net\/arhiva\/wp-content\/uploads\/2017\/10\/orhan-sahmanovic-1-696x469.jpg","datePublished":"2017-10-10T09:30:01+00:00","breadcrumb":{"@id":"https:\/\/sandzakpress.net\/arhiva\/ponovo-ce-se-suditi-predsjedniku-plavske-opstine\/#breadcrumb"},"inLanguage":"bs-BA","potentialAction":[{"@type":"ReadAction","target":["https:\/\/sandzakpress.net\/arhiva\/ponovo-ce-se-suditi-predsjedniku-plavske-opstine\/"]}]},{"@type":"ImageObject","inLanguage":"bs-BA","@id":"https:\/\/sandzakpress.net\/arhiva\/ponovo-ce-se-suditi-predsjedniku-plavske-opstine\/#primaryimage","url":"https:\/\/sandzakpress.net\/arhiva\/wp-content\/uploads\/2017\/10\/orhan-sahmanovic-1-696x469.jpg","contentUrl":"https:\/\/sandzakpress.net\/arhiva\/wp-content\/uploads\/2017\/10\/orhan-sahmanovic-1-696x469.jpg","width":696,"height":469},{"@type":"BreadcrumbList","@id":"https:\/\/sandzakpress.net\/arhiva\/ponovo-ce-se-suditi-predsjedniku-plavske-opstine\/#breadcrumb","itemListElement":[{"@type":"ListItem","position":1,"name":"Home","item":"https:\/\/sandzakpress.net\/arhiva\/"},{"@type":"ListItem","position":2,"name":"Ponovo \u0107e se suditi predsjedniku plavske op\u0161tine"}]},{"@type":"WebSite","@id":"https:\/\/sandzakpress.net\/arhiva\/#website","url":"https:\/\/sandzakpress.net\/arhiva\/","name":"Sand\u017eak PRESS","description":"Prve elektronske novine u Sand\u017eaku","publisher":{"@id":"https:\/\/sandzakpress.net\/arhiva\/#\/schema\/person\/6e72b67d6e51910a1117b3b483ba20bd"},"potentialAction":[{"@type":"SearchAction","target":{"@type":"EntryPoint","urlTemplate":"https:\/\/sandzakpress.net\/arhiva\/?s={search_term_string}"},"query-input":{"@type":"PropertyValueSpecification","valueRequired":true,"valueName":"search_term_string"}}],"inLanguage":"bs-BA"},{"@type":["Person","Organization"],"@id":"https:\/\/sandzakpress.net\/arhiva\/#\/schema\/person\/6e72b67d6e51910a1117b3b483ba20bd","name":"Kul","image":{"@type":"ImageObject","inLanguage":"bs-BA","@id":"https:\/\/sandzakpress.net\/arhiva\/#\/schema\/person\/image\/","url":"https:\/\/secure.gravatar.com\/avatar\/42263f39aa27ac04c43cab85c280eb2e?s=96&d=mm&r=pg","contentUrl":"https:\/\/secure.gravatar.com\/avatar\/42263f39aa27ac04c43cab85c280eb2e?s=96&d=mm&r=pg","caption":"Kul"},"logo":{"@id":"https:\/\/sandzakpress.net\/arhiva\/#\/schema\/person\/image\/"}},{"@type":"Person","@id":"https:\/\/sandzakpress.net\/arhiva\/#\/schema\/person\/cb59d7e3ab91ab90dd680ad0305a6185","name":"Agencija","image":{"@type":"ImageObject","inLanguage":"bs-BA","@id":"https:\/\/sandzakpress.net\/arhiva\/#\/schema\/person\/image\/","url":"https:\/\/secure.gravatar.com\/avatar\/4b7fafa80a22f0c2afe23966b3961fe0?s=96&d=mm&r=pg","contentUrl":"https:\/\/secure.gravatar.com\/avatar\/4b7fafa80a22f0c2afe23966b3961fe0?s=96&d=mm&r=pg","caption":"Agencija"},"url":"https:\/\/sandzakpress.net\/arhiva\/author\/agencija\/"}]}},"_links":{"self":[{"href":"https:\/\/sandzakpress.net\/arhiva\/wp-json\/wp\/v2\/posts\/196389"}],"collection":[{"href":"https:\/\/sandzakpress.net\/arhiva\/wp-json\/wp\/v2\/posts"}],"about":[{"href":"https:\/\/sandzakpress.net\/arhiva\/wp-json\/wp\/v2\/types\/post"}],"author":[{"embeddable":true,"href":"https:\/\/sandzakpress.net\/arhiva\/wp-json\/wp\/v2\/users\/509"}],"replies":[{"embeddable":true,"href":"https:\/\/sandzakpress.net\/arhiva\/wp-json\/wp\/v2\/comments?post=196389"}],"version-history":[{"count":0,"href":"https:\/\/sandzakpress.net\/arhiva\/wp-json\/wp\/v2\/posts\/196389\/revisions"}],"wp:featuredmedia":[{"embeddable":true,"href":"https:\/\/sandzakpress.net\/arhiva\/wp-json\/wp\/v2\/media\/196394"}],"wp:attachment":[{"href":"https:\/\/sandzakpress.net\/arhiva\/wp-json\/wp\/v2\/media?parent=196389"}],"wp:term":[{"taxonomy":"category","embeddable":true,"href":"https:\/\/sandzakpress.net\/arhiva\/wp-json\/wp\/v2\/categories?post=196389"},{"taxonomy":"post_tag","embeddable":true,"href":"https:\/\/sandzakpress.net\/arhiva\/wp-json\/wp\/v2\/tags?post=196389"}],"curies":[{"name":"wp","href":"https:\/\/api.w.org\/{rel}","templated":true}]}}