{"id":196333,"date":"2017-10-09T15:46:47","date_gmt":"2017-10-09T13:46:47","guid":{"rendered":"https:\/\/sandzakpress.net\/arhiva\/?p=196333"},"modified":"2017-10-09T15:47:04","modified_gmt":"2017-10-09T13:47:04","slug":"politicko-licemjerstvo-sda-sandzaka","status":"publish","type":"post","link":"https:\/\/sandzakpress.net\/arhiva\/politicko-licemjerstvo-sda-sandzaka\/","title":{"rendered":"Politi\u010dko licemjerstvo SDA Sand\u017eaka"},"content":{"rendered":"<div dir=\"auto\"><img loading=\"lazy\" decoding=\"async\" class=\"size-full wp-image-196337 aligncenter\" src=\"https:\/\/sandzakpress.net\/arhiva\/wp-content\/uploads\/2017\/10\/SDA-Sandzaka-licemeri-maska-dvolicnost-lazovi-pinkio.jpg\" alt=\"\" width=\"764\" height=\"450\" srcset=\"https:\/\/sandzakpress.net\/arhiva\/wp-content\/uploads\/2017\/10\/SDA-Sandzaka-licemeri-maska-dvolicnost-lazovi-pinkio.jpg 764w, https:\/\/sandzakpress.net\/arhiva\/wp-content\/uploads\/2017\/10\/SDA-Sandzaka-licemeri-maska-dvolicnost-lazovi-pinkio-616x363.jpg 616w\" sizes=\"(max-width: 764px) 100vw, 764px\" \/><\/div>\n<div dir=\"auto\">Nakon tragi\u010dnog ubistva mladi\u0107a iz Tutina, Fahrudina Skarepa, rijetko ko u Sand\u017eaku mo\u017ee osje\u0107ati mir i spokoj u svojoj du\u0161i. Prekinut je na svirep na\u010din \u017eivot jednog mladog \u010dovjeka od strane pripadnika MUP-a Srbije, policajca koji je trebalo da ga \u0161titi a ne da mu oduzme \u017eivot. Nema \u010dovjeka u Sand\u017eaku koji se ne saosje\u0107a sa bolom kroz koji prolazi njegova porodica i te\u0161ko je na\u0107i rije\u010di utjehe koje bi im uputili.<\/p>\n<\/div>\n<div dir=\"auto\">Gubitak ovog mladog Sand\u017eaklije je otvorilo Pandorinu kutiju hala i licemjerstva u kojem \u017eivimo.\u00a0 A mo\u017eda i dao odgovore za\u0161to se nama Bo\u0161njacima zadnjih 100 godina ponavljaju ovakve tragedije.\u00a0 A odgovor bi bio \u010disto licemjerstvo i neiskrenost protkana\u00a0 krimino-politi\u010dkim interesima.<\/p>\n<\/div>\n<div dir=\"auto\">Narodni poslanik Enis Imamovic je u Skup\u0161tini Srbije odr\u017eao govor traze\u0107i pravdu\u00a0 i izvinjenje od ministra policije Stefanovi\u0107a povodom ovog ubistva. Sve bi to bilo jako dobro da nije licemjerno i da je poslanik Imamovic svoj govor \u010duo i poduzeo shodno tome odre\u0111ene korake. Kao, na primjer , izi\u0161ao sa svojim narodom na protest koji je odr\u017ean i time dao snagu ovom napa\u0107enom narodu. Ali ne, on to nije uradio , kao ni njegov predsjednik stranke Sulejman Ugljanin, kao ni predsjednik op\u0107ine\u00a0 Tutin Ku\u010devic kao nijedan kolega njegove politi\u010dke stranke. Zasto? Zato \u0161to je op\u0107e poznato da je SDA vlast u Tutinu u koruptivnim vezama sa policijom.<\/div>\n<div dir=\"auto\">Zato \u0161to se politika SDA u posljednjih 20 godina zasniva na \u010distom licemjerstvu, neiskrenosti i krimino-politi\u010dkim interesima?<\/p>\n<\/div>\n<div dir=\"auto\">Zato \u0161to njihov politi\u010dki predsjednik Sulejman Ugljanin dok je na vlasti i dok je njemu li\u010dno dobro, govori da Bo\u0161njaci u\u017eivaju sva prava, a kada\u00a0 izgubi vlast vidi da nama Bo\u0161njacima nije nimalo dobro. A Bo\u0161njaci u toj istoj op\u0107ini Tutinu u kojem je ubijen mladi\u0107, gdje je na vlasti SDA zadnjih 20 godina, nemaju redovno ni vodu, ni struju a o fabrikama i \u017eivotnom standardu da i ne govorimo. Zato \u0161to su u Tutinu, Novom Pazaru, Sjenici, Priboju, Prijepolju u koaliciji sa vladaju\u0107om strankom SNS-om koju tako \u017eustro napadaju, a da napomenem, da su u pro\u0161lom sazivu sa SNS-om \u010dinili vlast i na republi\u010dkom nivou, pa za\u0161to bi se sada zamjerali na lokalu sa njima pa i to da izgube?<\/p>\n<\/div>\n<div dir=\"auto\">Da li treba da se desi ubistvo da bi mi \u010duli poslanike SDA u Skup\u0161tini Srbije?<\/p>\n<\/div>\n<div dir=\"auto\">Da li oni treba da nas brane samo kada neko izgubi \u017eivot?Zar oni nisu u Beogradu da se bore za na\u0161 sigurniji i ljepsi \u017eivot?<\/p>\n<\/div>\n<div dir=\"auto\">Traze\u0107i od Vlade puteve, autoputeve, aerodrom, manje poreze, slobodno obrazovanje, fabrike. Ne, njihov glas se ne \u010duje. Hvale se prijateljstvom sa turskim vladama svih ovih godina. A da li su ih ubijedili da otvore\u00a0 makar jednu fabriku za 20 godina svog postojanja u Sand\u017eaku. Ne, ni za to nisu imali kapaciteta, jer su op\u0107ine opljackali, a narod ostavili bez puteva i potrebne infrastrukture na rubu siroma\u0161tva. A po\u0161to profit u ekonomiji nema ni oca ni majku, turske fabrike su nikle po cijeloj Srbiji, ali ne i po Sand\u017eaku.<\/p>\n<\/div>\n<div dir=\"auto\">Licemjerstvu nikad kraja pa i kada je\u00a0 u pitanju i najbolnija tema za Bo\u0161njake \u2013 zlo\u010dinac Ratko Mladi\u0107.<\/div>\n<div dir=\"auto\">Opet isto licemjerstvo Sulejmana Ugljanina. Sve \u0161to govori na ovu temu mo\u017eda bi i imalo smisla da njegov strate\u0161ki partner u Sand\u017eaku nije potpredsjednik Vlade Rasim Ljai\u0107 koji je najzaslu\u017eniji za povra\u0107aj Ratka Mladi\u0107a u Srbiju i za\u0161titu svih onih zlikovaca koji su ubijali nedu\u017ene ljude po Bosni. Pa ako je iskren, njegova pri\u010da treba da bude upu\u0107ena upravo njegovom strate\u0161kom partneru. Ovdje se postavlja pitanje: U \u010demu je onda strate\u0161ka suradnja SDA i SDP-a, ako nije upravo ova?<\/div>\n<div dir=\"auto\">\u00a0<\/div>\n<div dir=\"auto\">Razlika od perioda osnivanja SDA\u00a0 i danas je ta \u0161to narod danas koristi dru\u0161tvene mre\u017ee, postoje video zapisi, koji svjedo\u010de o svemu ovome \u0161to se govori u ovom tekstu i te\u0161ko ga je sada prevariti. Nadam se da \u0107e zbog toga na narednim izborima narod kazniti SDA za svo njihovo licemjerstvo i uni\u0161tenu budu\u0107nost mnogih generacija.<\/div>\n<div dir=\"auto\">\u00a0<\/div>\n<div dir=\"auto\">\u00a0<\/div>\n<div dir=\"auto\"><strong>Autor: Ismet \u010carovac<\/strong><\/div>\n","protected":false},"excerpt":{"rendered":"<p>Nakon tragi\u010dnog ubistva mladi\u0107a iz Tutina, Fahrudina Skarepa, rijetko ko u Sand\u017eaku mo\u017ee osje\u0107ati mir i spokoj u svojoj du\u0161i. Prekinut je na svirep na\u010din \u017eivot jednog mladog \u010dovjeka od strane pripadnika MUP-a Srbije, policajca koji je trebalo da ga \u0161titi a ne da mu oduzme \u017eivot. Nema \u010dovjeka u Sand\u017eaku koji se ne saosje\u0107a [&hellip;]<\/p>\n","protected":false},"author":509,"featured_media":196337,"comment_status":"open","ping_status":"open","sticky":false,"template":"","format":"standard","meta":{"footnotes":""},"categories":[72,10196,327],"tags":[],"class_list":{"0":"post-196333","1":"post","2":"type-post","3":"status-publish","4":"format-standard","5":"has-post-thumbnail","7":"category-novi-pazar","8":"category-iz-pera-nasih-autora","9":"category-tutin"},"yoast_head":"<!-- This site is optimized with the Yoast SEO Premium plugin v23.1 (Yoast SEO v24.9) - https:\/\/yoast.com\/wordpress\/plugins\/seo\/ -->\n<title>Politi\u010dko licemjerstvo SDA Sand\u017eaka<\/title>\n<meta name=\"robots\" content=\"index, follow, max-snippet:-1, max-image-preview:large, max-video-preview:-1\" \/>\n<link rel=\"canonical\" href=\"https:\/\/sandzakpress.net\/arhiva\/politicko-licemjerstvo-sda-sandzaka\/\" \/>\n<meta property=\"og:locale\" content=\"bs_BA\" \/>\n<meta property=\"og:type\" content=\"article\" \/>\n<meta property=\"og:title\" content=\"Politi\u010dko licemjerstvo SDA Sand\u017eaka\" \/>\n<meta property=\"og:description\" content=\"Nakon tragi\u010dnog ubistva mladi\u0107a iz Tutina, Fahrudina Skarepa, rijetko ko u Sand\u017eaku mo\u017ee osje\u0107ati mir i spokoj u svojoj du\u0161i. Prekinut je na svirep na\u010din \u017eivot jednog mladog \u010dovjeka od strane pripadnika MUP-a Srbije, policajca koji je trebalo da ga \u0161titi a ne da mu oduzme \u017eivot. Nema \u010dovjeka u Sand\u017eaku koji se ne saosje\u0107a [&hellip;]\" \/>\n<meta property=\"og:url\" content=\"https:\/\/sandzakpress.net\/arhiva\/politicko-licemjerstvo-sda-sandzaka\/\" \/>\n<meta property=\"og:site_name\" content=\"Sand\u017eak PRESS\" \/>\n<meta property=\"article:published_time\" content=\"2017-10-09T13:46:47+00:00\" \/>\n<meta property=\"article:modified_time\" content=\"2017-10-09T13:47:04+00:00\" \/>\n<meta property=\"og:image\" content=\"https:\/\/sandzakpress.net\/arhiva\/wp-content\/uploads\/2017\/10\/SDA-Sandzaka-licemeri-maska-dvolicnost-lazovi-pinkio.jpg\" \/>\n\t<meta property=\"og:image:width\" content=\"764\" \/>\n\t<meta property=\"og:image:height\" content=\"450\" \/>\n\t<meta property=\"og:image:type\" content=\"image\/jpeg\" \/>\n<meta name=\"author\" content=\"Agencija\" \/>\n<meta name=\"twitter:card\" content=\"summary_large_image\" \/>\n<meta name=\"twitter:label1\" content=\"Written by\" \/>\n\t<meta name=\"twitter:data1\" content=\"Agencija\" \/>\n\t<meta name=\"twitter:label2\" content=\"Est. reading time\" \/>\n\t<meta name=\"twitter:data2\" content=\"4 minute\" \/>\n<script type=\"application\/ld+json\" class=\"yoast-schema-graph\">{\"@context\":\"https:\/\/schema.org\",\"@graph\":[{\"@type\":\"Article\",\"@id\":\"https:\/\/sandzakpress.net\/arhiva\/politicko-licemjerstvo-sda-sandzaka\/#article\",\"isPartOf\":{\"@id\":\"https:\/\/sandzakpress.net\/arhiva\/politicko-licemjerstvo-sda-sandzaka\/\"},\"author\":{\"name\":\"Agencija\",\"@id\":\"https:\/\/sandzakpress.net\/arhiva\/#\/schema\/person\/cb59d7e3ab91ab90dd680ad0305a6185\"},\"headline\":\"Politi\u010dko licemjerstvo SDA Sand\u017eaka\",\"datePublished\":\"2017-10-09T13:46:47+00:00\",\"dateModified\":\"2017-10-09T13:47:04+00:00\",\"mainEntityOfPage\":{\"@id\":\"https:\/\/sandzakpress.net\/arhiva\/politicko-licemjerstvo-sda-sandzaka\/\"},\"wordCount\":710,\"commentCount\":1,\"publisher\":{\"@id\":\"https:\/\/sandzakpress.net\/arhiva\/#\/schema\/person\/6e72b67d6e51910a1117b3b483ba20bd\"},\"image\":{\"@id\":\"https:\/\/sandzakpress.net\/arhiva\/politicko-licemjerstvo-sda-sandzaka\/#primaryimage\"},\"thumbnailUrl\":\"https:\/\/sandzakpress.net\/arhiva\/wp-content\/uploads\/2017\/10\/SDA-Sandzaka-licemeri-maska-dvolicnost-lazovi-pinkio.jpg\",\"articleSection\":[\"Novi Pazar\",\"Iz pera na\u0161ih autora\",\"Tutin\"],\"inLanguage\":\"bs-BA\",\"potentialAction\":[{\"@type\":\"CommentAction\",\"name\":\"Comment\",\"target\":[\"https:\/\/sandzakpress.net\/arhiva\/politicko-licemjerstvo-sda-sandzaka\/#respond\"]}]},{\"@type\":\"WebPage\",\"@id\":\"https:\/\/sandzakpress.net\/arhiva\/politicko-licemjerstvo-sda-sandzaka\/\",\"url\":\"https:\/\/sandzakpress.net\/arhiva\/politicko-licemjerstvo-sda-sandzaka\/\",\"name\":\"Politi\u010dko licemjerstvo SDA Sand\u017eaka\",\"isPartOf\":{\"@id\":\"https:\/\/sandzakpress.net\/arhiva\/#website\"},\"primaryImageOfPage\":{\"@id\":\"https:\/\/sandzakpress.net\/arhiva\/politicko-licemjerstvo-sda-sandzaka\/#primaryimage\"},\"image\":{\"@id\":\"https:\/\/sandzakpress.net\/arhiva\/politicko-licemjerstvo-sda-sandzaka\/#primaryimage\"},\"thumbnailUrl\":\"https:\/\/sandzakpress.net\/arhiva\/wp-content\/uploads\/2017\/10\/SDA-Sandzaka-licemeri-maska-dvolicnost-lazovi-pinkio.jpg\",\"datePublished\":\"2017-10-09T13:46:47+00:00\",\"dateModified\":\"2017-10-09T13:47:04+00:00\",\"breadcrumb\":{\"@id\":\"https:\/\/sandzakpress.net\/arhiva\/politicko-licemjerstvo-sda-sandzaka\/#breadcrumb\"},\"inLanguage\":\"bs-BA\",\"potentialAction\":[{\"@type\":\"ReadAction\",\"target\":[\"https:\/\/sandzakpress.net\/arhiva\/politicko-licemjerstvo-sda-sandzaka\/\"]}]},{\"@type\":\"ImageObject\",\"inLanguage\":\"bs-BA\",\"@id\":\"https:\/\/sandzakpress.net\/arhiva\/politicko-licemjerstvo-sda-sandzaka\/#primaryimage\",\"url\":\"https:\/\/sandzakpress.net\/arhiva\/wp-content\/uploads\/2017\/10\/SDA-Sandzaka-licemeri-maska-dvolicnost-lazovi-pinkio.jpg\",\"contentUrl\":\"https:\/\/sandzakpress.net\/arhiva\/wp-content\/uploads\/2017\/10\/SDA-Sandzaka-licemeri-maska-dvolicnost-lazovi-pinkio.jpg\",\"width\":764,\"height\":450},{\"@type\":\"BreadcrumbList\",\"@id\":\"https:\/\/sandzakpress.net\/arhiva\/politicko-licemjerstvo-sda-sandzaka\/#breadcrumb\",\"itemListElement\":[{\"@type\":\"ListItem\",\"position\":1,\"name\":\"Home\",\"item\":\"https:\/\/sandzakpress.net\/arhiva\/\"},{\"@type\":\"ListItem\",\"position\":2,\"name\":\"Politi\u010dko licemjerstvo SDA Sand\u017eaka\"}]},{\"@type\":\"WebSite\",\"@id\":\"https:\/\/sandzakpress.net\/arhiva\/#website\",\"url\":\"https:\/\/sandzakpress.net\/arhiva\/\",\"name\":\"Sand\u017eak PRESS\",\"description\":\"Prve elektronske novine u Sand\u017eaku\",\"publisher\":{\"@id\":\"https:\/\/sandzakpress.net\/arhiva\/#\/schema\/person\/6e72b67d6e51910a1117b3b483ba20bd\"},\"potentialAction\":[{\"@type\":\"SearchAction\",\"target\":{\"@type\":\"EntryPoint\",\"urlTemplate\":\"https:\/\/sandzakpress.net\/arhiva\/?s={search_term_string}\"},\"query-input\":{\"@type\":\"PropertyValueSpecification\",\"valueRequired\":true,\"valueName\":\"search_term_string\"}}],\"inLanguage\":\"bs-BA\"},{\"@type\":[\"Person\",\"Organization\"],\"@id\":\"https:\/\/sandzakpress.net\/arhiva\/#\/schema\/person\/6e72b67d6e51910a1117b3b483ba20bd\",\"name\":\"Kul\",\"image\":{\"@type\":\"ImageObject\",\"inLanguage\":\"bs-BA\",\"@id\":\"https:\/\/sandzakpress.net\/arhiva\/#\/schema\/person\/image\/\",\"url\":\"https:\/\/secure.gravatar.com\/avatar\/42263f39aa27ac04c43cab85c280eb2e?s=96&d=mm&r=pg\",\"contentUrl\":\"https:\/\/secure.gravatar.com\/avatar\/42263f39aa27ac04c43cab85c280eb2e?s=96&d=mm&r=pg\",\"caption\":\"Kul\"},\"logo\":{\"@id\":\"https:\/\/sandzakpress.net\/arhiva\/#\/schema\/person\/image\/\"}},{\"@type\":\"Person\",\"@id\":\"https:\/\/sandzakpress.net\/arhiva\/#\/schema\/person\/cb59d7e3ab91ab90dd680ad0305a6185\",\"name\":\"Agencija\",\"image\":{\"@type\":\"ImageObject\",\"inLanguage\":\"bs-BA\",\"@id\":\"https:\/\/sandzakpress.net\/arhiva\/#\/schema\/person\/image\/\",\"url\":\"https:\/\/secure.gravatar.com\/avatar\/4b7fafa80a22f0c2afe23966b3961fe0?s=96&d=mm&r=pg\",\"contentUrl\":\"https:\/\/secure.gravatar.com\/avatar\/4b7fafa80a22f0c2afe23966b3961fe0?s=96&d=mm&r=pg\",\"caption\":\"Agencija\"},\"url\":\"https:\/\/sandzakpress.net\/arhiva\/author\/agencija\/\"}]}<\/script>\n<!-- \/ Yoast SEO Premium plugin. -->","yoast_head_json":{"title":"Politi\u010dko licemjerstvo SDA Sand\u017eaka","robots":{"index":"index","follow":"follow","max-snippet":"max-snippet:-1","max-image-preview":"max-image-preview:large","max-video-preview":"max-video-preview:-1"},"canonical":"https:\/\/sandzakpress.net\/arhiva\/politicko-licemjerstvo-sda-sandzaka\/","og_locale":"bs_BA","og_type":"article","og_title":"Politi\u010dko licemjerstvo SDA Sand\u017eaka","og_description":"Nakon tragi\u010dnog ubistva mladi\u0107a iz Tutina, Fahrudina Skarepa, rijetko ko u Sand\u017eaku mo\u017ee osje\u0107ati mir i spokoj u svojoj du\u0161i. Prekinut je na svirep na\u010din \u017eivot jednog mladog \u010dovjeka od strane pripadnika MUP-a Srbije, policajca koji je trebalo da ga \u0161titi a ne da mu oduzme \u017eivot. Nema \u010dovjeka u Sand\u017eaku koji se ne saosje\u0107a [&hellip;]","og_url":"https:\/\/sandzakpress.net\/arhiva\/politicko-licemjerstvo-sda-sandzaka\/","og_site_name":"Sand\u017eak PRESS","article_published_time":"2017-10-09T13:46:47+00:00","article_modified_time":"2017-10-09T13:47:04+00:00","og_image":[{"width":764,"height":450,"url":"https:\/\/sandzakpress.net\/arhiva\/wp-content\/uploads\/2017\/10\/SDA-Sandzaka-licemeri-maska-dvolicnost-lazovi-pinkio.jpg","type":"image\/jpeg"}],"author":"Agencija","twitter_card":"summary_large_image","twitter_misc":{"Written by":"Agencija","Est. reading time":"4 minute"},"schema":{"@context":"https:\/\/schema.org","@graph":[{"@type":"Article","@id":"https:\/\/sandzakpress.net\/arhiva\/politicko-licemjerstvo-sda-sandzaka\/#article","isPartOf":{"@id":"https:\/\/sandzakpress.net\/arhiva\/politicko-licemjerstvo-sda-sandzaka\/"},"author":{"name":"Agencija","@id":"https:\/\/sandzakpress.net\/arhiva\/#\/schema\/person\/cb59d7e3ab91ab90dd680ad0305a6185"},"headline":"Politi\u010dko licemjerstvo SDA Sand\u017eaka","datePublished":"2017-10-09T13:46:47+00:00","dateModified":"2017-10-09T13:47:04+00:00","mainEntityOfPage":{"@id":"https:\/\/sandzakpress.net\/arhiva\/politicko-licemjerstvo-sda-sandzaka\/"},"wordCount":710,"commentCount":1,"publisher":{"@id":"https:\/\/sandzakpress.net\/arhiva\/#\/schema\/person\/6e72b67d6e51910a1117b3b483ba20bd"},"image":{"@id":"https:\/\/sandzakpress.net\/arhiva\/politicko-licemjerstvo-sda-sandzaka\/#primaryimage"},"thumbnailUrl":"https:\/\/sandzakpress.net\/arhiva\/wp-content\/uploads\/2017\/10\/SDA-Sandzaka-licemeri-maska-dvolicnost-lazovi-pinkio.jpg","articleSection":["Novi Pazar","Iz pera na\u0161ih autora","Tutin"],"inLanguage":"bs-BA","potentialAction":[{"@type":"CommentAction","name":"Comment","target":["https:\/\/sandzakpress.net\/arhiva\/politicko-licemjerstvo-sda-sandzaka\/#respond"]}]},{"@type":"WebPage","@id":"https:\/\/sandzakpress.net\/arhiva\/politicko-licemjerstvo-sda-sandzaka\/","url":"https:\/\/sandzakpress.net\/arhiva\/politicko-licemjerstvo-sda-sandzaka\/","name":"Politi\u010dko licemjerstvo SDA Sand\u017eaka","isPartOf":{"@id":"https:\/\/sandzakpress.net\/arhiva\/#website"},"primaryImageOfPage":{"@id":"https:\/\/sandzakpress.net\/arhiva\/politicko-licemjerstvo-sda-sandzaka\/#primaryimage"},"image":{"@id":"https:\/\/sandzakpress.net\/arhiva\/politicko-licemjerstvo-sda-sandzaka\/#primaryimage"},"thumbnailUrl":"https:\/\/sandzakpress.net\/arhiva\/wp-content\/uploads\/2017\/10\/SDA-Sandzaka-licemeri-maska-dvolicnost-lazovi-pinkio.jpg","datePublished":"2017-10-09T13:46:47+00:00","dateModified":"2017-10-09T13:47:04+00:00","breadcrumb":{"@id":"https:\/\/sandzakpress.net\/arhiva\/politicko-licemjerstvo-sda-sandzaka\/#breadcrumb"},"inLanguage":"bs-BA","potentialAction":[{"@type":"ReadAction","target":["https:\/\/sandzakpress.net\/arhiva\/politicko-licemjerstvo-sda-sandzaka\/"]}]},{"@type":"ImageObject","inLanguage":"bs-BA","@id":"https:\/\/sandzakpress.net\/arhiva\/politicko-licemjerstvo-sda-sandzaka\/#primaryimage","url":"https:\/\/sandzakpress.net\/arhiva\/wp-content\/uploads\/2017\/10\/SDA-Sandzaka-licemeri-maska-dvolicnost-lazovi-pinkio.jpg","contentUrl":"https:\/\/sandzakpress.net\/arhiva\/wp-content\/uploads\/2017\/10\/SDA-Sandzaka-licemeri-maska-dvolicnost-lazovi-pinkio.jpg","width":764,"height":450},{"@type":"BreadcrumbList","@id":"https:\/\/sandzakpress.net\/arhiva\/politicko-licemjerstvo-sda-sandzaka\/#breadcrumb","itemListElement":[{"@type":"ListItem","position":1,"name":"Home","item":"https:\/\/sandzakpress.net\/arhiva\/"},{"@type":"ListItem","position":2,"name":"Politi\u010dko licemjerstvo SDA Sand\u017eaka"}]},{"@type":"WebSite","@id":"https:\/\/sandzakpress.net\/arhiva\/#website","url":"https:\/\/sandzakpress.net\/arhiva\/","name":"Sand\u017eak PRESS","description":"Prve elektronske novine u Sand\u017eaku","publisher":{"@id":"https:\/\/sandzakpress.net\/arhiva\/#\/schema\/person\/6e72b67d6e51910a1117b3b483ba20bd"},"potentialAction":[{"@type":"SearchAction","target":{"@type":"EntryPoint","urlTemplate":"https:\/\/sandzakpress.net\/arhiva\/?s={search_term_string}"},"query-input":{"@type":"PropertyValueSpecification","valueRequired":true,"valueName":"search_term_string"}}],"inLanguage":"bs-BA"},{"@type":["Person","Organization"],"@id":"https:\/\/sandzakpress.net\/arhiva\/#\/schema\/person\/6e72b67d6e51910a1117b3b483ba20bd","name":"Kul","image":{"@type":"ImageObject","inLanguage":"bs-BA","@id":"https:\/\/sandzakpress.net\/arhiva\/#\/schema\/person\/image\/","url":"https:\/\/secure.gravatar.com\/avatar\/42263f39aa27ac04c43cab85c280eb2e?s=96&d=mm&r=pg","contentUrl":"https:\/\/secure.gravatar.com\/avatar\/42263f39aa27ac04c43cab85c280eb2e?s=96&d=mm&r=pg","caption":"Kul"},"logo":{"@id":"https:\/\/sandzakpress.net\/arhiva\/#\/schema\/person\/image\/"}},{"@type":"Person","@id":"https:\/\/sandzakpress.net\/arhiva\/#\/schema\/person\/cb59d7e3ab91ab90dd680ad0305a6185","name":"Agencija","image":{"@type":"ImageObject","inLanguage":"bs-BA","@id":"https:\/\/sandzakpress.net\/arhiva\/#\/schema\/person\/image\/","url":"https:\/\/secure.gravatar.com\/avatar\/4b7fafa80a22f0c2afe23966b3961fe0?s=96&d=mm&r=pg","contentUrl":"https:\/\/secure.gravatar.com\/avatar\/4b7fafa80a22f0c2afe23966b3961fe0?s=96&d=mm&r=pg","caption":"Agencija"},"url":"https:\/\/sandzakpress.net\/arhiva\/author\/agencija\/"}]}},"_links":{"self":[{"href":"https:\/\/sandzakpress.net\/arhiva\/wp-json\/wp\/v2\/posts\/196333"}],"collection":[{"href":"https:\/\/sandzakpress.net\/arhiva\/wp-json\/wp\/v2\/posts"}],"about":[{"href":"https:\/\/sandzakpress.net\/arhiva\/wp-json\/wp\/v2\/types\/post"}],"author":[{"embeddable":true,"href":"https:\/\/sandzakpress.net\/arhiva\/wp-json\/wp\/v2\/users\/509"}],"replies":[{"embeddable":true,"href":"https:\/\/sandzakpress.net\/arhiva\/wp-json\/wp\/v2\/comments?post=196333"}],"version-history":[{"count":0,"href":"https:\/\/sandzakpress.net\/arhiva\/wp-json\/wp\/v2\/posts\/196333\/revisions"}],"wp:featuredmedia":[{"embeddable":true,"href":"https:\/\/sandzakpress.net\/arhiva\/wp-json\/wp\/v2\/media\/196337"}],"wp:attachment":[{"href":"https:\/\/sandzakpress.net\/arhiva\/wp-json\/wp\/v2\/media?parent=196333"}],"wp:term":[{"taxonomy":"category","embeddable":true,"href":"https:\/\/sandzakpress.net\/arhiva\/wp-json\/wp\/v2\/categories?post=196333"},{"taxonomy":"post_tag","embeddable":true,"href":"https:\/\/sandzakpress.net\/arhiva\/wp-json\/wp\/v2\/tags?post=196333"}],"curies":[{"name":"wp","href":"https:\/\/api.w.org\/{rel}","templated":true}]}}