{"id":196168,"date":"2017-10-06T22:24:01","date_gmt":"2017-10-06T20:24:01","guid":{"rendered":"https:\/\/sandzakpress.net\/arhiva\/?p=196168"},"modified":"2017-10-06T22:25:20","modified_gmt":"2017-10-06T20:25:20","slug":"pali-sa-marihuanom-rodaci-clana-sandzackog-klana-uhapseni-kod-granice-sa-madarskom","status":"publish","type":"post","link":"https:\/\/sandzakpress.net\/arhiva\/pali-sa-marihuanom-rodaci-clana-sandzackog-klana-uhapseni-kod-granice-sa-madarskom\/","title":{"rendered":"PALI SA MARIHUANOM Ro\u0111aci \u010dlana sand\u017ea\u010dkog klana uhap\u0161eni kod granice sa Ma\u0111arskom"},"content":{"rendered":"<p><img decoding=\"async\" src=\"http:\/\/ocdn.eu\/pulscms-transforms\/1\/7tlktkqTURBXy9jNjI2ODA5ODRiZTQyZDM3NTM4NDU0MmJkZjg5NWU3NC5qcGVnk5UCzQMUAMLDlQLNAdYAwsOVB9kyL3B1bHNjbXMvTURBXy8xZDc0Y2I0MTcwNTk1MDQzNjYyOWNhYmQ2MDZmNTBmNi5wbmcHwgA\" alt=\"drogu su prevozili u to\u010dkovima kamiona, na\u0111eno ukupno 33 paketa marihuane\" \/><\/p>\n<p><strong>Dvojica ro\u0111aka istaknutog \u010dlana sand\u017ea\u010dkog klana uhap\u0161ena su u akciji BIA i policije prilkom preme\u0161tanja 32 kilograma marihuane kroz Srbiju, saznaje \u201eBlic\u201c.<\/strong><\/p>\n<p>U naselju Bajmok, u teretnom vozilu novopazarskih registarskih oznaka u kome su se nalazili Esad Kurtanovi\u0107 (36) i Mesud Daci\u0107 (31), policija je u rezervnim gumama prona\u0161la 33 paketa sa marihuanom.<\/p>\n<p>Uhap\u0161eni Mesud Daci\u0107 je brat po stricu Ildana Asoti\u0107a (30), koji se nekad zvao Ildis Daci\u0107. O Asoti\u0107u je \u201eBlic\u201c pisao u serijalu o sand\u017ea\u010dkom klanu. Mesuda Daci\u0107a i Kurtanovi\u0107a, koji je Daci\u0107ev zet, uhapsili su suboti\u010dki policajci, nakon \u0161to su ih agenti BIA nadzirali. Osumnji\u010denima je odre\u0111eno zadr\u017eavanje od 48 sati, nakon \u010dega \u0107e biti privedeni Vi\u0161em javnom tu\u017eila\u0161tvu u Subotici.<\/p>\n<p>Prema informacijama iz istrage, uhap\u0161eni Kurtanovi\u0107 sara\u0111uje sa Albancima sa Kosova i Metohije koji su tako\u0111e ozna\u010deni kao va\u017ene karike u me\u0111unarodnoj trgovini marihuanom!<\/p>\n<div class=\"image clear\" data-item-uuid=\"b813246b-0c62-4aa2-b7a5-a6a0a7a52ce2\">\n<div class=\"imageWrapper\" data-run-module=\"embeddedapp\/main.share_photo_social\" data-uuid-photo=\"75a47396-0e89-4c68-b0a2-a53eb6905056\"><img decoding=\"async\" src=\"http:\/\/ocdn.eu\/pulscms-transforms\/1\/fAPktkqTURBXy9jZWE1ZDRiNmJlYzRjM2ZiYzMwODcxM2Y4OTc3NGQ2ZC5qcGVnk5UCzQMUAMLDlQLNAdYAwsOVB9kyL3B1bHNjbXMvTURBXy8xZDc0Y2I0MTcwNTk1MDQzNjYyOWNhYmQ2MDZmNTBmNi5wbmcHwgA\" alt=\"Mesud Daci\u0107 pao sa upakovanom marihuanom\" \/><\/p>\n<div><span class=\"author\">Foto: Facebook<\/span><span class=\"caption\">Mesud Daci\u0107 pao sa upakovanom marihuanom<\/span><\/div>\n<\/div>\n<\/div>\n<p>Mesud Daci\u0107 je veoma blizak sa svojim ro\u0111akom koji je promenio ime. Ildan Asoti\u0107 (Ildis Daci\u0107) je zahvaljuju\u0107i institucijama u Novom Pazaru i Sjenici osim imena i prezimena uspeo da promijeni mati\u010dni broj i tako slobodno putuje Evropom.<\/p>\n<p>Prema poverljivom izve\u0161taju, glavni na\u010din finansiranja sand\u017ea\u010dkog klana je preko trgovine drogom.<\/p>\n<p>\u201eVe\u0107ina njihovog novca dolazi od trgovine narkoticima i krijum\u010darenja oru\u017eja, ali i cigareta i drvene gra\u0111e. Ovaj klan se uvukao u administraciju, politi\u010dke i policijske snage i imaju tesnu vezu sa ve\u0107inskom muslimanskom strankom u BiH, a to je SDA\u201c, pi\u0161e u poverljivom izve\u0161taju od 25. jula 2006. koji je poslala Stejt departmentu D\u017eudit Cefkin, tada\u0161nja zamenica ameri\u010dkog ambasadora u BiH. Sand\u017ea\u010dki klan je, i prema izve\u0161tajima slu\u017ebi Srbije i BiH, deo velike kriminalne organizacije sa sedi\u0161tem u Sarajevu. U samom Novom Pazaru sada posao, pre svega oko transporta droge ali i trgovine ljudima, dijeli pet grupa koje su pod istom kapom.<\/p>\n<div class=\"image clear\" data-item-uuid=\"0dd5e40d-d384-4255-9c28-cdf373e1b6d7\">\n<div class=\"imageWrapper\" data-run-module=\"embeddedapp\/main.share_photo_social\" data-uuid-photo=\"e1b87794-d86e-4e60-92cb-d19ee645ef3a\"><img decoding=\"async\" src=\"http:\/\/ocdn.eu\/pulscms-transforms\/1\/Em8ktkqTURBXy8xOGEzYjA5MGUwODk2YWRmZjhiMzg0NDcyYTExZTdiYS5qcGVnk5UCzQMUAMLDlQLNAdYAwsOVB9kyL3B1bHNjbXMvTURBXy8xZDc0Y2I0MTcwNTk1MDQzNjYyOWNhYmQ2MDZmNTBmNi5wbmcHwgA\" alt=\"Ildis Daci\u0107 (promenio prezime u Asoti\u0107) sara\u0111ivao sa teroristom\" \/><\/p>\n<div><span class=\"author\">Foto: Facebook<\/span><span class=\"caption\">Ildis Daci\u0107 (promenio prezime u Asoti\u0107) sara\u0111ivao sa teroristom<\/span><\/div>\n<\/div>\n<\/div>\n<p>Ina\u010de, pred Osnovnim sudom u Sjenici vodi se postupak protiv Asoti\u0107a za oru\u017eani napad u \u0160vedskoj na britanskog dr\u017eavljanina, za koji je oru\u017eje dobio od osu\u0111enog islamskog teroriste Mirsada Bekta\u0161evi\u0107a, koji je u vi\u0161e zemalja ozna\u010den kao saradnik zloglasnog Abu Musaba al Zarkavija, ubijenog vo\u0111e Al Kaide u Iraku.<\/p>\n<p>Bekta\u0161evi\u0107 je osu\u0111en u Gr\u010dkoj na 15 godina zbog terorizma.<\/p>\n<p>Postupak protiv Asoti\u0107a za napad 8. januara 2013. na britanskog dr\u017eavljanina Adrijana Votona \u0160vedska je ustupila Srbiji.<\/p>\n<p><strong>Sude mu za poku\u0161aj ubistva<\/strong><\/p>\n<p>Asoti\u0107u, bratu sada uhap\u0161enog Daci\u0107a, sudi se u Vi\u0161em sudu u U\u017eicu zbog poku\u0161aja ubistva biznismena \u0160emsudina Tokovi\u0107a 22. marta 2015. u Sjenici. Za njegovo ime se \u010dulo jo\u0161 2007, kada je pucao na Fuada Masovi\u0107a, pogodiv\u0161i ga sa tri hica u stomak, u centru Sjenice, na \u0161etali\u0161tu pred vi\u0161e svedoka. Delo je kvalifikovano kao poku\u0161aj ubistva, ali je Asoti\u0107 osu\u0111en na samo dvije godine i mjesec dana. On je i 2016. osu\u0111en na tri mjeseca zbog nezakonitog posedovanja pi\u0161tolja.<\/p>\n<p>(blic.rs)<\/p>\n","protected":false},"excerpt":{"rendered":"<p>Dvojica ro\u0111aka istaknutog \u010dlana sand\u017ea\u010dkog klana uhap\u0161ena su u akciji BIA i policije prilkom preme\u0161tanja 32 kilograma marihuane kroz Srbiju, saznaje \u201eBlic\u201c. U naselju Bajmok, u teretnom vozilu novopazarskih registarskih oznaka u kome su se nalazili Esad Kurtanovi\u0107 (36) i Mesud Daci\u0107 (31), policija je u rezervnim gumama prona\u0161la 33 paketa sa marihuanom. Uhap\u0161eni Mesud [&hellip;]<\/p>\n","protected":false},"author":501,"featured_media":196171,"comment_status":"open","ping_status":"open","sticky":false,"template":"","format":"standard","meta":{"footnotes":""},"categories":[10307,801,798,10429],"tags":[],"class_list":{"0":"post-196168","1":"post","2":"type-post","3":"status-publish","4":"format-standard","5":"has-post-thumbnail","7":"category-srbija","8":"category-crna_hronika","9":"category-teme","10":"category-vazno"},"yoast_head":"<!-- This site is optimized with the Yoast SEO Premium plugin v23.1 (Yoast SEO v24.9) - https:\/\/yoast.com\/wordpress\/plugins\/seo\/ -->\n<title>PALI SA MARIHUANOM Ro\u0111aci \u010dlana sand\u017ea\u010dkog klana uhap\u0161eni kod granice sa Ma\u0111arskom<\/title>\n<meta name=\"robots\" content=\"index, follow, max-snippet:-1, max-image-preview:large, max-video-preview:-1\" \/>\n<link rel=\"canonical\" href=\"https:\/\/sandzakpress.net\/arhiva\/pali-sa-marihuanom-rodaci-clana-sandzackog-klana-uhapseni-kod-granice-sa-madarskom\/\" \/>\n<meta property=\"og:locale\" content=\"bs_BA\" \/>\n<meta property=\"og:type\" content=\"article\" \/>\n<meta property=\"og:title\" content=\"PALI SA MARIHUANOM Ro\u0111aci \u010dlana sand\u017ea\u010dkog klana uhap\u0161eni kod granice sa Ma\u0111arskom\" \/>\n<meta property=\"og:description\" content=\"Dvojica ro\u0111aka istaknutog \u010dlana sand\u017ea\u010dkog klana uhap\u0161ena su u akciji BIA i policije prilkom preme\u0161tanja 32 kilograma marihuane kroz Srbiju, saznaje \u201eBlic\u201c. U naselju Bajmok, u teretnom vozilu novopazarskih registarskih oznaka u kome su se nalazili Esad Kurtanovi\u0107 (36) i Mesud Daci\u0107 (31), policija je u rezervnim gumama prona\u0161la 33 paketa sa marihuanom. Uhap\u0161eni Mesud [&hellip;]\" \/>\n<meta property=\"og:url\" content=\"https:\/\/sandzakpress.net\/arhiva\/pali-sa-marihuanom-rodaci-clana-sandzackog-klana-uhapseni-kod-granice-sa-madarskom\/\" \/>\n<meta property=\"og:site_name\" content=\"Sand\u017eak PRESS\" \/>\n<meta property=\"article:published_time\" content=\"2017-10-06T20:24:01+00:00\" \/>\n<meta property=\"article:modified_time\" content=\"2017-10-06T20:25:20+00:00\" \/>\n<meta property=\"og:image\" content=\"https:\/\/sandzakpress.net\/arhiva\/wp-content\/uploads\/2017\/10\/7tlktkqTURBXy9jNjI2ODA5ODRiZTQyZDM3NTM4NDU0MmJkZjg5NWU3NC5qcGVnk5UCzQMUAMLDlQLNAdYAwsOVB9kyL3B1bHNjbXMvTURBXy8xZDc0Y2I0MTcwNTk1MDQzNjYyOWNhYmQ2MDZmNTBmNi5wbmcHwgA.jpg\" \/>\n\t<meta property=\"og:image:width\" content=\"470\" \/>\n\t<meta property=\"og:image:height\" content=\"249\" \/>\n\t<meta property=\"og:image:type\" content=\"image\/jpeg\" \/>\n<meta name=\"author\" content=\"SM\" \/>\n<meta name=\"twitter:card\" content=\"summary_large_image\" \/>\n<meta name=\"twitter:label1\" content=\"Written by\" \/>\n\t<meta name=\"twitter:data1\" content=\"SM\" \/>\n\t<meta name=\"twitter:label2\" content=\"Est. reading time\" \/>\n\t<meta name=\"twitter:data2\" content=\"3 minute\" \/>\n<script type=\"application\/ld+json\" class=\"yoast-schema-graph\">{\"@context\":\"https:\/\/schema.org\",\"@graph\":[{\"@type\":\"Article\",\"@id\":\"https:\/\/sandzakpress.net\/arhiva\/pali-sa-marihuanom-rodaci-clana-sandzackog-klana-uhapseni-kod-granice-sa-madarskom\/#article\",\"isPartOf\":{\"@id\":\"https:\/\/sandzakpress.net\/arhiva\/pali-sa-marihuanom-rodaci-clana-sandzackog-klana-uhapseni-kod-granice-sa-madarskom\/\"},\"author\":{\"name\":\"SM\",\"@id\":\"https:\/\/sandzakpress.net\/arhiva\/#\/schema\/person\/32f63b6bc693126333e4b1d8cccb52ac\"},\"headline\":\"PALI SA MARIHUANOM Ro\u0111aci \u010dlana sand\u017ea\u010dkog klana uhap\u0161eni kod granice sa Ma\u0111arskom\",\"datePublished\":\"2017-10-06T20:24:01+00:00\",\"dateModified\":\"2017-10-06T20:25:20+00:00\",\"mainEntityOfPage\":{\"@id\":\"https:\/\/sandzakpress.net\/arhiva\/pali-sa-marihuanom-rodaci-clana-sandzackog-klana-uhapseni-kod-granice-sa-madarskom\/\"},\"wordCount\":558,\"commentCount\":1,\"publisher\":{\"@id\":\"https:\/\/sandzakpress.net\/arhiva\/#\/schema\/person\/6e72b67d6e51910a1117b3b483ba20bd\"},\"image\":{\"@id\":\"https:\/\/sandzakpress.net\/arhiva\/pali-sa-marihuanom-rodaci-clana-sandzackog-klana-uhapseni-kod-granice-sa-madarskom\/#primaryimage\"},\"thumbnailUrl\":\"https:\/\/sandzakpress.net\/arhiva\/wp-content\/uploads\/2017\/10\/7tlktkqTURBXy9jNjI2ODA5ODRiZTQyZDM3NTM4NDU0MmJkZjg5NWU3NC5qcGVnk5UCzQMUAMLDlQLNAdYAwsOVB9kyL3B1bHNjbXMvTURBXy8xZDc0Y2I0MTcwNTk1MDQzNjYyOWNhYmQ2MDZmNTBmNi5wbmcHwgA.jpg\",\"articleSection\":[\"Srbija\",\"Hronika\",\"NAJNOVIJE\",\"VA\u017dNO!\"],\"inLanguage\":\"bs-BA\",\"potentialAction\":[{\"@type\":\"CommentAction\",\"name\":\"Comment\",\"target\":[\"https:\/\/sandzakpress.net\/arhiva\/pali-sa-marihuanom-rodaci-clana-sandzackog-klana-uhapseni-kod-granice-sa-madarskom\/#respond\"]}]},{\"@type\":\"WebPage\",\"@id\":\"https:\/\/sandzakpress.net\/arhiva\/pali-sa-marihuanom-rodaci-clana-sandzackog-klana-uhapseni-kod-granice-sa-madarskom\/\",\"url\":\"https:\/\/sandzakpress.net\/arhiva\/pali-sa-marihuanom-rodaci-clana-sandzackog-klana-uhapseni-kod-granice-sa-madarskom\/\",\"name\":\"PALI SA MARIHUANOM Ro\u0111aci \u010dlana sand\u017ea\u010dkog klana uhap\u0161eni kod granice sa Ma\u0111arskom\",\"isPartOf\":{\"@id\":\"https:\/\/sandzakpress.net\/arhiva\/#website\"},\"primaryImageOfPage\":{\"@id\":\"https:\/\/sandzakpress.net\/arhiva\/pali-sa-marihuanom-rodaci-clana-sandzackog-klana-uhapseni-kod-granice-sa-madarskom\/#primaryimage\"},\"image\":{\"@id\":\"https:\/\/sandzakpress.net\/arhiva\/pali-sa-marihuanom-rodaci-clana-sandzackog-klana-uhapseni-kod-granice-sa-madarskom\/#primaryimage\"},\"thumbnailUrl\":\"https:\/\/sandzakpress.net\/arhiva\/wp-content\/uploads\/2017\/10\/7tlktkqTURBXy9jNjI2ODA5ODRiZTQyZDM3NTM4NDU0MmJkZjg5NWU3NC5qcGVnk5UCzQMUAMLDlQLNAdYAwsOVB9kyL3B1bHNjbXMvTURBXy8xZDc0Y2I0MTcwNTk1MDQzNjYyOWNhYmQ2MDZmNTBmNi5wbmcHwgA.jpg\",\"datePublished\":\"2017-10-06T20:24:01+00:00\",\"dateModified\":\"2017-10-06T20:25:20+00:00\",\"breadcrumb\":{\"@id\":\"https:\/\/sandzakpress.net\/arhiva\/pali-sa-marihuanom-rodaci-clana-sandzackog-klana-uhapseni-kod-granice-sa-madarskom\/#breadcrumb\"},\"inLanguage\":\"bs-BA\",\"potentialAction\":[{\"@type\":\"ReadAction\",\"target\":[\"https:\/\/sandzakpress.net\/arhiva\/pali-sa-marihuanom-rodaci-clana-sandzackog-klana-uhapseni-kod-granice-sa-madarskom\/\"]}]},{\"@type\":\"ImageObject\",\"inLanguage\":\"bs-BA\",\"@id\":\"https:\/\/sandzakpress.net\/arhiva\/pali-sa-marihuanom-rodaci-clana-sandzackog-klana-uhapseni-kod-granice-sa-madarskom\/#primaryimage\",\"url\":\"https:\/\/sandzakpress.net\/arhiva\/wp-content\/uploads\/2017\/10\/7tlktkqTURBXy9jNjI2ODA5ODRiZTQyZDM3NTM4NDU0MmJkZjg5NWU3NC5qcGVnk5UCzQMUAMLDlQLNAdYAwsOVB9kyL3B1bHNjbXMvTURBXy8xZDc0Y2I0MTcwNTk1MDQzNjYyOWNhYmQ2MDZmNTBmNi5wbmcHwgA.jpg\",\"contentUrl\":\"https:\/\/sandzakpress.net\/arhiva\/wp-content\/uploads\/2017\/10\/7tlktkqTURBXy9jNjI2ODA5ODRiZTQyZDM3NTM4NDU0MmJkZjg5NWU3NC5qcGVnk5UCzQMUAMLDlQLNAdYAwsOVB9kyL3B1bHNjbXMvTURBXy8xZDc0Y2I0MTcwNTk1MDQzNjYyOWNhYmQ2MDZmNTBmNi5wbmcHwgA.jpg\",\"width\":470,\"height\":249},{\"@type\":\"BreadcrumbList\",\"@id\":\"https:\/\/sandzakpress.net\/arhiva\/pali-sa-marihuanom-rodaci-clana-sandzackog-klana-uhapseni-kod-granice-sa-madarskom\/#breadcrumb\",\"itemListElement\":[{\"@type\":\"ListItem\",\"position\":1,\"name\":\"Home\",\"item\":\"https:\/\/sandzakpress.net\/arhiva\/\"},{\"@type\":\"ListItem\",\"position\":2,\"name\":\"PALI SA MARIHUANOM Ro\u0111aci \u010dlana sand\u017ea\u010dkog klana uhap\u0161eni kod granice sa Ma\u0111arskom\"}]},{\"@type\":\"WebSite\",\"@id\":\"https:\/\/sandzakpress.net\/arhiva\/#website\",\"url\":\"https:\/\/sandzakpress.net\/arhiva\/\",\"name\":\"Sand\u017eak PRESS\",\"description\":\"Prve elektronske novine u Sand\u017eaku\",\"publisher\":{\"@id\":\"https:\/\/sandzakpress.net\/arhiva\/#\/schema\/person\/6e72b67d6e51910a1117b3b483ba20bd\"},\"potentialAction\":[{\"@type\":\"SearchAction\",\"target\":{\"@type\":\"EntryPoint\",\"urlTemplate\":\"https:\/\/sandzakpress.net\/arhiva\/?s={search_term_string}\"},\"query-input\":{\"@type\":\"PropertyValueSpecification\",\"valueRequired\":true,\"valueName\":\"search_term_string\"}}],\"inLanguage\":\"bs-BA\"},{\"@type\":[\"Person\",\"Organization\"],\"@id\":\"https:\/\/sandzakpress.net\/arhiva\/#\/schema\/person\/6e72b67d6e51910a1117b3b483ba20bd\",\"name\":\"Kul\",\"image\":{\"@type\":\"ImageObject\",\"inLanguage\":\"bs-BA\",\"@id\":\"https:\/\/sandzakpress.net\/arhiva\/#\/schema\/person\/image\/\",\"url\":\"https:\/\/secure.gravatar.com\/avatar\/42263f39aa27ac04c43cab85c280eb2e?s=96&d=mm&r=pg\",\"contentUrl\":\"https:\/\/secure.gravatar.com\/avatar\/42263f39aa27ac04c43cab85c280eb2e?s=96&d=mm&r=pg\",\"caption\":\"Kul\"},\"logo\":{\"@id\":\"https:\/\/sandzakpress.net\/arhiva\/#\/schema\/person\/image\/\"}},{\"@type\":\"Person\",\"@id\":\"https:\/\/sandzakpress.net\/arhiva\/#\/schema\/person\/32f63b6bc693126333e4b1d8cccb52ac\",\"name\":\"SM\",\"image\":{\"@type\":\"ImageObject\",\"inLanguage\":\"bs-BA\",\"@id\":\"https:\/\/sandzakpress.net\/arhiva\/#\/schema\/person\/image\/\",\"url\":\"https:\/\/secure.gravatar.com\/avatar\/e06a45a606f1dee973ded6565c9e653e?s=96&d=mm&r=pg\",\"contentUrl\":\"https:\/\/secure.gravatar.com\/avatar\/e06a45a606f1dee973ded6565c9e653e?s=96&d=mm&r=pg\",\"caption\":\"SM\"},\"url\":\"https:\/\/sandzakpress.net\/arhiva\/author\/sandzakmedia\/\"}]}<\/script>\n<!-- \/ Yoast SEO Premium plugin. -->","yoast_head_json":{"title":"PALI SA MARIHUANOM Ro\u0111aci \u010dlana sand\u017ea\u010dkog klana uhap\u0161eni kod granice sa Ma\u0111arskom","robots":{"index":"index","follow":"follow","max-snippet":"max-snippet:-1","max-image-preview":"max-image-preview:large","max-video-preview":"max-video-preview:-1"},"canonical":"https:\/\/sandzakpress.net\/arhiva\/pali-sa-marihuanom-rodaci-clana-sandzackog-klana-uhapseni-kod-granice-sa-madarskom\/","og_locale":"bs_BA","og_type":"article","og_title":"PALI SA MARIHUANOM Ro\u0111aci \u010dlana sand\u017ea\u010dkog klana uhap\u0161eni kod granice sa Ma\u0111arskom","og_description":"Dvojica ro\u0111aka istaknutog \u010dlana sand\u017ea\u010dkog klana uhap\u0161ena su u akciji BIA i policije prilkom preme\u0161tanja 32 kilograma marihuane kroz Srbiju, saznaje \u201eBlic\u201c. U naselju Bajmok, u teretnom vozilu novopazarskih registarskih oznaka u kome su se nalazili Esad Kurtanovi\u0107 (36) i Mesud Daci\u0107 (31), policija je u rezervnim gumama prona\u0161la 33 paketa sa marihuanom. Uhap\u0161eni Mesud [&hellip;]","og_url":"https:\/\/sandzakpress.net\/arhiva\/pali-sa-marihuanom-rodaci-clana-sandzackog-klana-uhapseni-kod-granice-sa-madarskom\/","og_site_name":"Sand\u017eak PRESS","article_published_time":"2017-10-06T20:24:01+00:00","article_modified_time":"2017-10-06T20:25:20+00:00","og_image":[{"width":470,"height":249,"url":"https:\/\/sandzakpress.net\/arhiva\/wp-content\/uploads\/2017\/10\/7tlktkqTURBXy9jNjI2ODA5ODRiZTQyZDM3NTM4NDU0MmJkZjg5NWU3NC5qcGVnk5UCzQMUAMLDlQLNAdYAwsOVB9kyL3B1bHNjbXMvTURBXy8xZDc0Y2I0MTcwNTk1MDQzNjYyOWNhYmQ2MDZmNTBmNi5wbmcHwgA.jpg","type":"image\/jpeg"}],"author":"SM","twitter_card":"summary_large_image","twitter_misc":{"Written by":"SM","Est. reading time":"3 minute"},"schema":{"@context":"https:\/\/schema.org","@graph":[{"@type":"Article","@id":"https:\/\/sandzakpress.net\/arhiva\/pali-sa-marihuanom-rodaci-clana-sandzackog-klana-uhapseni-kod-granice-sa-madarskom\/#article","isPartOf":{"@id":"https:\/\/sandzakpress.net\/arhiva\/pali-sa-marihuanom-rodaci-clana-sandzackog-klana-uhapseni-kod-granice-sa-madarskom\/"},"author":{"name":"SM","@id":"https:\/\/sandzakpress.net\/arhiva\/#\/schema\/person\/32f63b6bc693126333e4b1d8cccb52ac"},"headline":"PALI SA MARIHUANOM Ro\u0111aci \u010dlana sand\u017ea\u010dkog klana uhap\u0161eni kod granice sa Ma\u0111arskom","datePublished":"2017-10-06T20:24:01+00:00","dateModified":"2017-10-06T20:25:20+00:00","mainEntityOfPage":{"@id":"https:\/\/sandzakpress.net\/arhiva\/pali-sa-marihuanom-rodaci-clana-sandzackog-klana-uhapseni-kod-granice-sa-madarskom\/"},"wordCount":558,"commentCount":1,"publisher":{"@id":"https:\/\/sandzakpress.net\/arhiva\/#\/schema\/person\/6e72b67d6e51910a1117b3b483ba20bd"},"image":{"@id":"https:\/\/sandzakpress.net\/arhiva\/pali-sa-marihuanom-rodaci-clana-sandzackog-klana-uhapseni-kod-granice-sa-madarskom\/#primaryimage"},"thumbnailUrl":"https:\/\/sandzakpress.net\/arhiva\/wp-content\/uploads\/2017\/10\/7tlktkqTURBXy9jNjI2ODA5ODRiZTQyZDM3NTM4NDU0MmJkZjg5NWU3NC5qcGVnk5UCzQMUAMLDlQLNAdYAwsOVB9kyL3B1bHNjbXMvTURBXy8xZDc0Y2I0MTcwNTk1MDQzNjYyOWNhYmQ2MDZmNTBmNi5wbmcHwgA.jpg","articleSection":["Srbija","Hronika","NAJNOVIJE","VA\u017dNO!"],"inLanguage":"bs-BA","potentialAction":[{"@type":"CommentAction","name":"Comment","target":["https:\/\/sandzakpress.net\/arhiva\/pali-sa-marihuanom-rodaci-clana-sandzackog-klana-uhapseni-kod-granice-sa-madarskom\/#respond"]}]},{"@type":"WebPage","@id":"https:\/\/sandzakpress.net\/arhiva\/pali-sa-marihuanom-rodaci-clana-sandzackog-klana-uhapseni-kod-granice-sa-madarskom\/","url":"https:\/\/sandzakpress.net\/arhiva\/pali-sa-marihuanom-rodaci-clana-sandzackog-klana-uhapseni-kod-granice-sa-madarskom\/","name":"PALI SA MARIHUANOM Ro\u0111aci \u010dlana sand\u017ea\u010dkog klana uhap\u0161eni kod granice sa Ma\u0111arskom","isPartOf":{"@id":"https:\/\/sandzakpress.net\/arhiva\/#website"},"primaryImageOfPage":{"@id":"https:\/\/sandzakpress.net\/arhiva\/pali-sa-marihuanom-rodaci-clana-sandzackog-klana-uhapseni-kod-granice-sa-madarskom\/#primaryimage"},"image":{"@id":"https:\/\/sandzakpress.net\/arhiva\/pali-sa-marihuanom-rodaci-clana-sandzackog-klana-uhapseni-kod-granice-sa-madarskom\/#primaryimage"},"thumbnailUrl":"https:\/\/sandzakpress.net\/arhiva\/wp-content\/uploads\/2017\/10\/7tlktkqTURBXy9jNjI2ODA5ODRiZTQyZDM3NTM4NDU0MmJkZjg5NWU3NC5qcGVnk5UCzQMUAMLDlQLNAdYAwsOVB9kyL3B1bHNjbXMvTURBXy8xZDc0Y2I0MTcwNTk1MDQzNjYyOWNhYmQ2MDZmNTBmNi5wbmcHwgA.jpg","datePublished":"2017-10-06T20:24:01+00:00","dateModified":"2017-10-06T20:25:20+00:00","breadcrumb":{"@id":"https:\/\/sandzakpress.net\/arhiva\/pali-sa-marihuanom-rodaci-clana-sandzackog-klana-uhapseni-kod-granice-sa-madarskom\/#breadcrumb"},"inLanguage":"bs-BA","potentialAction":[{"@type":"ReadAction","target":["https:\/\/sandzakpress.net\/arhiva\/pali-sa-marihuanom-rodaci-clana-sandzackog-klana-uhapseni-kod-granice-sa-madarskom\/"]}]},{"@type":"ImageObject","inLanguage":"bs-BA","@id":"https:\/\/sandzakpress.net\/arhiva\/pali-sa-marihuanom-rodaci-clana-sandzackog-klana-uhapseni-kod-granice-sa-madarskom\/#primaryimage","url":"https:\/\/sandzakpress.net\/arhiva\/wp-content\/uploads\/2017\/10\/7tlktkqTURBXy9jNjI2ODA5ODRiZTQyZDM3NTM4NDU0MmJkZjg5NWU3NC5qcGVnk5UCzQMUAMLDlQLNAdYAwsOVB9kyL3B1bHNjbXMvTURBXy8xZDc0Y2I0MTcwNTk1MDQzNjYyOWNhYmQ2MDZmNTBmNi5wbmcHwgA.jpg","contentUrl":"https:\/\/sandzakpress.net\/arhiva\/wp-content\/uploads\/2017\/10\/7tlktkqTURBXy9jNjI2ODA5ODRiZTQyZDM3NTM4NDU0MmJkZjg5NWU3NC5qcGVnk5UCzQMUAMLDlQLNAdYAwsOVB9kyL3B1bHNjbXMvTURBXy8xZDc0Y2I0MTcwNTk1MDQzNjYyOWNhYmQ2MDZmNTBmNi5wbmcHwgA.jpg","width":470,"height":249},{"@type":"BreadcrumbList","@id":"https:\/\/sandzakpress.net\/arhiva\/pali-sa-marihuanom-rodaci-clana-sandzackog-klana-uhapseni-kod-granice-sa-madarskom\/#breadcrumb","itemListElement":[{"@type":"ListItem","position":1,"name":"Home","item":"https:\/\/sandzakpress.net\/arhiva\/"},{"@type":"ListItem","position":2,"name":"PALI SA MARIHUANOM Ro\u0111aci \u010dlana sand\u017ea\u010dkog klana uhap\u0161eni kod granice sa Ma\u0111arskom"}]},{"@type":"WebSite","@id":"https:\/\/sandzakpress.net\/arhiva\/#website","url":"https:\/\/sandzakpress.net\/arhiva\/","name":"Sand\u017eak PRESS","description":"Prve elektronske novine u Sand\u017eaku","publisher":{"@id":"https:\/\/sandzakpress.net\/arhiva\/#\/schema\/person\/6e72b67d6e51910a1117b3b483ba20bd"},"potentialAction":[{"@type":"SearchAction","target":{"@type":"EntryPoint","urlTemplate":"https:\/\/sandzakpress.net\/arhiva\/?s={search_term_string}"},"query-input":{"@type":"PropertyValueSpecification","valueRequired":true,"valueName":"search_term_string"}}],"inLanguage":"bs-BA"},{"@type":["Person","Organization"],"@id":"https:\/\/sandzakpress.net\/arhiva\/#\/schema\/person\/6e72b67d6e51910a1117b3b483ba20bd","name":"Kul","image":{"@type":"ImageObject","inLanguage":"bs-BA","@id":"https:\/\/sandzakpress.net\/arhiva\/#\/schema\/person\/image\/","url":"https:\/\/secure.gravatar.com\/avatar\/42263f39aa27ac04c43cab85c280eb2e?s=96&d=mm&r=pg","contentUrl":"https:\/\/secure.gravatar.com\/avatar\/42263f39aa27ac04c43cab85c280eb2e?s=96&d=mm&r=pg","caption":"Kul"},"logo":{"@id":"https:\/\/sandzakpress.net\/arhiva\/#\/schema\/person\/image\/"}},{"@type":"Person","@id":"https:\/\/sandzakpress.net\/arhiva\/#\/schema\/person\/32f63b6bc693126333e4b1d8cccb52ac","name":"SM","image":{"@type":"ImageObject","inLanguage":"bs-BA","@id":"https:\/\/sandzakpress.net\/arhiva\/#\/schema\/person\/image\/","url":"https:\/\/secure.gravatar.com\/avatar\/e06a45a606f1dee973ded6565c9e653e?s=96&d=mm&r=pg","contentUrl":"https:\/\/secure.gravatar.com\/avatar\/e06a45a606f1dee973ded6565c9e653e?s=96&d=mm&r=pg","caption":"SM"},"url":"https:\/\/sandzakpress.net\/arhiva\/author\/sandzakmedia\/"}]}},"_links":{"self":[{"href":"https:\/\/sandzakpress.net\/arhiva\/wp-json\/wp\/v2\/posts\/196168"}],"collection":[{"href":"https:\/\/sandzakpress.net\/arhiva\/wp-json\/wp\/v2\/posts"}],"about":[{"href":"https:\/\/sandzakpress.net\/arhiva\/wp-json\/wp\/v2\/types\/post"}],"author":[{"embeddable":true,"href":"https:\/\/sandzakpress.net\/arhiva\/wp-json\/wp\/v2\/users\/501"}],"replies":[{"embeddable":true,"href":"https:\/\/sandzakpress.net\/arhiva\/wp-json\/wp\/v2\/comments?post=196168"}],"version-history":[{"count":0,"href":"https:\/\/sandzakpress.net\/arhiva\/wp-json\/wp\/v2\/posts\/196168\/revisions"}],"wp:featuredmedia":[{"embeddable":true,"href":"https:\/\/sandzakpress.net\/arhiva\/wp-json\/wp\/v2\/media\/196171"}],"wp:attachment":[{"href":"https:\/\/sandzakpress.net\/arhiva\/wp-json\/wp\/v2\/media?parent=196168"}],"wp:term":[{"taxonomy":"category","embeddable":true,"href":"https:\/\/sandzakpress.net\/arhiva\/wp-json\/wp\/v2\/categories?post=196168"},{"taxonomy":"post_tag","embeddable":true,"href":"https:\/\/sandzakpress.net\/arhiva\/wp-json\/wp\/v2\/tags?post=196168"}],"curies":[{"name":"wp","href":"https:\/\/api.w.org\/{rel}","templated":true}]}}