{"id":196008,"date":"2017-10-04T18:42:10","date_gmt":"2017-10-04T16:42:10","guid":{"rendered":"https:\/\/sandzakpress.net\/arhiva\/?p=196008"},"modified":"2017-10-04T18:42:10","modified_gmt":"2017-10-04T16:42:10","slug":"zavrsena-naucna-konferencija-uloga-islamske-zajednice-u-opstanku-i-ocuvanju-identiteta-muslimana","status":"publish","type":"post","link":"https:\/\/sandzakpress.net\/arhiva\/zavrsena-naucna-konferencija-uloga-islamske-zajednice-u-opstanku-i-ocuvanju-identiteta-muslimana\/","title":{"rendered":"Zavr\u0161ena nau\u010dna konferencija\u00a0\u201cUloga Islamske zajednice u opstanku i o\u010duvanju identiteta muslimana\u201d"},"content":{"rendered":"<p><img loading=\"lazy\" decoding=\"async\" class=\"alignnone size-full wp-image-33358\" src=\"http:\/\/sanapress.info\/wp-content\/uploads\/2017\/10\/11.jpg\" alt=\"\" width=\"1008\" height=\"756\" \/><\/p>\n<p><strong>Na Fakultetu za islamske studije danas je odr\u017eana druga sesija nau\u010dne konferencija\u00a0\u201cUloga Islamske zajednice u opstanku i o\u010duvanju identiteta muslimana\u201d o u povodu deset godina od agresije na Islamsku zajednicu u Srbiji.<\/strong><\/p>\n<p>U\u010de\u0161\u0107e su uzeli dekan departmana za psihologiju dr. Mustafa Feti\u0107,\u00a0rukovodilac Slu\u017ebe za odnose s javno\u0161\u0107u Rijaseta IZ u BiH Ekrem Tucakovi\u0107, dekan Fakulteta za islamske studije dr. Enver Gici\u0107 i narodni poslanik muftija dr. Muamer Zukorli\u0107.<\/p>\n<p>O obrazovnim institucijama unutar Islamske zajednice u Srbiji govorio je dr. Mustafa Feti\u0107. O njihovoj va\u017enosti i ulozi Islamske zajednice u razvoju obrazovanja i osnivanju brojnih ustanova i institucija od pred\u0161kolske ustanove &#8220;Reuda&#8221; do Internacionalnog univerziteta. Sa posebnim osvrtom na visok pedago\u0161ki nivo i utjecaj na dru\u0161tvo uop\u0161te.<\/p>\n<p>G. Ekrem Tucakovi\u0107 govorio o islamofobiji koja je prisutna u svijetu a od koje ni Balkan nije ostao imun. On je istako da iako su muslimani na podru\u010dju Balkana autohtono stanovni\u0161tvo, mnogi rade na tome da se \u0161iri mr\u017enja. Tucakovi\u0107 isti\u010de da su se stolje\u0107ima koristile razne metode kako se muslimansko stanovni\u0161tvo prikazivalo u lo\u0161em svjetlu.<\/p>\n<p><iframe loading=\"lazy\" src=\"https:\/\/www.facebook.com\/plugins\/post.php?href=https%3A%2F%2Fwww.facebook.com%2Fmedia%2Fset%2F%3Fset%3Da.10155774136828584.1073741910.45359678583%26type%3D3&amp;width=500\" width=\"500\" height=\"645\" frameborder=\"0\" scrolling=\"no\" data-mce-fragment=\"1\"><\/iframe><\/p>\n<p>Dekan dr. Enver Gici\u0107\u00a0 govorio o razvoju Islamske zajednice u periodu agresiju odnosno u posljednih deset godina. Ukazao na ekspanziju u razvoju Islamske zajednice, njenih institucija kao i broj njenih upo\u0161ljenika. Dr. Gici\u0107 istakao da su vjernici prepoznali i svoje povjerenje ukazali Islamskoj zajednici u Srbiji \u010demu svjedo\u010di podatak da se iz godine u godinu pove\u0107avao iznos uplata u\u00a0 u Bejtul mal.<\/p>\n<p>Narodni poslanik muftija dr. Muamer Zukorli\u0107 govorio na temu &#8220;Pozadina i cilj agresije na Islamsku zajednicu&#8221;. Muftija\u00a0 Zukorli\u0107 podsjetio na uslove nastanka IZ-e, biranje njenog rukovodstva, problemima i izazovima sa kojima su se susretali od samog po\u010detka.<\/p>\n<p>Kao jedan od motiva za ru\u0161enjem IZ-e navodi \u017eelju Ugljaninai da je stavi pod svoju kontrolu.\u00a0Istakao i da su zna\u010dajnu ulogu imali i SANU kao i SPC koji su po svaku cijenu htjeli da slabe ili elimini\u0161u Islamsku zajednicu koju je vodio muftija Muamer Zukorli\u0107.<\/p>\n<p>&#8220;Govorimo o razbijanju IZ-e a to je njihov plan B, plan A je bio da preuzmu IZ-u i da se sve to dogodi 5. oktobra, ali nisu uspjeli u tome.&#8221;<\/p>\n<p>Muftija Zukorli\u0107 naglasio da sve ovo \u0161to se doga\u0111a u svijetu sa sunitima iako ih ima mnogo jeste problem gdje nema uleme koja ima autoritet jer se svaki poku\u0161aj da se neko od uleme uzdigne gu\u0161i.<\/p>\n<p>&#8220;Balkan je primjer da zajednica koju su \u010dinili ostaci samo za 15 godina oja\u010da i od nje se napravi sistem koji unutar sebe ima od vrti\u0107a do univerziteta, i savremeni organi koji uspjevaju da se suo\u010de sa izazovima savremenog svijeta i problemima koje on name\u0107e.&#8221;<\/p>\n<p>Muftija nagla\u0161ava i da je cilj napada na Islamsku zajednicu prije svega bio to da se ovlada njome i da se tu postave \u201ekarikature\u201c koje su postavljene da vode to otkinuto par\u010de. Kao svoje razloge za borbu na koju se odlu\u010dio prije svega navodi to da kao musliman nije mogao da klekne tome i da sebe sa\u010duva u vjeri i da sutra mo\u017ee svojoj djeci svijetla obraza da ka\u017ee da je sa\u010duvao emanet.<\/p>\n<p>&#8220;Bo\u017eija pomo\u0107 je bila da tako odlu\u010dimo i da uspijemo u tome. Tada sam rekao da \u0107e se IZ-a odbraniti ukoliko bude potrebna muslimanima. Tako je i bilo hiljade vjernika, muslimana je stalo na braniku odbrane i sukobili su se sa svima i nisu klekli pred tagutom. To mi predstavlja najve\u0107i izvor sre\u0107e.\u201c<\/p>\n<p>On je poru\u010dio da se nema razloga za zaustavljanjem i da ovih deset godina slu\u017ee kao poruka.<\/p>\n<p>Poru\u010dio da u politici daje sve od sebe kako bi sa\u010duvao Islamsku zajednicu i borio se za prava Bo\u0161njaka. Kazao da je zadovoljan tempom razvoja Islamske zajednice<\/p>\n<p>&#8220;Muftija Dudi\u0107 sa svojim saradnicima vrijedno radi u Islamskoj zajednici koja je uzela svoj zamah razvoja kao nikada do sada. Da nas nisu napali mo\u017eda ne bi imali ovakav motiv da se borimo. U prilici smo da vodimo dijalog, umanjujemo i otklanjamo \u0161tetu koja je nanijeta i idemo naprijed.&#8221; ka\u017ee Zukorli\u0107.<\/p>\n<p>Na kraju je dovu prou\u010dio muftija sand\u017ea\u010dki hfz. Abdurrahman ef. Kujevi\u0107.<\/p>\n<p><img loading=\"lazy\" decoding=\"async\" class=\"alignnone size-full wp-image-33348\" src=\"http:\/\/sanapress.info\/wp-content\/uploads\/2017\/10\/1.jpg\" alt=\"\" width=\"1072\" height=\"712\" \/> <img loading=\"lazy\" decoding=\"async\" class=\"alignnone size-full wp-image-33349\" src=\"http:\/\/sanapress.info\/wp-content\/uploads\/2017\/10\/2.jpg\" alt=\"\" width=\"1072\" height=\"712\" \/> <img loading=\"lazy\" decoding=\"async\" class=\"alignnone size-full wp-image-33350\" src=\"http:\/\/sanapress.info\/wp-content\/uploads\/2017\/10\/3.jpg\" alt=\"\" width=\"1072\" height=\"712\" \/> <img loading=\"lazy\" decoding=\"async\" class=\"alignnone size-full wp-image-33351\" src=\"http:\/\/sanapress.info\/wp-content\/uploads\/2017\/10\/4.jpg\" alt=\"\" width=\"1072\" height=\"712\" \/> <img loading=\"lazy\" decoding=\"async\" class=\"alignnone size-full wp-image-33352\" src=\"http:\/\/sanapress.info\/wp-content\/uploads\/2017\/10\/5.jpg\" alt=\"\" width=\"1072\" height=\"712\" \/> <img loading=\"lazy\" decoding=\"async\" class=\"alignnone size-full wp-image-33353\" src=\"http:\/\/sanapress.info\/wp-content\/uploads\/2017\/10\/6.jpg\" alt=\"\" width=\"1072\" height=\"712\" \/> <img loading=\"lazy\" decoding=\"async\" class=\"alignnone size-full wp-image-33354\" src=\"http:\/\/sanapress.info\/wp-content\/uploads\/2017\/10\/7.jpg\" alt=\"\" width=\"1072\" height=\"712\" \/> <img loading=\"lazy\" decoding=\"async\" class=\"alignnone size-full wp-image-33355\" src=\"http:\/\/sanapress.info\/wp-content\/uploads\/2017\/10\/8.jpg\" alt=\"\" width=\"1072\" height=\"712\" \/> <img loading=\"lazy\" decoding=\"async\" class=\"alignnone size-full wp-image-33356\" src=\"http:\/\/sanapress.info\/wp-content\/uploads\/2017\/10\/9.jpg\" alt=\"\" width=\"1072\" height=\"712\" \/> <img loading=\"lazy\" decoding=\"async\" class=\"alignnone size-full wp-image-33357\" src=\"http:\/\/sanapress.info\/wp-content\/uploads\/2017\/10\/10.jpg\" alt=\"\" width=\"1072\" height=\"712\" \/><\/p>\n","protected":false},"excerpt":{"rendered":"<p>Na Fakultetu za islamske studije danas je odr\u017eana druga sesija nau\u010dne konferencija\u00a0\u201cUloga Islamske zajednice u opstanku i o\u010duvanju identiteta muslimana\u201d o u povodu deset godina od agresije na Islamsku zajednicu u Srbiji. U\u010de\u0161\u0107e su uzeli dekan departmana za psihologiju dr. Mustafa Feti\u0107,\u00a0rukovodilac Slu\u017ebe za odnose s javno\u0161\u0107u Rijaseta IZ u BiH Ekrem Tucakovi\u0107, dekan Fakulteta [&hellip;]<\/p>\n","protected":false},"author":509,"featured_media":196009,"comment_status":"open","ping_status":"open","sticky":false,"template":"","format":"standard","meta":{"footnotes":""},"categories":[72,802,8957],"tags":[10204],"class_list":{"0":"post-196008","1":"post","2":"type-post","3":"status-publish","4":"format-standard","5":"has-post-thumbnail","7":"category-novi-pazar","8":"category-islamska_zajednica","9":"category-vijesti-dana","10":"tag-muftija-muamer-zukorlic"},"yoast_head":"<!-- This site is optimized with the Yoast SEO Premium plugin v23.1 (Yoast SEO v24.9) - https:\/\/yoast.com\/wordpress\/plugins\/seo\/ -->\n<title>Zavr\u0161ena nau\u010dna konferencija\u00a0\u201cUloga Islamske zajednice u opstanku i o\u010duvanju identiteta muslimana\u201d<\/title>\n<meta name=\"robots\" content=\"index, follow, max-snippet:-1, max-image-preview:large, max-video-preview:-1\" \/>\n<link rel=\"canonical\" href=\"https:\/\/sandzakpress.net\/arhiva\/zavrsena-naucna-konferencija-uloga-islamske-zajednice-u-opstanku-i-ocuvanju-identiteta-muslimana\/\" \/>\n<meta property=\"og:locale\" content=\"bs_BA\" \/>\n<meta property=\"og:type\" content=\"article\" \/>\n<meta property=\"og:title\" content=\"Zavr\u0161ena nau\u010dna konferencija\u00a0\u201cUloga Islamske zajednice u opstanku i o\u010duvanju identiteta muslimana\u201d\" \/>\n<meta property=\"og:description\" content=\"Na Fakultetu za islamske studije danas je odr\u017eana druga sesija nau\u010dne konferencija\u00a0\u201cUloga Islamske zajednice u opstanku i o\u010duvanju identiteta muslimana\u201d o u povodu deset godina od agresije na Islamsku zajednicu u Srbiji. U\u010de\u0161\u0107e su uzeli dekan departmana za psihologiju dr. Mustafa Feti\u0107,\u00a0rukovodilac Slu\u017ebe za odnose s javno\u0161\u0107u Rijaseta IZ u BiH Ekrem Tucakovi\u0107, dekan Fakulteta [&hellip;]\" \/>\n<meta property=\"og:url\" content=\"https:\/\/sandzakpress.net\/arhiva\/zavrsena-naucna-konferencija-uloga-islamske-zajednice-u-opstanku-i-ocuvanju-identiteta-muslimana\/\" \/>\n<meta property=\"og:site_name\" content=\"Sand\u017eak PRESS\" \/>\n<meta property=\"article:published_time\" content=\"2017-10-04T16:42:10+00:00\" \/>\n<meta property=\"og:image\" content=\"https:\/\/sandzakpress.net\/arhiva\/wp-content\/uploads\/2017\/10\/11.jpg\" \/>\n\t<meta property=\"og:image:width\" content=\"1008\" \/>\n\t<meta property=\"og:image:height\" content=\"756\" \/>\n\t<meta property=\"og:image:type\" content=\"image\/jpeg\" \/>\n<meta name=\"author\" content=\"Agencija\" \/>\n<meta name=\"twitter:card\" content=\"summary_large_image\" \/>\n<meta name=\"twitter:label1\" content=\"Written by\" \/>\n\t<meta name=\"twitter:data1\" content=\"Agencija\" \/>\n\t<meta name=\"twitter:label2\" content=\"Est. reading time\" \/>\n\t<meta name=\"twitter:data2\" content=\"4 minute\" \/>\n<script type=\"application\/ld+json\" class=\"yoast-schema-graph\">{\"@context\":\"https:\/\/schema.org\",\"@graph\":[{\"@type\":\"Article\",\"@id\":\"https:\/\/sandzakpress.net\/arhiva\/zavrsena-naucna-konferencija-uloga-islamske-zajednice-u-opstanku-i-ocuvanju-identiteta-muslimana\/#article\",\"isPartOf\":{\"@id\":\"https:\/\/sandzakpress.net\/arhiva\/zavrsena-naucna-konferencija-uloga-islamske-zajednice-u-opstanku-i-ocuvanju-identiteta-muslimana\/\"},\"author\":{\"name\":\"Agencija\",\"@id\":\"https:\/\/sandzakpress.net\/arhiva\/#\/schema\/person\/cb59d7e3ab91ab90dd680ad0305a6185\"},\"headline\":\"Zavr\u0161ena nau\u010dna konferencija\u00a0\u201cUloga Islamske zajednice u opstanku i o\u010duvanju identiteta muslimana\u201d\",\"datePublished\":\"2017-10-04T16:42:10+00:00\",\"mainEntityOfPage\":{\"@id\":\"https:\/\/sandzakpress.net\/arhiva\/zavrsena-naucna-konferencija-uloga-islamske-zajednice-u-opstanku-i-ocuvanju-identiteta-muslimana\/\"},\"wordCount\":729,\"commentCount\":1,\"publisher\":{\"@id\":\"https:\/\/sandzakpress.net\/arhiva\/#\/schema\/person\/6e72b67d6e51910a1117b3b483ba20bd\"},\"image\":{\"@id\":\"https:\/\/sandzakpress.net\/arhiva\/zavrsena-naucna-konferencija-uloga-islamske-zajednice-u-opstanku-i-ocuvanju-identiteta-muslimana\/#primaryimage\"},\"thumbnailUrl\":\"https:\/\/sandzakpress.net\/arhiva\/wp-content\/uploads\/2017\/10\/11.jpg\",\"keywords\":[\"muftija Muamer Zukorli\u0107\"],\"articleSection\":[\"Novi Pazar\",\"Islamska zajednica\",\"VIJESTI DANA\"],\"inLanguage\":\"bs-BA\",\"potentialAction\":[{\"@type\":\"CommentAction\",\"name\":\"Comment\",\"target\":[\"https:\/\/sandzakpress.net\/arhiva\/zavrsena-naucna-konferencija-uloga-islamske-zajednice-u-opstanku-i-ocuvanju-identiteta-muslimana\/#respond\"]}]},{\"@type\":\"WebPage\",\"@id\":\"https:\/\/sandzakpress.net\/arhiva\/zavrsena-naucna-konferencija-uloga-islamske-zajednice-u-opstanku-i-ocuvanju-identiteta-muslimana\/\",\"url\":\"https:\/\/sandzakpress.net\/arhiva\/zavrsena-naucna-konferencija-uloga-islamske-zajednice-u-opstanku-i-ocuvanju-identiteta-muslimana\/\",\"name\":\"Zavr\u0161ena nau\u010dna konferencija\u00a0\u201cUloga Islamske zajednice u opstanku i o\u010duvanju identiteta muslimana\u201d\",\"isPartOf\":{\"@id\":\"https:\/\/sandzakpress.net\/arhiva\/#website\"},\"primaryImageOfPage\":{\"@id\":\"https:\/\/sandzakpress.net\/arhiva\/zavrsena-naucna-konferencija-uloga-islamske-zajednice-u-opstanku-i-ocuvanju-identiteta-muslimana\/#primaryimage\"},\"image\":{\"@id\":\"https:\/\/sandzakpress.net\/arhiva\/zavrsena-naucna-konferencija-uloga-islamske-zajednice-u-opstanku-i-ocuvanju-identiteta-muslimana\/#primaryimage\"},\"thumbnailUrl\":\"https:\/\/sandzakpress.net\/arhiva\/wp-content\/uploads\/2017\/10\/11.jpg\",\"datePublished\":\"2017-10-04T16:42:10+00:00\",\"breadcrumb\":{\"@id\":\"https:\/\/sandzakpress.net\/arhiva\/zavrsena-naucna-konferencija-uloga-islamske-zajednice-u-opstanku-i-ocuvanju-identiteta-muslimana\/#breadcrumb\"},\"inLanguage\":\"bs-BA\",\"potentialAction\":[{\"@type\":\"ReadAction\",\"target\":[\"https:\/\/sandzakpress.net\/arhiva\/zavrsena-naucna-konferencija-uloga-islamske-zajednice-u-opstanku-i-ocuvanju-identiteta-muslimana\/\"]}]},{\"@type\":\"ImageObject\",\"inLanguage\":\"bs-BA\",\"@id\":\"https:\/\/sandzakpress.net\/arhiva\/zavrsena-naucna-konferencija-uloga-islamske-zajednice-u-opstanku-i-ocuvanju-identiteta-muslimana\/#primaryimage\",\"url\":\"https:\/\/sandzakpress.net\/arhiva\/wp-content\/uploads\/2017\/10\/11.jpg\",\"contentUrl\":\"https:\/\/sandzakpress.net\/arhiva\/wp-content\/uploads\/2017\/10\/11.jpg\",\"width\":1008,\"height\":756},{\"@type\":\"BreadcrumbList\",\"@id\":\"https:\/\/sandzakpress.net\/arhiva\/zavrsena-naucna-konferencija-uloga-islamske-zajednice-u-opstanku-i-ocuvanju-identiteta-muslimana\/#breadcrumb\",\"itemListElement\":[{\"@type\":\"ListItem\",\"position\":1,\"name\":\"Home\",\"item\":\"https:\/\/sandzakpress.net\/arhiva\/\"},{\"@type\":\"ListItem\",\"position\":2,\"name\":\"Zavr\u0161ena nau\u010dna konferencija\u00a0\u201cUloga Islamske zajednice u opstanku i o\u010duvanju identiteta muslimana\u201d\"}]},{\"@type\":\"WebSite\",\"@id\":\"https:\/\/sandzakpress.net\/arhiva\/#website\",\"url\":\"https:\/\/sandzakpress.net\/arhiva\/\",\"name\":\"Sand\u017eak PRESS\",\"description\":\"Prve elektronske novine u Sand\u017eaku\",\"publisher\":{\"@id\":\"https:\/\/sandzakpress.net\/arhiva\/#\/schema\/person\/6e72b67d6e51910a1117b3b483ba20bd\"},\"potentialAction\":[{\"@type\":\"SearchAction\",\"target\":{\"@type\":\"EntryPoint\",\"urlTemplate\":\"https:\/\/sandzakpress.net\/arhiva\/?s={search_term_string}\"},\"query-input\":{\"@type\":\"PropertyValueSpecification\",\"valueRequired\":true,\"valueName\":\"search_term_string\"}}],\"inLanguage\":\"bs-BA\"},{\"@type\":[\"Person\",\"Organization\"],\"@id\":\"https:\/\/sandzakpress.net\/arhiva\/#\/schema\/person\/6e72b67d6e51910a1117b3b483ba20bd\",\"name\":\"Kul\",\"image\":{\"@type\":\"ImageObject\",\"inLanguage\":\"bs-BA\",\"@id\":\"https:\/\/sandzakpress.net\/arhiva\/#\/schema\/person\/image\/\",\"url\":\"https:\/\/secure.gravatar.com\/avatar\/42263f39aa27ac04c43cab85c280eb2e?s=96&d=mm&r=pg\",\"contentUrl\":\"https:\/\/secure.gravatar.com\/avatar\/42263f39aa27ac04c43cab85c280eb2e?s=96&d=mm&r=pg\",\"caption\":\"Kul\"},\"logo\":{\"@id\":\"https:\/\/sandzakpress.net\/arhiva\/#\/schema\/person\/image\/\"}},{\"@type\":\"Person\",\"@id\":\"https:\/\/sandzakpress.net\/arhiva\/#\/schema\/person\/cb59d7e3ab91ab90dd680ad0305a6185\",\"name\":\"Agencija\",\"image\":{\"@type\":\"ImageObject\",\"inLanguage\":\"bs-BA\",\"@id\":\"https:\/\/sandzakpress.net\/arhiva\/#\/schema\/person\/image\/\",\"url\":\"https:\/\/secure.gravatar.com\/avatar\/4b7fafa80a22f0c2afe23966b3961fe0?s=96&d=mm&r=pg\",\"contentUrl\":\"https:\/\/secure.gravatar.com\/avatar\/4b7fafa80a22f0c2afe23966b3961fe0?s=96&d=mm&r=pg\",\"caption\":\"Agencija\"},\"url\":\"https:\/\/sandzakpress.net\/arhiva\/author\/agencija\/\"}]}<\/script>\n<!-- \/ Yoast SEO Premium plugin. -->","yoast_head_json":{"title":"Zavr\u0161ena nau\u010dna konferencija\u00a0\u201cUloga Islamske zajednice u opstanku i o\u010duvanju identiteta muslimana\u201d","robots":{"index":"index","follow":"follow","max-snippet":"max-snippet:-1","max-image-preview":"max-image-preview:large","max-video-preview":"max-video-preview:-1"},"canonical":"https:\/\/sandzakpress.net\/arhiva\/zavrsena-naucna-konferencija-uloga-islamske-zajednice-u-opstanku-i-ocuvanju-identiteta-muslimana\/","og_locale":"bs_BA","og_type":"article","og_title":"Zavr\u0161ena nau\u010dna konferencija\u00a0\u201cUloga Islamske zajednice u opstanku i o\u010duvanju identiteta muslimana\u201d","og_description":"Na Fakultetu za islamske studije danas je odr\u017eana druga sesija nau\u010dne konferencija\u00a0\u201cUloga Islamske zajednice u opstanku i o\u010duvanju identiteta muslimana\u201d o u povodu deset godina od agresije na Islamsku zajednicu u Srbiji. U\u010de\u0161\u0107e su uzeli dekan departmana za psihologiju dr. Mustafa Feti\u0107,\u00a0rukovodilac Slu\u017ebe za odnose s javno\u0161\u0107u Rijaseta IZ u BiH Ekrem Tucakovi\u0107, dekan Fakulteta [&hellip;]","og_url":"https:\/\/sandzakpress.net\/arhiva\/zavrsena-naucna-konferencija-uloga-islamske-zajednice-u-opstanku-i-ocuvanju-identiteta-muslimana\/","og_site_name":"Sand\u017eak PRESS","article_published_time":"2017-10-04T16:42:10+00:00","og_image":[{"width":1008,"height":756,"url":"https:\/\/sandzakpress.net\/arhiva\/wp-content\/uploads\/2017\/10\/11.jpg","type":"image\/jpeg"}],"author":"Agencija","twitter_card":"summary_large_image","twitter_misc":{"Written by":"Agencija","Est. reading time":"4 minute"},"schema":{"@context":"https:\/\/schema.org","@graph":[{"@type":"Article","@id":"https:\/\/sandzakpress.net\/arhiva\/zavrsena-naucna-konferencija-uloga-islamske-zajednice-u-opstanku-i-ocuvanju-identiteta-muslimana\/#article","isPartOf":{"@id":"https:\/\/sandzakpress.net\/arhiva\/zavrsena-naucna-konferencija-uloga-islamske-zajednice-u-opstanku-i-ocuvanju-identiteta-muslimana\/"},"author":{"name":"Agencija","@id":"https:\/\/sandzakpress.net\/arhiva\/#\/schema\/person\/cb59d7e3ab91ab90dd680ad0305a6185"},"headline":"Zavr\u0161ena nau\u010dna konferencija\u00a0\u201cUloga Islamske zajednice u opstanku i o\u010duvanju identiteta muslimana\u201d","datePublished":"2017-10-04T16:42:10+00:00","mainEntityOfPage":{"@id":"https:\/\/sandzakpress.net\/arhiva\/zavrsena-naucna-konferencija-uloga-islamske-zajednice-u-opstanku-i-ocuvanju-identiteta-muslimana\/"},"wordCount":729,"commentCount":1,"publisher":{"@id":"https:\/\/sandzakpress.net\/arhiva\/#\/schema\/person\/6e72b67d6e51910a1117b3b483ba20bd"},"image":{"@id":"https:\/\/sandzakpress.net\/arhiva\/zavrsena-naucna-konferencija-uloga-islamske-zajednice-u-opstanku-i-ocuvanju-identiteta-muslimana\/#primaryimage"},"thumbnailUrl":"https:\/\/sandzakpress.net\/arhiva\/wp-content\/uploads\/2017\/10\/11.jpg","keywords":["muftija Muamer Zukorli\u0107"],"articleSection":["Novi Pazar","Islamska zajednica","VIJESTI DANA"],"inLanguage":"bs-BA","potentialAction":[{"@type":"CommentAction","name":"Comment","target":["https:\/\/sandzakpress.net\/arhiva\/zavrsena-naucna-konferencija-uloga-islamske-zajednice-u-opstanku-i-ocuvanju-identiteta-muslimana\/#respond"]}]},{"@type":"WebPage","@id":"https:\/\/sandzakpress.net\/arhiva\/zavrsena-naucna-konferencija-uloga-islamske-zajednice-u-opstanku-i-ocuvanju-identiteta-muslimana\/","url":"https:\/\/sandzakpress.net\/arhiva\/zavrsena-naucna-konferencija-uloga-islamske-zajednice-u-opstanku-i-ocuvanju-identiteta-muslimana\/","name":"Zavr\u0161ena nau\u010dna konferencija\u00a0\u201cUloga Islamske zajednice u opstanku i o\u010duvanju identiteta muslimana\u201d","isPartOf":{"@id":"https:\/\/sandzakpress.net\/arhiva\/#website"},"primaryImageOfPage":{"@id":"https:\/\/sandzakpress.net\/arhiva\/zavrsena-naucna-konferencija-uloga-islamske-zajednice-u-opstanku-i-ocuvanju-identiteta-muslimana\/#primaryimage"},"image":{"@id":"https:\/\/sandzakpress.net\/arhiva\/zavrsena-naucna-konferencija-uloga-islamske-zajednice-u-opstanku-i-ocuvanju-identiteta-muslimana\/#primaryimage"},"thumbnailUrl":"https:\/\/sandzakpress.net\/arhiva\/wp-content\/uploads\/2017\/10\/11.jpg","datePublished":"2017-10-04T16:42:10+00:00","breadcrumb":{"@id":"https:\/\/sandzakpress.net\/arhiva\/zavrsena-naucna-konferencija-uloga-islamske-zajednice-u-opstanku-i-ocuvanju-identiteta-muslimana\/#breadcrumb"},"inLanguage":"bs-BA","potentialAction":[{"@type":"ReadAction","target":["https:\/\/sandzakpress.net\/arhiva\/zavrsena-naucna-konferencija-uloga-islamske-zajednice-u-opstanku-i-ocuvanju-identiteta-muslimana\/"]}]},{"@type":"ImageObject","inLanguage":"bs-BA","@id":"https:\/\/sandzakpress.net\/arhiva\/zavrsena-naucna-konferencija-uloga-islamske-zajednice-u-opstanku-i-ocuvanju-identiteta-muslimana\/#primaryimage","url":"https:\/\/sandzakpress.net\/arhiva\/wp-content\/uploads\/2017\/10\/11.jpg","contentUrl":"https:\/\/sandzakpress.net\/arhiva\/wp-content\/uploads\/2017\/10\/11.jpg","width":1008,"height":756},{"@type":"BreadcrumbList","@id":"https:\/\/sandzakpress.net\/arhiva\/zavrsena-naucna-konferencija-uloga-islamske-zajednice-u-opstanku-i-ocuvanju-identiteta-muslimana\/#breadcrumb","itemListElement":[{"@type":"ListItem","position":1,"name":"Home","item":"https:\/\/sandzakpress.net\/arhiva\/"},{"@type":"ListItem","position":2,"name":"Zavr\u0161ena nau\u010dna konferencija\u00a0\u201cUloga Islamske zajednice u opstanku i o\u010duvanju identiteta muslimana\u201d"}]},{"@type":"WebSite","@id":"https:\/\/sandzakpress.net\/arhiva\/#website","url":"https:\/\/sandzakpress.net\/arhiva\/","name":"Sand\u017eak PRESS","description":"Prve elektronske novine u Sand\u017eaku","publisher":{"@id":"https:\/\/sandzakpress.net\/arhiva\/#\/schema\/person\/6e72b67d6e51910a1117b3b483ba20bd"},"potentialAction":[{"@type":"SearchAction","target":{"@type":"EntryPoint","urlTemplate":"https:\/\/sandzakpress.net\/arhiva\/?s={search_term_string}"},"query-input":{"@type":"PropertyValueSpecification","valueRequired":true,"valueName":"search_term_string"}}],"inLanguage":"bs-BA"},{"@type":["Person","Organization"],"@id":"https:\/\/sandzakpress.net\/arhiva\/#\/schema\/person\/6e72b67d6e51910a1117b3b483ba20bd","name":"Kul","image":{"@type":"ImageObject","inLanguage":"bs-BA","@id":"https:\/\/sandzakpress.net\/arhiva\/#\/schema\/person\/image\/","url":"https:\/\/secure.gravatar.com\/avatar\/42263f39aa27ac04c43cab85c280eb2e?s=96&d=mm&r=pg","contentUrl":"https:\/\/secure.gravatar.com\/avatar\/42263f39aa27ac04c43cab85c280eb2e?s=96&d=mm&r=pg","caption":"Kul"},"logo":{"@id":"https:\/\/sandzakpress.net\/arhiva\/#\/schema\/person\/image\/"}},{"@type":"Person","@id":"https:\/\/sandzakpress.net\/arhiva\/#\/schema\/person\/cb59d7e3ab91ab90dd680ad0305a6185","name":"Agencija","image":{"@type":"ImageObject","inLanguage":"bs-BA","@id":"https:\/\/sandzakpress.net\/arhiva\/#\/schema\/person\/image\/","url":"https:\/\/secure.gravatar.com\/avatar\/4b7fafa80a22f0c2afe23966b3961fe0?s=96&d=mm&r=pg","contentUrl":"https:\/\/secure.gravatar.com\/avatar\/4b7fafa80a22f0c2afe23966b3961fe0?s=96&d=mm&r=pg","caption":"Agencija"},"url":"https:\/\/sandzakpress.net\/arhiva\/author\/agencija\/"}]}},"_links":{"self":[{"href":"https:\/\/sandzakpress.net\/arhiva\/wp-json\/wp\/v2\/posts\/196008"}],"collection":[{"href":"https:\/\/sandzakpress.net\/arhiva\/wp-json\/wp\/v2\/posts"}],"about":[{"href":"https:\/\/sandzakpress.net\/arhiva\/wp-json\/wp\/v2\/types\/post"}],"author":[{"embeddable":true,"href":"https:\/\/sandzakpress.net\/arhiva\/wp-json\/wp\/v2\/users\/509"}],"replies":[{"embeddable":true,"href":"https:\/\/sandzakpress.net\/arhiva\/wp-json\/wp\/v2\/comments?post=196008"}],"version-history":[{"count":0,"href":"https:\/\/sandzakpress.net\/arhiva\/wp-json\/wp\/v2\/posts\/196008\/revisions"}],"wp:featuredmedia":[{"embeddable":true,"href":"https:\/\/sandzakpress.net\/arhiva\/wp-json\/wp\/v2\/media\/196009"}],"wp:attachment":[{"href":"https:\/\/sandzakpress.net\/arhiva\/wp-json\/wp\/v2\/media?parent=196008"}],"wp:term":[{"taxonomy":"category","embeddable":true,"href":"https:\/\/sandzakpress.net\/arhiva\/wp-json\/wp\/v2\/categories?post=196008"},{"taxonomy":"post_tag","embeddable":true,"href":"https:\/\/sandzakpress.net\/arhiva\/wp-json\/wp\/v2\/tags?post=196008"}],"curies":[{"name":"wp","href":"https:\/\/api.w.org\/{rel}","templated":true}]}}