{"id":195952,"date":"2017-10-04T10:46:48","date_gmt":"2017-10-04T08:46:48","guid":{"rendered":"https:\/\/sandzakpress.net\/arhiva\/?p=195952"},"modified":"2017-10-04T11:06:29","modified_gmt":"2017-10-04T09:06:29","slug":"kao-preko-noci-da-ostaris","status":"publish","type":"post","link":"https:\/\/sandzakpress.net\/arhiva\/kao-preko-noci-da-ostaris\/","title":{"rendered":"Kao preko no\u0107i da ostari\u0161"},"content":{"rendered":"<p><strong><img loading=\"lazy\" decoding=\"async\" class=\"aligncenter size-full wp-image-195953\" src=\"https:\/\/sandzakpress.net\/arhiva\/wp-content\/uploads\/2017\/10\/sd.jpg\" alt=\"\" width=\"1280\" height=\"719\" srcset=\"https:\/\/sandzakpress.net\/arhiva\/wp-content\/uploads\/2017\/10\/sd.jpg 1280w, https:\/\/sandzakpress.net\/arhiva\/wp-content\/uploads\/2017\/10\/sd-768x431.jpg 768w, https:\/\/sandzakpress.net\/arhiva\/wp-content\/uploads\/2017\/10\/sd-616x346.jpg 616w\" sizes=\"(max-width: 1280px) 100vw, 1280px\" \/>DESET godina od agresije na Islamsku zajednicu u Srbiji, tada jedinu instituciju muslimana vidjet \u0107ete najprije po licima onih koji su je odbranili.<\/strong><\/p>\n<p>\u010citav je niz \u010dlanova na\u0161ih porodica, rodjaka, prijatelja, saradnika na \u010delu sa mojim glavnim muftijom Muamer ef. Zukorli\u0107em u toj odbrani. Ne mo\u017eete ni zamisliti kako su svi oni koje smo tada znali kao mlade i dje\u010dake preko no\u0107i &#8216;ostarili&#8217;. Ne mo\u017eemo ih zaboraviti. Kao ni sand\u017ea\u010dku dijasporu koja je tada doslovno &#8216;sko\u010dila&#8217; da pomogne kako god je mogla, htjela i smjela. I ne samo dijaspore, vec i par ISKRENIH iz same matice Bosne. Valja napomenuti da je tada trebalo zaista imati petlju i stati u red \u0161ake muslimana naspram cijelog srbijanskog dr\u017eavnog aparata.<\/p>\n<p>Nikada me ne\u0107e pro\u0107i gor\u010dina kad vidim koliko oni koji su pro\u017eivjeli genocid (npr. u Prijedoru) veli\u010daju nasljednike paravjerske tvorevine \u010diji su prethodnici izvr\u0161ili agresiju na vjersku instituciju najvi\u0161ega ranga.<\/p>\n<p>Koliko svakom bogobojaznom insanu iz Sand\u017eaka, Bosne ili bilo koje druge zemlje koji shvata nepravdu i te\u017einu ove agresije ne mo\u017ee biti svejedno i puno vi\u0161e od toga dok gleda video zapise iz 2007. godine i svih deset narednih godina, toliko mo\u017ee biti ponosan na sve \u0161to je odbranjeno, sa\u010duvano i izgradjeno.<\/p>\n<p>Nove okolnosti u Sand\u017eaku i regionu bi sad mogle omogu\u0107iti siguran ambijent za sve narode i jednaka prava za njih. &#8216;Po\u0161tujemo suverenitet, ali jako, jako volimo Sand\u017eak.&#8217;<\/p>\n<p><strong>Autor: Almedina Zukorli\u0107<\/strong><\/p>\n","protected":false},"excerpt":{"rendered":"<p>Almedina Zukorli\u0107<\/p>\n","protected":false},"author":125,"featured_media":195953,"comment_status":"open","ping_status":"open","sticky":false,"template":"","format":"standard","meta":{"footnotes":""},"categories":[72,52,10196,327],"tags":[],"class_list":{"0":"post-195952","1":"post","2":"type-post","3":"status-publish","4":"format-standard","5":"has-post-thumbnail","7":"category-novi-pazar","8":"category-sjenica","9":"category-iz-pera-nasih-autora","10":"category-tutin"},"yoast_head":"<!-- This site is optimized with the Yoast SEO Premium plugin v23.1 (Yoast SEO v24.9) - https:\/\/yoast.com\/wordpress\/plugins\/seo\/ -->\n<title>Kao preko no\u0107i da ostari\u0161<\/title>\n<meta name=\"robots\" content=\"index, follow, max-snippet:-1, max-image-preview:large, max-video-preview:-1\" \/>\n<link rel=\"canonical\" href=\"https:\/\/sandzakpress.net\/arhiva\/kao-preko-noci-da-ostaris\/\" \/>\n<meta property=\"og:locale\" content=\"bs_BA\" \/>\n<meta property=\"og:type\" content=\"article\" \/>\n<meta property=\"og:title\" content=\"Kao preko no\u0107i da ostari\u0161\" \/>\n<meta property=\"og:description\" content=\"Almedina Zukorli\u0107\" \/>\n<meta property=\"og:url\" content=\"https:\/\/sandzakpress.net\/arhiva\/kao-preko-noci-da-ostaris\/\" \/>\n<meta property=\"og:site_name\" content=\"Sand\u017eak PRESS\" \/>\n<meta property=\"article:published_time\" content=\"2017-10-04T08:46:48+00:00\" \/>\n<meta property=\"article:modified_time\" content=\"2017-10-04T09:06:29+00:00\" \/>\n<meta property=\"og:image\" content=\"https:\/\/sandzakpress.net\/arhiva\/wp-content\/uploads\/2017\/10\/sd.jpg\" \/>\n\t<meta property=\"og:image:width\" content=\"1280\" \/>\n\t<meta property=\"og:image:height\" content=\"719\" \/>\n\t<meta property=\"og:image:type\" content=\"image\/jpeg\" \/>\n<meta name=\"author\" content=\"Korektor\" \/>\n<meta name=\"twitter:card\" content=\"summary_large_image\" \/>\n<meta name=\"twitter:label1\" content=\"Written by\" \/>\n\t<meta name=\"twitter:data1\" content=\"Korektor\" \/>\n\t<meta name=\"twitter:label2\" content=\"Est. reading time\" \/>\n\t<meta name=\"twitter:data2\" content=\"1 minuta\" \/>\n<script type=\"application\/ld+json\" class=\"yoast-schema-graph\">{\"@context\":\"https:\/\/schema.org\",\"@graph\":[{\"@type\":\"Article\",\"@id\":\"https:\/\/sandzakpress.net\/arhiva\/kao-preko-noci-da-ostaris\/#article\",\"isPartOf\":{\"@id\":\"https:\/\/sandzakpress.net\/arhiva\/kao-preko-noci-da-ostaris\/\"},\"author\":{\"name\":\"Korektor\",\"@id\":\"https:\/\/sandzakpress.net\/arhiva\/#\/schema\/person\/b71f9565a8a6ce38c0200f1cf59c368c\"},\"headline\":\"Kao preko no\u0107i da ostari\u0161\",\"datePublished\":\"2017-10-04T08:46:48+00:00\",\"dateModified\":\"2017-10-04T09:06:29+00:00\",\"mainEntityOfPage\":{\"@id\":\"https:\/\/sandzakpress.net\/arhiva\/kao-preko-noci-da-ostaris\/\"},\"wordCount\":261,\"commentCount\":0,\"publisher\":{\"@id\":\"https:\/\/sandzakpress.net\/arhiva\/#\/schema\/person\/6e72b67d6e51910a1117b3b483ba20bd\"},\"image\":{\"@id\":\"https:\/\/sandzakpress.net\/arhiva\/kao-preko-noci-da-ostaris\/#primaryimage\"},\"thumbnailUrl\":\"https:\/\/sandzakpress.net\/arhiva\/wp-content\/uploads\/2017\/10\/sd.jpg\",\"articleSection\":[\"Novi Pazar\",\"Sjenica\",\"Iz pera na\u0161ih autora\",\"Tutin\"],\"inLanguage\":\"bs-BA\",\"potentialAction\":[{\"@type\":\"CommentAction\",\"name\":\"Comment\",\"target\":[\"https:\/\/sandzakpress.net\/arhiva\/kao-preko-noci-da-ostaris\/#respond\"]}]},{\"@type\":\"WebPage\",\"@id\":\"https:\/\/sandzakpress.net\/arhiva\/kao-preko-noci-da-ostaris\/\",\"url\":\"https:\/\/sandzakpress.net\/arhiva\/kao-preko-noci-da-ostaris\/\",\"name\":\"Kao preko no\u0107i da ostari\u0161\",\"isPartOf\":{\"@id\":\"https:\/\/sandzakpress.net\/arhiva\/#website\"},\"primaryImageOfPage\":{\"@id\":\"https:\/\/sandzakpress.net\/arhiva\/kao-preko-noci-da-ostaris\/#primaryimage\"},\"image\":{\"@id\":\"https:\/\/sandzakpress.net\/arhiva\/kao-preko-noci-da-ostaris\/#primaryimage\"},\"thumbnailUrl\":\"https:\/\/sandzakpress.net\/arhiva\/wp-content\/uploads\/2017\/10\/sd.jpg\",\"datePublished\":\"2017-10-04T08:46:48+00:00\",\"dateModified\":\"2017-10-04T09:06:29+00:00\",\"breadcrumb\":{\"@id\":\"https:\/\/sandzakpress.net\/arhiva\/kao-preko-noci-da-ostaris\/#breadcrumb\"},\"inLanguage\":\"bs-BA\",\"potentialAction\":[{\"@type\":\"ReadAction\",\"target\":[\"https:\/\/sandzakpress.net\/arhiva\/kao-preko-noci-da-ostaris\/\"]}]},{\"@type\":\"ImageObject\",\"inLanguage\":\"bs-BA\",\"@id\":\"https:\/\/sandzakpress.net\/arhiva\/kao-preko-noci-da-ostaris\/#primaryimage\",\"url\":\"https:\/\/sandzakpress.net\/arhiva\/wp-content\/uploads\/2017\/10\/sd.jpg\",\"contentUrl\":\"https:\/\/sandzakpress.net\/arhiva\/wp-content\/uploads\/2017\/10\/sd.jpg\",\"width\":1280,\"height\":719},{\"@type\":\"BreadcrumbList\",\"@id\":\"https:\/\/sandzakpress.net\/arhiva\/kao-preko-noci-da-ostaris\/#breadcrumb\",\"itemListElement\":[{\"@type\":\"ListItem\",\"position\":1,\"name\":\"Home\",\"item\":\"https:\/\/sandzakpress.net\/arhiva\/\"},{\"@type\":\"ListItem\",\"position\":2,\"name\":\"Kao preko no\u0107i da ostari\u0161\"}]},{\"@type\":\"WebSite\",\"@id\":\"https:\/\/sandzakpress.net\/arhiva\/#website\",\"url\":\"https:\/\/sandzakpress.net\/arhiva\/\",\"name\":\"Sand\u017eak PRESS\",\"description\":\"Prve elektronske novine u Sand\u017eaku\",\"publisher\":{\"@id\":\"https:\/\/sandzakpress.net\/arhiva\/#\/schema\/person\/6e72b67d6e51910a1117b3b483ba20bd\"},\"potentialAction\":[{\"@type\":\"SearchAction\",\"target\":{\"@type\":\"EntryPoint\",\"urlTemplate\":\"https:\/\/sandzakpress.net\/arhiva\/?s={search_term_string}\"},\"query-input\":{\"@type\":\"PropertyValueSpecification\",\"valueRequired\":true,\"valueName\":\"search_term_string\"}}],\"inLanguage\":\"bs-BA\"},{\"@type\":[\"Person\",\"Organization\"],\"@id\":\"https:\/\/sandzakpress.net\/arhiva\/#\/schema\/person\/6e72b67d6e51910a1117b3b483ba20bd\",\"name\":\"Kul\",\"image\":{\"@type\":\"ImageObject\",\"inLanguage\":\"bs-BA\",\"@id\":\"https:\/\/sandzakpress.net\/arhiva\/#\/schema\/person\/image\/\",\"url\":\"https:\/\/secure.gravatar.com\/avatar\/42263f39aa27ac04c43cab85c280eb2e?s=96&d=mm&r=pg\",\"contentUrl\":\"https:\/\/secure.gravatar.com\/avatar\/42263f39aa27ac04c43cab85c280eb2e?s=96&d=mm&r=pg\",\"caption\":\"Kul\"},\"logo\":{\"@id\":\"https:\/\/sandzakpress.net\/arhiva\/#\/schema\/person\/image\/\"}},{\"@type\":\"Person\",\"@id\":\"https:\/\/sandzakpress.net\/arhiva\/#\/schema\/person\/b71f9565a8a6ce38c0200f1cf59c368c\",\"name\":\"Korektor\",\"image\":{\"@type\":\"ImageObject\",\"inLanguage\":\"bs-BA\",\"@id\":\"https:\/\/sandzakpress.net\/arhiva\/#\/schema\/person\/image\/\",\"url\":\"https:\/\/secure.gravatar.com\/avatar\/ae3388ff9b8eb74e0751a069466905f6?s=96&d=mm&r=pg\",\"contentUrl\":\"https:\/\/secure.gravatar.com\/avatar\/ae3388ff9b8eb74e0751a069466905f6?s=96&d=mm&r=pg\",\"caption\":\"Korektor\"},\"url\":\"https:\/\/sandzakpress.net\/arhiva\/author\/korektor\/\"}]}<\/script>\n<!-- \/ Yoast SEO Premium plugin. -->","yoast_head_json":{"title":"Kao preko no\u0107i da ostari\u0161","robots":{"index":"index","follow":"follow","max-snippet":"max-snippet:-1","max-image-preview":"max-image-preview:large","max-video-preview":"max-video-preview:-1"},"canonical":"https:\/\/sandzakpress.net\/arhiva\/kao-preko-noci-da-ostaris\/","og_locale":"bs_BA","og_type":"article","og_title":"Kao preko no\u0107i da ostari\u0161","og_description":"Almedina Zukorli\u0107","og_url":"https:\/\/sandzakpress.net\/arhiva\/kao-preko-noci-da-ostaris\/","og_site_name":"Sand\u017eak PRESS","article_published_time":"2017-10-04T08:46:48+00:00","article_modified_time":"2017-10-04T09:06:29+00:00","og_image":[{"width":1280,"height":719,"url":"https:\/\/sandzakpress.net\/arhiva\/wp-content\/uploads\/2017\/10\/sd.jpg","type":"image\/jpeg"}],"author":"Korektor","twitter_card":"summary_large_image","twitter_misc":{"Written by":"Korektor","Est. reading time":"1 minuta"},"schema":{"@context":"https:\/\/schema.org","@graph":[{"@type":"Article","@id":"https:\/\/sandzakpress.net\/arhiva\/kao-preko-noci-da-ostaris\/#article","isPartOf":{"@id":"https:\/\/sandzakpress.net\/arhiva\/kao-preko-noci-da-ostaris\/"},"author":{"name":"Korektor","@id":"https:\/\/sandzakpress.net\/arhiva\/#\/schema\/person\/b71f9565a8a6ce38c0200f1cf59c368c"},"headline":"Kao preko no\u0107i da ostari\u0161","datePublished":"2017-10-04T08:46:48+00:00","dateModified":"2017-10-04T09:06:29+00:00","mainEntityOfPage":{"@id":"https:\/\/sandzakpress.net\/arhiva\/kao-preko-noci-da-ostaris\/"},"wordCount":261,"commentCount":0,"publisher":{"@id":"https:\/\/sandzakpress.net\/arhiva\/#\/schema\/person\/6e72b67d6e51910a1117b3b483ba20bd"},"image":{"@id":"https:\/\/sandzakpress.net\/arhiva\/kao-preko-noci-da-ostaris\/#primaryimage"},"thumbnailUrl":"https:\/\/sandzakpress.net\/arhiva\/wp-content\/uploads\/2017\/10\/sd.jpg","articleSection":["Novi Pazar","Sjenica","Iz pera na\u0161ih autora","Tutin"],"inLanguage":"bs-BA","potentialAction":[{"@type":"CommentAction","name":"Comment","target":["https:\/\/sandzakpress.net\/arhiva\/kao-preko-noci-da-ostaris\/#respond"]}]},{"@type":"WebPage","@id":"https:\/\/sandzakpress.net\/arhiva\/kao-preko-noci-da-ostaris\/","url":"https:\/\/sandzakpress.net\/arhiva\/kao-preko-noci-da-ostaris\/","name":"Kao preko no\u0107i da ostari\u0161","isPartOf":{"@id":"https:\/\/sandzakpress.net\/arhiva\/#website"},"primaryImageOfPage":{"@id":"https:\/\/sandzakpress.net\/arhiva\/kao-preko-noci-da-ostaris\/#primaryimage"},"image":{"@id":"https:\/\/sandzakpress.net\/arhiva\/kao-preko-noci-da-ostaris\/#primaryimage"},"thumbnailUrl":"https:\/\/sandzakpress.net\/arhiva\/wp-content\/uploads\/2017\/10\/sd.jpg","datePublished":"2017-10-04T08:46:48+00:00","dateModified":"2017-10-04T09:06:29+00:00","breadcrumb":{"@id":"https:\/\/sandzakpress.net\/arhiva\/kao-preko-noci-da-ostaris\/#breadcrumb"},"inLanguage":"bs-BA","potentialAction":[{"@type":"ReadAction","target":["https:\/\/sandzakpress.net\/arhiva\/kao-preko-noci-da-ostaris\/"]}]},{"@type":"ImageObject","inLanguage":"bs-BA","@id":"https:\/\/sandzakpress.net\/arhiva\/kao-preko-noci-da-ostaris\/#primaryimage","url":"https:\/\/sandzakpress.net\/arhiva\/wp-content\/uploads\/2017\/10\/sd.jpg","contentUrl":"https:\/\/sandzakpress.net\/arhiva\/wp-content\/uploads\/2017\/10\/sd.jpg","width":1280,"height":719},{"@type":"BreadcrumbList","@id":"https:\/\/sandzakpress.net\/arhiva\/kao-preko-noci-da-ostaris\/#breadcrumb","itemListElement":[{"@type":"ListItem","position":1,"name":"Home","item":"https:\/\/sandzakpress.net\/arhiva\/"},{"@type":"ListItem","position":2,"name":"Kao preko no\u0107i da ostari\u0161"}]},{"@type":"WebSite","@id":"https:\/\/sandzakpress.net\/arhiva\/#website","url":"https:\/\/sandzakpress.net\/arhiva\/","name":"Sand\u017eak PRESS","description":"Prve elektronske novine u Sand\u017eaku","publisher":{"@id":"https:\/\/sandzakpress.net\/arhiva\/#\/schema\/person\/6e72b67d6e51910a1117b3b483ba20bd"},"potentialAction":[{"@type":"SearchAction","target":{"@type":"EntryPoint","urlTemplate":"https:\/\/sandzakpress.net\/arhiva\/?s={search_term_string}"},"query-input":{"@type":"PropertyValueSpecification","valueRequired":true,"valueName":"search_term_string"}}],"inLanguage":"bs-BA"},{"@type":["Person","Organization"],"@id":"https:\/\/sandzakpress.net\/arhiva\/#\/schema\/person\/6e72b67d6e51910a1117b3b483ba20bd","name":"Kul","image":{"@type":"ImageObject","inLanguage":"bs-BA","@id":"https:\/\/sandzakpress.net\/arhiva\/#\/schema\/person\/image\/","url":"https:\/\/secure.gravatar.com\/avatar\/42263f39aa27ac04c43cab85c280eb2e?s=96&d=mm&r=pg","contentUrl":"https:\/\/secure.gravatar.com\/avatar\/42263f39aa27ac04c43cab85c280eb2e?s=96&d=mm&r=pg","caption":"Kul"},"logo":{"@id":"https:\/\/sandzakpress.net\/arhiva\/#\/schema\/person\/image\/"}},{"@type":"Person","@id":"https:\/\/sandzakpress.net\/arhiva\/#\/schema\/person\/b71f9565a8a6ce38c0200f1cf59c368c","name":"Korektor","image":{"@type":"ImageObject","inLanguage":"bs-BA","@id":"https:\/\/sandzakpress.net\/arhiva\/#\/schema\/person\/image\/","url":"https:\/\/secure.gravatar.com\/avatar\/ae3388ff9b8eb74e0751a069466905f6?s=96&d=mm&r=pg","contentUrl":"https:\/\/secure.gravatar.com\/avatar\/ae3388ff9b8eb74e0751a069466905f6?s=96&d=mm&r=pg","caption":"Korektor"},"url":"https:\/\/sandzakpress.net\/arhiva\/author\/korektor\/"}]}},"_links":{"self":[{"href":"https:\/\/sandzakpress.net\/arhiva\/wp-json\/wp\/v2\/posts\/195952"}],"collection":[{"href":"https:\/\/sandzakpress.net\/arhiva\/wp-json\/wp\/v2\/posts"}],"about":[{"href":"https:\/\/sandzakpress.net\/arhiva\/wp-json\/wp\/v2\/types\/post"}],"author":[{"embeddable":true,"href":"https:\/\/sandzakpress.net\/arhiva\/wp-json\/wp\/v2\/users\/125"}],"replies":[{"embeddable":true,"href":"https:\/\/sandzakpress.net\/arhiva\/wp-json\/wp\/v2\/comments?post=195952"}],"version-history":[{"count":0,"href":"https:\/\/sandzakpress.net\/arhiva\/wp-json\/wp\/v2\/posts\/195952\/revisions"}],"wp:featuredmedia":[{"embeddable":true,"href":"https:\/\/sandzakpress.net\/arhiva\/wp-json\/wp\/v2\/media\/195953"}],"wp:attachment":[{"href":"https:\/\/sandzakpress.net\/arhiva\/wp-json\/wp\/v2\/media?parent=195952"}],"wp:term":[{"taxonomy":"category","embeddable":true,"href":"https:\/\/sandzakpress.net\/arhiva\/wp-json\/wp\/v2\/categories?post=195952"},{"taxonomy":"post_tag","embeddable":true,"href":"https:\/\/sandzakpress.net\/arhiva\/wp-json\/wp\/v2\/tags?post=195952"}],"curies":[{"name":"wp","href":"https:\/\/api.w.org\/{rel}","templated":true}]}}