{"id":195855,"date":"2017-10-03T09:55:04","date_gmt":"2017-10-03T07:55:04","guid":{"rendered":"https:\/\/sandzakpress.net\/arhiva\/?p=195855"},"modified":"2017-10-03T09:55:04","modified_gmt":"2017-10-03T07:55:04","slug":"istina-o-ubistvu-fahrudina-skarepa","status":"publish","type":"post","link":"https:\/\/sandzakpress.net\/arhiva\/istina-o-ubistvu-fahrudina-skarepa\/","title":{"rendered":"Istina o ubistvu Fahrudina Skarepa"},"content":{"rendered":"<p><strong><img loading=\"lazy\" decoding=\"async\" class=\"aligncenter  wp-image-195860\" src=\"https:\/\/sandzakpress.net\/arhiva\/wp-content\/uploads\/2017\/10\/fff.jpg\" alt=\"\" width=\"713\" height=\"522\" \/>Danas smo saznali pravu istinu o ubistvu Fahrudina Skarepa:<\/strong><\/p>\n<p>KOMANDIR NERMIN ZE\u0106IROVI\u0106 JE JURNU D\u017dIPOM NA NA\u0160E PARKIRANO VOZILO A POLICAJAC UBICA JE IZA\u0160AO I UBIO MOG DRUGA, SA STRANE KROZ STAKLO.<br \/>PARKIRALI SMO VOZILO NA PRO\u0160IRENJU DA BI PRO\u0160LO VOZILO IZ SUPROTNOG SMJERA, TADA JE POLICISKI D\u017dIP JURNUO NA NA\u0160E VOZILO I ZAUSTAVILO SE UZ BRANIK NA\u0160EG AUTA.\u00a0<\/p>\n<p>D\u017dIPA JE VOZIO NERMIN ZE\u0106IROVI\u0106, DRUGI POLICAJAC BELOICA R. JE IZA\u0160AO IZ POLICISKOG D\u017dIPA I PUCAO U NA\u0160E AUTO SA STRANE, OBLILA ME JE KRV A JA SAM SE DR\u017dAO ZA GLAVU MISLE\u0106I DA JE UBIO I MENE.<\/p>\n<p>KUKAO SAM DO NEBA DOK ME POLICAJAC NIJE IZVUKAO NA MOJA VRATA I PREBIO NA ZEMLJI, ZAPO\u010cINJE PRI\u010cU 20-TOGODI\u0160NJI OMEROVI\u0106 MIRSAD KOJI JE BIO U KOLIMA.<\/p>\n<p>Automobil je u Novom Pazaru ispred SUP-a, u \u0161to se mo\u017eete sami uvjeriti, nijesmo bje\u017eali niti smo davali bilo kakav otpor. Ubili su druga i odveli ga u bolnicu a mene su ostavili sa ubicom Beloicom koji je mahao sa pi\u0161toljem a ja sam kukao i molio da me ne ubije. Kada su do\u0161li sa drugim d\u017eipom po nas kao da sam se rodio, tada sam shvatio da sam \u017eiv a krv mi je oblila cijelu odje\u0107u. Sa d\u017eipom je do\u0161ao drugi Ze\u0107irovi\u0107 ina\u010de amid\u017ei\u0107 Nermina Ze\u0107irovi\u0107a.<\/p>\n<p>Sve je la\u017e, nijesmo bje\u017eali niti smo davali nikakav otpor, niti nam je bilo ko od policije\u00a0upozoravao, niti je udareno na\u0161e vozilo niti vozilo policije. Sve se mo\u017ee provjeriti, sve su lagali, pri\u010da kroz suze upla\u0161eni Omerovi\u0107. Ubili su ga na pravdi Boga, on je bio \u010dist i u na\u0161em vozilu nije imalo ni\u0161ta. Na\u0161e vozilo je prazno bili smo goloruki.<\/p>\n<p>Kako \u0107u ja \u017eivjeti bez mog druga? Ista policija je ubila i mog daid\u017einog i halinog sina, ovo je tre\u0107e ubistvo, ka\u017ee kroz suze Omerovi\u0107. Dokle vi\u0161e, da li \u017eivimo u ratu \u0161ta se ovo doga\u0111a?<\/p>\n<p>Ja vi\u0161e nikada ne mogu biti \u010dovjek, ne mogu da spavam niti da jedem, sve mi je slika ubijenog druga pred o\u010dima i onaj krv i pi\u0161tolj i policajac koji dr\u017ei pi\u0161tolj.<br \/>Jedan dio pri\u010de koju mi je danas ispri\u010dao pre\u017eivjeli Omerovi\u0107 koga sam li\u010dno posjetio&#8230;<\/p>\n<p><strong>Autor: Naser Baki\u0107<\/strong><\/p>\n","protected":false},"excerpt":{"rendered":"<p>Naser Baki\u0107<\/p>\n","protected":false},"author":125,"featured_media":195860,"comment_status":"open","ping_status":"open","sticky":false,"template":"","format":"standard","meta":{"footnotes":""},"categories":[72,52,10196,327],"tags":[],"class_list":{"0":"post-195855","1":"post","2":"type-post","3":"status-publish","4":"format-standard","5":"has-post-thumbnail","7":"category-novi-pazar","8":"category-sjenica","9":"category-iz-pera-nasih-autora","10":"category-tutin"},"yoast_head":"<!-- This site is optimized with the Yoast SEO Premium plugin v23.1 (Yoast SEO v24.9) - https:\/\/yoast.com\/wordpress\/plugins\/seo\/ -->\n<title>Istina o ubistvu Fahrudina Skarepa<\/title>\n<meta name=\"robots\" content=\"index, follow, max-snippet:-1, max-image-preview:large, max-video-preview:-1\" \/>\n<link rel=\"canonical\" href=\"https:\/\/sandzakpress.net\/arhiva\/istina-o-ubistvu-fahrudina-skarepa\/\" \/>\n<meta property=\"og:locale\" content=\"bs_BA\" \/>\n<meta property=\"og:type\" content=\"article\" \/>\n<meta property=\"og:title\" content=\"Istina o ubistvu Fahrudina Skarepa\" \/>\n<meta property=\"og:description\" content=\"Naser Baki\u0107\" \/>\n<meta property=\"og:url\" content=\"https:\/\/sandzakpress.net\/arhiva\/istina-o-ubistvu-fahrudina-skarepa\/\" \/>\n<meta property=\"og:site_name\" content=\"Sand\u017eak PRESS\" \/>\n<meta property=\"article:published_time\" content=\"2017-10-03T07:55:04+00:00\" \/>\n<meta property=\"og:image\" content=\"https:\/\/sandzakpress.net\/arhiva\/wp-content\/uploads\/2017\/10\/fff.jpg\" \/>\n\t<meta property=\"og:image:width\" content=\"768\" \/>\n\t<meta property=\"og:image:height\" content=\"517\" \/>\n\t<meta property=\"og:image:type\" content=\"image\/jpeg\" \/>\n<meta name=\"author\" content=\"Korektor\" \/>\n<meta name=\"twitter:card\" content=\"summary_large_image\" \/>\n<meta name=\"twitter:label1\" content=\"Written by\" \/>\n\t<meta name=\"twitter:data1\" content=\"Korektor\" \/>\n\t<meta name=\"twitter:label2\" content=\"Est. reading time\" \/>\n\t<meta name=\"twitter:data2\" content=\"2 minute\" \/>\n<script type=\"application\/ld+json\" class=\"yoast-schema-graph\">{\"@context\":\"https:\/\/schema.org\",\"@graph\":[{\"@type\":\"Article\",\"@id\":\"https:\/\/sandzakpress.net\/arhiva\/istina-o-ubistvu-fahrudina-skarepa\/#article\",\"isPartOf\":{\"@id\":\"https:\/\/sandzakpress.net\/arhiva\/istina-o-ubistvu-fahrudina-skarepa\/\"},\"author\":{\"name\":\"Korektor\",\"@id\":\"https:\/\/sandzakpress.net\/arhiva\/#\/schema\/person\/b71f9565a8a6ce38c0200f1cf59c368c\"},\"headline\":\"Istina o ubistvu Fahrudina Skarepa\",\"datePublished\":\"2017-10-03T07:55:04+00:00\",\"mainEntityOfPage\":{\"@id\":\"https:\/\/sandzakpress.net\/arhiva\/istina-o-ubistvu-fahrudina-skarepa\/\"},\"wordCount\":416,\"commentCount\":57,\"publisher\":{\"@id\":\"https:\/\/sandzakpress.net\/arhiva\/#\/schema\/person\/6e72b67d6e51910a1117b3b483ba20bd\"},\"image\":{\"@id\":\"https:\/\/sandzakpress.net\/arhiva\/istina-o-ubistvu-fahrudina-skarepa\/#primaryimage\"},\"thumbnailUrl\":\"https:\/\/sandzakpress.net\/arhiva\/wp-content\/uploads\/2017\/10\/fff.jpg\",\"articleSection\":[\"Novi Pazar\",\"Sjenica\",\"Iz pera na\u0161ih autora\",\"Tutin\"],\"inLanguage\":\"bs-BA\",\"potentialAction\":[{\"@type\":\"CommentAction\",\"name\":\"Comment\",\"target\":[\"https:\/\/sandzakpress.net\/arhiva\/istina-o-ubistvu-fahrudina-skarepa\/#respond\"]}]},{\"@type\":\"WebPage\",\"@id\":\"https:\/\/sandzakpress.net\/arhiva\/istina-o-ubistvu-fahrudina-skarepa\/\",\"url\":\"https:\/\/sandzakpress.net\/arhiva\/istina-o-ubistvu-fahrudina-skarepa\/\",\"name\":\"Istina o ubistvu Fahrudina Skarepa\",\"isPartOf\":{\"@id\":\"https:\/\/sandzakpress.net\/arhiva\/#website\"},\"primaryImageOfPage\":{\"@id\":\"https:\/\/sandzakpress.net\/arhiva\/istina-o-ubistvu-fahrudina-skarepa\/#primaryimage\"},\"image\":{\"@id\":\"https:\/\/sandzakpress.net\/arhiva\/istina-o-ubistvu-fahrudina-skarepa\/#primaryimage\"},\"thumbnailUrl\":\"https:\/\/sandzakpress.net\/arhiva\/wp-content\/uploads\/2017\/10\/fff.jpg\",\"datePublished\":\"2017-10-03T07:55:04+00:00\",\"breadcrumb\":{\"@id\":\"https:\/\/sandzakpress.net\/arhiva\/istina-o-ubistvu-fahrudina-skarepa\/#breadcrumb\"},\"inLanguage\":\"bs-BA\",\"potentialAction\":[{\"@type\":\"ReadAction\",\"target\":[\"https:\/\/sandzakpress.net\/arhiva\/istina-o-ubistvu-fahrudina-skarepa\/\"]}]},{\"@type\":\"ImageObject\",\"inLanguage\":\"bs-BA\",\"@id\":\"https:\/\/sandzakpress.net\/arhiva\/istina-o-ubistvu-fahrudina-skarepa\/#primaryimage\",\"url\":\"https:\/\/sandzakpress.net\/arhiva\/wp-content\/uploads\/2017\/10\/fff.jpg\",\"contentUrl\":\"https:\/\/sandzakpress.net\/arhiva\/wp-content\/uploads\/2017\/10\/fff.jpg\",\"width\":768,\"height\":517},{\"@type\":\"BreadcrumbList\",\"@id\":\"https:\/\/sandzakpress.net\/arhiva\/istina-o-ubistvu-fahrudina-skarepa\/#breadcrumb\",\"itemListElement\":[{\"@type\":\"ListItem\",\"position\":1,\"name\":\"Home\",\"item\":\"https:\/\/sandzakpress.net\/arhiva\/\"},{\"@type\":\"ListItem\",\"position\":2,\"name\":\"Istina o ubistvu Fahrudina Skarepa\"}]},{\"@type\":\"WebSite\",\"@id\":\"https:\/\/sandzakpress.net\/arhiva\/#website\",\"url\":\"https:\/\/sandzakpress.net\/arhiva\/\",\"name\":\"Sand\u017eak PRESS\",\"description\":\"Prve elektronske novine u Sand\u017eaku\",\"publisher\":{\"@id\":\"https:\/\/sandzakpress.net\/arhiva\/#\/schema\/person\/6e72b67d6e51910a1117b3b483ba20bd\"},\"potentialAction\":[{\"@type\":\"SearchAction\",\"target\":{\"@type\":\"EntryPoint\",\"urlTemplate\":\"https:\/\/sandzakpress.net\/arhiva\/?s={search_term_string}\"},\"query-input\":{\"@type\":\"PropertyValueSpecification\",\"valueRequired\":true,\"valueName\":\"search_term_string\"}}],\"inLanguage\":\"bs-BA\"},{\"@type\":[\"Person\",\"Organization\"],\"@id\":\"https:\/\/sandzakpress.net\/arhiva\/#\/schema\/person\/6e72b67d6e51910a1117b3b483ba20bd\",\"name\":\"Kul\",\"image\":{\"@type\":\"ImageObject\",\"inLanguage\":\"bs-BA\",\"@id\":\"https:\/\/sandzakpress.net\/arhiva\/#\/schema\/person\/image\/\",\"url\":\"https:\/\/secure.gravatar.com\/avatar\/42263f39aa27ac04c43cab85c280eb2e?s=96&d=mm&r=pg\",\"contentUrl\":\"https:\/\/secure.gravatar.com\/avatar\/42263f39aa27ac04c43cab85c280eb2e?s=96&d=mm&r=pg\",\"caption\":\"Kul\"},\"logo\":{\"@id\":\"https:\/\/sandzakpress.net\/arhiva\/#\/schema\/person\/image\/\"}},{\"@type\":\"Person\",\"@id\":\"https:\/\/sandzakpress.net\/arhiva\/#\/schema\/person\/b71f9565a8a6ce38c0200f1cf59c368c\",\"name\":\"Korektor\",\"image\":{\"@type\":\"ImageObject\",\"inLanguage\":\"bs-BA\",\"@id\":\"https:\/\/sandzakpress.net\/arhiva\/#\/schema\/person\/image\/\",\"url\":\"https:\/\/secure.gravatar.com\/avatar\/ae3388ff9b8eb74e0751a069466905f6?s=96&d=mm&r=pg\",\"contentUrl\":\"https:\/\/secure.gravatar.com\/avatar\/ae3388ff9b8eb74e0751a069466905f6?s=96&d=mm&r=pg\",\"caption\":\"Korektor\"},\"url\":\"https:\/\/sandzakpress.net\/arhiva\/author\/korektor\/\"}]}<\/script>\n<!-- \/ Yoast SEO Premium plugin. -->","yoast_head_json":{"title":"Istina o ubistvu Fahrudina Skarepa","robots":{"index":"index","follow":"follow","max-snippet":"max-snippet:-1","max-image-preview":"max-image-preview:large","max-video-preview":"max-video-preview:-1"},"canonical":"https:\/\/sandzakpress.net\/arhiva\/istina-o-ubistvu-fahrudina-skarepa\/","og_locale":"bs_BA","og_type":"article","og_title":"Istina o ubistvu Fahrudina Skarepa","og_description":"Naser Baki\u0107","og_url":"https:\/\/sandzakpress.net\/arhiva\/istina-o-ubistvu-fahrudina-skarepa\/","og_site_name":"Sand\u017eak PRESS","article_published_time":"2017-10-03T07:55:04+00:00","og_image":[{"width":768,"height":517,"url":"https:\/\/sandzakpress.net\/arhiva\/wp-content\/uploads\/2017\/10\/fff.jpg","type":"image\/jpeg"}],"author":"Korektor","twitter_card":"summary_large_image","twitter_misc":{"Written by":"Korektor","Est. reading time":"2 minute"},"schema":{"@context":"https:\/\/schema.org","@graph":[{"@type":"Article","@id":"https:\/\/sandzakpress.net\/arhiva\/istina-o-ubistvu-fahrudina-skarepa\/#article","isPartOf":{"@id":"https:\/\/sandzakpress.net\/arhiva\/istina-o-ubistvu-fahrudina-skarepa\/"},"author":{"name":"Korektor","@id":"https:\/\/sandzakpress.net\/arhiva\/#\/schema\/person\/b71f9565a8a6ce38c0200f1cf59c368c"},"headline":"Istina o ubistvu Fahrudina Skarepa","datePublished":"2017-10-03T07:55:04+00:00","mainEntityOfPage":{"@id":"https:\/\/sandzakpress.net\/arhiva\/istina-o-ubistvu-fahrudina-skarepa\/"},"wordCount":416,"commentCount":57,"publisher":{"@id":"https:\/\/sandzakpress.net\/arhiva\/#\/schema\/person\/6e72b67d6e51910a1117b3b483ba20bd"},"image":{"@id":"https:\/\/sandzakpress.net\/arhiva\/istina-o-ubistvu-fahrudina-skarepa\/#primaryimage"},"thumbnailUrl":"https:\/\/sandzakpress.net\/arhiva\/wp-content\/uploads\/2017\/10\/fff.jpg","articleSection":["Novi Pazar","Sjenica","Iz pera na\u0161ih autora","Tutin"],"inLanguage":"bs-BA","potentialAction":[{"@type":"CommentAction","name":"Comment","target":["https:\/\/sandzakpress.net\/arhiva\/istina-o-ubistvu-fahrudina-skarepa\/#respond"]}]},{"@type":"WebPage","@id":"https:\/\/sandzakpress.net\/arhiva\/istina-o-ubistvu-fahrudina-skarepa\/","url":"https:\/\/sandzakpress.net\/arhiva\/istina-o-ubistvu-fahrudina-skarepa\/","name":"Istina o ubistvu Fahrudina Skarepa","isPartOf":{"@id":"https:\/\/sandzakpress.net\/arhiva\/#website"},"primaryImageOfPage":{"@id":"https:\/\/sandzakpress.net\/arhiva\/istina-o-ubistvu-fahrudina-skarepa\/#primaryimage"},"image":{"@id":"https:\/\/sandzakpress.net\/arhiva\/istina-o-ubistvu-fahrudina-skarepa\/#primaryimage"},"thumbnailUrl":"https:\/\/sandzakpress.net\/arhiva\/wp-content\/uploads\/2017\/10\/fff.jpg","datePublished":"2017-10-03T07:55:04+00:00","breadcrumb":{"@id":"https:\/\/sandzakpress.net\/arhiva\/istina-o-ubistvu-fahrudina-skarepa\/#breadcrumb"},"inLanguage":"bs-BA","potentialAction":[{"@type":"ReadAction","target":["https:\/\/sandzakpress.net\/arhiva\/istina-o-ubistvu-fahrudina-skarepa\/"]}]},{"@type":"ImageObject","inLanguage":"bs-BA","@id":"https:\/\/sandzakpress.net\/arhiva\/istina-o-ubistvu-fahrudina-skarepa\/#primaryimage","url":"https:\/\/sandzakpress.net\/arhiva\/wp-content\/uploads\/2017\/10\/fff.jpg","contentUrl":"https:\/\/sandzakpress.net\/arhiva\/wp-content\/uploads\/2017\/10\/fff.jpg","width":768,"height":517},{"@type":"BreadcrumbList","@id":"https:\/\/sandzakpress.net\/arhiva\/istina-o-ubistvu-fahrudina-skarepa\/#breadcrumb","itemListElement":[{"@type":"ListItem","position":1,"name":"Home","item":"https:\/\/sandzakpress.net\/arhiva\/"},{"@type":"ListItem","position":2,"name":"Istina o ubistvu Fahrudina Skarepa"}]},{"@type":"WebSite","@id":"https:\/\/sandzakpress.net\/arhiva\/#website","url":"https:\/\/sandzakpress.net\/arhiva\/","name":"Sand\u017eak PRESS","description":"Prve elektronske novine u Sand\u017eaku","publisher":{"@id":"https:\/\/sandzakpress.net\/arhiva\/#\/schema\/person\/6e72b67d6e51910a1117b3b483ba20bd"},"potentialAction":[{"@type":"SearchAction","target":{"@type":"EntryPoint","urlTemplate":"https:\/\/sandzakpress.net\/arhiva\/?s={search_term_string}"},"query-input":{"@type":"PropertyValueSpecification","valueRequired":true,"valueName":"search_term_string"}}],"inLanguage":"bs-BA"},{"@type":["Person","Organization"],"@id":"https:\/\/sandzakpress.net\/arhiva\/#\/schema\/person\/6e72b67d6e51910a1117b3b483ba20bd","name":"Kul","image":{"@type":"ImageObject","inLanguage":"bs-BA","@id":"https:\/\/sandzakpress.net\/arhiva\/#\/schema\/person\/image\/","url":"https:\/\/secure.gravatar.com\/avatar\/42263f39aa27ac04c43cab85c280eb2e?s=96&d=mm&r=pg","contentUrl":"https:\/\/secure.gravatar.com\/avatar\/42263f39aa27ac04c43cab85c280eb2e?s=96&d=mm&r=pg","caption":"Kul"},"logo":{"@id":"https:\/\/sandzakpress.net\/arhiva\/#\/schema\/person\/image\/"}},{"@type":"Person","@id":"https:\/\/sandzakpress.net\/arhiva\/#\/schema\/person\/b71f9565a8a6ce38c0200f1cf59c368c","name":"Korektor","image":{"@type":"ImageObject","inLanguage":"bs-BA","@id":"https:\/\/sandzakpress.net\/arhiva\/#\/schema\/person\/image\/","url":"https:\/\/secure.gravatar.com\/avatar\/ae3388ff9b8eb74e0751a069466905f6?s=96&d=mm&r=pg","contentUrl":"https:\/\/secure.gravatar.com\/avatar\/ae3388ff9b8eb74e0751a069466905f6?s=96&d=mm&r=pg","caption":"Korektor"},"url":"https:\/\/sandzakpress.net\/arhiva\/author\/korektor\/"}]}},"_links":{"self":[{"href":"https:\/\/sandzakpress.net\/arhiva\/wp-json\/wp\/v2\/posts\/195855"}],"collection":[{"href":"https:\/\/sandzakpress.net\/arhiva\/wp-json\/wp\/v2\/posts"}],"about":[{"href":"https:\/\/sandzakpress.net\/arhiva\/wp-json\/wp\/v2\/types\/post"}],"author":[{"embeddable":true,"href":"https:\/\/sandzakpress.net\/arhiva\/wp-json\/wp\/v2\/users\/125"}],"replies":[{"embeddable":true,"href":"https:\/\/sandzakpress.net\/arhiva\/wp-json\/wp\/v2\/comments?post=195855"}],"version-history":[{"count":0,"href":"https:\/\/sandzakpress.net\/arhiva\/wp-json\/wp\/v2\/posts\/195855\/revisions"}],"wp:featuredmedia":[{"embeddable":true,"href":"https:\/\/sandzakpress.net\/arhiva\/wp-json\/wp\/v2\/media\/195860"}],"wp:attachment":[{"href":"https:\/\/sandzakpress.net\/arhiva\/wp-json\/wp\/v2\/media?parent=195855"}],"wp:term":[{"taxonomy":"category","embeddable":true,"href":"https:\/\/sandzakpress.net\/arhiva\/wp-json\/wp\/v2\/categories?post=195855"},{"taxonomy":"post_tag","embeddable":true,"href":"https:\/\/sandzakpress.net\/arhiva\/wp-json\/wp\/v2\/tags?post=195855"}],"curies":[{"name":"wp","href":"https:\/\/api.w.org\/{rel}","templated":true}]}}