{"id":195432,"date":"2017-09-27T18:34:38","date_gmt":"2017-09-27T16:34:38","guid":{"rendered":"https:\/\/sandzakpress.net\/arhiva\/?p=195432"},"modified":"2017-09-27T18:53:59","modified_gmt":"2017-09-27T16:53:59","slug":"stigla-nova-grupa-migranata-u-tutin","status":"publish","type":"post","link":"https:\/\/sandzakpress.net\/arhiva\/stigla-nova-grupa-migranata-u-tutin\/","title":{"rendered":"Stigla nova grupa migranata u Tutin"},"content":{"rendered":"<p><img decoding=\"async\" src=\"http:\/\/www.sandzacke.rs\/wp-content\/uploads\/2017\/04\/tutin-1-696x469.jpg\" \/><\/p>\n<p><strong>Nakon nekoliko mjeseci pauze, u Centar za tra\u017eioce azila u Tutinu sino\u0107 je stigla grupa od 66 migranta, uglavnom \u017eena i djece iz Afganistana i Iraka.<\/strong><\/p>\n<p>Upravnik Centra Sead Re\u010d rekao je za Sto plus radio da se proteklih mjeseci broj migranata smjestenih u Tutinu kretao od 10 do 15, iako kamp ima kapacitete sa oko 150 le\u017eajeva.<\/p>\n<p>\u201cMigranti koji su sino\u0107 stigli odmah su smje\u0161teni i pru\u017eena im je sva potrebna pomo\u0107 i nega. Sa Komesarijatom za izbjeglice dogovorili smo da ubudu\u0107e broj izbjeglica u Tutinu bude konstantno od 70 do 100 osoba, jer je to broj sa kojim imamo optimalno funkcionisanje kampa\u201d, rekao je Re\u010d.<\/p>\n<p>Trenutno je u Tutinu smje\u0161teno 73 migranata, od kojih su njih 33 djeca, pi\u0161e portal radija\u00a0<a href=\"http:\/\/www.radiostoplus.com\/item\/22217\">Sto plus<\/a>.<\/p>\n<p>(radiostoplus\/sandzacke.rs)<\/p>\n","protected":false},"excerpt":{"rendered":"<p>Nakon nekoliko mjeseci pauze, u Centar za tra\u017eioce azila u Tutinu sino\u0107 je stigla grupa od 66 migranta, uglavnom \u017eena i djece iz Afganistana i Iraka. Upravnik Centra Sead Re\u010d rekao je za Sto plus radio da se proteklih mjeseci broj migranata smjestenih u Tutinu kretao od 10 do 15, iako kamp ima kapacitete sa [&hellip;]<\/p>\n","protected":false},"author":501,"featured_media":195434,"comment_status":"open","ping_status":"open","sticky":false,"template":"","format":"standard","meta":{"footnotes":""},"categories":[16],"tags":[],"class_list":{"0":"post-195432","1":"post","2":"type-post","3":"status-publish","4":"format-standard","5":"has-post-thumbnail","7":"category-novine"},"yoast_head":"<!-- This site is optimized with the Yoast SEO Premium plugin v23.1 (Yoast SEO v24.9) - https:\/\/yoast.com\/wordpress\/plugins\/seo\/ -->\n<title>Stigla nova grupa migranata u Tutin<\/title>\n<meta name=\"robots\" content=\"index, follow, max-snippet:-1, max-image-preview:large, max-video-preview:-1\" \/>\n<link rel=\"canonical\" href=\"https:\/\/sandzakpress.net\/arhiva\/stigla-nova-grupa-migranata-u-tutin\/\" \/>\n<meta property=\"og:locale\" content=\"bs_BA\" \/>\n<meta property=\"og:type\" content=\"article\" \/>\n<meta property=\"og:title\" content=\"Stigla nova grupa migranata u Tutin\" \/>\n<meta property=\"og:description\" content=\"Nakon nekoliko mjeseci pauze, u Centar za tra\u017eioce azila u Tutinu sino\u0107 je stigla grupa od 66 migranta, uglavnom \u017eena i djece iz Afganistana i Iraka. Upravnik Centra Sead Re\u010d rekao je za Sto plus radio da se proteklih mjeseci broj migranata smjestenih u Tutinu kretao od 10 do 15, iako kamp ima kapacitete sa [&hellip;]\" \/>\n<meta property=\"og:url\" content=\"https:\/\/sandzakpress.net\/arhiva\/stigla-nova-grupa-migranata-u-tutin\/\" \/>\n<meta property=\"og:site_name\" content=\"Sand\u017eak PRESS\" \/>\n<meta property=\"article:published_time\" content=\"2017-09-27T16:34:38+00:00\" \/>\n<meta property=\"article:modified_time\" content=\"2017-09-27T16:53:59+00:00\" \/>\n<meta property=\"og:image\" content=\"https:\/\/sandzakpress.net\/arhiva\/wp-content\/uploads\/2017\/09\/tutin-1-696x469.jpg\" \/>\n\t<meta property=\"og:image:width\" content=\"696\" \/>\n\t<meta property=\"og:image:height\" content=\"469\" \/>\n\t<meta property=\"og:image:type\" content=\"image\/jpeg\" \/>\n<meta name=\"author\" content=\"SM\" \/>\n<meta name=\"twitter:card\" content=\"summary_large_image\" \/>\n<meta name=\"twitter:label1\" content=\"Written by\" \/>\n\t<meta name=\"twitter:data1\" content=\"SM\" \/>\n\t<meta name=\"twitter:label2\" content=\"Est. reading time\" \/>\n\t<meta name=\"twitter:data2\" content=\"1 minuta\" \/>\n<script type=\"application\/ld+json\" class=\"yoast-schema-graph\">{\"@context\":\"https:\/\/schema.org\",\"@graph\":[{\"@type\":\"Article\",\"@id\":\"https:\/\/sandzakpress.net\/arhiva\/stigla-nova-grupa-migranata-u-tutin\/#article\",\"isPartOf\":{\"@id\":\"https:\/\/sandzakpress.net\/arhiva\/stigla-nova-grupa-migranata-u-tutin\/\"},\"author\":{\"name\":\"SM\",\"@id\":\"https:\/\/sandzakpress.net\/arhiva\/#\/schema\/person\/32f63b6bc693126333e4b1d8cccb52ac\"},\"headline\":\"Stigla nova grupa migranata u Tutin\",\"datePublished\":\"2017-09-27T16:34:38+00:00\",\"dateModified\":\"2017-09-27T16:53:59+00:00\",\"mainEntityOfPage\":{\"@id\":\"https:\/\/sandzakpress.net\/arhiva\/stigla-nova-grupa-migranata-u-tutin\/\"},\"wordCount\":133,\"commentCount\":0,\"publisher\":{\"@id\":\"https:\/\/sandzakpress.net\/arhiva\/#\/schema\/person\/6e72b67d6e51910a1117b3b483ba20bd\"},\"image\":{\"@id\":\"https:\/\/sandzakpress.net\/arhiva\/stigla-nova-grupa-migranata-u-tutin\/#primaryimage\"},\"thumbnailUrl\":\"https:\/\/sandzakpress.net\/arhiva\/wp-content\/uploads\/2017\/09\/tutin-1-696x469.jpg\",\"articleSection\":[\"Novine\"],\"inLanguage\":\"bs-BA\",\"potentialAction\":[{\"@type\":\"CommentAction\",\"name\":\"Comment\",\"target\":[\"https:\/\/sandzakpress.net\/arhiva\/stigla-nova-grupa-migranata-u-tutin\/#respond\"]}]},{\"@type\":\"WebPage\",\"@id\":\"https:\/\/sandzakpress.net\/arhiva\/stigla-nova-grupa-migranata-u-tutin\/\",\"url\":\"https:\/\/sandzakpress.net\/arhiva\/stigla-nova-grupa-migranata-u-tutin\/\",\"name\":\"Stigla nova grupa migranata u Tutin\",\"isPartOf\":{\"@id\":\"https:\/\/sandzakpress.net\/arhiva\/#website\"},\"primaryImageOfPage\":{\"@id\":\"https:\/\/sandzakpress.net\/arhiva\/stigla-nova-grupa-migranata-u-tutin\/#primaryimage\"},\"image\":{\"@id\":\"https:\/\/sandzakpress.net\/arhiva\/stigla-nova-grupa-migranata-u-tutin\/#primaryimage\"},\"thumbnailUrl\":\"https:\/\/sandzakpress.net\/arhiva\/wp-content\/uploads\/2017\/09\/tutin-1-696x469.jpg\",\"datePublished\":\"2017-09-27T16:34:38+00:00\",\"dateModified\":\"2017-09-27T16:53:59+00:00\",\"breadcrumb\":{\"@id\":\"https:\/\/sandzakpress.net\/arhiva\/stigla-nova-grupa-migranata-u-tutin\/#breadcrumb\"},\"inLanguage\":\"bs-BA\",\"potentialAction\":[{\"@type\":\"ReadAction\",\"target\":[\"https:\/\/sandzakpress.net\/arhiva\/stigla-nova-grupa-migranata-u-tutin\/\"]}]},{\"@type\":\"ImageObject\",\"inLanguage\":\"bs-BA\",\"@id\":\"https:\/\/sandzakpress.net\/arhiva\/stigla-nova-grupa-migranata-u-tutin\/#primaryimage\",\"url\":\"https:\/\/sandzakpress.net\/arhiva\/wp-content\/uploads\/2017\/09\/tutin-1-696x469.jpg\",\"contentUrl\":\"https:\/\/sandzakpress.net\/arhiva\/wp-content\/uploads\/2017\/09\/tutin-1-696x469.jpg\",\"width\":696,\"height\":469},{\"@type\":\"BreadcrumbList\",\"@id\":\"https:\/\/sandzakpress.net\/arhiva\/stigla-nova-grupa-migranata-u-tutin\/#breadcrumb\",\"itemListElement\":[{\"@type\":\"ListItem\",\"position\":1,\"name\":\"Home\",\"item\":\"https:\/\/sandzakpress.net\/arhiva\/\"},{\"@type\":\"ListItem\",\"position\":2,\"name\":\"Stigla nova grupa migranata u Tutin\"}]},{\"@type\":\"WebSite\",\"@id\":\"https:\/\/sandzakpress.net\/arhiva\/#website\",\"url\":\"https:\/\/sandzakpress.net\/arhiva\/\",\"name\":\"Sand\u017eak PRESS\",\"description\":\"Prve elektronske novine u Sand\u017eaku\",\"publisher\":{\"@id\":\"https:\/\/sandzakpress.net\/arhiva\/#\/schema\/person\/6e72b67d6e51910a1117b3b483ba20bd\"},\"potentialAction\":[{\"@type\":\"SearchAction\",\"target\":{\"@type\":\"EntryPoint\",\"urlTemplate\":\"https:\/\/sandzakpress.net\/arhiva\/?s={search_term_string}\"},\"query-input\":{\"@type\":\"PropertyValueSpecification\",\"valueRequired\":true,\"valueName\":\"search_term_string\"}}],\"inLanguage\":\"bs-BA\"},{\"@type\":[\"Person\",\"Organization\"],\"@id\":\"https:\/\/sandzakpress.net\/arhiva\/#\/schema\/person\/6e72b67d6e51910a1117b3b483ba20bd\",\"name\":\"Kul\",\"image\":{\"@type\":\"ImageObject\",\"inLanguage\":\"bs-BA\",\"@id\":\"https:\/\/sandzakpress.net\/arhiva\/#\/schema\/person\/image\/\",\"url\":\"https:\/\/secure.gravatar.com\/avatar\/42263f39aa27ac04c43cab85c280eb2e?s=96&d=mm&r=pg\",\"contentUrl\":\"https:\/\/secure.gravatar.com\/avatar\/42263f39aa27ac04c43cab85c280eb2e?s=96&d=mm&r=pg\",\"caption\":\"Kul\"},\"logo\":{\"@id\":\"https:\/\/sandzakpress.net\/arhiva\/#\/schema\/person\/image\/\"}},{\"@type\":\"Person\",\"@id\":\"https:\/\/sandzakpress.net\/arhiva\/#\/schema\/person\/32f63b6bc693126333e4b1d8cccb52ac\",\"name\":\"SM\",\"image\":{\"@type\":\"ImageObject\",\"inLanguage\":\"bs-BA\",\"@id\":\"https:\/\/sandzakpress.net\/arhiva\/#\/schema\/person\/image\/\",\"url\":\"https:\/\/secure.gravatar.com\/avatar\/e06a45a606f1dee973ded6565c9e653e?s=96&d=mm&r=pg\",\"contentUrl\":\"https:\/\/secure.gravatar.com\/avatar\/e06a45a606f1dee973ded6565c9e653e?s=96&d=mm&r=pg\",\"caption\":\"SM\"},\"url\":\"https:\/\/sandzakpress.net\/arhiva\/author\/sandzakmedia\/\"}]}<\/script>\n<!-- \/ Yoast SEO Premium plugin. -->","yoast_head_json":{"title":"Stigla nova grupa migranata u Tutin","robots":{"index":"index","follow":"follow","max-snippet":"max-snippet:-1","max-image-preview":"max-image-preview:large","max-video-preview":"max-video-preview:-1"},"canonical":"https:\/\/sandzakpress.net\/arhiva\/stigla-nova-grupa-migranata-u-tutin\/","og_locale":"bs_BA","og_type":"article","og_title":"Stigla nova grupa migranata u Tutin","og_description":"Nakon nekoliko mjeseci pauze, u Centar za tra\u017eioce azila u Tutinu sino\u0107 je stigla grupa od 66 migranta, uglavnom \u017eena i djece iz Afganistana i Iraka. Upravnik Centra Sead Re\u010d rekao je za Sto plus radio da se proteklih mjeseci broj migranata smjestenih u Tutinu kretao od 10 do 15, iako kamp ima kapacitete sa [&hellip;]","og_url":"https:\/\/sandzakpress.net\/arhiva\/stigla-nova-grupa-migranata-u-tutin\/","og_site_name":"Sand\u017eak PRESS","article_published_time":"2017-09-27T16:34:38+00:00","article_modified_time":"2017-09-27T16:53:59+00:00","og_image":[{"width":696,"height":469,"url":"https:\/\/sandzakpress.net\/arhiva\/wp-content\/uploads\/2017\/09\/tutin-1-696x469.jpg","type":"image\/jpeg"}],"author":"SM","twitter_card":"summary_large_image","twitter_misc":{"Written by":"SM","Est. reading time":"1 minuta"},"schema":{"@context":"https:\/\/schema.org","@graph":[{"@type":"Article","@id":"https:\/\/sandzakpress.net\/arhiva\/stigla-nova-grupa-migranata-u-tutin\/#article","isPartOf":{"@id":"https:\/\/sandzakpress.net\/arhiva\/stigla-nova-grupa-migranata-u-tutin\/"},"author":{"name":"SM","@id":"https:\/\/sandzakpress.net\/arhiva\/#\/schema\/person\/32f63b6bc693126333e4b1d8cccb52ac"},"headline":"Stigla nova grupa migranata u Tutin","datePublished":"2017-09-27T16:34:38+00:00","dateModified":"2017-09-27T16:53:59+00:00","mainEntityOfPage":{"@id":"https:\/\/sandzakpress.net\/arhiva\/stigla-nova-grupa-migranata-u-tutin\/"},"wordCount":133,"commentCount":0,"publisher":{"@id":"https:\/\/sandzakpress.net\/arhiva\/#\/schema\/person\/6e72b67d6e51910a1117b3b483ba20bd"},"image":{"@id":"https:\/\/sandzakpress.net\/arhiva\/stigla-nova-grupa-migranata-u-tutin\/#primaryimage"},"thumbnailUrl":"https:\/\/sandzakpress.net\/arhiva\/wp-content\/uploads\/2017\/09\/tutin-1-696x469.jpg","articleSection":["Novine"],"inLanguage":"bs-BA","potentialAction":[{"@type":"CommentAction","name":"Comment","target":["https:\/\/sandzakpress.net\/arhiva\/stigla-nova-grupa-migranata-u-tutin\/#respond"]}]},{"@type":"WebPage","@id":"https:\/\/sandzakpress.net\/arhiva\/stigla-nova-grupa-migranata-u-tutin\/","url":"https:\/\/sandzakpress.net\/arhiva\/stigla-nova-grupa-migranata-u-tutin\/","name":"Stigla nova grupa migranata u Tutin","isPartOf":{"@id":"https:\/\/sandzakpress.net\/arhiva\/#website"},"primaryImageOfPage":{"@id":"https:\/\/sandzakpress.net\/arhiva\/stigla-nova-grupa-migranata-u-tutin\/#primaryimage"},"image":{"@id":"https:\/\/sandzakpress.net\/arhiva\/stigla-nova-grupa-migranata-u-tutin\/#primaryimage"},"thumbnailUrl":"https:\/\/sandzakpress.net\/arhiva\/wp-content\/uploads\/2017\/09\/tutin-1-696x469.jpg","datePublished":"2017-09-27T16:34:38+00:00","dateModified":"2017-09-27T16:53:59+00:00","breadcrumb":{"@id":"https:\/\/sandzakpress.net\/arhiva\/stigla-nova-grupa-migranata-u-tutin\/#breadcrumb"},"inLanguage":"bs-BA","potentialAction":[{"@type":"ReadAction","target":["https:\/\/sandzakpress.net\/arhiva\/stigla-nova-grupa-migranata-u-tutin\/"]}]},{"@type":"ImageObject","inLanguage":"bs-BA","@id":"https:\/\/sandzakpress.net\/arhiva\/stigla-nova-grupa-migranata-u-tutin\/#primaryimage","url":"https:\/\/sandzakpress.net\/arhiva\/wp-content\/uploads\/2017\/09\/tutin-1-696x469.jpg","contentUrl":"https:\/\/sandzakpress.net\/arhiva\/wp-content\/uploads\/2017\/09\/tutin-1-696x469.jpg","width":696,"height":469},{"@type":"BreadcrumbList","@id":"https:\/\/sandzakpress.net\/arhiva\/stigla-nova-grupa-migranata-u-tutin\/#breadcrumb","itemListElement":[{"@type":"ListItem","position":1,"name":"Home","item":"https:\/\/sandzakpress.net\/arhiva\/"},{"@type":"ListItem","position":2,"name":"Stigla nova grupa migranata u Tutin"}]},{"@type":"WebSite","@id":"https:\/\/sandzakpress.net\/arhiva\/#website","url":"https:\/\/sandzakpress.net\/arhiva\/","name":"Sand\u017eak PRESS","description":"Prve elektronske novine u Sand\u017eaku","publisher":{"@id":"https:\/\/sandzakpress.net\/arhiva\/#\/schema\/person\/6e72b67d6e51910a1117b3b483ba20bd"},"potentialAction":[{"@type":"SearchAction","target":{"@type":"EntryPoint","urlTemplate":"https:\/\/sandzakpress.net\/arhiva\/?s={search_term_string}"},"query-input":{"@type":"PropertyValueSpecification","valueRequired":true,"valueName":"search_term_string"}}],"inLanguage":"bs-BA"},{"@type":["Person","Organization"],"@id":"https:\/\/sandzakpress.net\/arhiva\/#\/schema\/person\/6e72b67d6e51910a1117b3b483ba20bd","name":"Kul","image":{"@type":"ImageObject","inLanguage":"bs-BA","@id":"https:\/\/sandzakpress.net\/arhiva\/#\/schema\/person\/image\/","url":"https:\/\/secure.gravatar.com\/avatar\/42263f39aa27ac04c43cab85c280eb2e?s=96&d=mm&r=pg","contentUrl":"https:\/\/secure.gravatar.com\/avatar\/42263f39aa27ac04c43cab85c280eb2e?s=96&d=mm&r=pg","caption":"Kul"},"logo":{"@id":"https:\/\/sandzakpress.net\/arhiva\/#\/schema\/person\/image\/"}},{"@type":"Person","@id":"https:\/\/sandzakpress.net\/arhiva\/#\/schema\/person\/32f63b6bc693126333e4b1d8cccb52ac","name":"SM","image":{"@type":"ImageObject","inLanguage":"bs-BA","@id":"https:\/\/sandzakpress.net\/arhiva\/#\/schema\/person\/image\/","url":"https:\/\/secure.gravatar.com\/avatar\/e06a45a606f1dee973ded6565c9e653e?s=96&d=mm&r=pg","contentUrl":"https:\/\/secure.gravatar.com\/avatar\/e06a45a606f1dee973ded6565c9e653e?s=96&d=mm&r=pg","caption":"SM"},"url":"https:\/\/sandzakpress.net\/arhiva\/author\/sandzakmedia\/"}]}},"_links":{"self":[{"href":"https:\/\/sandzakpress.net\/arhiva\/wp-json\/wp\/v2\/posts\/195432"}],"collection":[{"href":"https:\/\/sandzakpress.net\/arhiva\/wp-json\/wp\/v2\/posts"}],"about":[{"href":"https:\/\/sandzakpress.net\/arhiva\/wp-json\/wp\/v2\/types\/post"}],"author":[{"embeddable":true,"href":"https:\/\/sandzakpress.net\/arhiva\/wp-json\/wp\/v2\/users\/501"}],"replies":[{"embeddable":true,"href":"https:\/\/sandzakpress.net\/arhiva\/wp-json\/wp\/v2\/comments?post=195432"}],"version-history":[{"count":0,"href":"https:\/\/sandzakpress.net\/arhiva\/wp-json\/wp\/v2\/posts\/195432\/revisions"}],"wp:featuredmedia":[{"embeddable":true,"href":"https:\/\/sandzakpress.net\/arhiva\/wp-json\/wp\/v2\/media\/195434"}],"wp:attachment":[{"href":"https:\/\/sandzakpress.net\/arhiva\/wp-json\/wp\/v2\/media?parent=195432"}],"wp:term":[{"taxonomy":"category","embeddable":true,"href":"https:\/\/sandzakpress.net\/arhiva\/wp-json\/wp\/v2\/categories?post=195432"},{"taxonomy":"post_tag","embeddable":true,"href":"https:\/\/sandzakpress.net\/arhiva\/wp-json\/wp\/v2\/tags?post=195432"}],"curies":[{"name":"wp","href":"https:\/\/api.w.org\/{rel}","templated":true}]}}