{"id":19541,"date":"2011-09-07T21:10:22","date_gmt":"2011-09-07T19:10:22","guid":{"rendered":"https:\/\/sandzakpress.net\/arhiva\/?p=19541"},"modified":"2011-09-07T21:11:53","modified_gmt":"2011-09-07T19:11:53","slug":"zabrinjavajuci-pad-broja-ucenika-u-manastirici","status":"publish","type":"post","link":"https:\/\/sandzakpress.net\/arhiva\/zabrinjavajuci-pad-broja-ucenika-u-manastirici\/","title":{"rendered":"Zabrinjavaju\u0107i pad broja u\u010denika u Manastirici"},"content":{"rendered":"<p><strong><a href=\"https:\/\/sandzakpress.net\/arhiva\/wp-content\/uploads\/2011\/09\/manastirica-skola.jpg\"><img loading=\"lazy\" decoding=\"async\" class=\"alignleft size-medium wp-image-19542\" src=\"https:\/\/sandzakpress.net\/arhiva\/wp-content\/uploads\/2011\/09\/manastirica-skola-300x226.jpg\" alt=\"\" width=\"300\" height=\"226\" \/><\/a>Kosovo &#8211; Smanjenja broja u\u010denika pojava je i u Manstirici, jednom od najve\u0107ih  bo\u0161nja\u010dkih sela prizrenske op\u0161tine. Ove godine u prvi razred upisano je  14 prvaka a deveti razred zavr\u0161ava 30 u\u010denika.<\/strong><\/p>\n<p>Kako nam je potvr\u0111eno u ovoj \u0161koli za poslednje \u010detiri godine broj  u\u010denika je smanjen za 90. Ono \u0161to je jo\u0161 zabrinjavaju\u0107e naredne \u0161kolske  godine broj u\u010denika koji \u0107e biti upisan u prvi razred bi\u0107e prepolovljen,  dakle njih sedmoro \u0107e prvi put sesti u klupama ove \u0161kole izgra\u0111ene  nakon rata serdstvima jedne banke iz D\u017eede, najve\u0107e luke Saudijske  Arabije, nedaleko od Meke.<\/p>\n<p>Smanjenje nataliteta i velika  migracija, naro\u010dito ona koja se odnosi na odlazak u inostarnstvo,  najve\u0107i su razlozi ovako drasti\u010dnog pada broja u\u010denika i u Manastirici.<\/p>\n<p>Izvor: <strong>Ks-Info.net<\/strong><\/p>\n","protected":false},"excerpt":{"rendered":"<p>Kosovo &#8211; Smanjenja broja u\u010denika pojava je i u Manstirici, jednom od najve\u0107ih bo\u0161nja\u010dkih sela prizrenske op\u0161tine. Ove godine u prvi razred upisano je 14 prvaka a deveti razred zavr\u0161ava 30 u\u010denika. Kako nam je potvr\u0111eno u ovoj \u0161koli za poslednje \u010detiri godine broj u\u010denika je smanjen za 90. Ono \u0161to je jo\u0161 zabrinjavaju\u0107e naredne [&hellip;]<\/p>\n","protected":false},"author":13,"featured_media":19542,"comment_status":"open","ping_status":"open","sticky":false,"template":"","format":"standard","meta":{"footnotes":""},"categories":[2690,4],"tags":[],"class_list":{"0":"post-19541","1":"post","2":"type-post","3":"status-publish","4":"format-standard","5":"has-post-thumbnail","7":"category-kosovo-gradovi","8":"category-obrazovanje"},"yoast_head":"<!-- This site is optimized with the Yoast SEO Premium plugin v23.1 (Yoast SEO v24.9) - https:\/\/yoast.com\/wordpress\/plugins\/seo\/ -->\n<title>Zabrinjavaju\u0107i pad broja u\u010denika u Manastirici<\/title>\n<meta name=\"robots\" content=\"index, follow, max-snippet:-1, max-image-preview:large, max-video-preview:-1\" \/>\n<link rel=\"canonical\" href=\"https:\/\/sandzakpress.net\/arhiva\/zabrinjavajuci-pad-broja-ucenika-u-manastirici\/\" \/>\n<meta property=\"og:locale\" content=\"bs_BA\" \/>\n<meta property=\"og:type\" content=\"article\" \/>\n<meta property=\"og:title\" content=\"Zabrinjavaju\u0107i pad broja u\u010denika u Manastirici\" \/>\n<meta property=\"og:description\" content=\"Kosovo &#8211; Smanjenja broja u\u010denika pojava je i u Manstirici, jednom od najve\u0107ih bo\u0161nja\u010dkih sela prizrenske op\u0161tine. Ove godine u prvi razred upisano je 14 prvaka a deveti razred zavr\u0161ava 30 u\u010denika. Kako nam je potvr\u0111eno u ovoj \u0161koli za poslednje \u010detiri godine broj u\u010denika je smanjen za 90. Ono \u0161to je jo\u0161 zabrinjavaju\u0107e naredne [&hellip;]\" \/>\n<meta property=\"og:url\" content=\"https:\/\/sandzakpress.net\/arhiva\/zabrinjavajuci-pad-broja-ucenika-u-manastirici\/\" \/>\n<meta property=\"og:site_name\" content=\"Sand\u017eak PRESS\" \/>\n<meta property=\"article:published_time\" content=\"2011-09-07T19:10:22+00:00\" \/>\n<meta property=\"article:modified_time\" content=\"2011-09-07T19:11:53+00:00\" \/>\n<meta property=\"og:image\" content=\"https:\/\/sandzakpress.net\/arhiva\/wp-content\/uploads\/2011\/09\/manastirica-skola.jpg\" \/>\n\t<meta property=\"og:image:width\" content=\"302\" \/>\n\t<meta property=\"og:image:height\" content=\"228\" \/>\n\t<meta property=\"og:image:type\" content=\"image\/jpeg\" \/>\n<meta name=\"twitter:card\" content=\"summary_large_image\" \/>\n<meta name=\"twitter:label1\" content=\"Written by\" \/>\n\t<meta name=\"twitter:data1\" content=\"\" \/>\n\t<meta name=\"twitter:label2\" content=\"Est. reading time\" \/>\n\t<meta name=\"twitter:data2\" content=\"1 minuta\" \/>\n<script type=\"application\/ld+json\" class=\"yoast-schema-graph\">{\"@context\":\"https:\/\/schema.org\",\"@graph\":[{\"@type\":\"Article\",\"@id\":\"https:\/\/sandzakpress.net\/arhiva\/zabrinjavajuci-pad-broja-ucenika-u-manastirici\/#article\",\"isPartOf\":{\"@id\":\"https:\/\/sandzakpress.net\/arhiva\/zabrinjavajuci-pad-broja-ucenika-u-manastirici\/\"},\"author\":{\"name\":\"\",\"@id\":\"\"},\"headline\":\"Zabrinjavaju\u0107i pad broja u\u010denika u Manastirici\",\"datePublished\":\"2011-09-07T19:10:22+00:00\",\"dateModified\":\"2011-09-07T19:11:53+00:00\",\"mainEntityOfPage\":{\"@id\":\"https:\/\/sandzakpress.net\/arhiva\/zabrinjavajuci-pad-broja-ucenika-u-manastirici\/\"},\"wordCount\":146,\"commentCount\":0,\"publisher\":{\"@id\":\"https:\/\/sandzakpress.net\/arhiva\/#\/schema\/person\/6e72b67d6e51910a1117b3b483ba20bd\"},\"image\":{\"@id\":\"https:\/\/sandzakpress.net\/arhiva\/zabrinjavajuci-pad-broja-ucenika-u-manastirici\/#primaryimage\"},\"thumbnailUrl\":\"https:\/\/sandzakpress.net\/arhiva\/wp-content\/uploads\/2011\/09\/manastirica-skola.jpg\",\"articleSection\":[\"Kosovo\",\"Obrazovanje\"],\"inLanguage\":\"bs-BA\",\"potentialAction\":[{\"@type\":\"CommentAction\",\"name\":\"Comment\",\"target\":[\"https:\/\/sandzakpress.net\/arhiva\/zabrinjavajuci-pad-broja-ucenika-u-manastirici\/#respond\"]}]},{\"@type\":\"WebPage\",\"@id\":\"https:\/\/sandzakpress.net\/arhiva\/zabrinjavajuci-pad-broja-ucenika-u-manastirici\/\",\"url\":\"https:\/\/sandzakpress.net\/arhiva\/zabrinjavajuci-pad-broja-ucenika-u-manastirici\/\",\"name\":\"Zabrinjavaju\u0107i pad broja u\u010denika u Manastirici\",\"isPartOf\":{\"@id\":\"https:\/\/sandzakpress.net\/arhiva\/#website\"},\"primaryImageOfPage\":{\"@id\":\"https:\/\/sandzakpress.net\/arhiva\/zabrinjavajuci-pad-broja-ucenika-u-manastirici\/#primaryimage\"},\"image\":{\"@id\":\"https:\/\/sandzakpress.net\/arhiva\/zabrinjavajuci-pad-broja-ucenika-u-manastirici\/#primaryimage\"},\"thumbnailUrl\":\"https:\/\/sandzakpress.net\/arhiva\/wp-content\/uploads\/2011\/09\/manastirica-skola.jpg\",\"datePublished\":\"2011-09-07T19:10:22+00:00\",\"dateModified\":\"2011-09-07T19:11:53+00:00\",\"breadcrumb\":{\"@id\":\"https:\/\/sandzakpress.net\/arhiva\/zabrinjavajuci-pad-broja-ucenika-u-manastirici\/#breadcrumb\"},\"inLanguage\":\"bs-BA\",\"potentialAction\":[{\"@type\":\"ReadAction\",\"target\":[\"https:\/\/sandzakpress.net\/arhiva\/zabrinjavajuci-pad-broja-ucenika-u-manastirici\/\"]}]},{\"@type\":\"ImageObject\",\"inLanguage\":\"bs-BA\",\"@id\":\"https:\/\/sandzakpress.net\/arhiva\/zabrinjavajuci-pad-broja-ucenika-u-manastirici\/#primaryimage\",\"url\":\"https:\/\/sandzakpress.net\/arhiva\/wp-content\/uploads\/2011\/09\/manastirica-skola.jpg\",\"contentUrl\":\"https:\/\/sandzakpress.net\/arhiva\/wp-content\/uploads\/2011\/09\/manastirica-skola.jpg\",\"width\":302,\"height\":228},{\"@type\":\"BreadcrumbList\",\"@id\":\"https:\/\/sandzakpress.net\/arhiva\/zabrinjavajuci-pad-broja-ucenika-u-manastirici\/#breadcrumb\",\"itemListElement\":[{\"@type\":\"ListItem\",\"position\":1,\"name\":\"Home\",\"item\":\"https:\/\/sandzakpress.net\/arhiva\/\"},{\"@type\":\"ListItem\",\"position\":2,\"name\":\"Zabrinjavaju\u0107i pad broja u\u010denika u Manastirici\"}]},{\"@type\":\"WebSite\",\"@id\":\"https:\/\/sandzakpress.net\/arhiva\/#website\",\"url\":\"https:\/\/sandzakpress.net\/arhiva\/\",\"name\":\"Sand\u017eak PRESS\",\"description\":\"Prve elektronske novine u Sand\u017eaku\",\"publisher\":{\"@id\":\"https:\/\/sandzakpress.net\/arhiva\/#\/schema\/person\/6e72b67d6e51910a1117b3b483ba20bd\"},\"potentialAction\":[{\"@type\":\"SearchAction\",\"target\":{\"@type\":\"EntryPoint\",\"urlTemplate\":\"https:\/\/sandzakpress.net\/arhiva\/?s={search_term_string}\"},\"query-input\":{\"@type\":\"PropertyValueSpecification\",\"valueRequired\":true,\"valueName\":\"search_term_string\"}}],\"inLanguage\":\"bs-BA\"},{\"@type\":[\"Person\",\"Organization\"],\"@id\":\"https:\/\/sandzakpress.net\/arhiva\/#\/schema\/person\/6e72b67d6e51910a1117b3b483ba20bd\",\"name\":\"Kul\",\"image\":{\"@type\":\"ImageObject\",\"inLanguage\":\"bs-BA\",\"@id\":\"https:\/\/sandzakpress.net\/arhiva\/#\/schema\/person\/image\/\",\"url\":\"https:\/\/secure.gravatar.com\/avatar\/42263f39aa27ac04c43cab85c280eb2e?s=96&d=mm&r=pg\",\"contentUrl\":\"https:\/\/secure.gravatar.com\/avatar\/42263f39aa27ac04c43cab85c280eb2e?s=96&d=mm&r=pg\",\"caption\":\"Kul\"},\"logo\":{\"@id\":\"https:\/\/sandzakpress.net\/arhiva\/#\/schema\/person\/image\/\"}},{\"@type\":\"Person\",\"@id\":\"\",\"url\":\"https:\/\/sandzakpress.net\/arhiva\/author\/\"}]}<\/script>\n<!-- \/ Yoast SEO Premium plugin. -->","yoast_head_json":{"title":"Zabrinjavaju\u0107i pad broja u\u010denika u Manastirici","robots":{"index":"index","follow":"follow","max-snippet":"max-snippet:-1","max-image-preview":"max-image-preview:large","max-video-preview":"max-video-preview:-1"},"canonical":"https:\/\/sandzakpress.net\/arhiva\/zabrinjavajuci-pad-broja-ucenika-u-manastirici\/","og_locale":"bs_BA","og_type":"article","og_title":"Zabrinjavaju\u0107i pad broja u\u010denika u Manastirici","og_description":"Kosovo &#8211; Smanjenja broja u\u010denika pojava je i u Manstirici, jednom od najve\u0107ih bo\u0161nja\u010dkih sela prizrenske op\u0161tine. Ove godine u prvi razred upisano je 14 prvaka a deveti razred zavr\u0161ava 30 u\u010denika. Kako nam je potvr\u0111eno u ovoj \u0161koli za poslednje \u010detiri godine broj u\u010denika je smanjen za 90. Ono \u0161to je jo\u0161 zabrinjavaju\u0107e naredne [&hellip;]","og_url":"https:\/\/sandzakpress.net\/arhiva\/zabrinjavajuci-pad-broja-ucenika-u-manastirici\/","og_site_name":"Sand\u017eak PRESS","article_published_time":"2011-09-07T19:10:22+00:00","article_modified_time":"2011-09-07T19:11:53+00:00","og_image":[{"width":302,"height":228,"url":"https:\/\/sandzakpress.net\/arhiva\/wp-content\/uploads\/2011\/09\/manastirica-skola.jpg","type":"image\/jpeg"}],"twitter_card":"summary_large_image","twitter_misc":{"Written by":"","Est. reading time":"1 minuta"},"schema":{"@context":"https:\/\/schema.org","@graph":[{"@type":"Article","@id":"https:\/\/sandzakpress.net\/arhiva\/zabrinjavajuci-pad-broja-ucenika-u-manastirici\/#article","isPartOf":{"@id":"https:\/\/sandzakpress.net\/arhiva\/zabrinjavajuci-pad-broja-ucenika-u-manastirici\/"},"author":{"name":"","@id":""},"headline":"Zabrinjavaju\u0107i pad broja u\u010denika u Manastirici","datePublished":"2011-09-07T19:10:22+00:00","dateModified":"2011-09-07T19:11:53+00:00","mainEntityOfPage":{"@id":"https:\/\/sandzakpress.net\/arhiva\/zabrinjavajuci-pad-broja-ucenika-u-manastirici\/"},"wordCount":146,"commentCount":0,"publisher":{"@id":"https:\/\/sandzakpress.net\/arhiva\/#\/schema\/person\/6e72b67d6e51910a1117b3b483ba20bd"},"image":{"@id":"https:\/\/sandzakpress.net\/arhiva\/zabrinjavajuci-pad-broja-ucenika-u-manastirici\/#primaryimage"},"thumbnailUrl":"https:\/\/sandzakpress.net\/arhiva\/wp-content\/uploads\/2011\/09\/manastirica-skola.jpg","articleSection":["Kosovo","Obrazovanje"],"inLanguage":"bs-BA","potentialAction":[{"@type":"CommentAction","name":"Comment","target":["https:\/\/sandzakpress.net\/arhiva\/zabrinjavajuci-pad-broja-ucenika-u-manastirici\/#respond"]}]},{"@type":"WebPage","@id":"https:\/\/sandzakpress.net\/arhiva\/zabrinjavajuci-pad-broja-ucenika-u-manastirici\/","url":"https:\/\/sandzakpress.net\/arhiva\/zabrinjavajuci-pad-broja-ucenika-u-manastirici\/","name":"Zabrinjavaju\u0107i pad broja u\u010denika u Manastirici","isPartOf":{"@id":"https:\/\/sandzakpress.net\/arhiva\/#website"},"primaryImageOfPage":{"@id":"https:\/\/sandzakpress.net\/arhiva\/zabrinjavajuci-pad-broja-ucenika-u-manastirici\/#primaryimage"},"image":{"@id":"https:\/\/sandzakpress.net\/arhiva\/zabrinjavajuci-pad-broja-ucenika-u-manastirici\/#primaryimage"},"thumbnailUrl":"https:\/\/sandzakpress.net\/arhiva\/wp-content\/uploads\/2011\/09\/manastirica-skola.jpg","datePublished":"2011-09-07T19:10:22+00:00","dateModified":"2011-09-07T19:11:53+00:00","breadcrumb":{"@id":"https:\/\/sandzakpress.net\/arhiva\/zabrinjavajuci-pad-broja-ucenika-u-manastirici\/#breadcrumb"},"inLanguage":"bs-BA","potentialAction":[{"@type":"ReadAction","target":["https:\/\/sandzakpress.net\/arhiva\/zabrinjavajuci-pad-broja-ucenika-u-manastirici\/"]}]},{"@type":"ImageObject","inLanguage":"bs-BA","@id":"https:\/\/sandzakpress.net\/arhiva\/zabrinjavajuci-pad-broja-ucenika-u-manastirici\/#primaryimage","url":"https:\/\/sandzakpress.net\/arhiva\/wp-content\/uploads\/2011\/09\/manastirica-skola.jpg","contentUrl":"https:\/\/sandzakpress.net\/arhiva\/wp-content\/uploads\/2011\/09\/manastirica-skola.jpg","width":302,"height":228},{"@type":"BreadcrumbList","@id":"https:\/\/sandzakpress.net\/arhiva\/zabrinjavajuci-pad-broja-ucenika-u-manastirici\/#breadcrumb","itemListElement":[{"@type":"ListItem","position":1,"name":"Home","item":"https:\/\/sandzakpress.net\/arhiva\/"},{"@type":"ListItem","position":2,"name":"Zabrinjavaju\u0107i pad broja u\u010denika u Manastirici"}]},{"@type":"WebSite","@id":"https:\/\/sandzakpress.net\/arhiva\/#website","url":"https:\/\/sandzakpress.net\/arhiva\/","name":"Sand\u017eak PRESS","description":"Prve elektronske novine u Sand\u017eaku","publisher":{"@id":"https:\/\/sandzakpress.net\/arhiva\/#\/schema\/person\/6e72b67d6e51910a1117b3b483ba20bd"},"potentialAction":[{"@type":"SearchAction","target":{"@type":"EntryPoint","urlTemplate":"https:\/\/sandzakpress.net\/arhiva\/?s={search_term_string}"},"query-input":{"@type":"PropertyValueSpecification","valueRequired":true,"valueName":"search_term_string"}}],"inLanguage":"bs-BA"},{"@type":["Person","Organization"],"@id":"https:\/\/sandzakpress.net\/arhiva\/#\/schema\/person\/6e72b67d6e51910a1117b3b483ba20bd","name":"Kul","image":{"@type":"ImageObject","inLanguage":"bs-BA","@id":"https:\/\/sandzakpress.net\/arhiva\/#\/schema\/person\/image\/","url":"https:\/\/secure.gravatar.com\/avatar\/42263f39aa27ac04c43cab85c280eb2e?s=96&d=mm&r=pg","contentUrl":"https:\/\/secure.gravatar.com\/avatar\/42263f39aa27ac04c43cab85c280eb2e?s=96&d=mm&r=pg","caption":"Kul"},"logo":{"@id":"https:\/\/sandzakpress.net\/arhiva\/#\/schema\/person\/image\/"}},{"@type":"Person","@id":"","url":"https:\/\/sandzakpress.net\/arhiva\/author\/"}]}},"_links":{"self":[{"href":"https:\/\/sandzakpress.net\/arhiva\/wp-json\/wp\/v2\/posts\/19541"}],"collection":[{"href":"https:\/\/sandzakpress.net\/arhiva\/wp-json\/wp\/v2\/posts"}],"about":[{"href":"https:\/\/sandzakpress.net\/arhiva\/wp-json\/wp\/v2\/types\/post"}],"author":[{"embeddable":true,"href":"https:\/\/sandzakpress.net\/arhiva\/wp-json\/wp\/v2\/users\/13"}],"replies":[{"embeddable":true,"href":"https:\/\/sandzakpress.net\/arhiva\/wp-json\/wp\/v2\/comments?post=19541"}],"version-history":[{"count":0,"href":"https:\/\/sandzakpress.net\/arhiva\/wp-json\/wp\/v2\/posts\/19541\/revisions"}],"wp:featuredmedia":[{"embeddable":true,"href":"https:\/\/sandzakpress.net\/arhiva\/wp-json\/wp\/v2\/media\/19542"}],"wp:attachment":[{"href":"https:\/\/sandzakpress.net\/arhiva\/wp-json\/wp\/v2\/media?parent=19541"}],"wp:term":[{"taxonomy":"category","embeddable":true,"href":"https:\/\/sandzakpress.net\/arhiva\/wp-json\/wp\/v2\/categories?post=19541"},{"taxonomy":"post_tag","embeddable":true,"href":"https:\/\/sandzakpress.net\/arhiva\/wp-json\/wp\/v2\/tags?post=19541"}],"curies":[{"name":"wp","href":"https:\/\/api.w.org\/{rel}","templated":true}]}}