{"id":1954,"date":"2010-02-04T20:35:56","date_gmt":"2010-02-04T19:35:56","guid":{"rendered":"https:\/\/sandzakpress.net\/arhiva\/?p=1954"},"modified":"2010-02-04T20:35:56","modified_gmt":"2010-02-04T19:35:56","slug":"6-srbijanaca-vjeruje-da-je-srebrenica-izmisljena","status":"publish","type":"post","link":"https:\/\/sandzakpress.net\/arhiva\/6-srbijanaca-vjeruje-da-je-srebrenica-izmisljena\/","title":{"rendered":"6% Srbijanaca vjeruje da je Srebrenica izmi\u0161ljena"},"content":{"rendered":"<p><strong><a href=\"https:\/\/sandzakpress.net\/arhiva\/wp-content\/uploads\/2010\/02\/srebrenica_002.jpg\"><img loading=\"lazy\" decoding=\"async\" class=\"alignleft size-medium wp-image-1955\" title=\"srebrenica_002\" src=\"https:\/\/sandzakpress.net\/arhiva\/wp-content\/uploads\/2010\/02\/srebrenica_002-300x192.jpg\" alt=\"\" width=\"300\" height=\"192\" \/><\/a>Deklaraciju kojom bi Skup\u0161tina Srbije osudila zlo\u010dine u Srebrenici podr\u017ealo bi 20,6 posto gra\u0111ana Srbije, pokazalo je istra\u017eivanje javnog mijenja za potrebe Nacionalnog savjeta za saradnju sa Ha\u0161kim tribunalom, pi\u0161e Blic. Anketa je sprovedena na teritoriji Srbije, na uzorku od 1.000 ispitanika.<br \/>\n<\/strong><br \/>\nPrema istra\u017eivanju, 46,2 posto gra\u0111ana Srbije je za usvajanje rezolucije, i to jedinstvene, kojom bi bili osu\u0111eni svi zlo\u010dini u biv\u0161oj Jugoslaviji.<\/p>\n<p>Za dvije deklaracije, jednu o Srebrenici i drugu o zlo\u010dinima nad Srbima, izjasnilo se 20,3 posto gra\u0111ana, koliko je i protivnika dono\u0161enja bilo kakve rezolucije o zlo\u010dinima po\u010dinjenim tokom rata devedesetih.<\/p>\n<p>Za odgovor &#8220;nemam stav&#8221; ili &#8220;ne znam da li su rezolucije potrebne&#8221;, kako je pokazala anketa, izjasnilo se 12,7 posto ispitanika. Jedno od anketnih pitanja bilo je i &#8220;kakvo je va\u0161e mi\u0161ljenje o zlo\u010dinima nad Bo\u0161njacima u Srebrenici 1995. godine&#8221;, a rezultati su pokazali da 55,2 posto gra\u0111ana Srbije vjeruje da je rije\u010d samo o jednom od zlo\u010dina &#8220;\u010dije su razmjere na\u0161i neprijatelji i mediji zlonamjerno preuveli\u010dali&#8221;.<\/p>\n<p>Zlo\u010din u Srebrenici negira i smatra da je sve izmi\u0161ljeno 6,7 posto ispitanika, a 22,4 posto njih nema stav o tome. Za 15,7 posto gra\u0111ana Srbije zlo\u010din u Srebrenici je jedan od najte\u017eih zlo\u010dina koji se dogodio u ratovima devedesetih u biv\u0161oj Jugoslaviji.<\/p>\n<p>Izvor: <strong>Sandzak-x.com<\/strong><\/p>\n","protected":false},"excerpt":{"rendered":"<p>Deklaraciju kojom bi Skup\u0161tina Srbije osudila zlo\u010dine u Srebrenici podr\u017ealo bi 20,6 posto gra\u0111ana Srbije, pokazalo je istra\u017eivanje javnog mijenja za potrebe Nacionalnog savjeta za saradnju sa Ha\u0161kim tribunalom, pi\u0161e Blic. Anketa je sprovedena na teritoriji Srbije, na uzorku od 1.000 ispitanika. Prema istra\u017eivanju, 46,2 posto gra\u0111ana Srbije je za usvajanje rezolucije, i to jedinstvene, [&hellip;]<\/p>\n","protected":false},"author":83,"featured_media":1955,"comment_status":"open","ping_status":"open","sticky":false,"template":"","format":"standard","meta":{"footnotes":""},"categories":[1],"tags":[],"class_list":{"0":"post-1954","1":"post","2":"type-post","3":"status-publish","4":"format-standard","5":"has-post-thumbnail","7":"category-politika"},"yoast_head":"<!-- This site is optimized with the Yoast SEO Premium plugin v23.1 (Yoast SEO v24.9) - https:\/\/yoast.com\/wordpress\/plugins\/seo\/ -->\n<title>6% Srbijanaca vjeruje da je Srebrenica izmi\u0161ljena<\/title>\n<meta name=\"robots\" content=\"index, follow, max-snippet:-1, max-image-preview:large, max-video-preview:-1\" \/>\n<link rel=\"canonical\" href=\"https:\/\/sandzakpress.net\/arhiva\/6-srbijanaca-vjeruje-da-je-srebrenica-izmisljena\/\" \/>\n<meta property=\"og:locale\" content=\"bs_BA\" \/>\n<meta property=\"og:type\" content=\"article\" \/>\n<meta property=\"og:title\" content=\"6% Srbijanaca vjeruje da je Srebrenica izmi\u0161ljena\" \/>\n<meta property=\"og:description\" content=\"Deklaraciju kojom bi Skup\u0161tina Srbije osudila zlo\u010dine u Srebrenici podr\u017ealo bi 20,6 posto gra\u0111ana Srbije, pokazalo je istra\u017eivanje javnog mijenja za potrebe Nacionalnog savjeta za saradnju sa Ha\u0161kim tribunalom, pi\u0161e Blic. Anketa je sprovedena na teritoriji Srbije, na uzorku od 1.000 ispitanika. Prema istra\u017eivanju, 46,2 posto gra\u0111ana Srbije je za usvajanje rezolucije, i to jedinstvene, [&hellip;]\" \/>\n<meta property=\"og:url\" content=\"https:\/\/sandzakpress.net\/arhiva\/6-srbijanaca-vjeruje-da-je-srebrenica-izmisljena\/\" \/>\n<meta property=\"og:site_name\" content=\"Sand\u017eak PRESS\" \/>\n<meta property=\"article:published_time\" content=\"2010-02-04T19:35:56+00:00\" \/>\n<meta property=\"og:image\" content=\"https:\/\/sandzakpress.net\/arhiva\/wp-content\/uploads\/2010\/02\/srebrenica_002.jpg\" \/>\n\t<meta property=\"og:image:width\" content=\"370\" \/>\n\t<meta property=\"og:image:height\" content=\"237\" \/>\n\t<meta property=\"og:image:type\" content=\"image\/jpeg\" \/>\n<meta name=\"author\" content=\"bosniak\" \/>\n<meta name=\"twitter:card\" content=\"summary_large_image\" \/>\n<meta name=\"twitter:label1\" content=\"Written by\" \/>\n\t<meta name=\"twitter:data1\" content=\"bosniak\" \/>\n\t<meta name=\"twitter:label2\" content=\"Est. reading time\" \/>\n\t<meta name=\"twitter:data2\" content=\"1 minuta\" \/>\n<script type=\"application\/ld+json\" class=\"yoast-schema-graph\">{\"@context\":\"https:\/\/schema.org\",\"@graph\":[{\"@type\":\"Article\",\"@id\":\"https:\/\/sandzakpress.net\/arhiva\/6-srbijanaca-vjeruje-da-je-srebrenica-izmisljena\/#article\",\"isPartOf\":{\"@id\":\"https:\/\/sandzakpress.net\/arhiva\/6-srbijanaca-vjeruje-da-je-srebrenica-izmisljena\/\"},\"author\":{\"name\":\"bosniak\",\"@id\":\"https:\/\/sandzakpress.net\/arhiva\/#\/schema\/person\/c8baee722073534b583ea7bdb2e36c02\"},\"headline\":\"6% Srbijanaca vjeruje da je Srebrenica izmi\u0161ljena\",\"datePublished\":\"2010-02-04T19:35:56+00:00\",\"mainEntityOfPage\":{\"@id\":\"https:\/\/sandzakpress.net\/arhiva\/6-srbijanaca-vjeruje-da-je-srebrenica-izmisljena\/\"},\"wordCount\":237,\"commentCount\":0,\"publisher\":{\"@id\":\"https:\/\/sandzakpress.net\/arhiva\/#\/schema\/person\/6e72b67d6e51910a1117b3b483ba20bd\"},\"image\":{\"@id\":\"https:\/\/sandzakpress.net\/arhiva\/6-srbijanaca-vjeruje-da-je-srebrenica-izmisljena\/#primaryimage\"},\"thumbnailUrl\":\"https:\/\/sandzakpress.net\/arhiva\/wp-content\/uploads\/2010\/02\/srebrenica_002.jpg\",\"articleSection\":[\"Politika\"],\"inLanguage\":\"bs-BA\",\"potentialAction\":[{\"@type\":\"CommentAction\",\"name\":\"Comment\",\"target\":[\"https:\/\/sandzakpress.net\/arhiva\/6-srbijanaca-vjeruje-da-je-srebrenica-izmisljena\/#respond\"]}]},{\"@type\":\"WebPage\",\"@id\":\"https:\/\/sandzakpress.net\/arhiva\/6-srbijanaca-vjeruje-da-je-srebrenica-izmisljena\/\",\"url\":\"https:\/\/sandzakpress.net\/arhiva\/6-srbijanaca-vjeruje-da-je-srebrenica-izmisljena\/\",\"name\":\"6% Srbijanaca vjeruje da je Srebrenica izmi\u0161ljena\",\"isPartOf\":{\"@id\":\"https:\/\/sandzakpress.net\/arhiva\/#website\"},\"primaryImageOfPage\":{\"@id\":\"https:\/\/sandzakpress.net\/arhiva\/6-srbijanaca-vjeruje-da-je-srebrenica-izmisljena\/#primaryimage\"},\"image\":{\"@id\":\"https:\/\/sandzakpress.net\/arhiva\/6-srbijanaca-vjeruje-da-je-srebrenica-izmisljena\/#primaryimage\"},\"thumbnailUrl\":\"https:\/\/sandzakpress.net\/arhiva\/wp-content\/uploads\/2010\/02\/srebrenica_002.jpg\",\"datePublished\":\"2010-02-04T19:35:56+00:00\",\"breadcrumb\":{\"@id\":\"https:\/\/sandzakpress.net\/arhiva\/6-srbijanaca-vjeruje-da-je-srebrenica-izmisljena\/#breadcrumb\"},\"inLanguage\":\"bs-BA\",\"potentialAction\":[{\"@type\":\"ReadAction\",\"target\":[\"https:\/\/sandzakpress.net\/arhiva\/6-srbijanaca-vjeruje-da-je-srebrenica-izmisljena\/\"]}]},{\"@type\":\"ImageObject\",\"inLanguage\":\"bs-BA\",\"@id\":\"https:\/\/sandzakpress.net\/arhiva\/6-srbijanaca-vjeruje-da-je-srebrenica-izmisljena\/#primaryimage\",\"url\":\"https:\/\/sandzakpress.net\/arhiva\/wp-content\/uploads\/2010\/02\/srebrenica_002.jpg\",\"contentUrl\":\"https:\/\/sandzakpress.net\/arhiva\/wp-content\/uploads\/2010\/02\/srebrenica_002.jpg\",\"width\":370,\"height\":237},{\"@type\":\"BreadcrumbList\",\"@id\":\"https:\/\/sandzakpress.net\/arhiva\/6-srbijanaca-vjeruje-da-je-srebrenica-izmisljena\/#breadcrumb\",\"itemListElement\":[{\"@type\":\"ListItem\",\"position\":1,\"name\":\"Home\",\"item\":\"https:\/\/sandzakpress.net\/arhiva\/\"},{\"@type\":\"ListItem\",\"position\":2,\"name\":\"6% Srbijanaca vjeruje da je Srebrenica izmi\u0161ljena\"}]},{\"@type\":\"WebSite\",\"@id\":\"https:\/\/sandzakpress.net\/arhiva\/#website\",\"url\":\"https:\/\/sandzakpress.net\/arhiva\/\",\"name\":\"Sand\u017eak PRESS\",\"description\":\"Prve elektronske novine u Sand\u017eaku\",\"publisher\":{\"@id\":\"https:\/\/sandzakpress.net\/arhiva\/#\/schema\/person\/6e72b67d6e51910a1117b3b483ba20bd\"},\"potentialAction\":[{\"@type\":\"SearchAction\",\"target\":{\"@type\":\"EntryPoint\",\"urlTemplate\":\"https:\/\/sandzakpress.net\/arhiva\/?s={search_term_string}\"},\"query-input\":{\"@type\":\"PropertyValueSpecification\",\"valueRequired\":true,\"valueName\":\"search_term_string\"}}],\"inLanguage\":\"bs-BA\"},{\"@type\":[\"Person\",\"Organization\"],\"@id\":\"https:\/\/sandzakpress.net\/arhiva\/#\/schema\/person\/6e72b67d6e51910a1117b3b483ba20bd\",\"name\":\"Kul\",\"image\":{\"@type\":\"ImageObject\",\"inLanguage\":\"bs-BA\",\"@id\":\"https:\/\/sandzakpress.net\/arhiva\/#\/schema\/person\/image\/\",\"url\":\"https:\/\/secure.gravatar.com\/avatar\/42263f39aa27ac04c43cab85c280eb2e?s=96&d=mm&r=pg\",\"contentUrl\":\"https:\/\/secure.gravatar.com\/avatar\/42263f39aa27ac04c43cab85c280eb2e?s=96&d=mm&r=pg\",\"caption\":\"Kul\"},\"logo\":{\"@id\":\"https:\/\/sandzakpress.net\/arhiva\/#\/schema\/person\/image\/\"}},{\"@type\":\"Person\",\"@id\":\"https:\/\/sandzakpress.net\/arhiva\/#\/schema\/person\/c8baee722073534b583ea7bdb2e36c02\",\"name\":\"bosniak\",\"image\":{\"@type\":\"ImageObject\",\"inLanguage\":\"bs-BA\",\"@id\":\"https:\/\/sandzakpress.net\/arhiva\/#\/schema\/person\/image\/\",\"url\":\"https:\/\/secure.gravatar.com\/avatar\/a04fd330bfe3a36a72a0ad4a6d89fca7?s=96&d=mm&r=pg\",\"contentUrl\":\"https:\/\/secure.gravatar.com\/avatar\/a04fd330bfe3a36a72a0ad4a6d89fca7?s=96&d=mm&r=pg\",\"caption\":\"bosniak\"},\"url\":\"https:\/\/sandzakpress.net\/arhiva\/author\/bosniak\/\"}]}<\/script>\n<!-- \/ Yoast SEO Premium plugin. -->","yoast_head_json":{"title":"6% Srbijanaca vjeruje da je Srebrenica izmi\u0161ljena","robots":{"index":"index","follow":"follow","max-snippet":"max-snippet:-1","max-image-preview":"max-image-preview:large","max-video-preview":"max-video-preview:-1"},"canonical":"https:\/\/sandzakpress.net\/arhiva\/6-srbijanaca-vjeruje-da-je-srebrenica-izmisljena\/","og_locale":"bs_BA","og_type":"article","og_title":"6% Srbijanaca vjeruje da je Srebrenica izmi\u0161ljena","og_description":"Deklaraciju kojom bi Skup\u0161tina Srbije osudila zlo\u010dine u Srebrenici podr\u017ealo bi 20,6 posto gra\u0111ana Srbije, pokazalo je istra\u017eivanje javnog mijenja za potrebe Nacionalnog savjeta za saradnju sa Ha\u0161kim tribunalom, pi\u0161e Blic. Anketa je sprovedena na teritoriji Srbije, na uzorku od 1.000 ispitanika. Prema istra\u017eivanju, 46,2 posto gra\u0111ana Srbije je za usvajanje rezolucije, i to jedinstvene, [&hellip;]","og_url":"https:\/\/sandzakpress.net\/arhiva\/6-srbijanaca-vjeruje-da-je-srebrenica-izmisljena\/","og_site_name":"Sand\u017eak PRESS","article_published_time":"2010-02-04T19:35:56+00:00","og_image":[{"width":370,"height":237,"url":"https:\/\/sandzakpress.net\/arhiva\/wp-content\/uploads\/2010\/02\/srebrenica_002.jpg","type":"image\/jpeg"}],"author":"bosniak","twitter_card":"summary_large_image","twitter_misc":{"Written by":"bosniak","Est. reading time":"1 minuta"},"schema":{"@context":"https:\/\/schema.org","@graph":[{"@type":"Article","@id":"https:\/\/sandzakpress.net\/arhiva\/6-srbijanaca-vjeruje-da-je-srebrenica-izmisljena\/#article","isPartOf":{"@id":"https:\/\/sandzakpress.net\/arhiva\/6-srbijanaca-vjeruje-da-je-srebrenica-izmisljena\/"},"author":{"name":"bosniak","@id":"https:\/\/sandzakpress.net\/arhiva\/#\/schema\/person\/c8baee722073534b583ea7bdb2e36c02"},"headline":"6% Srbijanaca vjeruje da je Srebrenica izmi\u0161ljena","datePublished":"2010-02-04T19:35:56+00:00","mainEntityOfPage":{"@id":"https:\/\/sandzakpress.net\/arhiva\/6-srbijanaca-vjeruje-da-je-srebrenica-izmisljena\/"},"wordCount":237,"commentCount":0,"publisher":{"@id":"https:\/\/sandzakpress.net\/arhiva\/#\/schema\/person\/6e72b67d6e51910a1117b3b483ba20bd"},"image":{"@id":"https:\/\/sandzakpress.net\/arhiva\/6-srbijanaca-vjeruje-da-je-srebrenica-izmisljena\/#primaryimage"},"thumbnailUrl":"https:\/\/sandzakpress.net\/arhiva\/wp-content\/uploads\/2010\/02\/srebrenica_002.jpg","articleSection":["Politika"],"inLanguage":"bs-BA","potentialAction":[{"@type":"CommentAction","name":"Comment","target":["https:\/\/sandzakpress.net\/arhiva\/6-srbijanaca-vjeruje-da-je-srebrenica-izmisljena\/#respond"]}]},{"@type":"WebPage","@id":"https:\/\/sandzakpress.net\/arhiva\/6-srbijanaca-vjeruje-da-je-srebrenica-izmisljena\/","url":"https:\/\/sandzakpress.net\/arhiva\/6-srbijanaca-vjeruje-da-je-srebrenica-izmisljena\/","name":"6% Srbijanaca vjeruje da je Srebrenica izmi\u0161ljena","isPartOf":{"@id":"https:\/\/sandzakpress.net\/arhiva\/#website"},"primaryImageOfPage":{"@id":"https:\/\/sandzakpress.net\/arhiva\/6-srbijanaca-vjeruje-da-je-srebrenica-izmisljena\/#primaryimage"},"image":{"@id":"https:\/\/sandzakpress.net\/arhiva\/6-srbijanaca-vjeruje-da-je-srebrenica-izmisljena\/#primaryimage"},"thumbnailUrl":"https:\/\/sandzakpress.net\/arhiva\/wp-content\/uploads\/2010\/02\/srebrenica_002.jpg","datePublished":"2010-02-04T19:35:56+00:00","breadcrumb":{"@id":"https:\/\/sandzakpress.net\/arhiva\/6-srbijanaca-vjeruje-da-je-srebrenica-izmisljena\/#breadcrumb"},"inLanguage":"bs-BA","potentialAction":[{"@type":"ReadAction","target":["https:\/\/sandzakpress.net\/arhiva\/6-srbijanaca-vjeruje-da-je-srebrenica-izmisljena\/"]}]},{"@type":"ImageObject","inLanguage":"bs-BA","@id":"https:\/\/sandzakpress.net\/arhiva\/6-srbijanaca-vjeruje-da-je-srebrenica-izmisljena\/#primaryimage","url":"https:\/\/sandzakpress.net\/arhiva\/wp-content\/uploads\/2010\/02\/srebrenica_002.jpg","contentUrl":"https:\/\/sandzakpress.net\/arhiva\/wp-content\/uploads\/2010\/02\/srebrenica_002.jpg","width":370,"height":237},{"@type":"BreadcrumbList","@id":"https:\/\/sandzakpress.net\/arhiva\/6-srbijanaca-vjeruje-da-je-srebrenica-izmisljena\/#breadcrumb","itemListElement":[{"@type":"ListItem","position":1,"name":"Home","item":"https:\/\/sandzakpress.net\/arhiva\/"},{"@type":"ListItem","position":2,"name":"6% Srbijanaca vjeruje da je Srebrenica izmi\u0161ljena"}]},{"@type":"WebSite","@id":"https:\/\/sandzakpress.net\/arhiva\/#website","url":"https:\/\/sandzakpress.net\/arhiva\/","name":"Sand\u017eak PRESS","description":"Prve elektronske novine u Sand\u017eaku","publisher":{"@id":"https:\/\/sandzakpress.net\/arhiva\/#\/schema\/person\/6e72b67d6e51910a1117b3b483ba20bd"},"potentialAction":[{"@type":"SearchAction","target":{"@type":"EntryPoint","urlTemplate":"https:\/\/sandzakpress.net\/arhiva\/?s={search_term_string}"},"query-input":{"@type":"PropertyValueSpecification","valueRequired":true,"valueName":"search_term_string"}}],"inLanguage":"bs-BA"},{"@type":["Person","Organization"],"@id":"https:\/\/sandzakpress.net\/arhiva\/#\/schema\/person\/6e72b67d6e51910a1117b3b483ba20bd","name":"Kul","image":{"@type":"ImageObject","inLanguage":"bs-BA","@id":"https:\/\/sandzakpress.net\/arhiva\/#\/schema\/person\/image\/","url":"https:\/\/secure.gravatar.com\/avatar\/42263f39aa27ac04c43cab85c280eb2e?s=96&d=mm&r=pg","contentUrl":"https:\/\/secure.gravatar.com\/avatar\/42263f39aa27ac04c43cab85c280eb2e?s=96&d=mm&r=pg","caption":"Kul"},"logo":{"@id":"https:\/\/sandzakpress.net\/arhiva\/#\/schema\/person\/image\/"}},{"@type":"Person","@id":"https:\/\/sandzakpress.net\/arhiva\/#\/schema\/person\/c8baee722073534b583ea7bdb2e36c02","name":"bosniak","image":{"@type":"ImageObject","inLanguage":"bs-BA","@id":"https:\/\/sandzakpress.net\/arhiva\/#\/schema\/person\/image\/","url":"https:\/\/secure.gravatar.com\/avatar\/a04fd330bfe3a36a72a0ad4a6d89fca7?s=96&d=mm&r=pg","contentUrl":"https:\/\/secure.gravatar.com\/avatar\/a04fd330bfe3a36a72a0ad4a6d89fca7?s=96&d=mm&r=pg","caption":"bosniak"},"url":"https:\/\/sandzakpress.net\/arhiva\/author\/bosniak\/"}]}},"_links":{"self":[{"href":"https:\/\/sandzakpress.net\/arhiva\/wp-json\/wp\/v2\/posts\/1954"}],"collection":[{"href":"https:\/\/sandzakpress.net\/arhiva\/wp-json\/wp\/v2\/posts"}],"about":[{"href":"https:\/\/sandzakpress.net\/arhiva\/wp-json\/wp\/v2\/types\/post"}],"author":[{"embeddable":true,"href":"https:\/\/sandzakpress.net\/arhiva\/wp-json\/wp\/v2\/users\/83"}],"replies":[{"embeddable":true,"href":"https:\/\/sandzakpress.net\/arhiva\/wp-json\/wp\/v2\/comments?post=1954"}],"version-history":[{"count":0,"href":"https:\/\/sandzakpress.net\/arhiva\/wp-json\/wp\/v2\/posts\/1954\/revisions"}],"wp:featuredmedia":[{"embeddable":true,"href":"https:\/\/sandzakpress.net\/arhiva\/wp-json\/wp\/v2\/media\/1955"}],"wp:attachment":[{"href":"https:\/\/sandzakpress.net\/arhiva\/wp-json\/wp\/v2\/media?parent=1954"}],"wp:term":[{"taxonomy":"category","embeddable":true,"href":"https:\/\/sandzakpress.net\/arhiva\/wp-json\/wp\/v2\/categories?post=1954"},{"taxonomy":"post_tag","embeddable":true,"href":"https:\/\/sandzakpress.net\/arhiva\/wp-json\/wp\/v2\/tags?post=1954"}],"curies":[{"name":"wp","href":"https:\/\/api.w.org\/{rel}","templated":true}]}}