{"id":195303,"date":"2017-09-26T14:50:17","date_gmt":"2017-09-26T12:50:17","guid":{"rendered":"https:\/\/sandzakpress.net\/arhiva\/?p=195303"},"modified":"2017-09-26T14:50:17","modified_gmt":"2017-09-26T12:50:17","slug":"erdogan-10-oktobra-u-beogradu-srbija-je-kljucna-zemlja-na-balkanu","status":"publish","type":"post","link":"https:\/\/sandzakpress.net\/arhiva\/erdogan-10-oktobra-u-beogradu-srbija-je-kljucna-zemlja-na-balkanu\/","title":{"rendered":"Erdogan 10. oktobra u Beogradu: Srbija je klju\u010dna zemlja na Balkanu"},"content":{"rendered":"<p><img decoding=\"async\" class=\"aligncenter\" src=\"http:\/\/www.sandzacke.rs\/wp-content\/uploads\/2017\/09\/vucic-erdogan-4-696x469.jpg\" \/><\/p>\n<p><strong>Predsjednik Turske Recep Tayyip Erdogan posjetit \u0107e Srbiju 10. oktobra, dogovoreno je tokom susreta predsjednika Srbije Aleksandra Vu\u010di\u0107a sa Erdoganom u New Yorku.<br \/><\/strong><br \/>Vu\u010di\u0107 je rekao da \u0107e to biti potvrda velikog prijateljstva dva naroda i izrazio zahvalnost turskim kompanijama koje su ulagale u najnerazvijenijim mjestima u Srbiji.<\/p>\n<p>\u201cNa\u0161a zemlja gaji iskreno prijateljstvo prema turskom narodu i mi danas imamo priliku da zapo\u010dnemo novi proces u na\u0161im odnosima\u201d, naveo je Vu\u010di\u0107.<\/p>\n<p>Vu\u010di\u0107 i Erdogan su na marginama zasjedanja Generalne skup\u0161tine UN razgovarali o odnosima dvije zemlje, ekonomskoj saradnji i predstoje\u0107oj posjeti turskog predsjednika Srbiji, saop\u0161teno je iz press slu\u017ebe predsjednika Srbije.<\/p>\n<p>Erdogan je naglasio da su odnosi Srbije i Turske veoma va\u017eni za mir i stabilnost Balkana.<\/p>\n<p>\u201cSrbija je klju\u010dna zemlja na Balkanu za o\u010duvanje mira i stabilnosti i zato smo uvijek podr\u017eavali va\u0161 evropski put\u201d, rekao je predsjednik Turske.<\/p>\n<p>On je istakao da je neophodno raditi na ja\u010danju ekonomskih odnosa i trgovinske razmjene, koja je, kako ka\u017ee, pro\u0161le godine iznosila 800 miliona dolara, a u prvih \u0161est mjeseci ove godine 539 miliona dolara.<\/p>\n<p>\u201cZajedni\u010dki cilj treba da bude milijardu dolara i ja podr\u017eavam na\u0161e investitore da \u0161to vi\u0161e ula\u017eu u Srbiju\u201d, dodao je Erdogan.<\/p>\n<p>On je rekao da bi tokom njegove posjete Srbiji trebalo potpisati ugovor o slobodnoj trgovini izme\u0111u ove dvije zemlje.<\/p>\n<p>Sagovornici su razgovarali i o infrastrukturnim projektima, za koje je turska strana zainteresovana, kao \u0161to su aerodrom Kraljevo, autoput Tutin-Novi Pazar-Sjenica i autoput Beograd-Sarajevo.<\/p>\n<p>Oni su se saglasili da je turizam veoma va\u017ean segment u razvoju ekonomskih odnosa i da je neophodno raditi na pove\u0107anju broja turista u obje zemlje.<\/p>\n<p>(Sandtzacke)<\/p>\n","protected":false},"excerpt":{"rendered":"<p>Predsjednik Turske Recep Tayyip Erdogan posjetit \u0107e Srbiju 10. oktobra, dogovoreno je tokom susreta predsjednika Srbije Aleksandra Vu\u010di\u0107a sa Erdoganom u New Yorku.Vu\u010di\u0107 je rekao da \u0107e to biti potvrda velikog prijateljstva dva naroda i izrazio zahvalnost turskim kompanijama koje su ulagale u najnerazvijenijim mjestima u Srbiji. \u201cNa\u0161a zemlja gaji iskreno prijateljstvo prema turskom narodu [&hellip;]<\/p>\n","protected":false},"author":509,"featured_media":195310,"comment_status":"open","ping_status":"open","sticky":false,"template":"","format":"standard","meta":{"footnotes":""},"categories":[72,1,10307,8957,2692],"tags":[],"class_list":{"0":"post-195303","1":"post","2":"type-post","3":"status-publish","4":"format-standard","5":"has-post-thumbnail","7":"category-novi-pazar","8":"category-politika","9":"category-srbija","10":"category-vijesti-dana","11":"category-turska-gradovi"},"yoast_head":"<!-- This site is optimized with the Yoast SEO Premium plugin v23.1 (Yoast SEO v24.9) - https:\/\/yoast.com\/wordpress\/plugins\/seo\/ -->\n<title>Erdogan 10. oktobra u Beogradu: Srbija je klju\u010dna zemlja na Balkanu<\/title>\n<meta name=\"robots\" content=\"index, follow, max-snippet:-1, max-image-preview:large, max-video-preview:-1\" \/>\n<link rel=\"canonical\" href=\"https:\/\/sandzakpress.net\/arhiva\/erdogan-10-oktobra-u-beogradu-srbija-je-kljucna-zemlja-na-balkanu\/\" \/>\n<meta property=\"og:locale\" content=\"bs_BA\" \/>\n<meta property=\"og:type\" content=\"article\" \/>\n<meta property=\"og:title\" content=\"Erdogan 10. oktobra u Beogradu: Srbija je klju\u010dna zemlja na Balkanu\" \/>\n<meta property=\"og:description\" content=\"Predsjednik Turske Recep Tayyip Erdogan posjetit \u0107e Srbiju 10. oktobra, dogovoreno je tokom susreta predsjednika Srbije Aleksandra Vu\u010di\u0107a sa Erdoganom u New Yorku.Vu\u010di\u0107 je rekao da \u0107e to biti potvrda velikog prijateljstva dva naroda i izrazio zahvalnost turskim kompanijama koje su ulagale u najnerazvijenijim mjestima u Srbiji. \u201cNa\u0161a zemlja gaji iskreno prijateljstvo prema turskom narodu [&hellip;]\" \/>\n<meta property=\"og:url\" content=\"https:\/\/sandzakpress.net\/arhiva\/erdogan-10-oktobra-u-beogradu-srbija-je-kljucna-zemlja-na-balkanu\/\" \/>\n<meta property=\"og:site_name\" content=\"Sand\u017eak PRESS\" \/>\n<meta property=\"article:published_time\" content=\"2017-09-26T12:50:17+00:00\" \/>\n<meta property=\"og:image\" content=\"https:\/\/sandzakpress.net\/arhiva\/wp-content\/uploads\/2017\/09\/vucic-erdogan-4-696x469.jpg\" \/>\n\t<meta property=\"og:image:width\" content=\"696\" \/>\n\t<meta property=\"og:image:height\" content=\"469\" \/>\n\t<meta property=\"og:image:type\" content=\"image\/jpeg\" \/>\n<meta name=\"author\" content=\"Agencija\" \/>\n<meta name=\"twitter:card\" content=\"summary_large_image\" \/>\n<meta name=\"twitter:label1\" content=\"Written by\" \/>\n\t<meta name=\"twitter:data1\" content=\"Agencija\" \/>\n\t<meta name=\"twitter:label2\" content=\"Est. reading time\" \/>\n\t<meta name=\"twitter:data2\" content=\"1 minuta\" \/>\n<script type=\"application\/ld+json\" class=\"yoast-schema-graph\">{\"@context\":\"https:\/\/schema.org\",\"@graph\":[{\"@type\":\"Article\",\"@id\":\"https:\/\/sandzakpress.net\/arhiva\/erdogan-10-oktobra-u-beogradu-srbija-je-kljucna-zemlja-na-balkanu\/#article\",\"isPartOf\":{\"@id\":\"https:\/\/sandzakpress.net\/arhiva\/erdogan-10-oktobra-u-beogradu-srbija-je-kljucna-zemlja-na-balkanu\/\"},\"author\":{\"name\":\"Agencija\",\"@id\":\"https:\/\/sandzakpress.net\/arhiva\/#\/schema\/person\/cb59d7e3ab91ab90dd680ad0305a6185\"},\"headline\":\"Erdogan 10. oktobra u Beogradu: Srbija je klju\u010dna zemlja na Balkanu\",\"datePublished\":\"2017-09-26T12:50:17+00:00\",\"mainEntityOfPage\":{\"@id\":\"https:\/\/sandzakpress.net\/arhiva\/erdogan-10-oktobra-u-beogradu-srbija-je-kljucna-zemlja-na-balkanu\/\"},\"wordCount\":300,\"commentCount\":5,\"publisher\":{\"@id\":\"https:\/\/sandzakpress.net\/arhiva\/#\/schema\/person\/6e72b67d6e51910a1117b3b483ba20bd\"},\"image\":{\"@id\":\"https:\/\/sandzakpress.net\/arhiva\/erdogan-10-oktobra-u-beogradu-srbija-je-kljucna-zemlja-na-balkanu\/#primaryimage\"},\"thumbnailUrl\":\"https:\/\/sandzakpress.net\/arhiva\/wp-content\/uploads\/2017\/09\/vucic-erdogan-4-696x469.jpg\",\"articleSection\":[\"Novi Pazar\",\"Politika\",\"Srbija\",\"VIJESTI DANA\",\"Turska\"],\"inLanguage\":\"bs-BA\",\"potentialAction\":[{\"@type\":\"CommentAction\",\"name\":\"Comment\",\"target\":[\"https:\/\/sandzakpress.net\/arhiva\/erdogan-10-oktobra-u-beogradu-srbija-je-kljucna-zemlja-na-balkanu\/#respond\"]}]},{\"@type\":\"WebPage\",\"@id\":\"https:\/\/sandzakpress.net\/arhiva\/erdogan-10-oktobra-u-beogradu-srbija-je-kljucna-zemlja-na-balkanu\/\",\"url\":\"https:\/\/sandzakpress.net\/arhiva\/erdogan-10-oktobra-u-beogradu-srbija-je-kljucna-zemlja-na-balkanu\/\",\"name\":\"Erdogan 10. oktobra u Beogradu: Srbija je klju\u010dna zemlja na Balkanu\",\"isPartOf\":{\"@id\":\"https:\/\/sandzakpress.net\/arhiva\/#website\"},\"primaryImageOfPage\":{\"@id\":\"https:\/\/sandzakpress.net\/arhiva\/erdogan-10-oktobra-u-beogradu-srbija-je-kljucna-zemlja-na-balkanu\/#primaryimage\"},\"image\":{\"@id\":\"https:\/\/sandzakpress.net\/arhiva\/erdogan-10-oktobra-u-beogradu-srbija-je-kljucna-zemlja-na-balkanu\/#primaryimage\"},\"thumbnailUrl\":\"https:\/\/sandzakpress.net\/arhiva\/wp-content\/uploads\/2017\/09\/vucic-erdogan-4-696x469.jpg\",\"datePublished\":\"2017-09-26T12:50:17+00:00\",\"breadcrumb\":{\"@id\":\"https:\/\/sandzakpress.net\/arhiva\/erdogan-10-oktobra-u-beogradu-srbija-je-kljucna-zemlja-na-balkanu\/#breadcrumb\"},\"inLanguage\":\"bs-BA\",\"potentialAction\":[{\"@type\":\"ReadAction\",\"target\":[\"https:\/\/sandzakpress.net\/arhiva\/erdogan-10-oktobra-u-beogradu-srbija-je-kljucna-zemlja-na-balkanu\/\"]}]},{\"@type\":\"ImageObject\",\"inLanguage\":\"bs-BA\",\"@id\":\"https:\/\/sandzakpress.net\/arhiva\/erdogan-10-oktobra-u-beogradu-srbija-je-kljucna-zemlja-na-balkanu\/#primaryimage\",\"url\":\"https:\/\/sandzakpress.net\/arhiva\/wp-content\/uploads\/2017\/09\/vucic-erdogan-4-696x469.jpg\",\"contentUrl\":\"https:\/\/sandzakpress.net\/arhiva\/wp-content\/uploads\/2017\/09\/vucic-erdogan-4-696x469.jpg\",\"width\":696,\"height\":469},{\"@type\":\"BreadcrumbList\",\"@id\":\"https:\/\/sandzakpress.net\/arhiva\/erdogan-10-oktobra-u-beogradu-srbija-je-kljucna-zemlja-na-balkanu\/#breadcrumb\",\"itemListElement\":[{\"@type\":\"ListItem\",\"position\":1,\"name\":\"Home\",\"item\":\"https:\/\/sandzakpress.net\/arhiva\/\"},{\"@type\":\"ListItem\",\"position\":2,\"name\":\"Erdogan 10. oktobra u Beogradu: Srbija je klju\u010dna zemlja na Balkanu\"}]},{\"@type\":\"WebSite\",\"@id\":\"https:\/\/sandzakpress.net\/arhiva\/#website\",\"url\":\"https:\/\/sandzakpress.net\/arhiva\/\",\"name\":\"Sand\u017eak PRESS\",\"description\":\"Prve elektronske novine u Sand\u017eaku\",\"publisher\":{\"@id\":\"https:\/\/sandzakpress.net\/arhiva\/#\/schema\/person\/6e72b67d6e51910a1117b3b483ba20bd\"},\"potentialAction\":[{\"@type\":\"SearchAction\",\"target\":{\"@type\":\"EntryPoint\",\"urlTemplate\":\"https:\/\/sandzakpress.net\/arhiva\/?s={search_term_string}\"},\"query-input\":{\"@type\":\"PropertyValueSpecification\",\"valueRequired\":true,\"valueName\":\"search_term_string\"}}],\"inLanguage\":\"bs-BA\"},{\"@type\":[\"Person\",\"Organization\"],\"@id\":\"https:\/\/sandzakpress.net\/arhiva\/#\/schema\/person\/6e72b67d6e51910a1117b3b483ba20bd\",\"name\":\"Kul\",\"image\":{\"@type\":\"ImageObject\",\"inLanguage\":\"bs-BA\",\"@id\":\"https:\/\/sandzakpress.net\/arhiva\/#\/schema\/person\/image\/\",\"url\":\"https:\/\/secure.gravatar.com\/avatar\/42263f39aa27ac04c43cab85c280eb2e?s=96&d=mm&r=pg\",\"contentUrl\":\"https:\/\/secure.gravatar.com\/avatar\/42263f39aa27ac04c43cab85c280eb2e?s=96&d=mm&r=pg\",\"caption\":\"Kul\"},\"logo\":{\"@id\":\"https:\/\/sandzakpress.net\/arhiva\/#\/schema\/person\/image\/\"}},{\"@type\":\"Person\",\"@id\":\"https:\/\/sandzakpress.net\/arhiva\/#\/schema\/person\/cb59d7e3ab91ab90dd680ad0305a6185\",\"name\":\"Agencija\",\"image\":{\"@type\":\"ImageObject\",\"inLanguage\":\"bs-BA\",\"@id\":\"https:\/\/sandzakpress.net\/arhiva\/#\/schema\/person\/image\/\",\"url\":\"https:\/\/secure.gravatar.com\/avatar\/4b7fafa80a22f0c2afe23966b3961fe0?s=96&d=mm&r=pg\",\"contentUrl\":\"https:\/\/secure.gravatar.com\/avatar\/4b7fafa80a22f0c2afe23966b3961fe0?s=96&d=mm&r=pg\",\"caption\":\"Agencija\"},\"url\":\"https:\/\/sandzakpress.net\/arhiva\/author\/agencija\/\"}]}<\/script>\n<!-- \/ Yoast SEO Premium plugin. -->","yoast_head_json":{"title":"Erdogan 10. oktobra u Beogradu: Srbija je klju\u010dna zemlja na Balkanu","robots":{"index":"index","follow":"follow","max-snippet":"max-snippet:-1","max-image-preview":"max-image-preview:large","max-video-preview":"max-video-preview:-1"},"canonical":"https:\/\/sandzakpress.net\/arhiva\/erdogan-10-oktobra-u-beogradu-srbija-je-kljucna-zemlja-na-balkanu\/","og_locale":"bs_BA","og_type":"article","og_title":"Erdogan 10. oktobra u Beogradu: Srbija je klju\u010dna zemlja na Balkanu","og_description":"Predsjednik Turske Recep Tayyip Erdogan posjetit \u0107e Srbiju 10. oktobra, dogovoreno je tokom susreta predsjednika Srbije Aleksandra Vu\u010di\u0107a sa Erdoganom u New Yorku.Vu\u010di\u0107 je rekao da \u0107e to biti potvrda velikog prijateljstva dva naroda i izrazio zahvalnost turskim kompanijama koje su ulagale u najnerazvijenijim mjestima u Srbiji. \u201cNa\u0161a zemlja gaji iskreno prijateljstvo prema turskom narodu [&hellip;]","og_url":"https:\/\/sandzakpress.net\/arhiva\/erdogan-10-oktobra-u-beogradu-srbija-je-kljucna-zemlja-na-balkanu\/","og_site_name":"Sand\u017eak PRESS","article_published_time":"2017-09-26T12:50:17+00:00","og_image":[{"width":696,"height":469,"url":"https:\/\/sandzakpress.net\/arhiva\/wp-content\/uploads\/2017\/09\/vucic-erdogan-4-696x469.jpg","type":"image\/jpeg"}],"author":"Agencija","twitter_card":"summary_large_image","twitter_misc":{"Written by":"Agencija","Est. reading time":"1 minuta"},"schema":{"@context":"https:\/\/schema.org","@graph":[{"@type":"Article","@id":"https:\/\/sandzakpress.net\/arhiva\/erdogan-10-oktobra-u-beogradu-srbija-je-kljucna-zemlja-na-balkanu\/#article","isPartOf":{"@id":"https:\/\/sandzakpress.net\/arhiva\/erdogan-10-oktobra-u-beogradu-srbija-je-kljucna-zemlja-na-balkanu\/"},"author":{"name":"Agencija","@id":"https:\/\/sandzakpress.net\/arhiva\/#\/schema\/person\/cb59d7e3ab91ab90dd680ad0305a6185"},"headline":"Erdogan 10. oktobra u Beogradu: Srbija je klju\u010dna zemlja na Balkanu","datePublished":"2017-09-26T12:50:17+00:00","mainEntityOfPage":{"@id":"https:\/\/sandzakpress.net\/arhiva\/erdogan-10-oktobra-u-beogradu-srbija-je-kljucna-zemlja-na-balkanu\/"},"wordCount":300,"commentCount":5,"publisher":{"@id":"https:\/\/sandzakpress.net\/arhiva\/#\/schema\/person\/6e72b67d6e51910a1117b3b483ba20bd"},"image":{"@id":"https:\/\/sandzakpress.net\/arhiva\/erdogan-10-oktobra-u-beogradu-srbija-je-kljucna-zemlja-na-balkanu\/#primaryimage"},"thumbnailUrl":"https:\/\/sandzakpress.net\/arhiva\/wp-content\/uploads\/2017\/09\/vucic-erdogan-4-696x469.jpg","articleSection":["Novi Pazar","Politika","Srbija","VIJESTI DANA","Turska"],"inLanguage":"bs-BA","potentialAction":[{"@type":"CommentAction","name":"Comment","target":["https:\/\/sandzakpress.net\/arhiva\/erdogan-10-oktobra-u-beogradu-srbija-je-kljucna-zemlja-na-balkanu\/#respond"]}]},{"@type":"WebPage","@id":"https:\/\/sandzakpress.net\/arhiva\/erdogan-10-oktobra-u-beogradu-srbija-je-kljucna-zemlja-na-balkanu\/","url":"https:\/\/sandzakpress.net\/arhiva\/erdogan-10-oktobra-u-beogradu-srbija-je-kljucna-zemlja-na-balkanu\/","name":"Erdogan 10. oktobra u Beogradu: Srbija je klju\u010dna zemlja na Balkanu","isPartOf":{"@id":"https:\/\/sandzakpress.net\/arhiva\/#website"},"primaryImageOfPage":{"@id":"https:\/\/sandzakpress.net\/arhiva\/erdogan-10-oktobra-u-beogradu-srbija-je-kljucna-zemlja-na-balkanu\/#primaryimage"},"image":{"@id":"https:\/\/sandzakpress.net\/arhiva\/erdogan-10-oktobra-u-beogradu-srbija-je-kljucna-zemlja-na-balkanu\/#primaryimage"},"thumbnailUrl":"https:\/\/sandzakpress.net\/arhiva\/wp-content\/uploads\/2017\/09\/vucic-erdogan-4-696x469.jpg","datePublished":"2017-09-26T12:50:17+00:00","breadcrumb":{"@id":"https:\/\/sandzakpress.net\/arhiva\/erdogan-10-oktobra-u-beogradu-srbija-je-kljucna-zemlja-na-balkanu\/#breadcrumb"},"inLanguage":"bs-BA","potentialAction":[{"@type":"ReadAction","target":["https:\/\/sandzakpress.net\/arhiva\/erdogan-10-oktobra-u-beogradu-srbija-je-kljucna-zemlja-na-balkanu\/"]}]},{"@type":"ImageObject","inLanguage":"bs-BA","@id":"https:\/\/sandzakpress.net\/arhiva\/erdogan-10-oktobra-u-beogradu-srbija-je-kljucna-zemlja-na-balkanu\/#primaryimage","url":"https:\/\/sandzakpress.net\/arhiva\/wp-content\/uploads\/2017\/09\/vucic-erdogan-4-696x469.jpg","contentUrl":"https:\/\/sandzakpress.net\/arhiva\/wp-content\/uploads\/2017\/09\/vucic-erdogan-4-696x469.jpg","width":696,"height":469},{"@type":"BreadcrumbList","@id":"https:\/\/sandzakpress.net\/arhiva\/erdogan-10-oktobra-u-beogradu-srbija-je-kljucna-zemlja-na-balkanu\/#breadcrumb","itemListElement":[{"@type":"ListItem","position":1,"name":"Home","item":"https:\/\/sandzakpress.net\/arhiva\/"},{"@type":"ListItem","position":2,"name":"Erdogan 10. oktobra u Beogradu: Srbija je klju\u010dna zemlja na Balkanu"}]},{"@type":"WebSite","@id":"https:\/\/sandzakpress.net\/arhiva\/#website","url":"https:\/\/sandzakpress.net\/arhiva\/","name":"Sand\u017eak PRESS","description":"Prve elektronske novine u Sand\u017eaku","publisher":{"@id":"https:\/\/sandzakpress.net\/arhiva\/#\/schema\/person\/6e72b67d6e51910a1117b3b483ba20bd"},"potentialAction":[{"@type":"SearchAction","target":{"@type":"EntryPoint","urlTemplate":"https:\/\/sandzakpress.net\/arhiva\/?s={search_term_string}"},"query-input":{"@type":"PropertyValueSpecification","valueRequired":true,"valueName":"search_term_string"}}],"inLanguage":"bs-BA"},{"@type":["Person","Organization"],"@id":"https:\/\/sandzakpress.net\/arhiva\/#\/schema\/person\/6e72b67d6e51910a1117b3b483ba20bd","name":"Kul","image":{"@type":"ImageObject","inLanguage":"bs-BA","@id":"https:\/\/sandzakpress.net\/arhiva\/#\/schema\/person\/image\/","url":"https:\/\/secure.gravatar.com\/avatar\/42263f39aa27ac04c43cab85c280eb2e?s=96&d=mm&r=pg","contentUrl":"https:\/\/secure.gravatar.com\/avatar\/42263f39aa27ac04c43cab85c280eb2e?s=96&d=mm&r=pg","caption":"Kul"},"logo":{"@id":"https:\/\/sandzakpress.net\/arhiva\/#\/schema\/person\/image\/"}},{"@type":"Person","@id":"https:\/\/sandzakpress.net\/arhiva\/#\/schema\/person\/cb59d7e3ab91ab90dd680ad0305a6185","name":"Agencija","image":{"@type":"ImageObject","inLanguage":"bs-BA","@id":"https:\/\/sandzakpress.net\/arhiva\/#\/schema\/person\/image\/","url":"https:\/\/secure.gravatar.com\/avatar\/4b7fafa80a22f0c2afe23966b3961fe0?s=96&d=mm&r=pg","contentUrl":"https:\/\/secure.gravatar.com\/avatar\/4b7fafa80a22f0c2afe23966b3961fe0?s=96&d=mm&r=pg","caption":"Agencija"},"url":"https:\/\/sandzakpress.net\/arhiva\/author\/agencija\/"}]}},"_links":{"self":[{"href":"https:\/\/sandzakpress.net\/arhiva\/wp-json\/wp\/v2\/posts\/195303"}],"collection":[{"href":"https:\/\/sandzakpress.net\/arhiva\/wp-json\/wp\/v2\/posts"}],"about":[{"href":"https:\/\/sandzakpress.net\/arhiva\/wp-json\/wp\/v2\/types\/post"}],"author":[{"embeddable":true,"href":"https:\/\/sandzakpress.net\/arhiva\/wp-json\/wp\/v2\/users\/509"}],"replies":[{"embeddable":true,"href":"https:\/\/sandzakpress.net\/arhiva\/wp-json\/wp\/v2\/comments?post=195303"}],"version-history":[{"count":0,"href":"https:\/\/sandzakpress.net\/arhiva\/wp-json\/wp\/v2\/posts\/195303\/revisions"}],"wp:featuredmedia":[{"embeddable":true,"href":"https:\/\/sandzakpress.net\/arhiva\/wp-json\/wp\/v2\/media\/195310"}],"wp:attachment":[{"href":"https:\/\/sandzakpress.net\/arhiva\/wp-json\/wp\/v2\/media?parent=195303"}],"wp:term":[{"taxonomy":"category","embeddable":true,"href":"https:\/\/sandzakpress.net\/arhiva\/wp-json\/wp\/v2\/categories?post=195303"},{"taxonomy":"post_tag","embeddable":true,"href":"https:\/\/sandzakpress.net\/arhiva\/wp-json\/wp\/v2\/tags?post=195303"}],"curies":[{"name":"wp","href":"https:\/\/api.w.org\/{rel}","templated":true}]}}