{"id":195065,"date":"2017-09-21T16:39:14","date_gmt":"2017-09-21T14:39:14","guid":{"rendered":"https:\/\/sandzakpress.net\/arhiva\/?p=195065"},"modified":"2017-09-21T16:39:14","modified_gmt":"2017-09-21T14:39:14","slug":"fehratovic-koalicija-sdp-sda-ce-jos-ove-godine-moci-diskriminirati-vjeroucitelje-islamske-zajednice","status":"publish","type":"post","link":"https:\/\/sandzakpress.net\/arhiva\/fehratovic-koalicija-sdp-sda-ce-jos-ove-godine-moci-diskriminirati-vjeroucitelje-islamske-zajednice\/","title":{"rendered":"Fehratovi\u0107: Koalicija SDP-SDA \u0107e jo\u0161 ove godine mo\u0107i diskriminirati vjerou\u010ditelje Islamske zajednice"},"content":{"rendered":"<p><img loading=\"lazy\" decoding=\"async\" class=\"alignnone size-full wp-image-33163\" src=\"http:\/\/sanapress.info\/wp-content\/uploads\/2017\/09\/jahja.jpg\" alt=\"\" width=\"754\" height=\"482\" \/><\/p>\n<p><strong>Narodni Poslanik BDZ Sand\u017eaka dr. Jahja Fehratovi\u0107 u Skup\u0161tini Srbije u svom obra\u0107anju kazao da \u0107e se prijedlog Zakona o osnovama sistema obrazovanja i vaspitanja\u00a0sprije\u010diti dosada\u0161nje zloupotrebe pri izboru i imenovanju direktora od strane, kako ka\u017ee, lokalnih mo\u0107nika koji obrazovni sistem vide kao prostor za partokratijsko i kriminalno djelovanje.<\/strong><\/p>\n<p>&#8220;To je dovelo do toga da je u najve\u0107em broju slu\u010dajeva institutucija konkursa postala farsa, da su reference i kompetencije nastavnika i u\u010ditelja drugorazredne u odnosu na partijsku pripadnost ili pak spremnost da kupe radno mjesto. Takva vrsta kriminalanog i nemoralnog zapo\u0161ljavanja u temelju uni\u0161tava odgojnu dimenziju \u0161kole a vrlo \u010desto je klju\u010dni razlog degradacije op\u0107eg i obaveznog obrazovanja. Nerijetko i dirketori koji se \u017eele oduprijeti takvim vidovima zloupotreba bivaju nemo\u0107ni jer ih lokalni mo\u0107nici ucjenjuju i prijete ostankom na poziciji. Posljedica ovoga je da kvalitet usluga postaje sve lo\u0161iji u obrazovnom a pogotovu odgojnom dijelu.&#8221; ka\u017ee dr. Fehratovi\u0107.<\/p>\n<p>On Sand\u017eak navodi kao najdrasti\u010dniji primjer utjecaja lokalnih mo\u0107nika na sistem obrazovanja.<\/p>\n<p>&#8220;Utjecaj politi\u010dkih i kriminlanih mo\u0107nika na sistem obrazovanja posebno je istaknut u sand\u017ea\u010dkim gradovima u kojima na \u017ealost niko ko nije blizak vladaju\u0107im partijama SDA-SDP ne mo\u017ee dobiti zapo\u0161ljenje u struci bez obzira na kompetencije, radno iskustvo i druge reference. Svi direktori osnovnih i srednjih \u0161kola u Novom Pazaru taoci su osobe koja dolazi iz kriminlanog miljea, nema ni srednju \u0161kolu, ali ima utjecaj na izvr\u0161nu gradsku vlast. Niko se u dr\u017eavnom obrazovnom sitemu u Novom Pazaru ne mo\u017ee zaposliti ukoliko ne dobije saglasnost ovog lica, a na njegovu naredbu direktori otpu\u0161taju politi\u010dki nelojalno osoblje. I u \u0161kolama u Tutinu i Sjenici, tako\u0111er niko se ne mo\u017ee uposliti ukoliko nije politi\u010dki aktivista vladaju\u0107ih partija. Najsvje\u017eiji su primjeri nastavnika i profesora vjerske nastave, kojima ukoliko dolaze iz Islamske zajednice u Srbiji, dirketori u Tutinu i Sjenici, te djelimi\u010dno i Novome Pazaru, doslovno ka\u017eu da su dobili naredbu iz gradskih i op\u0107inskih uprava da ih ne smiju primati na posao bez obzira \u0161to su za tu vrstu djelatnosti imenovani od strane Ministarstva i \u0161to imaju najbolje reference i pedago\u0161ki u\u010dinak.&#8221; isti\u010de dr. Fehratovi\u0107.<\/p>\n<p>Rezultat ovakvog odnosa prema obrazovanju, navodi Fehratovi\u0107, dovodi nas do situacija da profesori i nastavnici koji tako dobijaju posao vrlo \u010desto taj ambijent prenose na \u0111ake.<\/p>\n<p><iframe loading=\"lazy\" title=\"Fehratovi\u0107: Novi Zakon o obrazovanju \u0107e sprije\u010diti dosada\u0161nje zloupotrebe pri izboru direktora\" width=\"696\" height=\"522\" src=\"https:\/\/www.youtube.com\/embed\/KViTGPkX1hw?feature=oembed\" frameborder=\"0\" allow=\"accelerometer; autoplay; encrypted-media; gyroscope; picture-in-picture\" allowfullscreen><\/iframe><\/p>\n<p>&#8220;U tom smislu je zabilje\u017een i stav \u010dlana gradskog vije\u0107a i direktor Doma kulture koji savjetuje mlade sportiste da se ne trebaju sekirati za \u0161kolu, da je njihova \u0161kola njegova briga u smislu da ne moraju previ\u0161e poha\u0111ati nastavu i u\u010diti. Ovo je na \u017ealost trenutna situacija, i zato predlo\u017eena rje\u0161enja vidimo kao put ka izlje\u010denju spomenutih anomalija. Tako\u0111er jo\u0161 jedan od negativnih rezultata ovakvog stanja jeste da oni najkvalitetniji, najsposobniji, najmoralniji i kredibilniji odbijaju da saviju ki\u010dmu pred lokalnim vlastodr\u0161cima i odlu\u010duju se da napuste zemlju, \u0161to dovodi do odliva mozgova i jedne cijele generacije intelektulaca. &#8220;<\/p>\n<p>On se osvrnuo i na proces impelentacije bosanskog jezika u \u0161kolama u Sand\u017eaku istakav\u0161i da je napravljen pomak.<\/p>\n<p>&#8220;Kao roditelj kojima ima ve\u0107 dva \u0111aka i ubrzo \u0107e imati jo\u0161 dva, koji poha\u0111aju nastavu na bosanskome jeziku, vrlo va\u017enom smatram \u010dlanove 5, 56, 60, 67, 104, 120 i sve druge kojima se regulira upotreba jezika nacionlanih zajednica i izvo\u0111enje nastave na maternjem jeziku. Iako i dalje imamo odre\u0111ene probleme u pogledu pojedinih nastavnih sadr\u017eaja izvo\u0111enja nastave na bosanskome jeziku, mislim da je pomak napravljen i da \u0107e se i preostale nesuglasice vrlo brzo rije\u0161iti. Me\u0111utim, i u ovom slu\u010daju imamo zloupotrebu i samovolju lokalnih samouprava i nekih drugih tijela koji vrlo \u010desto optu\u017euju ministarstvo za opstrukciju, a u stvari sami to rade, da bi ili umanjili broj odjeljenja koja izvode nastavu na bosanskome jeziku ili zadr\u017eali neka fiktivna radna mjesta, ne omogu\u0107avaju\u0107i roditeljima i \u0111acima da iskosriste pozitivna zakonska rje\u0161enja iz seta nacionalnih i ljudskih prava.&#8221; ka\u017ee narodni poslanik.<\/p>\n<p>Fehratovi\u0107 je ukazao i na problem da zbog previ\u0161e u\u010denika i nedovoljno prostora tri osnovne \u0161kole u ovom gradu \u2013 \u201eStefan Nemanja\u201d, \u201eVuk Karad\u017ei\u0107\u201d i \u201eBratstvo\u201d \u2013 rade u tri smjene.<\/p>\n<p>&#8220;Tako\u0111er, vrlo va\u017ean segment jesu i uvjeti rada. Mi u jednom dijelu dr\u017eave imamo prazne \u0161kole, dok su u drugom \u0161kole prenatrpane. Recimo jo\u0161 uvijek neke osnovne \u0161kole u Novom Pazaru, rade u tri smjene. Tu se mora napraviti balans i Ministarstvo uz sve druge faktore mora u\u010diniti napor da se na ovom prostoru u\u010denicima poblj\u0161aju uvjeti rada.&#8221;<\/p>\n<p>Fehratovi\u0107 je kazao da \u0107e u danu za glasanje BDZ Sand\u017eaka podr\u017eati ovaj zakon, ali i da su kao stranka podnijeli nekoliko va\u017enih amandmana za koje vjeruje da \u0107e biti usvojeni.<\/p>\n","protected":false},"excerpt":{"rendered":"<p>Narodni Poslanik BDZ Sand\u017eaka dr. Jahja Fehratovi\u0107 u Skup\u0161tini Srbije u svom obra\u0107anju kazao da \u0107e se prijedlog Zakona o osnovama sistema obrazovanja i vaspitanja\u00a0sprije\u010diti dosada\u0161nje zloupotrebe pri izboru i imenovanju direktora od strane, kako ka\u017ee, lokalnih mo\u0107nika koji obrazovni sistem vide kao prostor za partokratijsko i kriminalno djelovanje. &#8220;To je dovelo do toga da [&hellip;]<\/p>\n","protected":false},"author":509,"featured_media":195066,"comment_status":"open","ping_status":"open","sticky":false,"template":"","format":"standard","meta":{"footnotes":""},"categories":[72,52,1,327,392,393,394,8957,16],"tags":[10223],"class_list":{"0":"post-195065","1":"post","2":"type-post","3":"status-publish","4":"format-standard","5":"has-post-thumbnail","7":"category-novi-pazar","8":"category-sjenica","9":"category-politika","10":"category-tutin","11":"category-prijepolje_","12":"category-priboj","13":"category-nova-varos","14":"category-vijesti-dana","15":"category-novine","16":"tag-bdz"},"yoast_head":"<!-- This site is optimized with the Yoast SEO Premium plugin v23.1 (Yoast SEO v24.9) - https:\/\/yoast.com\/wordpress\/plugins\/seo\/ -->\n<title>Fehratovi\u0107: Koalicija SDP-SDA \u0107e jo\u0161 ove godine mo\u0107i diskriminirati vjerou\u010ditelje Islamske zajednice<\/title>\n<meta name=\"robots\" content=\"index, follow, max-snippet:-1, max-image-preview:large, max-video-preview:-1\" \/>\n<link rel=\"canonical\" href=\"https:\/\/sandzakpress.net\/arhiva\/fehratovic-koalicija-sdp-sda-ce-jos-ove-godine-moci-diskriminirati-vjeroucitelje-islamske-zajednice\/\" \/>\n<meta property=\"og:locale\" content=\"bs_BA\" \/>\n<meta property=\"og:type\" content=\"article\" \/>\n<meta property=\"og:title\" content=\"Fehratovi\u0107: Koalicija SDP-SDA \u0107e jo\u0161 ove godine mo\u0107i diskriminirati vjerou\u010ditelje Islamske zajednice\" \/>\n<meta property=\"og:description\" content=\"Narodni Poslanik BDZ Sand\u017eaka dr. Jahja Fehratovi\u0107 u Skup\u0161tini Srbije u svom obra\u0107anju kazao da \u0107e se prijedlog Zakona o osnovama sistema obrazovanja i vaspitanja\u00a0sprije\u010diti dosada\u0161nje zloupotrebe pri izboru i imenovanju direktora od strane, kako ka\u017ee, lokalnih mo\u0107nika koji obrazovni sistem vide kao prostor za partokratijsko i kriminalno djelovanje. &#8220;To je dovelo do toga da [&hellip;]\" \/>\n<meta property=\"og:url\" content=\"https:\/\/sandzakpress.net\/arhiva\/fehratovic-koalicija-sdp-sda-ce-jos-ove-godine-moci-diskriminirati-vjeroucitelje-islamske-zajednice\/\" \/>\n<meta property=\"og:site_name\" content=\"Sand\u017eak PRESS\" \/>\n<meta property=\"article:published_time\" content=\"2017-09-21T14:39:14+00:00\" \/>\n<meta property=\"og:image\" content=\"https:\/\/sandzakpress.net\/arhiva\/wp-content\/uploads\/2017\/09\/jahja.jpg\" \/>\n\t<meta property=\"og:image:width\" content=\"754\" \/>\n\t<meta property=\"og:image:height\" content=\"482\" \/>\n\t<meta property=\"og:image:type\" content=\"image\/jpeg\" \/>\n<meta name=\"author\" content=\"Agencija\" \/>\n<meta name=\"twitter:card\" content=\"summary_large_image\" \/>\n<meta name=\"twitter:label1\" content=\"Written by\" \/>\n\t<meta name=\"twitter:data1\" content=\"Agencija\" \/>\n\t<meta name=\"twitter:label2\" content=\"Est. reading time\" \/>\n\t<meta name=\"twitter:data2\" content=\"4 minute\" \/>\n<script type=\"application\/ld+json\" class=\"yoast-schema-graph\">{\"@context\":\"https:\/\/schema.org\",\"@graph\":[{\"@type\":\"Article\",\"@id\":\"https:\/\/sandzakpress.net\/arhiva\/fehratovic-koalicija-sdp-sda-ce-jos-ove-godine-moci-diskriminirati-vjeroucitelje-islamske-zajednice\/#article\",\"isPartOf\":{\"@id\":\"https:\/\/sandzakpress.net\/arhiva\/fehratovic-koalicija-sdp-sda-ce-jos-ove-godine-moci-diskriminirati-vjeroucitelje-islamske-zajednice\/\"},\"author\":{\"name\":\"Agencija\",\"@id\":\"https:\/\/sandzakpress.net\/arhiva\/#\/schema\/person\/cb59d7e3ab91ab90dd680ad0305a6185\"},\"headline\":\"Fehratovi\u0107: Koalicija SDP-SDA \u0107e jo\u0161 ove godine mo\u0107i diskriminirati vjerou\u010ditelje Islamske zajednice\",\"datePublished\":\"2017-09-21T14:39:14+00:00\",\"mainEntityOfPage\":{\"@id\":\"https:\/\/sandzakpress.net\/arhiva\/fehratovic-koalicija-sdp-sda-ce-jos-ove-godine-moci-diskriminirati-vjeroucitelje-islamske-zajednice\/\"},\"wordCount\":840,\"commentCount\":1,\"publisher\":{\"@id\":\"https:\/\/sandzakpress.net\/arhiva\/#\/schema\/person\/6e72b67d6e51910a1117b3b483ba20bd\"},\"image\":{\"@id\":\"https:\/\/sandzakpress.net\/arhiva\/fehratovic-koalicija-sdp-sda-ce-jos-ove-godine-moci-diskriminirati-vjeroucitelje-islamske-zajednice\/#primaryimage\"},\"thumbnailUrl\":\"https:\/\/sandzakpress.net\/arhiva\/wp-content\/uploads\/2017\/09\/jahja.jpg\",\"keywords\":[\"BDZ\"],\"articleSection\":[\"Novi Pazar\",\"Sjenica\",\"Politika\",\"Tutin\",\"Prijepolje\",\"Priboj\",\"Nova Varo\u0161\",\"VIJESTI DANA\",\"Novine\"],\"inLanguage\":\"bs-BA\",\"potentialAction\":[{\"@type\":\"CommentAction\",\"name\":\"Comment\",\"target\":[\"https:\/\/sandzakpress.net\/arhiva\/fehratovic-koalicija-sdp-sda-ce-jos-ove-godine-moci-diskriminirati-vjeroucitelje-islamske-zajednice\/#respond\"]}]},{\"@type\":\"WebPage\",\"@id\":\"https:\/\/sandzakpress.net\/arhiva\/fehratovic-koalicija-sdp-sda-ce-jos-ove-godine-moci-diskriminirati-vjeroucitelje-islamske-zajednice\/\",\"url\":\"https:\/\/sandzakpress.net\/arhiva\/fehratovic-koalicija-sdp-sda-ce-jos-ove-godine-moci-diskriminirati-vjeroucitelje-islamske-zajednice\/\",\"name\":\"Fehratovi\u0107: Koalicija SDP-SDA \u0107e jo\u0161 ove godine mo\u0107i diskriminirati vjerou\u010ditelje Islamske zajednice\",\"isPartOf\":{\"@id\":\"https:\/\/sandzakpress.net\/arhiva\/#website\"},\"primaryImageOfPage\":{\"@id\":\"https:\/\/sandzakpress.net\/arhiva\/fehratovic-koalicija-sdp-sda-ce-jos-ove-godine-moci-diskriminirati-vjeroucitelje-islamske-zajednice\/#primaryimage\"},\"image\":{\"@id\":\"https:\/\/sandzakpress.net\/arhiva\/fehratovic-koalicija-sdp-sda-ce-jos-ove-godine-moci-diskriminirati-vjeroucitelje-islamske-zajednice\/#primaryimage\"},\"thumbnailUrl\":\"https:\/\/sandzakpress.net\/arhiva\/wp-content\/uploads\/2017\/09\/jahja.jpg\",\"datePublished\":\"2017-09-21T14:39:14+00:00\",\"breadcrumb\":{\"@id\":\"https:\/\/sandzakpress.net\/arhiva\/fehratovic-koalicija-sdp-sda-ce-jos-ove-godine-moci-diskriminirati-vjeroucitelje-islamske-zajednice\/#breadcrumb\"},\"inLanguage\":\"bs-BA\",\"potentialAction\":[{\"@type\":\"ReadAction\",\"target\":[\"https:\/\/sandzakpress.net\/arhiva\/fehratovic-koalicija-sdp-sda-ce-jos-ove-godine-moci-diskriminirati-vjeroucitelje-islamske-zajednice\/\"]}]},{\"@type\":\"ImageObject\",\"inLanguage\":\"bs-BA\",\"@id\":\"https:\/\/sandzakpress.net\/arhiva\/fehratovic-koalicija-sdp-sda-ce-jos-ove-godine-moci-diskriminirati-vjeroucitelje-islamske-zajednice\/#primaryimage\",\"url\":\"https:\/\/sandzakpress.net\/arhiva\/wp-content\/uploads\/2017\/09\/jahja.jpg\",\"contentUrl\":\"https:\/\/sandzakpress.net\/arhiva\/wp-content\/uploads\/2017\/09\/jahja.jpg\",\"width\":754,\"height\":482},{\"@type\":\"BreadcrumbList\",\"@id\":\"https:\/\/sandzakpress.net\/arhiva\/fehratovic-koalicija-sdp-sda-ce-jos-ove-godine-moci-diskriminirati-vjeroucitelje-islamske-zajednice\/#breadcrumb\",\"itemListElement\":[{\"@type\":\"ListItem\",\"position\":1,\"name\":\"Home\",\"item\":\"https:\/\/sandzakpress.net\/arhiva\/\"},{\"@type\":\"ListItem\",\"position\":2,\"name\":\"Fehratovi\u0107: Koalicija SDP-SDA \u0107e jo\u0161 ove godine mo\u0107i diskriminirati vjerou\u010ditelje Islamske zajednice\"}]},{\"@type\":\"WebSite\",\"@id\":\"https:\/\/sandzakpress.net\/arhiva\/#website\",\"url\":\"https:\/\/sandzakpress.net\/arhiva\/\",\"name\":\"Sand\u017eak PRESS\",\"description\":\"Prve elektronske novine u Sand\u017eaku\",\"publisher\":{\"@id\":\"https:\/\/sandzakpress.net\/arhiva\/#\/schema\/person\/6e72b67d6e51910a1117b3b483ba20bd\"},\"potentialAction\":[{\"@type\":\"SearchAction\",\"target\":{\"@type\":\"EntryPoint\",\"urlTemplate\":\"https:\/\/sandzakpress.net\/arhiva\/?s={search_term_string}\"},\"query-input\":{\"@type\":\"PropertyValueSpecification\",\"valueRequired\":true,\"valueName\":\"search_term_string\"}}],\"inLanguage\":\"bs-BA\"},{\"@type\":[\"Person\",\"Organization\"],\"@id\":\"https:\/\/sandzakpress.net\/arhiva\/#\/schema\/person\/6e72b67d6e51910a1117b3b483ba20bd\",\"name\":\"Kul\",\"image\":{\"@type\":\"ImageObject\",\"inLanguage\":\"bs-BA\",\"@id\":\"https:\/\/sandzakpress.net\/arhiva\/#\/schema\/person\/image\/\",\"url\":\"https:\/\/secure.gravatar.com\/avatar\/42263f39aa27ac04c43cab85c280eb2e?s=96&d=mm&r=pg\",\"contentUrl\":\"https:\/\/secure.gravatar.com\/avatar\/42263f39aa27ac04c43cab85c280eb2e?s=96&d=mm&r=pg\",\"caption\":\"Kul\"},\"logo\":{\"@id\":\"https:\/\/sandzakpress.net\/arhiva\/#\/schema\/person\/image\/\"}},{\"@type\":\"Person\",\"@id\":\"https:\/\/sandzakpress.net\/arhiva\/#\/schema\/person\/cb59d7e3ab91ab90dd680ad0305a6185\",\"name\":\"Agencija\",\"image\":{\"@type\":\"ImageObject\",\"inLanguage\":\"bs-BA\",\"@id\":\"https:\/\/sandzakpress.net\/arhiva\/#\/schema\/person\/image\/\",\"url\":\"https:\/\/secure.gravatar.com\/avatar\/4b7fafa80a22f0c2afe23966b3961fe0?s=96&d=mm&r=pg\",\"contentUrl\":\"https:\/\/secure.gravatar.com\/avatar\/4b7fafa80a22f0c2afe23966b3961fe0?s=96&d=mm&r=pg\",\"caption\":\"Agencija\"},\"url\":\"https:\/\/sandzakpress.net\/arhiva\/author\/agencija\/\"}]}<\/script>\n<!-- \/ Yoast SEO Premium plugin. -->","yoast_head_json":{"title":"Fehratovi\u0107: Koalicija SDP-SDA \u0107e jo\u0161 ove godine mo\u0107i diskriminirati vjerou\u010ditelje Islamske zajednice","robots":{"index":"index","follow":"follow","max-snippet":"max-snippet:-1","max-image-preview":"max-image-preview:large","max-video-preview":"max-video-preview:-1"},"canonical":"https:\/\/sandzakpress.net\/arhiva\/fehratovic-koalicija-sdp-sda-ce-jos-ove-godine-moci-diskriminirati-vjeroucitelje-islamske-zajednice\/","og_locale":"bs_BA","og_type":"article","og_title":"Fehratovi\u0107: Koalicija SDP-SDA \u0107e jo\u0161 ove godine mo\u0107i diskriminirati vjerou\u010ditelje Islamske zajednice","og_description":"Narodni Poslanik BDZ Sand\u017eaka dr. Jahja Fehratovi\u0107 u Skup\u0161tini Srbije u svom obra\u0107anju kazao da \u0107e se prijedlog Zakona o osnovama sistema obrazovanja i vaspitanja\u00a0sprije\u010diti dosada\u0161nje zloupotrebe pri izboru i imenovanju direktora od strane, kako ka\u017ee, lokalnih mo\u0107nika koji obrazovni sistem vide kao prostor za partokratijsko i kriminalno djelovanje. &#8220;To je dovelo do toga da [&hellip;]","og_url":"https:\/\/sandzakpress.net\/arhiva\/fehratovic-koalicija-sdp-sda-ce-jos-ove-godine-moci-diskriminirati-vjeroucitelje-islamske-zajednice\/","og_site_name":"Sand\u017eak PRESS","article_published_time":"2017-09-21T14:39:14+00:00","og_image":[{"width":754,"height":482,"url":"https:\/\/sandzakpress.net\/arhiva\/wp-content\/uploads\/2017\/09\/jahja.jpg","type":"image\/jpeg"}],"author":"Agencija","twitter_card":"summary_large_image","twitter_misc":{"Written by":"Agencija","Est. reading time":"4 minute"},"schema":{"@context":"https:\/\/schema.org","@graph":[{"@type":"Article","@id":"https:\/\/sandzakpress.net\/arhiva\/fehratovic-koalicija-sdp-sda-ce-jos-ove-godine-moci-diskriminirati-vjeroucitelje-islamske-zajednice\/#article","isPartOf":{"@id":"https:\/\/sandzakpress.net\/arhiva\/fehratovic-koalicija-sdp-sda-ce-jos-ove-godine-moci-diskriminirati-vjeroucitelje-islamske-zajednice\/"},"author":{"name":"Agencija","@id":"https:\/\/sandzakpress.net\/arhiva\/#\/schema\/person\/cb59d7e3ab91ab90dd680ad0305a6185"},"headline":"Fehratovi\u0107: Koalicija SDP-SDA \u0107e jo\u0161 ove godine mo\u0107i diskriminirati vjerou\u010ditelje Islamske zajednice","datePublished":"2017-09-21T14:39:14+00:00","mainEntityOfPage":{"@id":"https:\/\/sandzakpress.net\/arhiva\/fehratovic-koalicija-sdp-sda-ce-jos-ove-godine-moci-diskriminirati-vjeroucitelje-islamske-zajednice\/"},"wordCount":840,"commentCount":1,"publisher":{"@id":"https:\/\/sandzakpress.net\/arhiva\/#\/schema\/person\/6e72b67d6e51910a1117b3b483ba20bd"},"image":{"@id":"https:\/\/sandzakpress.net\/arhiva\/fehratovic-koalicija-sdp-sda-ce-jos-ove-godine-moci-diskriminirati-vjeroucitelje-islamske-zajednice\/#primaryimage"},"thumbnailUrl":"https:\/\/sandzakpress.net\/arhiva\/wp-content\/uploads\/2017\/09\/jahja.jpg","keywords":["BDZ"],"articleSection":["Novi Pazar","Sjenica","Politika","Tutin","Prijepolje","Priboj","Nova Varo\u0161","VIJESTI DANA","Novine"],"inLanguage":"bs-BA","potentialAction":[{"@type":"CommentAction","name":"Comment","target":["https:\/\/sandzakpress.net\/arhiva\/fehratovic-koalicija-sdp-sda-ce-jos-ove-godine-moci-diskriminirati-vjeroucitelje-islamske-zajednice\/#respond"]}]},{"@type":"WebPage","@id":"https:\/\/sandzakpress.net\/arhiva\/fehratovic-koalicija-sdp-sda-ce-jos-ove-godine-moci-diskriminirati-vjeroucitelje-islamske-zajednice\/","url":"https:\/\/sandzakpress.net\/arhiva\/fehratovic-koalicija-sdp-sda-ce-jos-ove-godine-moci-diskriminirati-vjeroucitelje-islamske-zajednice\/","name":"Fehratovi\u0107: Koalicija SDP-SDA \u0107e jo\u0161 ove godine mo\u0107i diskriminirati vjerou\u010ditelje Islamske zajednice","isPartOf":{"@id":"https:\/\/sandzakpress.net\/arhiva\/#website"},"primaryImageOfPage":{"@id":"https:\/\/sandzakpress.net\/arhiva\/fehratovic-koalicija-sdp-sda-ce-jos-ove-godine-moci-diskriminirati-vjeroucitelje-islamske-zajednice\/#primaryimage"},"image":{"@id":"https:\/\/sandzakpress.net\/arhiva\/fehratovic-koalicija-sdp-sda-ce-jos-ove-godine-moci-diskriminirati-vjeroucitelje-islamske-zajednice\/#primaryimage"},"thumbnailUrl":"https:\/\/sandzakpress.net\/arhiva\/wp-content\/uploads\/2017\/09\/jahja.jpg","datePublished":"2017-09-21T14:39:14+00:00","breadcrumb":{"@id":"https:\/\/sandzakpress.net\/arhiva\/fehratovic-koalicija-sdp-sda-ce-jos-ove-godine-moci-diskriminirati-vjeroucitelje-islamske-zajednice\/#breadcrumb"},"inLanguage":"bs-BA","potentialAction":[{"@type":"ReadAction","target":["https:\/\/sandzakpress.net\/arhiva\/fehratovic-koalicija-sdp-sda-ce-jos-ove-godine-moci-diskriminirati-vjeroucitelje-islamske-zajednice\/"]}]},{"@type":"ImageObject","inLanguage":"bs-BA","@id":"https:\/\/sandzakpress.net\/arhiva\/fehratovic-koalicija-sdp-sda-ce-jos-ove-godine-moci-diskriminirati-vjeroucitelje-islamske-zajednice\/#primaryimage","url":"https:\/\/sandzakpress.net\/arhiva\/wp-content\/uploads\/2017\/09\/jahja.jpg","contentUrl":"https:\/\/sandzakpress.net\/arhiva\/wp-content\/uploads\/2017\/09\/jahja.jpg","width":754,"height":482},{"@type":"BreadcrumbList","@id":"https:\/\/sandzakpress.net\/arhiva\/fehratovic-koalicija-sdp-sda-ce-jos-ove-godine-moci-diskriminirati-vjeroucitelje-islamske-zajednice\/#breadcrumb","itemListElement":[{"@type":"ListItem","position":1,"name":"Home","item":"https:\/\/sandzakpress.net\/arhiva\/"},{"@type":"ListItem","position":2,"name":"Fehratovi\u0107: Koalicija SDP-SDA \u0107e jo\u0161 ove godine mo\u0107i diskriminirati vjerou\u010ditelje Islamske zajednice"}]},{"@type":"WebSite","@id":"https:\/\/sandzakpress.net\/arhiva\/#website","url":"https:\/\/sandzakpress.net\/arhiva\/","name":"Sand\u017eak PRESS","description":"Prve elektronske novine u Sand\u017eaku","publisher":{"@id":"https:\/\/sandzakpress.net\/arhiva\/#\/schema\/person\/6e72b67d6e51910a1117b3b483ba20bd"},"potentialAction":[{"@type":"SearchAction","target":{"@type":"EntryPoint","urlTemplate":"https:\/\/sandzakpress.net\/arhiva\/?s={search_term_string}"},"query-input":{"@type":"PropertyValueSpecification","valueRequired":true,"valueName":"search_term_string"}}],"inLanguage":"bs-BA"},{"@type":["Person","Organization"],"@id":"https:\/\/sandzakpress.net\/arhiva\/#\/schema\/person\/6e72b67d6e51910a1117b3b483ba20bd","name":"Kul","image":{"@type":"ImageObject","inLanguage":"bs-BA","@id":"https:\/\/sandzakpress.net\/arhiva\/#\/schema\/person\/image\/","url":"https:\/\/secure.gravatar.com\/avatar\/42263f39aa27ac04c43cab85c280eb2e?s=96&d=mm&r=pg","contentUrl":"https:\/\/secure.gravatar.com\/avatar\/42263f39aa27ac04c43cab85c280eb2e?s=96&d=mm&r=pg","caption":"Kul"},"logo":{"@id":"https:\/\/sandzakpress.net\/arhiva\/#\/schema\/person\/image\/"}},{"@type":"Person","@id":"https:\/\/sandzakpress.net\/arhiva\/#\/schema\/person\/cb59d7e3ab91ab90dd680ad0305a6185","name":"Agencija","image":{"@type":"ImageObject","inLanguage":"bs-BA","@id":"https:\/\/sandzakpress.net\/arhiva\/#\/schema\/person\/image\/","url":"https:\/\/secure.gravatar.com\/avatar\/4b7fafa80a22f0c2afe23966b3961fe0?s=96&d=mm&r=pg","contentUrl":"https:\/\/secure.gravatar.com\/avatar\/4b7fafa80a22f0c2afe23966b3961fe0?s=96&d=mm&r=pg","caption":"Agencija"},"url":"https:\/\/sandzakpress.net\/arhiva\/author\/agencija\/"}]}},"_links":{"self":[{"href":"https:\/\/sandzakpress.net\/arhiva\/wp-json\/wp\/v2\/posts\/195065"}],"collection":[{"href":"https:\/\/sandzakpress.net\/arhiva\/wp-json\/wp\/v2\/posts"}],"about":[{"href":"https:\/\/sandzakpress.net\/arhiva\/wp-json\/wp\/v2\/types\/post"}],"author":[{"embeddable":true,"href":"https:\/\/sandzakpress.net\/arhiva\/wp-json\/wp\/v2\/users\/509"}],"replies":[{"embeddable":true,"href":"https:\/\/sandzakpress.net\/arhiva\/wp-json\/wp\/v2\/comments?post=195065"}],"version-history":[{"count":0,"href":"https:\/\/sandzakpress.net\/arhiva\/wp-json\/wp\/v2\/posts\/195065\/revisions"}],"wp:featuredmedia":[{"embeddable":true,"href":"https:\/\/sandzakpress.net\/arhiva\/wp-json\/wp\/v2\/media\/195066"}],"wp:attachment":[{"href":"https:\/\/sandzakpress.net\/arhiva\/wp-json\/wp\/v2\/media?parent=195065"}],"wp:term":[{"taxonomy":"category","embeddable":true,"href":"https:\/\/sandzakpress.net\/arhiva\/wp-json\/wp\/v2\/categories?post=195065"},{"taxonomy":"post_tag","embeddable":true,"href":"https:\/\/sandzakpress.net\/arhiva\/wp-json\/wp\/v2\/tags?post=195065"}],"curies":[{"name":"wp","href":"https:\/\/api.w.org\/{rel}","templated":true}]}}