{"id":195060,"date":"2017-09-21T14:45:50","date_gmt":"2017-09-21T12:45:50","guid":{"rendered":"https:\/\/sandzakpress.net\/arhiva\/?p=195060"},"modified":"2017-09-21T14:45:50","modified_gmt":"2017-09-21T12:45:50","slug":"zukorlic-sacuvajmo-skole-on-politicko-kriminalnih-struktura-koje-su-imenovale-direktore","status":"publish","type":"post","link":"https:\/\/sandzakpress.net\/arhiva\/zukorlic-sacuvajmo-skole-on-politicko-kriminalnih-struktura-koje-su-imenovale-direktore\/","title":{"rendered":"Zukorli\u0107: Sa\u010duvajmo \u0161kole on politi\u010dko-kriminalnih struktura koje su imenovale direktore"},"content":{"rendered":"<p><img loading=\"lazy\" decoding=\"async\" class=\"alignnone size-full wp-image-195061\" src=\"https:\/\/sandzakpress.net\/arhiva\/wp-content\/uploads\/2017\/09\/Capture-12.jpg\" alt=\"\" width=\"730\" height=\"424\" srcset=\"https:\/\/sandzakpress.net\/arhiva\/wp-content\/uploads\/2017\/09\/Capture-12.jpg 730w, https:\/\/sandzakpress.net\/arhiva\/wp-content\/uploads\/2017\/09\/Capture-12-616x358.jpg 616w\" sizes=\"(max-width: 730px) 100vw, 730px\" \/><\/p>\n<p><strong>Skup\u0161tina Srbije danas \u0107e nastaviti na\u010delnu raspravu o dva prosvjetna zakona &#8211; prijedlogu Zakona o osnovama sistema obrazovanja i vaspitanja i Zakonu o visokom obrazovanju.\u00a0<\/strong><\/p>\n<p>Prijedlogom je predvi\u0111eno i uvo\u0111enje postupnosti prilikom oduzimanja licence nastavnicima, kao i visoke kompentencije u izboru direktora, \u010dije imenovanje \u0107e na kraju ministar da verifikuje.<\/p>\n<p>&#8220;Ja pripadam onim ljudi koji u na\u010delu i principijelno vi\u0161e podr\u017eavaju decantralizaciju i u organizacionom smislu i u smislu odgovornosti i imenovanja. Me\u0111utim, u svojstvu narodnog poslanika i svjedoka onoga \u0161to se de\u0161ava u \u0161kolama u prostoru sa koga dolazim uvjerio sam se da je dosada\u0161nji na\u010din izbora direktora bio jako pogre\u0161an i jako \u0161tetan. Imali smo \u0161kolske odbore na koje je vr\u0161en pritisak preko tajkunsko-politi\u010dkih struktura gdje isti faktor imenuje direktora ali niko ne odgovara. Sada imamo jasnu adresu ukoliko taj direktor ne valja, znamo kome \u0107emo se obratiti i znamo od koga \u0107emo tra\u017eiti da ispravi a zna\u0107emo i ko je kriv.&#8221; navodi Zukorli\u0107.<\/p>\n<p><iframe loading=\"lazy\" title=\"Zukorli\u0107 u Skup\u0161tini Srbije o na\u010dinu izbora direktora \u0161kola\" width=\"696\" height=\"522\" src=\"https:\/\/www.youtube.com\/embed\/RoBnnaJEPBE?feature=oembed\" frameborder=\"0\" allow=\"accelerometer; autoplay; encrypted-media; gyroscope; picture-in-picture\" allowfullscreen><\/iframe><\/p>\n<p>&#8220;Drugo pitanje oko koga se tako\u0111e vodi rasprava jeste pitanje \u0161kola sa manjim brojem djece. \u0160ta sa njima? Da li te \u0161kole zatvarati ili odr\u017eati po svaku cijenu? Naravno da je jako bolno zatvoriti bilo koju \u0161kolu. Ja \u017eelim da podsjetim na politi\u010dki stav BDZ Sand\u017eaka koji sam ovdje vi\u0161e puta prezentirali da bismo odr\u017eali \u0161kole moramo o\u010duvati selo. Da bismo spasili selo moramo benicifirati one koje \u017eele da \u017eive i investiraju na selu. Onda \u0107emo imati radnike, imati investiciju i imati djecu u \u0161kolama. Bez tog temelja bilo koji stav da zauzmemo ne\u0107emo ni\u0161ta posti\u0107i.&#8221; navodi on.\u00a0<\/p>\n<p>\u0160to se ti\u010de visokog obrazovanja ti\u010de Zukorli\u0107 isti\u010de da je svoj stav sam ve\u0107 iznio ali je podsjetio na nedavni izvje\u0161taj Savjeta Evrope tj. ekspertske grupe za korupciju u visokom obrazovanju.<\/p>\n<p>&#8221; Ekspertska grupa je ukazala na probleme koji su djelimi\u010dno obuhva\u0107eni u prijedlogu zakona ali je va\u017eno da do kraja propratimo te probleme kroz amandmane i da otklonimo sve nedostatke a ti\u010du se monopola koji ostavlja prostor za korupciju i nepotizam .&#8221; zavr\u0161io je Zukorli\u0107.<\/p>\n<p>SANA<\/p>\n","protected":false},"excerpt":{"rendered":"<p>Skup\u0161tina Srbije danas \u0107e nastaviti na\u010delnu raspravu o dva prosvjetna zakona &#8211; prijedlogu Zakona o osnovama sistema obrazovanja i vaspitanja i Zakonu o visokom obrazovanju.\u00a0 Prijedlogom je predvi\u0111eno i uvo\u0111enje postupnosti prilikom oduzimanja licence nastavnicima, kao i visoke kompentencije u izboru direktora, \u010dije imenovanje \u0107e na kraju ministar da verifikuje. &#8220;Ja pripadam onim ljudi koji [&hellip;]<\/p>\n","protected":false},"author":509,"featured_media":195061,"comment_status":"open","ping_status":"open","sticky":false,"template":"","format":"standard","meta":{"footnotes":""},"categories":[16],"tags":[],"class_list":{"0":"post-195060","1":"post","2":"type-post","3":"status-publish","4":"format-standard","5":"has-post-thumbnail","7":"category-novine"},"yoast_head":"<!-- This site is optimized with the Yoast SEO Premium plugin v23.1 (Yoast SEO v24.9) - https:\/\/yoast.com\/wordpress\/plugins\/seo\/ -->\n<title>Zukorli\u0107: Sa\u010duvajmo \u0161kole on politi\u010dko-kriminalnih struktura koje su imenovale direktore<\/title>\n<meta name=\"robots\" content=\"index, follow, max-snippet:-1, max-image-preview:large, max-video-preview:-1\" \/>\n<link rel=\"canonical\" href=\"https:\/\/sandzakpress.net\/arhiva\/zukorlic-sacuvajmo-skole-on-politicko-kriminalnih-struktura-koje-su-imenovale-direktore\/\" \/>\n<meta property=\"og:locale\" content=\"bs_BA\" \/>\n<meta property=\"og:type\" content=\"article\" \/>\n<meta property=\"og:title\" content=\"Zukorli\u0107: Sa\u010duvajmo \u0161kole on politi\u010dko-kriminalnih struktura koje su imenovale direktore\" \/>\n<meta property=\"og:description\" content=\"Skup\u0161tina Srbije danas \u0107e nastaviti na\u010delnu raspravu o dva prosvjetna zakona &#8211; prijedlogu Zakona o osnovama sistema obrazovanja i vaspitanja i Zakonu o visokom obrazovanju.\u00a0 Prijedlogom je predvi\u0111eno i uvo\u0111enje postupnosti prilikom oduzimanja licence nastavnicima, kao i visoke kompentencije u izboru direktora, \u010dije imenovanje \u0107e na kraju ministar da verifikuje. &#8220;Ja pripadam onim ljudi koji [&hellip;]\" \/>\n<meta property=\"og:url\" content=\"https:\/\/sandzakpress.net\/arhiva\/zukorlic-sacuvajmo-skole-on-politicko-kriminalnih-struktura-koje-su-imenovale-direktore\/\" \/>\n<meta property=\"og:site_name\" content=\"Sand\u017eak PRESS\" \/>\n<meta property=\"article:published_time\" content=\"2017-09-21T12:45:50+00:00\" \/>\n<meta property=\"og:image\" content=\"https:\/\/sandzakpress.net\/arhiva\/wp-content\/uploads\/2017\/09\/Capture-12.jpg\" \/>\n\t<meta property=\"og:image:width\" content=\"730\" \/>\n\t<meta property=\"og:image:height\" content=\"424\" \/>\n\t<meta property=\"og:image:type\" content=\"image\/jpeg\" \/>\n<meta name=\"author\" content=\"Agencija\" \/>\n<meta name=\"twitter:card\" content=\"summary_large_image\" \/>\n<meta name=\"twitter:label1\" content=\"Written by\" \/>\n\t<meta name=\"twitter:data1\" content=\"Agencija\" \/>\n\t<meta name=\"twitter:label2\" content=\"Est. reading time\" \/>\n\t<meta name=\"twitter:data2\" content=\"2 minute\" \/>\n<script type=\"application\/ld+json\" class=\"yoast-schema-graph\">{\"@context\":\"https:\/\/schema.org\",\"@graph\":[{\"@type\":\"Article\",\"@id\":\"https:\/\/sandzakpress.net\/arhiva\/zukorlic-sacuvajmo-skole-on-politicko-kriminalnih-struktura-koje-su-imenovale-direktore\/#article\",\"isPartOf\":{\"@id\":\"https:\/\/sandzakpress.net\/arhiva\/zukorlic-sacuvajmo-skole-on-politicko-kriminalnih-struktura-koje-su-imenovale-direktore\/\"},\"author\":{\"name\":\"Agencija\",\"@id\":\"https:\/\/sandzakpress.net\/arhiva\/#\/schema\/person\/cb59d7e3ab91ab90dd680ad0305a6185\"},\"headline\":\"Zukorli\u0107: Sa\u010duvajmo \u0161kole on politi\u010dko-kriminalnih struktura koje su imenovale direktore\",\"datePublished\":\"2017-09-21T12:45:50+00:00\",\"mainEntityOfPage\":{\"@id\":\"https:\/\/sandzakpress.net\/arhiva\/zukorlic-sacuvajmo-skole-on-politicko-kriminalnih-struktura-koje-su-imenovale-direktore\/\"},\"wordCount\":380,\"commentCount\":0,\"publisher\":{\"@id\":\"https:\/\/sandzakpress.net\/arhiva\/#\/schema\/person\/6e72b67d6e51910a1117b3b483ba20bd\"},\"image\":{\"@id\":\"https:\/\/sandzakpress.net\/arhiva\/zukorlic-sacuvajmo-skole-on-politicko-kriminalnih-struktura-koje-su-imenovale-direktore\/#primaryimage\"},\"thumbnailUrl\":\"https:\/\/sandzakpress.net\/arhiva\/wp-content\/uploads\/2017\/09\/Capture-12.jpg\",\"articleSection\":[\"Novine\"],\"inLanguage\":\"bs-BA\",\"potentialAction\":[{\"@type\":\"CommentAction\",\"name\":\"Comment\",\"target\":[\"https:\/\/sandzakpress.net\/arhiva\/zukorlic-sacuvajmo-skole-on-politicko-kriminalnih-struktura-koje-su-imenovale-direktore\/#respond\"]}]},{\"@type\":\"WebPage\",\"@id\":\"https:\/\/sandzakpress.net\/arhiva\/zukorlic-sacuvajmo-skole-on-politicko-kriminalnih-struktura-koje-su-imenovale-direktore\/\",\"url\":\"https:\/\/sandzakpress.net\/arhiva\/zukorlic-sacuvajmo-skole-on-politicko-kriminalnih-struktura-koje-su-imenovale-direktore\/\",\"name\":\"Zukorli\u0107: Sa\u010duvajmo \u0161kole on politi\u010dko-kriminalnih struktura koje su imenovale direktore\",\"isPartOf\":{\"@id\":\"https:\/\/sandzakpress.net\/arhiva\/#website\"},\"primaryImageOfPage\":{\"@id\":\"https:\/\/sandzakpress.net\/arhiva\/zukorlic-sacuvajmo-skole-on-politicko-kriminalnih-struktura-koje-su-imenovale-direktore\/#primaryimage\"},\"image\":{\"@id\":\"https:\/\/sandzakpress.net\/arhiva\/zukorlic-sacuvajmo-skole-on-politicko-kriminalnih-struktura-koje-su-imenovale-direktore\/#primaryimage\"},\"thumbnailUrl\":\"https:\/\/sandzakpress.net\/arhiva\/wp-content\/uploads\/2017\/09\/Capture-12.jpg\",\"datePublished\":\"2017-09-21T12:45:50+00:00\",\"breadcrumb\":{\"@id\":\"https:\/\/sandzakpress.net\/arhiva\/zukorlic-sacuvajmo-skole-on-politicko-kriminalnih-struktura-koje-su-imenovale-direktore\/#breadcrumb\"},\"inLanguage\":\"bs-BA\",\"potentialAction\":[{\"@type\":\"ReadAction\",\"target\":[\"https:\/\/sandzakpress.net\/arhiva\/zukorlic-sacuvajmo-skole-on-politicko-kriminalnih-struktura-koje-su-imenovale-direktore\/\"]}]},{\"@type\":\"ImageObject\",\"inLanguage\":\"bs-BA\",\"@id\":\"https:\/\/sandzakpress.net\/arhiva\/zukorlic-sacuvajmo-skole-on-politicko-kriminalnih-struktura-koje-su-imenovale-direktore\/#primaryimage\",\"url\":\"https:\/\/sandzakpress.net\/arhiva\/wp-content\/uploads\/2017\/09\/Capture-12.jpg\",\"contentUrl\":\"https:\/\/sandzakpress.net\/arhiva\/wp-content\/uploads\/2017\/09\/Capture-12.jpg\",\"width\":730,\"height\":424},{\"@type\":\"BreadcrumbList\",\"@id\":\"https:\/\/sandzakpress.net\/arhiva\/zukorlic-sacuvajmo-skole-on-politicko-kriminalnih-struktura-koje-su-imenovale-direktore\/#breadcrumb\",\"itemListElement\":[{\"@type\":\"ListItem\",\"position\":1,\"name\":\"Home\",\"item\":\"https:\/\/sandzakpress.net\/arhiva\/\"},{\"@type\":\"ListItem\",\"position\":2,\"name\":\"Zukorli\u0107: Sa\u010duvajmo \u0161kole on politi\u010dko-kriminalnih struktura koje su imenovale direktore\"}]},{\"@type\":\"WebSite\",\"@id\":\"https:\/\/sandzakpress.net\/arhiva\/#website\",\"url\":\"https:\/\/sandzakpress.net\/arhiva\/\",\"name\":\"Sand\u017eak PRESS\",\"description\":\"Prve elektronske novine u Sand\u017eaku\",\"publisher\":{\"@id\":\"https:\/\/sandzakpress.net\/arhiva\/#\/schema\/person\/6e72b67d6e51910a1117b3b483ba20bd\"},\"potentialAction\":[{\"@type\":\"SearchAction\",\"target\":{\"@type\":\"EntryPoint\",\"urlTemplate\":\"https:\/\/sandzakpress.net\/arhiva\/?s={search_term_string}\"},\"query-input\":{\"@type\":\"PropertyValueSpecification\",\"valueRequired\":true,\"valueName\":\"search_term_string\"}}],\"inLanguage\":\"bs-BA\"},{\"@type\":[\"Person\",\"Organization\"],\"@id\":\"https:\/\/sandzakpress.net\/arhiva\/#\/schema\/person\/6e72b67d6e51910a1117b3b483ba20bd\",\"name\":\"Kul\",\"image\":{\"@type\":\"ImageObject\",\"inLanguage\":\"bs-BA\",\"@id\":\"https:\/\/sandzakpress.net\/arhiva\/#\/schema\/person\/image\/\",\"url\":\"https:\/\/secure.gravatar.com\/avatar\/42263f39aa27ac04c43cab85c280eb2e?s=96&d=mm&r=pg\",\"contentUrl\":\"https:\/\/secure.gravatar.com\/avatar\/42263f39aa27ac04c43cab85c280eb2e?s=96&d=mm&r=pg\",\"caption\":\"Kul\"},\"logo\":{\"@id\":\"https:\/\/sandzakpress.net\/arhiva\/#\/schema\/person\/image\/\"}},{\"@type\":\"Person\",\"@id\":\"https:\/\/sandzakpress.net\/arhiva\/#\/schema\/person\/cb59d7e3ab91ab90dd680ad0305a6185\",\"name\":\"Agencija\",\"image\":{\"@type\":\"ImageObject\",\"inLanguage\":\"bs-BA\",\"@id\":\"https:\/\/sandzakpress.net\/arhiva\/#\/schema\/person\/image\/\",\"url\":\"https:\/\/secure.gravatar.com\/avatar\/4b7fafa80a22f0c2afe23966b3961fe0?s=96&d=mm&r=pg\",\"contentUrl\":\"https:\/\/secure.gravatar.com\/avatar\/4b7fafa80a22f0c2afe23966b3961fe0?s=96&d=mm&r=pg\",\"caption\":\"Agencija\"},\"url\":\"https:\/\/sandzakpress.net\/arhiva\/author\/agencija\/\"}]}<\/script>\n<!-- \/ Yoast SEO Premium plugin. -->","yoast_head_json":{"title":"Zukorli\u0107: Sa\u010duvajmo \u0161kole on politi\u010dko-kriminalnih struktura koje su imenovale direktore","robots":{"index":"index","follow":"follow","max-snippet":"max-snippet:-1","max-image-preview":"max-image-preview:large","max-video-preview":"max-video-preview:-1"},"canonical":"https:\/\/sandzakpress.net\/arhiva\/zukorlic-sacuvajmo-skole-on-politicko-kriminalnih-struktura-koje-su-imenovale-direktore\/","og_locale":"bs_BA","og_type":"article","og_title":"Zukorli\u0107: Sa\u010duvajmo \u0161kole on politi\u010dko-kriminalnih struktura koje su imenovale direktore","og_description":"Skup\u0161tina Srbije danas \u0107e nastaviti na\u010delnu raspravu o dva prosvjetna zakona &#8211; prijedlogu Zakona o osnovama sistema obrazovanja i vaspitanja i Zakonu o visokom obrazovanju.\u00a0 Prijedlogom je predvi\u0111eno i uvo\u0111enje postupnosti prilikom oduzimanja licence nastavnicima, kao i visoke kompentencije u izboru direktora, \u010dije imenovanje \u0107e na kraju ministar da verifikuje. &#8220;Ja pripadam onim ljudi koji [&hellip;]","og_url":"https:\/\/sandzakpress.net\/arhiva\/zukorlic-sacuvajmo-skole-on-politicko-kriminalnih-struktura-koje-su-imenovale-direktore\/","og_site_name":"Sand\u017eak PRESS","article_published_time":"2017-09-21T12:45:50+00:00","og_image":[{"width":730,"height":424,"url":"https:\/\/sandzakpress.net\/arhiva\/wp-content\/uploads\/2017\/09\/Capture-12.jpg","type":"image\/jpeg"}],"author":"Agencija","twitter_card":"summary_large_image","twitter_misc":{"Written by":"Agencija","Est. reading time":"2 minute"},"schema":{"@context":"https:\/\/schema.org","@graph":[{"@type":"Article","@id":"https:\/\/sandzakpress.net\/arhiva\/zukorlic-sacuvajmo-skole-on-politicko-kriminalnih-struktura-koje-su-imenovale-direktore\/#article","isPartOf":{"@id":"https:\/\/sandzakpress.net\/arhiva\/zukorlic-sacuvajmo-skole-on-politicko-kriminalnih-struktura-koje-su-imenovale-direktore\/"},"author":{"name":"Agencija","@id":"https:\/\/sandzakpress.net\/arhiva\/#\/schema\/person\/cb59d7e3ab91ab90dd680ad0305a6185"},"headline":"Zukorli\u0107: Sa\u010duvajmo \u0161kole on politi\u010dko-kriminalnih struktura koje su imenovale direktore","datePublished":"2017-09-21T12:45:50+00:00","mainEntityOfPage":{"@id":"https:\/\/sandzakpress.net\/arhiva\/zukorlic-sacuvajmo-skole-on-politicko-kriminalnih-struktura-koje-su-imenovale-direktore\/"},"wordCount":380,"commentCount":0,"publisher":{"@id":"https:\/\/sandzakpress.net\/arhiva\/#\/schema\/person\/6e72b67d6e51910a1117b3b483ba20bd"},"image":{"@id":"https:\/\/sandzakpress.net\/arhiva\/zukorlic-sacuvajmo-skole-on-politicko-kriminalnih-struktura-koje-su-imenovale-direktore\/#primaryimage"},"thumbnailUrl":"https:\/\/sandzakpress.net\/arhiva\/wp-content\/uploads\/2017\/09\/Capture-12.jpg","articleSection":["Novine"],"inLanguage":"bs-BA","potentialAction":[{"@type":"CommentAction","name":"Comment","target":["https:\/\/sandzakpress.net\/arhiva\/zukorlic-sacuvajmo-skole-on-politicko-kriminalnih-struktura-koje-su-imenovale-direktore\/#respond"]}]},{"@type":"WebPage","@id":"https:\/\/sandzakpress.net\/arhiva\/zukorlic-sacuvajmo-skole-on-politicko-kriminalnih-struktura-koje-su-imenovale-direktore\/","url":"https:\/\/sandzakpress.net\/arhiva\/zukorlic-sacuvajmo-skole-on-politicko-kriminalnih-struktura-koje-su-imenovale-direktore\/","name":"Zukorli\u0107: Sa\u010duvajmo \u0161kole on politi\u010dko-kriminalnih struktura koje su imenovale direktore","isPartOf":{"@id":"https:\/\/sandzakpress.net\/arhiva\/#website"},"primaryImageOfPage":{"@id":"https:\/\/sandzakpress.net\/arhiva\/zukorlic-sacuvajmo-skole-on-politicko-kriminalnih-struktura-koje-su-imenovale-direktore\/#primaryimage"},"image":{"@id":"https:\/\/sandzakpress.net\/arhiva\/zukorlic-sacuvajmo-skole-on-politicko-kriminalnih-struktura-koje-su-imenovale-direktore\/#primaryimage"},"thumbnailUrl":"https:\/\/sandzakpress.net\/arhiva\/wp-content\/uploads\/2017\/09\/Capture-12.jpg","datePublished":"2017-09-21T12:45:50+00:00","breadcrumb":{"@id":"https:\/\/sandzakpress.net\/arhiva\/zukorlic-sacuvajmo-skole-on-politicko-kriminalnih-struktura-koje-su-imenovale-direktore\/#breadcrumb"},"inLanguage":"bs-BA","potentialAction":[{"@type":"ReadAction","target":["https:\/\/sandzakpress.net\/arhiva\/zukorlic-sacuvajmo-skole-on-politicko-kriminalnih-struktura-koje-su-imenovale-direktore\/"]}]},{"@type":"ImageObject","inLanguage":"bs-BA","@id":"https:\/\/sandzakpress.net\/arhiva\/zukorlic-sacuvajmo-skole-on-politicko-kriminalnih-struktura-koje-su-imenovale-direktore\/#primaryimage","url":"https:\/\/sandzakpress.net\/arhiva\/wp-content\/uploads\/2017\/09\/Capture-12.jpg","contentUrl":"https:\/\/sandzakpress.net\/arhiva\/wp-content\/uploads\/2017\/09\/Capture-12.jpg","width":730,"height":424},{"@type":"BreadcrumbList","@id":"https:\/\/sandzakpress.net\/arhiva\/zukorlic-sacuvajmo-skole-on-politicko-kriminalnih-struktura-koje-su-imenovale-direktore\/#breadcrumb","itemListElement":[{"@type":"ListItem","position":1,"name":"Home","item":"https:\/\/sandzakpress.net\/arhiva\/"},{"@type":"ListItem","position":2,"name":"Zukorli\u0107: Sa\u010duvajmo \u0161kole on politi\u010dko-kriminalnih struktura koje su imenovale direktore"}]},{"@type":"WebSite","@id":"https:\/\/sandzakpress.net\/arhiva\/#website","url":"https:\/\/sandzakpress.net\/arhiva\/","name":"Sand\u017eak PRESS","description":"Prve elektronske novine u Sand\u017eaku","publisher":{"@id":"https:\/\/sandzakpress.net\/arhiva\/#\/schema\/person\/6e72b67d6e51910a1117b3b483ba20bd"},"potentialAction":[{"@type":"SearchAction","target":{"@type":"EntryPoint","urlTemplate":"https:\/\/sandzakpress.net\/arhiva\/?s={search_term_string}"},"query-input":{"@type":"PropertyValueSpecification","valueRequired":true,"valueName":"search_term_string"}}],"inLanguage":"bs-BA"},{"@type":["Person","Organization"],"@id":"https:\/\/sandzakpress.net\/arhiva\/#\/schema\/person\/6e72b67d6e51910a1117b3b483ba20bd","name":"Kul","image":{"@type":"ImageObject","inLanguage":"bs-BA","@id":"https:\/\/sandzakpress.net\/arhiva\/#\/schema\/person\/image\/","url":"https:\/\/secure.gravatar.com\/avatar\/42263f39aa27ac04c43cab85c280eb2e?s=96&d=mm&r=pg","contentUrl":"https:\/\/secure.gravatar.com\/avatar\/42263f39aa27ac04c43cab85c280eb2e?s=96&d=mm&r=pg","caption":"Kul"},"logo":{"@id":"https:\/\/sandzakpress.net\/arhiva\/#\/schema\/person\/image\/"}},{"@type":"Person","@id":"https:\/\/sandzakpress.net\/arhiva\/#\/schema\/person\/cb59d7e3ab91ab90dd680ad0305a6185","name":"Agencija","image":{"@type":"ImageObject","inLanguage":"bs-BA","@id":"https:\/\/sandzakpress.net\/arhiva\/#\/schema\/person\/image\/","url":"https:\/\/secure.gravatar.com\/avatar\/4b7fafa80a22f0c2afe23966b3961fe0?s=96&d=mm&r=pg","contentUrl":"https:\/\/secure.gravatar.com\/avatar\/4b7fafa80a22f0c2afe23966b3961fe0?s=96&d=mm&r=pg","caption":"Agencija"},"url":"https:\/\/sandzakpress.net\/arhiva\/author\/agencija\/"}]}},"_links":{"self":[{"href":"https:\/\/sandzakpress.net\/arhiva\/wp-json\/wp\/v2\/posts\/195060"}],"collection":[{"href":"https:\/\/sandzakpress.net\/arhiva\/wp-json\/wp\/v2\/posts"}],"about":[{"href":"https:\/\/sandzakpress.net\/arhiva\/wp-json\/wp\/v2\/types\/post"}],"author":[{"embeddable":true,"href":"https:\/\/sandzakpress.net\/arhiva\/wp-json\/wp\/v2\/users\/509"}],"replies":[{"embeddable":true,"href":"https:\/\/sandzakpress.net\/arhiva\/wp-json\/wp\/v2\/comments?post=195060"}],"version-history":[{"count":0,"href":"https:\/\/sandzakpress.net\/arhiva\/wp-json\/wp\/v2\/posts\/195060\/revisions"}],"wp:featuredmedia":[{"embeddable":true,"href":"https:\/\/sandzakpress.net\/arhiva\/wp-json\/wp\/v2\/media\/195061"}],"wp:attachment":[{"href":"https:\/\/sandzakpress.net\/arhiva\/wp-json\/wp\/v2\/media?parent=195060"}],"wp:term":[{"taxonomy":"category","embeddable":true,"href":"https:\/\/sandzakpress.net\/arhiva\/wp-json\/wp\/v2\/categories?post=195060"},{"taxonomy":"post_tag","embeddable":true,"href":"https:\/\/sandzakpress.net\/arhiva\/wp-json\/wp\/v2\/tags?post=195060"}],"curies":[{"name":"wp","href":"https:\/\/api.w.org\/{rel}","templated":true}]}}