{"id":194968,"date":"2017-09-20T14:39:56","date_gmt":"2017-09-20T12:39:56","guid":{"rendered":"https:\/\/sandzakpress.net\/arhiva\/?p=194968"},"modified":"2017-09-20T14:59:01","modified_gmt":"2017-09-20T12:59:01","slug":"kuvajtski-mediji-o-susretu-zukorlica-sa-ambasadorom-te-zemlje","status":"publish","type":"post","link":"https:\/\/sandzakpress.net\/arhiva\/kuvajtski-mediji-o-susretu-zukorlica-sa-ambasadorom-te-zemlje\/","title":{"rendered":"Kuvajtski mediji o susretu Zukorli\u0107a sa ambasadorom te zemlje"},"content":{"rendered":"<p><img loading=\"lazy\" decoding=\"async\" class=\"size-full wp-image-33107 aligncenter\" src=\"http:\/\/sanapress.info\/wp-content\/uploads\/2017\/09\/Capture-1.jpg\" alt=\"\" width=\"488\" height=\"617\" \/><\/p>\n<p><strong>Kuvajtska informativna agencija KUNA prenijela je ju\u010der 19. 9. 2017. godine informaciju sa sastanka narodnog poslanika muftije Muamera Zukorli\u0107a i Ambasadora Kuvajta u Srbiji Jusufa Abdu-s-Sameda u zgradi ambasade u Beogradu.<\/strong><\/p>\n<p>Kako prenosi KUNA, na sastanku je razgovarano o razvoju parlamentarnih odnosa izme\u0111u Kuvajta i Srbije uop\u0161te, ali i posebno o ja\u010danju saradnje izme\u0111u univerziteta i drugih obrazovnih ustanova na obostrano zadosvoljstvo. Cilj uspostavljanja novih odnosa jeste razmjena iskustava obije strane i bolje razumijevanje, u svjetlu zaklju\u010dka nedavno potpisane saradnje u oblasti kulture i obrazovanja dviju dr\u017eava u Beogradu.<\/p>\n<p>Zukorli\u0107 je zamolio Ambasadora da Vladi i narodu Kuvajta prenese \u010destitke povodom dobijanja priznanja za humanitarne aktivnosti Njegovog veli\u010danstva \u0161ejh Sabah Al-Ahmad Al-Jaber Al-Sabaha od strane Ujedinjenih nacija.<\/p>\n<p>Prema rije\u010dima Ambasadora narodni poslanik muftia Zukorli\u0107 ga je uvjerio da kao politi\u010dar i poslanik vladajuc\u0301e koalicije u Skup\u0161tini Srbije, \u017eeli da podigne nivo saradnje izme\u0111u dvije zemlje na razli\u010ditim poljima, posebno na polju ja\u010danja Islamske zajednice i muslimana u Srbiji.<\/p>\n<p>Zukorli\u0107 je podvukao da saradnja mo\u017ee biti poduprijeta i \u010dinjenicom da su muslimani u Sand\u017eaku starosjedioci Evrope, te da u budu\u0107nosti mogu biti most saradnje izme\u0111u Evrope i Evropljana sa Kuvajtom i drugim muslimanskim zemljama.<\/p>\n<p>izvor: <a href=\"http:\/\/www.kuna.net.kw\/ArticleDetails.aspx?id=2638899&amp;language=ar\">KUNA\u00a0<\/a><\/p>\n<p><img loading=\"lazy\" decoding=\"async\" class=\"size-full wp-image-33109 aligncenter\" src=\"http:\/\/sanapress.info\/wp-content\/uploads\/2017\/09\/viber-image-3.jpg\" alt=\"\" width=\"799\" height=\"1280\" \/><\/p>\n","protected":false},"excerpt":{"rendered":"<p>Kuvajtska informativna agencija KUNA prenijela je ju\u010der 19. 9. 2017. godine informaciju sa sastanka narodnog poslanika muftije Muamera Zukorli\u0107a i Ambasadora Kuvajta u Srbiji Jusufa Abdu-s-Sameda u zgradi ambasade u Beogradu. Kako prenosi KUNA, na sastanku je razgovarano o razvoju parlamentarnih odnosa izme\u0111u Kuvajta i Srbije uop\u0161te, ali i posebno o ja\u010danju saradnje izme\u0111u univerziteta [&hellip;]<\/p>\n","protected":false},"author":509,"featured_media":194970,"comment_status":"open","ping_status":"open","sticky":false,"template":"","format":"standard","meta":{"footnotes":""},"categories":[72,1,52,327,392,393,394,8957],"tags":[10204,10223],"class_list":{"0":"post-194968","1":"post","2":"type-post","3":"status-publish","4":"format-standard","5":"has-post-thumbnail","7":"category-novi-pazar","8":"category-politika","9":"category-sjenica","10":"category-tutin","11":"category-prijepolje_","12":"category-priboj","13":"category-nova-varos","14":"category-vijesti-dana","15":"tag-muftija-muamer-zukorlic","16":"tag-bdz"},"yoast_head":"<!-- This site is optimized with the Yoast SEO Premium plugin v23.1 (Yoast SEO v24.9) - https:\/\/yoast.com\/wordpress\/plugins\/seo\/ -->\n<title>Kuvajtski mediji o susretu Zukorli\u0107a sa ambasadorom te zemlje<\/title>\n<meta name=\"robots\" content=\"index, follow, max-snippet:-1, max-image-preview:large, max-video-preview:-1\" \/>\n<link rel=\"canonical\" href=\"https:\/\/sandzakpress.net\/arhiva\/kuvajtski-mediji-o-susretu-zukorlica-sa-ambasadorom-te-zemlje\/\" \/>\n<meta property=\"og:locale\" content=\"bs_BA\" \/>\n<meta property=\"og:type\" content=\"article\" \/>\n<meta property=\"og:title\" content=\"Kuvajtski mediji o susretu Zukorli\u0107a sa ambasadorom te zemlje\" \/>\n<meta property=\"og:description\" content=\"Kuvajtska informativna agencija KUNA prenijela je ju\u010der 19. 9. 2017. godine informaciju sa sastanka narodnog poslanika muftije Muamera Zukorli\u0107a i Ambasadora Kuvajta u Srbiji Jusufa Abdu-s-Sameda u zgradi ambasade u Beogradu. Kako prenosi KUNA, na sastanku je razgovarano o razvoju parlamentarnih odnosa izme\u0111u Kuvajta i Srbije uop\u0161te, ali i posebno o ja\u010danju saradnje izme\u0111u univerziteta [&hellip;]\" \/>\n<meta property=\"og:url\" content=\"https:\/\/sandzakpress.net\/arhiva\/kuvajtski-mediji-o-susretu-zukorlica-sa-ambasadorom-te-zemlje\/\" \/>\n<meta property=\"og:site_name\" content=\"Sand\u017eak PRESS\" \/>\n<meta property=\"article:published_time\" content=\"2017-09-20T12:39:56+00:00\" \/>\n<meta property=\"article:modified_time\" content=\"2017-09-20T12:59:01+00:00\" \/>\n<meta property=\"og:image\" content=\"https:\/\/sandzakpress.net\/arhiva\/wp-content\/uploads\/2017\/09\/Capture-11.jpg\" \/>\n\t<meta property=\"og:image:width\" content=\"740\" \/>\n\t<meta property=\"og:image:height\" content=\"442\" \/>\n\t<meta property=\"og:image:type\" content=\"image\/jpeg\" \/>\n<meta name=\"author\" content=\"Agencija\" \/>\n<meta name=\"twitter:card\" content=\"summary_large_image\" \/>\n<meta name=\"twitter:label1\" content=\"Written by\" \/>\n\t<meta name=\"twitter:data1\" content=\"Agencija\" \/>\n\t<meta name=\"twitter:label2\" content=\"Est. reading time\" \/>\n\t<meta name=\"twitter:data2\" content=\"1 minuta\" \/>\n<script type=\"application\/ld+json\" class=\"yoast-schema-graph\">{\"@context\":\"https:\/\/schema.org\",\"@graph\":[{\"@type\":\"Article\",\"@id\":\"https:\/\/sandzakpress.net\/arhiva\/kuvajtski-mediji-o-susretu-zukorlica-sa-ambasadorom-te-zemlje\/#article\",\"isPartOf\":{\"@id\":\"https:\/\/sandzakpress.net\/arhiva\/kuvajtski-mediji-o-susretu-zukorlica-sa-ambasadorom-te-zemlje\/\"},\"author\":{\"name\":\"Agencija\",\"@id\":\"https:\/\/sandzakpress.net\/arhiva\/#\/schema\/person\/cb59d7e3ab91ab90dd680ad0305a6185\"},\"headline\":\"Kuvajtski mediji o susretu Zukorli\u0107a sa ambasadorom te zemlje\",\"datePublished\":\"2017-09-20T12:39:56+00:00\",\"dateModified\":\"2017-09-20T12:59:01+00:00\",\"mainEntityOfPage\":{\"@id\":\"https:\/\/sandzakpress.net\/arhiva\/kuvajtski-mediji-o-susretu-zukorlica-sa-ambasadorom-te-zemlje\/\"},\"wordCount\":222,\"commentCount\":1,\"publisher\":{\"@id\":\"https:\/\/sandzakpress.net\/arhiva\/#\/schema\/person\/6e72b67d6e51910a1117b3b483ba20bd\"},\"image\":{\"@id\":\"https:\/\/sandzakpress.net\/arhiva\/kuvajtski-mediji-o-susretu-zukorlica-sa-ambasadorom-te-zemlje\/#primaryimage\"},\"thumbnailUrl\":\"https:\/\/sandzakpress.net\/arhiva\/wp-content\/uploads\/2017\/09\/Capture-11.jpg\",\"keywords\":[\"muftija Muamer Zukorli\u0107\",\"BDZ\"],\"articleSection\":[\"Novi Pazar\",\"Politika\",\"Sjenica\",\"Tutin\",\"Prijepolje\",\"Priboj\",\"Nova Varo\u0161\",\"VIJESTI DANA\"],\"inLanguage\":\"bs-BA\",\"potentialAction\":[{\"@type\":\"CommentAction\",\"name\":\"Comment\",\"target\":[\"https:\/\/sandzakpress.net\/arhiva\/kuvajtski-mediji-o-susretu-zukorlica-sa-ambasadorom-te-zemlje\/#respond\"]}]},{\"@type\":\"WebPage\",\"@id\":\"https:\/\/sandzakpress.net\/arhiva\/kuvajtski-mediji-o-susretu-zukorlica-sa-ambasadorom-te-zemlje\/\",\"url\":\"https:\/\/sandzakpress.net\/arhiva\/kuvajtski-mediji-o-susretu-zukorlica-sa-ambasadorom-te-zemlje\/\",\"name\":\"Kuvajtski mediji o susretu Zukorli\u0107a sa ambasadorom te zemlje\",\"isPartOf\":{\"@id\":\"https:\/\/sandzakpress.net\/arhiva\/#website\"},\"primaryImageOfPage\":{\"@id\":\"https:\/\/sandzakpress.net\/arhiva\/kuvajtski-mediji-o-susretu-zukorlica-sa-ambasadorom-te-zemlje\/#primaryimage\"},\"image\":{\"@id\":\"https:\/\/sandzakpress.net\/arhiva\/kuvajtski-mediji-o-susretu-zukorlica-sa-ambasadorom-te-zemlje\/#primaryimage\"},\"thumbnailUrl\":\"https:\/\/sandzakpress.net\/arhiva\/wp-content\/uploads\/2017\/09\/Capture-11.jpg\",\"datePublished\":\"2017-09-20T12:39:56+00:00\",\"dateModified\":\"2017-09-20T12:59:01+00:00\",\"breadcrumb\":{\"@id\":\"https:\/\/sandzakpress.net\/arhiva\/kuvajtski-mediji-o-susretu-zukorlica-sa-ambasadorom-te-zemlje\/#breadcrumb\"},\"inLanguage\":\"bs-BA\",\"potentialAction\":[{\"@type\":\"ReadAction\",\"target\":[\"https:\/\/sandzakpress.net\/arhiva\/kuvajtski-mediji-o-susretu-zukorlica-sa-ambasadorom-te-zemlje\/\"]}]},{\"@type\":\"ImageObject\",\"inLanguage\":\"bs-BA\",\"@id\":\"https:\/\/sandzakpress.net\/arhiva\/kuvajtski-mediji-o-susretu-zukorlica-sa-ambasadorom-te-zemlje\/#primaryimage\",\"url\":\"https:\/\/sandzakpress.net\/arhiva\/wp-content\/uploads\/2017\/09\/Capture-11.jpg\",\"contentUrl\":\"https:\/\/sandzakpress.net\/arhiva\/wp-content\/uploads\/2017\/09\/Capture-11.jpg\",\"width\":740,\"height\":442},{\"@type\":\"BreadcrumbList\",\"@id\":\"https:\/\/sandzakpress.net\/arhiva\/kuvajtski-mediji-o-susretu-zukorlica-sa-ambasadorom-te-zemlje\/#breadcrumb\",\"itemListElement\":[{\"@type\":\"ListItem\",\"position\":1,\"name\":\"Home\",\"item\":\"https:\/\/sandzakpress.net\/arhiva\/\"},{\"@type\":\"ListItem\",\"position\":2,\"name\":\"Kuvajtski mediji o susretu Zukorli\u0107a sa ambasadorom te zemlje\"}]},{\"@type\":\"WebSite\",\"@id\":\"https:\/\/sandzakpress.net\/arhiva\/#website\",\"url\":\"https:\/\/sandzakpress.net\/arhiva\/\",\"name\":\"Sand\u017eak PRESS\",\"description\":\"Prve elektronske novine u Sand\u017eaku\",\"publisher\":{\"@id\":\"https:\/\/sandzakpress.net\/arhiva\/#\/schema\/person\/6e72b67d6e51910a1117b3b483ba20bd\"},\"potentialAction\":[{\"@type\":\"SearchAction\",\"target\":{\"@type\":\"EntryPoint\",\"urlTemplate\":\"https:\/\/sandzakpress.net\/arhiva\/?s={search_term_string}\"},\"query-input\":{\"@type\":\"PropertyValueSpecification\",\"valueRequired\":true,\"valueName\":\"search_term_string\"}}],\"inLanguage\":\"bs-BA\"},{\"@type\":[\"Person\",\"Organization\"],\"@id\":\"https:\/\/sandzakpress.net\/arhiva\/#\/schema\/person\/6e72b67d6e51910a1117b3b483ba20bd\",\"name\":\"Kul\",\"image\":{\"@type\":\"ImageObject\",\"inLanguage\":\"bs-BA\",\"@id\":\"https:\/\/sandzakpress.net\/arhiva\/#\/schema\/person\/image\/\",\"url\":\"https:\/\/secure.gravatar.com\/avatar\/42263f39aa27ac04c43cab85c280eb2e?s=96&d=mm&r=pg\",\"contentUrl\":\"https:\/\/secure.gravatar.com\/avatar\/42263f39aa27ac04c43cab85c280eb2e?s=96&d=mm&r=pg\",\"caption\":\"Kul\"},\"logo\":{\"@id\":\"https:\/\/sandzakpress.net\/arhiva\/#\/schema\/person\/image\/\"}},{\"@type\":\"Person\",\"@id\":\"https:\/\/sandzakpress.net\/arhiva\/#\/schema\/person\/cb59d7e3ab91ab90dd680ad0305a6185\",\"name\":\"Agencija\",\"image\":{\"@type\":\"ImageObject\",\"inLanguage\":\"bs-BA\",\"@id\":\"https:\/\/sandzakpress.net\/arhiva\/#\/schema\/person\/image\/\",\"url\":\"https:\/\/secure.gravatar.com\/avatar\/4b7fafa80a22f0c2afe23966b3961fe0?s=96&d=mm&r=pg\",\"contentUrl\":\"https:\/\/secure.gravatar.com\/avatar\/4b7fafa80a22f0c2afe23966b3961fe0?s=96&d=mm&r=pg\",\"caption\":\"Agencija\"},\"url\":\"https:\/\/sandzakpress.net\/arhiva\/author\/agencija\/\"}]}<\/script>\n<!-- \/ Yoast SEO Premium plugin. -->","yoast_head_json":{"title":"Kuvajtski mediji o susretu Zukorli\u0107a sa ambasadorom te zemlje","robots":{"index":"index","follow":"follow","max-snippet":"max-snippet:-1","max-image-preview":"max-image-preview:large","max-video-preview":"max-video-preview:-1"},"canonical":"https:\/\/sandzakpress.net\/arhiva\/kuvajtski-mediji-o-susretu-zukorlica-sa-ambasadorom-te-zemlje\/","og_locale":"bs_BA","og_type":"article","og_title":"Kuvajtski mediji o susretu Zukorli\u0107a sa ambasadorom te zemlje","og_description":"Kuvajtska informativna agencija KUNA prenijela je ju\u010der 19. 9. 2017. godine informaciju sa sastanka narodnog poslanika muftije Muamera Zukorli\u0107a i Ambasadora Kuvajta u Srbiji Jusufa Abdu-s-Sameda u zgradi ambasade u Beogradu. Kako prenosi KUNA, na sastanku je razgovarano o razvoju parlamentarnih odnosa izme\u0111u Kuvajta i Srbije uop\u0161te, ali i posebno o ja\u010danju saradnje izme\u0111u univerziteta [&hellip;]","og_url":"https:\/\/sandzakpress.net\/arhiva\/kuvajtski-mediji-o-susretu-zukorlica-sa-ambasadorom-te-zemlje\/","og_site_name":"Sand\u017eak PRESS","article_published_time":"2017-09-20T12:39:56+00:00","article_modified_time":"2017-09-20T12:59:01+00:00","og_image":[{"width":740,"height":442,"url":"https:\/\/sandzakpress.net\/arhiva\/wp-content\/uploads\/2017\/09\/Capture-11.jpg","type":"image\/jpeg"}],"author":"Agencija","twitter_card":"summary_large_image","twitter_misc":{"Written by":"Agencija","Est. reading time":"1 minuta"},"schema":{"@context":"https:\/\/schema.org","@graph":[{"@type":"Article","@id":"https:\/\/sandzakpress.net\/arhiva\/kuvajtski-mediji-o-susretu-zukorlica-sa-ambasadorom-te-zemlje\/#article","isPartOf":{"@id":"https:\/\/sandzakpress.net\/arhiva\/kuvajtski-mediji-o-susretu-zukorlica-sa-ambasadorom-te-zemlje\/"},"author":{"name":"Agencija","@id":"https:\/\/sandzakpress.net\/arhiva\/#\/schema\/person\/cb59d7e3ab91ab90dd680ad0305a6185"},"headline":"Kuvajtski mediji o susretu Zukorli\u0107a sa ambasadorom te zemlje","datePublished":"2017-09-20T12:39:56+00:00","dateModified":"2017-09-20T12:59:01+00:00","mainEntityOfPage":{"@id":"https:\/\/sandzakpress.net\/arhiva\/kuvajtski-mediji-o-susretu-zukorlica-sa-ambasadorom-te-zemlje\/"},"wordCount":222,"commentCount":1,"publisher":{"@id":"https:\/\/sandzakpress.net\/arhiva\/#\/schema\/person\/6e72b67d6e51910a1117b3b483ba20bd"},"image":{"@id":"https:\/\/sandzakpress.net\/arhiva\/kuvajtski-mediji-o-susretu-zukorlica-sa-ambasadorom-te-zemlje\/#primaryimage"},"thumbnailUrl":"https:\/\/sandzakpress.net\/arhiva\/wp-content\/uploads\/2017\/09\/Capture-11.jpg","keywords":["muftija Muamer Zukorli\u0107","BDZ"],"articleSection":["Novi Pazar","Politika","Sjenica","Tutin","Prijepolje","Priboj","Nova Varo\u0161","VIJESTI DANA"],"inLanguage":"bs-BA","potentialAction":[{"@type":"CommentAction","name":"Comment","target":["https:\/\/sandzakpress.net\/arhiva\/kuvajtski-mediji-o-susretu-zukorlica-sa-ambasadorom-te-zemlje\/#respond"]}]},{"@type":"WebPage","@id":"https:\/\/sandzakpress.net\/arhiva\/kuvajtski-mediji-o-susretu-zukorlica-sa-ambasadorom-te-zemlje\/","url":"https:\/\/sandzakpress.net\/arhiva\/kuvajtski-mediji-o-susretu-zukorlica-sa-ambasadorom-te-zemlje\/","name":"Kuvajtski mediji o susretu Zukorli\u0107a sa ambasadorom te zemlje","isPartOf":{"@id":"https:\/\/sandzakpress.net\/arhiva\/#website"},"primaryImageOfPage":{"@id":"https:\/\/sandzakpress.net\/arhiva\/kuvajtski-mediji-o-susretu-zukorlica-sa-ambasadorom-te-zemlje\/#primaryimage"},"image":{"@id":"https:\/\/sandzakpress.net\/arhiva\/kuvajtski-mediji-o-susretu-zukorlica-sa-ambasadorom-te-zemlje\/#primaryimage"},"thumbnailUrl":"https:\/\/sandzakpress.net\/arhiva\/wp-content\/uploads\/2017\/09\/Capture-11.jpg","datePublished":"2017-09-20T12:39:56+00:00","dateModified":"2017-09-20T12:59:01+00:00","breadcrumb":{"@id":"https:\/\/sandzakpress.net\/arhiva\/kuvajtski-mediji-o-susretu-zukorlica-sa-ambasadorom-te-zemlje\/#breadcrumb"},"inLanguage":"bs-BA","potentialAction":[{"@type":"ReadAction","target":["https:\/\/sandzakpress.net\/arhiva\/kuvajtski-mediji-o-susretu-zukorlica-sa-ambasadorom-te-zemlje\/"]}]},{"@type":"ImageObject","inLanguage":"bs-BA","@id":"https:\/\/sandzakpress.net\/arhiva\/kuvajtski-mediji-o-susretu-zukorlica-sa-ambasadorom-te-zemlje\/#primaryimage","url":"https:\/\/sandzakpress.net\/arhiva\/wp-content\/uploads\/2017\/09\/Capture-11.jpg","contentUrl":"https:\/\/sandzakpress.net\/arhiva\/wp-content\/uploads\/2017\/09\/Capture-11.jpg","width":740,"height":442},{"@type":"BreadcrumbList","@id":"https:\/\/sandzakpress.net\/arhiva\/kuvajtski-mediji-o-susretu-zukorlica-sa-ambasadorom-te-zemlje\/#breadcrumb","itemListElement":[{"@type":"ListItem","position":1,"name":"Home","item":"https:\/\/sandzakpress.net\/arhiva\/"},{"@type":"ListItem","position":2,"name":"Kuvajtski mediji o susretu Zukorli\u0107a sa ambasadorom te zemlje"}]},{"@type":"WebSite","@id":"https:\/\/sandzakpress.net\/arhiva\/#website","url":"https:\/\/sandzakpress.net\/arhiva\/","name":"Sand\u017eak PRESS","description":"Prve elektronske novine u Sand\u017eaku","publisher":{"@id":"https:\/\/sandzakpress.net\/arhiva\/#\/schema\/person\/6e72b67d6e51910a1117b3b483ba20bd"},"potentialAction":[{"@type":"SearchAction","target":{"@type":"EntryPoint","urlTemplate":"https:\/\/sandzakpress.net\/arhiva\/?s={search_term_string}"},"query-input":{"@type":"PropertyValueSpecification","valueRequired":true,"valueName":"search_term_string"}}],"inLanguage":"bs-BA"},{"@type":["Person","Organization"],"@id":"https:\/\/sandzakpress.net\/arhiva\/#\/schema\/person\/6e72b67d6e51910a1117b3b483ba20bd","name":"Kul","image":{"@type":"ImageObject","inLanguage":"bs-BA","@id":"https:\/\/sandzakpress.net\/arhiva\/#\/schema\/person\/image\/","url":"https:\/\/secure.gravatar.com\/avatar\/42263f39aa27ac04c43cab85c280eb2e?s=96&d=mm&r=pg","contentUrl":"https:\/\/secure.gravatar.com\/avatar\/42263f39aa27ac04c43cab85c280eb2e?s=96&d=mm&r=pg","caption":"Kul"},"logo":{"@id":"https:\/\/sandzakpress.net\/arhiva\/#\/schema\/person\/image\/"}},{"@type":"Person","@id":"https:\/\/sandzakpress.net\/arhiva\/#\/schema\/person\/cb59d7e3ab91ab90dd680ad0305a6185","name":"Agencija","image":{"@type":"ImageObject","inLanguage":"bs-BA","@id":"https:\/\/sandzakpress.net\/arhiva\/#\/schema\/person\/image\/","url":"https:\/\/secure.gravatar.com\/avatar\/4b7fafa80a22f0c2afe23966b3961fe0?s=96&d=mm&r=pg","contentUrl":"https:\/\/secure.gravatar.com\/avatar\/4b7fafa80a22f0c2afe23966b3961fe0?s=96&d=mm&r=pg","caption":"Agencija"},"url":"https:\/\/sandzakpress.net\/arhiva\/author\/agencija\/"}]}},"_links":{"self":[{"href":"https:\/\/sandzakpress.net\/arhiva\/wp-json\/wp\/v2\/posts\/194968"}],"collection":[{"href":"https:\/\/sandzakpress.net\/arhiva\/wp-json\/wp\/v2\/posts"}],"about":[{"href":"https:\/\/sandzakpress.net\/arhiva\/wp-json\/wp\/v2\/types\/post"}],"author":[{"embeddable":true,"href":"https:\/\/sandzakpress.net\/arhiva\/wp-json\/wp\/v2\/users\/509"}],"replies":[{"embeddable":true,"href":"https:\/\/sandzakpress.net\/arhiva\/wp-json\/wp\/v2\/comments?post=194968"}],"version-history":[{"count":0,"href":"https:\/\/sandzakpress.net\/arhiva\/wp-json\/wp\/v2\/posts\/194968\/revisions"}],"wp:featuredmedia":[{"embeddable":true,"href":"https:\/\/sandzakpress.net\/arhiva\/wp-json\/wp\/v2\/media\/194970"}],"wp:attachment":[{"href":"https:\/\/sandzakpress.net\/arhiva\/wp-json\/wp\/v2\/media?parent=194968"}],"wp:term":[{"taxonomy":"category","embeddable":true,"href":"https:\/\/sandzakpress.net\/arhiva\/wp-json\/wp\/v2\/categories?post=194968"},{"taxonomy":"post_tag","embeddable":true,"href":"https:\/\/sandzakpress.net\/arhiva\/wp-json\/wp\/v2\/tags?post=194968"}],"curies":[{"name":"wp","href":"https:\/\/api.w.org\/{rel}","templated":true}]}}