{"id":19477,"date":"2011-09-06T17:51:35","date_gmt":"2011-09-06T15:51:35","guid":{"rendered":"https:\/\/sandzakpress.net\/arhiva\/?p=19477"},"modified":"2011-09-07T14:57:27","modified_gmt":"2011-09-07T12:57:27","slug":"otvoreno-pismo-hajra-ef-tutica-premijeru-cvetkovicu","status":"publish","type":"post","link":"https:\/\/sandzakpress.net\/arhiva\/otvoreno-pismo-hajra-ef-tutica-premijeru-cvetkovicu\/","title":{"rendered":"IZ Cvetkovi\u0107u: Ugro\u017eavanje vjeronauke mo\u017ee imati velike posljedice"},"content":{"rendered":"<p><strong><a href=\"https:\/\/sandzakpress.net\/arhiva\/wp-content\/uploads\/2011\/09\/vijest-3327.jpg\"><img loading=\"lazy\" decoding=\"async\" class=\"alignleft size-medium wp-image-19478\" title=\"vijest-3327\" src=\"https:\/\/sandzakpress.net\/arhiva\/wp-content\/uploads\/2011\/09\/vijest-3327-300x236.jpg\" alt=\"\" width=\"205\" height=\"162\" \/><\/a>Sjeverni Sand\u017eak &#8211; Po\u0161tovani, u ime vrhovnog predstavni\u010dkog i zakonodavnog organa \u2013 Sabora Islamske zajednice u Srbiji, imama, vjerou\u010ditelja i vjernika, obavje\u0161tavam Vas da se od strane Ministarstva dijaspore i vjera i Ministarstva nauke i prosvjete nastavlja sa ugro\u017eavanjem islamske vjeronauke u \u0161kolama.<\/strong><\/p>\n<p>Od samog uvo\u0111enja vjeronauke u javne \u0161kole Islamska zajednica u\u010destvuje u svim aktivnostima radi ostvarivanja mogu\u0107nosti da, u skladu sa zakonom, u\u010denici imaju prilike ste\u0107i osnovna znanja o svojoj vjeri.<\/p>\n<p>Sve do napada na jedinstvo Islamske zajednice 2007. godine, islamska vjeronauka u \u0161kolama odvijala se bez zna\u010dajnijih problema. Ugro\u017eavanje jedinstva Islamske zajednice o\u010dito je imalo za cilj da zaustavi vrlo zapa\u017een razvoj vjersko-prosvjetnog \u017eivota muslimana u Srbiji. Od tog trenutka islamska vjeronauka je na udaru od strane resornih ministarstava zadu\u017eenih za obezbje\u0111ivanje uslova za neometano odvijanje vjeronauke.<\/p>\n<p>Posljednje tri godine po\u010detkom svake \u0161kolske godine pomenuti dr\u017eavni organi poduzimali su korake u cilju eliminisanja zakonom zagarantovanog prava Islamske zajednice na imenovanje nastavnika islamske veronauke. Najgore se desilo pro\u0161le godine kada je predstavnik Islamske zajednice u Vladinoj komisiji za vjersku nastavu nezakonitom odlukom Vlade usklju\u010den iz ove komisije, nakon \u010dega je, tako\u0111e bez zakonskog osnova, sa radnog mjesta isklju\u010deno 39 vjerou\u010ditelja. Ovakvim pona\u0161anjem dr\u017eavnih organa potvr\u0111ena je sumnja da iza napada na jedinstvo Islamske zajednice stoje vladaju\u0107i politi\u010dki faktori.<\/p>\n<p>Ove nepravde izazivaju ogor\u010denje kod pripadnika Islamske zajednice koji su, uprkos svemu \u0161to im se de\u0161avalo proteklog stolje\u0107a, nakon politi\u010dkih promjena 2000. godine pokazali spremnost da budu lojalni gra\u0111ani, ravnopravni sa svima drugima u ovoj dr\u017eavi. Diskriminatorsko pona\u0161anje vlasti prema muslimanima ne\u0107e donijeti dobro za gra\u0111ane, a ni za dr\u017eavu.<\/p>\n<p>Zato, a obzirom da se nalazimo na po\u010detku ove \u0161kolske godine, od Vas tra\u017eimo da, u skladu sa Ustavom i Zakonom o crkvama i vjerskim zajednicama, poduzmete neophodne mjere kako bi se ova nepravda ispravila i zaustavilo dalje ugro\u017eavanje prava muslimanske djece na vjeronauku.<\/p>\n<p>Imaju\u0107i u vidu da se na prostoru Sand\u017eaka ugro\u017eavaju i druga prava muslimana, postoji bojazan da bi nastavak dosada\u0161njeg pona\u0161anja dr\u017eavnih organa mogao izazvati masovne reakcije koje bi ugrozile stabilnost ovog prostora.<\/p>\n<p>S po\u0161tovanjem,<\/p>\n<p>Predsjednik Sabora<em><strong><br \/>\nHajro ef. Tuti\u0107<\/strong><\/em><\/p>\n<p>Izvor:<strong> Mesihat.org<\/strong><em><strong><br \/>\n<\/strong><\/em><\/p>\n","protected":false},"excerpt":{"rendered":"<p>Sjeverni Sand\u017eak &#8211; Po\u0161tovani, u ime vrhovnog predstavni\u010dkog i zakonodavnog organa \u2013 Sabora Islamske zajednice u Srbiji, imama, vjerou\u010ditelja i vjernika, obavje\u0161tavam Vas da se od strane Ministarstva dijaspore i vjera i Ministarstva nauke i prosvjete nastavlja sa ugro\u017eavanjem islamske vjeronauke u \u0161kolama. Od samog uvo\u0111enja vjeronauke u javne \u0161kole Islamska zajednica u\u010destvuje u svim [&hellip;]<\/p>\n","protected":false},"author":14,"featured_media":19478,"comment_status":"open","ping_status":"open","sticky":false,"template":"","format":"standard","meta":{"footnotes":""},"categories":[72,52,327,392,393,802,394],"tags":[],"class_list":{"0":"post-19477","1":"post","2":"type-post","3":"status-publish","4":"format-standard","5":"has-post-thumbnail","7":"category-novi-pazar","8":"category-sjenica","9":"category-tutin","10":"category-prijepolje_","11":"category-priboj","12":"category-islamska_zajednica","13":"category-nova-varos"},"yoast_head":"<!-- This site is optimized with the Yoast SEO Premium plugin v23.1 (Yoast SEO v24.9) - https:\/\/yoast.com\/wordpress\/plugins\/seo\/ -->\n<title>IZ Cvetkovi\u0107u: Ugro\u017eavanje vjeronauke mo\u017ee imati velike posljedice<\/title>\n<meta name=\"robots\" content=\"index, follow, max-snippet:-1, max-image-preview:large, max-video-preview:-1\" \/>\n<link rel=\"canonical\" href=\"https:\/\/sandzakpress.net\/arhiva\/otvoreno-pismo-hajra-ef-tutica-premijeru-cvetkovicu\/\" \/>\n<meta property=\"og:locale\" content=\"bs_BA\" \/>\n<meta property=\"og:type\" content=\"article\" \/>\n<meta property=\"og:title\" content=\"IZ Cvetkovi\u0107u: Ugro\u017eavanje vjeronauke mo\u017ee imati velike posljedice\" \/>\n<meta property=\"og:description\" content=\"Sjeverni Sand\u017eak &#8211; Po\u0161tovani, u ime vrhovnog predstavni\u010dkog i zakonodavnog organa \u2013 Sabora Islamske zajednice u Srbiji, imama, vjerou\u010ditelja i vjernika, obavje\u0161tavam Vas da se od strane Ministarstva dijaspore i vjera i Ministarstva nauke i prosvjete nastavlja sa ugro\u017eavanjem islamske vjeronauke u \u0161kolama. Od samog uvo\u0111enja vjeronauke u javne \u0161kole Islamska zajednica u\u010destvuje u svim [&hellip;]\" \/>\n<meta property=\"og:url\" content=\"https:\/\/sandzakpress.net\/arhiva\/otvoreno-pismo-hajra-ef-tutica-premijeru-cvetkovicu\/\" \/>\n<meta property=\"og:site_name\" content=\"Sand\u017eak PRESS\" \/>\n<meta property=\"article:published_time\" content=\"2011-09-06T15:51:35+00:00\" \/>\n<meta property=\"article:modified_time\" content=\"2011-09-07T12:57:27+00:00\" \/>\n<meta property=\"og:image\" content=\"https:\/\/sandzakpress.net\/arhiva\/wp-content\/uploads\/2011\/09\/vijest-3327.jpg\" \/>\n\t<meta property=\"og:image:width\" content=\"616\" \/>\n\t<meta property=\"og:image:height\" content=\"485\" \/>\n\t<meta property=\"og:image:type\" content=\"image\/jpeg\" \/>\n<meta name=\"twitter:card\" content=\"summary_large_image\" \/>\n<meta name=\"twitter:label1\" content=\"Written by\" \/>\n\t<meta name=\"twitter:data1\" content=\"\" \/>\n\t<meta name=\"twitter:label2\" content=\"Est. reading time\" \/>\n\t<meta name=\"twitter:data2\" content=\"2 minute\" \/>\n<script type=\"application\/ld+json\" class=\"yoast-schema-graph\">{\"@context\":\"https:\/\/schema.org\",\"@graph\":[{\"@type\":\"Article\",\"@id\":\"https:\/\/sandzakpress.net\/arhiva\/otvoreno-pismo-hajra-ef-tutica-premijeru-cvetkovicu\/#article\",\"isPartOf\":{\"@id\":\"https:\/\/sandzakpress.net\/arhiva\/otvoreno-pismo-hajra-ef-tutica-premijeru-cvetkovicu\/\"},\"author\":{\"name\":\"\",\"@id\":\"\"},\"headline\":\"IZ Cvetkovi\u0107u: Ugro\u017eavanje vjeronauke mo\u017ee imati velike posljedice\",\"datePublished\":\"2011-09-06T15:51:35+00:00\",\"dateModified\":\"2011-09-07T12:57:27+00:00\",\"mainEntityOfPage\":{\"@id\":\"https:\/\/sandzakpress.net\/arhiva\/otvoreno-pismo-hajra-ef-tutica-premijeru-cvetkovicu\/\"},\"wordCount\":402,\"commentCount\":5,\"publisher\":{\"@id\":\"https:\/\/sandzakpress.net\/arhiva\/#\/schema\/person\/6e72b67d6e51910a1117b3b483ba20bd\"},\"image\":{\"@id\":\"https:\/\/sandzakpress.net\/arhiva\/otvoreno-pismo-hajra-ef-tutica-premijeru-cvetkovicu\/#primaryimage\"},\"thumbnailUrl\":\"https:\/\/sandzakpress.net\/arhiva\/wp-content\/uploads\/2011\/09\/vijest-3327.jpg\",\"articleSection\":[\"Novi Pazar\",\"Sjenica\",\"Tutin\",\"Prijepolje\",\"Priboj\",\"Islamska zajednica\",\"Nova Varo\u0161\"],\"inLanguage\":\"bs-BA\",\"potentialAction\":[{\"@type\":\"CommentAction\",\"name\":\"Comment\",\"target\":[\"https:\/\/sandzakpress.net\/arhiva\/otvoreno-pismo-hajra-ef-tutica-premijeru-cvetkovicu\/#respond\"]}]},{\"@type\":\"WebPage\",\"@id\":\"https:\/\/sandzakpress.net\/arhiva\/otvoreno-pismo-hajra-ef-tutica-premijeru-cvetkovicu\/\",\"url\":\"https:\/\/sandzakpress.net\/arhiva\/otvoreno-pismo-hajra-ef-tutica-premijeru-cvetkovicu\/\",\"name\":\"IZ Cvetkovi\u0107u: Ugro\u017eavanje vjeronauke mo\u017ee imati velike posljedice\",\"isPartOf\":{\"@id\":\"https:\/\/sandzakpress.net\/arhiva\/#website\"},\"primaryImageOfPage\":{\"@id\":\"https:\/\/sandzakpress.net\/arhiva\/otvoreno-pismo-hajra-ef-tutica-premijeru-cvetkovicu\/#primaryimage\"},\"image\":{\"@id\":\"https:\/\/sandzakpress.net\/arhiva\/otvoreno-pismo-hajra-ef-tutica-premijeru-cvetkovicu\/#primaryimage\"},\"thumbnailUrl\":\"https:\/\/sandzakpress.net\/arhiva\/wp-content\/uploads\/2011\/09\/vijest-3327.jpg\",\"datePublished\":\"2011-09-06T15:51:35+00:00\",\"dateModified\":\"2011-09-07T12:57:27+00:00\",\"breadcrumb\":{\"@id\":\"https:\/\/sandzakpress.net\/arhiva\/otvoreno-pismo-hajra-ef-tutica-premijeru-cvetkovicu\/#breadcrumb\"},\"inLanguage\":\"bs-BA\",\"potentialAction\":[{\"@type\":\"ReadAction\",\"target\":[\"https:\/\/sandzakpress.net\/arhiva\/otvoreno-pismo-hajra-ef-tutica-premijeru-cvetkovicu\/\"]}]},{\"@type\":\"ImageObject\",\"inLanguage\":\"bs-BA\",\"@id\":\"https:\/\/sandzakpress.net\/arhiva\/otvoreno-pismo-hajra-ef-tutica-premijeru-cvetkovicu\/#primaryimage\",\"url\":\"https:\/\/sandzakpress.net\/arhiva\/wp-content\/uploads\/2011\/09\/vijest-3327.jpg\",\"contentUrl\":\"https:\/\/sandzakpress.net\/arhiva\/wp-content\/uploads\/2011\/09\/vijest-3327.jpg\",\"width\":616,\"height\":485},{\"@type\":\"BreadcrumbList\",\"@id\":\"https:\/\/sandzakpress.net\/arhiva\/otvoreno-pismo-hajra-ef-tutica-premijeru-cvetkovicu\/#breadcrumb\",\"itemListElement\":[{\"@type\":\"ListItem\",\"position\":1,\"name\":\"Home\",\"item\":\"https:\/\/sandzakpress.net\/arhiva\/\"},{\"@type\":\"ListItem\",\"position\":2,\"name\":\"IZ Cvetkovi\u0107u: Ugro\u017eavanje vjeronauke mo\u017ee imati velike posljedice\"}]},{\"@type\":\"WebSite\",\"@id\":\"https:\/\/sandzakpress.net\/arhiva\/#website\",\"url\":\"https:\/\/sandzakpress.net\/arhiva\/\",\"name\":\"Sand\u017eak PRESS\",\"description\":\"Prve elektronske novine u Sand\u017eaku\",\"publisher\":{\"@id\":\"https:\/\/sandzakpress.net\/arhiva\/#\/schema\/person\/6e72b67d6e51910a1117b3b483ba20bd\"},\"potentialAction\":[{\"@type\":\"SearchAction\",\"target\":{\"@type\":\"EntryPoint\",\"urlTemplate\":\"https:\/\/sandzakpress.net\/arhiva\/?s={search_term_string}\"},\"query-input\":{\"@type\":\"PropertyValueSpecification\",\"valueRequired\":true,\"valueName\":\"search_term_string\"}}],\"inLanguage\":\"bs-BA\"},{\"@type\":[\"Person\",\"Organization\"],\"@id\":\"https:\/\/sandzakpress.net\/arhiva\/#\/schema\/person\/6e72b67d6e51910a1117b3b483ba20bd\",\"name\":\"Kul\",\"image\":{\"@type\":\"ImageObject\",\"inLanguage\":\"bs-BA\",\"@id\":\"https:\/\/sandzakpress.net\/arhiva\/#\/schema\/person\/image\/\",\"url\":\"https:\/\/secure.gravatar.com\/avatar\/42263f39aa27ac04c43cab85c280eb2e?s=96&d=mm&r=pg\",\"contentUrl\":\"https:\/\/secure.gravatar.com\/avatar\/42263f39aa27ac04c43cab85c280eb2e?s=96&d=mm&r=pg\",\"caption\":\"Kul\"},\"logo\":{\"@id\":\"https:\/\/sandzakpress.net\/arhiva\/#\/schema\/person\/image\/\"}},{\"@type\":\"Person\",\"@id\":\"\",\"url\":\"https:\/\/sandzakpress.net\/arhiva\/author\/\"}]}<\/script>\n<!-- \/ Yoast SEO Premium plugin. -->","yoast_head_json":{"title":"IZ Cvetkovi\u0107u: Ugro\u017eavanje vjeronauke mo\u017ee imati velike posljedice","robots":{"index":"index","follow":"follow","max-snippet":"max-snippet:-1","max-image-preview":"max-image-preview:large","max-video-preview":"max-video-preview:-1"},"canonical":"https:\/\/sandzakpress.net\/arhiva\/otvoreno-pismo-hajra-ef-tutica-premijeru-cvetkovicu\/","og_locale":"bs_BA","og_type":"article","og_title":"IZ Cvetkovi\u0107u: Ugro\u017eavanje vjeronauke mo\u017ee imati velike posljedice","og_description":"Sjeverni Sand\u017eak &#8211; Po\u0161tovani, u ime vrhovnog predstavni\u010dkog i zakonodavnog organa \u2013 Sabora Islamske zajednice u Srbiji, imama, vjerou\u010ditelja i vjernika, obavje\u0161tavam Vas da se od strane Ministarstva dijaspore i vjera i Ministarstva nauke i prosvjete nastavlja sa ugro\u017eavanjem islamske vjeronauke u \u0161kolama. Od samog uvo\u0111enja vjeronauke u javne \u0161kole Islamska zajednica u\u010destvuje u svim [&hellip;]","og_url":"https:\/\/sandzakpress.net\/arhiva\/otvoreno-pismo-hajra-ef-tutica-premijeru-cvetkovicu\/","og_site_name":"Sand\u017eak PRESS","article_published_time":"2011-09-06T15:51:35+00:00","article_modified_time":"2011-09-07T12:57:27+00:00","og_image":[{"width":616,"height":485,"url":"https:\/\/sandzakpress.net\/arhiva\/wp-content\/uploads\/2011\/09\/vijest-3327.jpg","type":"image\/jpeg"}],"twitter_card":"summary_large_image","twitter_misc":{"Written by":"","Est. reading time":"2 minute"},"schema":{"@context":"https:\/\/schema.org","@graph":[{"@type":"Article","@id":"https:\/\/sandzakpress.net\/arhiva\/otvoreno-pismo-hajra-ef-tutica-premijeru-cvetkovicu\/#article","isPartOf":{"@id":"https:\/\/sandzakpress.net\/arhiva\/otvoreno-pismo-hajra-ef-tutica-premijeru-cvetkovicu\/"},"author":{"name":"","@id":""},"headline":"IZ Cvetkovi\u0107u: Ugro\u017eavanje vjeronauke mo\u017ee imati velike posljedice","datePublished":"2011-09-06T15:51:35+00:00","dateModified":"2011-09-07T12:57:27+00:00","mainEntityOfPage":{"@id":"https:\/\/sandzakpress.net\/arhiva\/otvoreno-pismo-hajra-ef-tutica-premijeru-cvetkovicu\/"},"wordCount":402,"commentCount":5,"publisher":{"@id":"https:\/\/sandzakpress.net\/arhiva\/#\/schema\/person\/6e72b67d6e51910a1117b3b483ba20bd"},"image":{"@id":"https:\/\/sandzakpress.net\/arhiva\/otvoreno-pismo-hajra-ef-tutica-premijeru-cvetkovicu\/#primaryimage"},"thumbnailUrl":"https:\/\/sandzakpress.net\/arhiva\/wp-content\/uploads\/2011\/09\/vijest-3327.jpg","articleSection":["Novi Pazar","Sjenica","Tutin","Prijepolje","Priboj","Islamska zajednica","Nova Varo\u0161"],"inLanguage":"bs-BA","potentialAction":[{"@type":"CommentAction","name":"Comment","target":["https:\/\/sandzakpress.net\/arhiva\/otvoreno-pismo-hajra-ef-tutica-premijeru-cvetkovicu\/#respond"]}]},{"@type":"WebPage","@id":"https:\/\/sandzakpress.net\/arhiva\/otvoreno-pismo-hajra-ef-tutica-premijeru-cvetkovicu\/","url":"https:\/\/sandzakpress.net\/arhiva\/otvoreno-pismo-hajra-ef-tutica-premijeru-cvetkovicu\/","name":"IZ Cvetkovi\u0107u: Ugro\u017eavanje vjeronauke mo\u017ee imati velike posljedice","isPartOf":{"@id":"https:\/\/sandzakpress.net\/arhiva\/#website"},"primaryImageOfPage":{"@id":"https:\/\/sandzakpress.net\/arhiva\/otvoreno-pismo-hajra-ef-tutica-premijeru-cvetkovicu\/#primaryimage"},"image":{"@id":"https:\/\/sandzakpress.net\/arhiva\/otvoreno-pismo-hajra-ef-tutica-premijeru-cvetkovicu\/#primaryimage"},"thumbnailUrl":"https:\/\/sandzakpress.net\/arhiva\/wp-content\/uploads\/2011\/09\/vijest-3327.jpg","datePublished":"2011-09-06T15:51:35+00:00","dateModified":"2011-09-07T12:57:27+00:00","breadcrumb":{"@id":"https:\/\/sandzakpress.net\/arhiva\/otvoreno-pismo-hajra-ef-tutica-premijeru-cvetkovicu\/#breadcrumb"},"inLanguage":"bs-BA","potentialAction":[{"@type":"ReadAction","target":["https:\/\/sandzakpress.net\/arhiva\/otvoreno-pismo-hajra-ef-tutica-premijeru-cvetkovicu\/"]}]},{"@type":"ImageObject","inLanguage":"bs-BA","@id":"https:\/\/sandzakpress.net\/arhiva\/otvoreno-pismo-hajra-ef-tutica-premijeru-cvetkovicu\/#primaryimage","url":"https:\/\/sandzakpress.net\/arhiva\/wp-content\/uploads\/2011\/09\/vijest-3327.jpg","contentUrl":"https:\/\/sandzakpress.net\/arhiva\/wp-content\/uploads\/2011\/09\/vijest-3327.jpg","width":616,"height":485},{"@type":"BreadcrumbList","@id":"https:\/\/sandzakpress.net\/arhiva\/otvoreno-pismo-hajra-ef-tutica-premijeru-cvetkovicu\/#breadcrumb","itemListElement":[{"@type":"ListItem","position":1,"name":"Home","item":"https:\/\/sandzakpress.net\/arhiva\/"},{"@type":"ListItem","position":2,"name":"IZ Cvetkovi\u0107u: Ugro\u017eavanje vjeronauke mo\u017ee imati velike posljedice"}]},{"@type":"WebSite","@id":"https:\/\/sandzakpress.net\/arhiva\/#website","url":"https:\/\/sandzakpress.net\/arhiva\/","name":"Sand\u017eak PRESS","description":"Prve elektronske novine u Sand\u017eaku","publisher":{"@id":"https:\/\/sandzakpress.net\/arhiva\/#\/schema\/person\/6e72b67d6e51910a1117b3b483ba20bd"},"potentialAction":[{"@type":"SearchAction","target":{"@type":"EntryPoint","urlTemplate":"https:\/\/sandzakpress.net\/arhiva\/?s={search_term_string}"},"query-input":{"@type":"PropertyValueSpecification","valueRequired":true,"valueName":"search_term_string"}}],"inLanguage":"bs-BA"},{"@type":["Person","Organization"],"@id":"https:\/\/sandzakpress.net\/arhiva\/#\/schema\/person\/6e72b67d6e51910a1117b3b483ba20bd","name":"Kul","image":{"@type":"ImageObject","inLanguage":"bs-BA","@id":"https:\/\/sandzakpress.net\/arhiva\/#\/schema\/person\/image\/","url":"https:\/\/secure.gravatar.com\/avatar\/42263f39aa27ac04c43cab85c280eb2e?s=96&d=mm&r=pg","contentUrl":"https:\/\/secure.gravatar.com\/avatar\/42263f39aa27ac04c43cab85c280eb2e?s=96&d=mm&r=pg","caption":"Kul"},"logo":{"@id":"https:\/\/sandzakpress.net\/arhiva\/#\/schema\/person\/image\/"}},{"@type":"Person","@id":"","url":"https:\/\/sandzakpress.net\/arhiva\/author\/"}]}},"_links":{"self":[{"href":"https:\/\/sandzakpress.net\/arhiva\/wp-json\/wp\/v2\/posts\/19477"}],"collection":[{"href":"https:\/\/sandzakpress.net\/arhiva\/wp-json\/wp\/v2\/posts"}],"about":[{"href":"https:\/\/sandzakpress.net\/arhiva\/wp-json\/wp\/v2\/types\/post"}],"author":[{"embeddable":true,"href":"https:\/\/sandzakpress.net\/arhiva\/wp-json\/wp\/v2\/users\/14"}],"replies":[{"embeddable":true,"href":"https:\/\/sandzakpress.net\/arhiva\/wp-json\/wp\/v2\/comments?post=19477"}],"version-history":[{"count":0,"href":"https:\/\/sandzakpress.net\/arhiva\/wp-json\/wp\/v2\/posts\/19477\/revisions"}],"wp:featuredmedia":[{"embeddable":true,"href":"https:\/\/sandzakpress.net\/arhiva\/wp-json\/wp\/v2\/media\/19478"}],"wp:attachment":[{"href":"https:\/\/sandzakpress.net\/arhiva\/wp-json\/wp\/v2\/media?parent=19477"}],"wp:term":[{"taxonomy":"category","embeddable":true,"href":"https:\/\/sandzakpress.net\/arhiva\/wp-json\/wp\/v2\/categories?post=19477"},{"taxonomy":"post_tag","embeddable":true,"href":"https:\/\/sandzakpress.net\/arhiva\/wp-json\/wp\/v2\/tags?post=19477"}],"curies":[{"name":"wp","href":"https:\/\/api.w.org\/{rel}","templated":true}]}}