{"id":194522,"date":"2017-09-12T12:26:25","date_gmt":"2017-09-12T10:26:25","guid":{"rendered":"https:\/\/sandzakpress.net\/arhiva\/?p=194522"},"modified":"2017-09-12T12:26:25","modified_gmt":"2017-09-12T10:26:25","slug":"mobilni-mamograf-u-domu-zdravlja-priboj","status":"publish","type":"post","link":"https:\/\/sandzakpress.net\/arhiva\/mobilni-mamograf-u-domu-zdravlja-priboj\/","title":{"rendered":"Mobilni mamograf u Domu zdravlja Priboj"},"content":{"rendered":"<p><img decoding=\"async\" src=\"http:\/\/www.glaszapadnesrbije.rs\/dp_press_slike\/mobilni-mamograf-u-domu-zdravlja-priboj-14198702.jpg\" \/><\/p>\n<p><strong>Priboj &#8211; U okviru programa pra\u0107enja i kontrole zdravlja \u017eenske populacije, Planom Ministarstva zdravlja predvi\u0111eno je da u Domu zdravlja Priboj, posle \u010detiri godine, ponovo bude stacioniran mobilni mamograf Klini\u010dkog centra Ni\u0161, radi prevencije i ranog otkrivanja raka dojke. Mamografije \u0107e se obavljati od 11. septembra. Mobilni mamograf bi\u0107e stacioniran na platou ispred Doma zdravlja Priboj.<\/strong><\/p>\n<p>Prema rasporedu rada, snimanja \u0107e se obavljati u terminu od 08, 00 do 14,30 \u010dasova, radnim danima i subotom.<br \/>Pozivaju se \u017eene od 50 do 69 godina starosti da u tom periodu urade mamografiju u cilju prevencije bolesti. Na mamografiju mogu do\u0107i i \u017eene druge starosne dobi ukoliko im je lekar izdao uput za mamografiju. Za \u017eene od 50 do 69 godina nije potreban uput za snimanje, ve\u0107 samo zdravstvena knji\u017eica koja ne mora biti overena.<\/p>\n<p>U cilju bolje organizacije rada pregled se mo\u017ee zakazati radnim danom u periodu od 08, 00 do 13 sati na telefon 033\/ 2451-587.<\/p>\n<p>Mobilni mamograf bi\u0107e u Priboju najmanje mesec dana, pa i du\u017ee ukoliko se bude ukazala potreba.<\/p>\n<p>Glas zapadne Srbije<\/p>\n","protected":false},"excerpt":{"rendered":"<p>Priboj &#8211; U okviru programa pra\u0107enja i kontrole zdravlja \u017eenske populacije, Planom Ministarstva zdravlja predvi\u0111eno je da u Domu zdravlja Priboj, posle \u010detiri godine, ponovo bude stacioniran mobilni mamograf Klini\u010dkog centra Ni\u0161, radi prevencije i ranog otkrivanja raka dojke. Mamografije \u0107e se obavljati od 11. septembra. Mobilni mamograf bi\u0107e stacioniran na platou ispred Doma zdravlja [&hellip;]<\/p>\n","protected":false},"author":509,"featured_media":194526,"comment_status":"open","ping_status":"open","sticky":false,"template":"","format":"standard","meta":{"footnotes":""},"categories":[393,5,10429],"tags":[],"class_list":{"0":"post-194522","1":"post","2":"type-post","3":"status-publish","4":"format-standard","5":"has-post-thumbnail","7":"category-priboj","8":"category-drustvo","9":"category-vazno"},"yoast_head":"<!-- This site is optimized with the Yoast SEO Premium plugin v23.1 (Yoast SEO v24.9) - https:\/\/yoast.com\/wordpress\/plugins\/seo\/ -->\n<title>Mobilni mamograf u Domu zdravlja Priboj<\/title>\n<meta name=\"robots\" content=\"index, follow, max-snippet:-1, max-image-preview:large, max-video-preview:-1\" \/>\n<link rel=\"canonical\" href=\"https:\/\/sandzakpress.net\/arhiva\/mobilni-mamograf-u-domu-zdravlja-priboj\/\" \/>\n<meta property=\"og:locale\" content=\"bs_BA\" \/>\n<meta property=\"og:type\" content=\"article\" \/>\n<meta property=\"og:title\" content=\"Mobilni mamograf u Domu zdravlja Priboj\" \/>\n<meta property=\"og:description\" content=\"Priboj &#8211; U okviru programa pra\u0107enja i kontrole zdravlja \u017eenske populacije, Planom Ministarstva zdravlja predvi\u0111eno je da u Domu zdravlja Priboj, posle \u010detiri godine, ponovo bude stacioniran mobilni mamograf Klini\u010dkog centra Ni\u0161, radi prevencije i ranog otkrivanja raka dojke. Mamografije \u0107e se obavljati od 11. septembra. Mobilni mamograf bi\u0107e stacioniran na platou ispred Doma zdravlja [&hellip;]\" \/>\n<meta property=\"og:url\" content=\"https:\/\/sandzakpress.net\/arhiva\/mobilni-mamograf-u-domu-zdravlja-priboj\/\" \/>\n<meta property=\"og:site_name\" content=\"Sand\u017eak PRESS\" \/>\n<meta property=\"article:published_time\" content=\"2017-09-12T10:26:25+00:00\" \/>\n<meta property=\"og:image\" content=\"https:\/\/sandzakpress.net\/arhiva\/wp-content\/uploads\/2017\/09\/mobilni-mamograf-u-domu-zdravlja-priboj-14198702.jpg\" \/>\n\t<meta property=\"og:image:width\" content=\"800\" \/>\n\t<meta property=\"og:image:height\" content=\"411\" \/>\n\t<meta property=\"og:image:type\" content=\"image\/jpeg\" \/>\n<meta name=\"author\" content=\"Agencija\" \/>\n<meta name=\"twitter:card\" content=\"summary_large_image\" \/>\n<meta name=\"twitter:label1\" content=\"Written by\" \/>\n\t<meta name=\"twitter:data1\" content=\"Agencija\" \/>\n\t<meta name=\"twitter:label2\" content=\"Est. reading time\" \/>\n\t<meta name=\"twitter:data2\" content=\"1 minuta\" \/>\n<script type=\"application\/ld+json\" class=\"yoast-schema-graph\">{\"@context\":\"https:\/\/schema.org\",\"@graph\":[{\"@type\":\"Article\",\"@id\":\"https:\/\/sandzakpress.net\/arhiva\/mobilni-mamograf-u-domu-zdravlja-priboj\/#article\",\"isPartOf\":{\"@id\":\"https:\/\/sandzakpress.net\/arhiva\/mobilni-mamograf-u-domu-zdravlja-priboj\/\"},\"author\":{\"name\":\"Agencija\",\"@id\":\"https:\/\/sandzakpress.net\/arhiva\/#\/schema\/person\/cb59d7e3ab91ab90dd680ad0305a6185\"},\"headline\":\"Mobilni mamograf u Domu zdravlja Priboj\",\"datePublished\":\"2017-09-12T10:26:25+00:00\",\"mainEntityOfPage\":{\"@id\":\"https:\/\/sandzakpress.net\/arhiva\/mobilni-mamograf-u-domu-zdravlja-priboj\/\"},\"wordCount\":177,\"commentCount\":0,\"publisher\":{\"@id\":\"https:\/\/sandzakpress.net\/arhiva\/#\/schema\/person\/6e72b67d6e51910a1117b3b483ba20bd\"},\"image\":{\"@id\":\"https:\/\/sandzakpress.net\/arhiva\/mobilni-mamograf-u-domu-zdravlja-priboj\/#primaryimage\"},\"thumbnailUrl\":\"https:\/\/sandzakpress.net\/arhiva\/wp-content\/uploads\/2017\/09\/mobilni-mamograf-u-domu-zdravlja-priboj-14198702.jpg\",\"articleSection\":[\"Priboj\",\"Dru\u0161tvo\",\"VA\u017dNO!\"],\"inLanguage\":\"bs-BA\",\"potentialAction\":[{\"@type\":\"CommentAction\",\"name\":\"Comment\",\"target\":[\"https:\/\/sandzakpress.net\/arhiva\/mobilni-mamograf-u-domu-zdravlja-priboj\/#respond\"]}]},{\"@type\":\"WebPage\",\"@id\":\"https:\/\/sandzakpress.net\/arhiva\/mobilni-mamograf-u-domu-zdravlja-priboj\/\",\"url\":\"https:\/\/sandzakpress.net\/arhiva\/mobilni-mamograf-u-domu-zdravlja-priboj\/\",\"name\":\"Mobilni mamograf u Domu zdravlja Priboj\",\"isPartOf\":{\"@id\":\"https:\/\/sandzakpress.net\/arhiva\/#website\"},\"primaryImageOfPage\":{\"@id\":\"https:\/\/sandzakpress.net\/arhiva\/mobilni-mamograf-u-domu-zdravlja-priboj\/#primaryimage\"},\"image\":{\"@id\":\"https:\/\/sandzakpress.net\/arhiva\/mobilni-mamograf-u-domu-zdravlja-priboj\/#primaryimage\"},\"thumbnailUrl\":\"https:\/\/sandzakpress.net\/arhiva\/wp-content\/uploads\/2017\/09\/mobilni-mamograf-u-domu-zdravlja-priboj-14198702.jpg\",\"datePublished\":\"2017-09-12T10:26:25+00:00\",\"breadcrumb\":{\"@id\":\"https:\/\/sandzakpress.net\/arhiva\/mobilni-mamograf-u-domu-zdravlja-priboj\/#breadcrumb\"},\"inLanguage\":\"bs-BA\",\"potentialAction\":[{\"@type\":\"ReadAction\",\"target\":[\"https:\/\/sandzakpress.net\/arhiva\/mobilni-mamograf-u-domu-zdravlja-priboj\/\"]}]},{\"@type\":\"ImageObject\",\"inLanguage\":\"bs-BA\",\"@id\":\"https:\/\/sandzakpress.net\/arhiva\/mobilni-mamograf-u-domu-zdravlja-priboj\/#primaryimage\",\"url\":\"https:\/\/sandzakpress.net\/arhiva\/wp-content\/uploads\/2017\/09\/mobilni-mamograf-u-domu-zdravlja-priboj-14198702.jpg\",\"contentUrl\":\"https:\/\/sandzakpress.net\/arhiva\/wp-content\/uploads\/2017\/09\/mobilni-mamograf-u-domu-zdravlja-priboj-14198702.jpg\",\"width\":800,\"height\":411},{\"@type\":\"BreadcrumbList\",\"@id\":\"https:\/\/sandzakpress.net\/arhiva\/mobilni-mamograf-u-domu-zdravlja-priboj\/#breadcrumb\",\"itemListElement\":[{\"@type\":\"ListItem\",\"position\":1,\"name\":\"Home\",\"item\":\"https:\/\/sandzakpress.net\/arhiva\/\"},{\"@type\":\"ListItem\",\"position\":2,\"name\":\"Mobilni mamograf u Domu zdravlja Priboj\"}]},{\"@type\":\"WebSite\",\"@id\":\"https:\/\/sandzakpress.net\/arhiva\/#website\",\"url\":\"https:\/\/sandzakpress.net\/arhiva\/\",\"name\":\"Sand\u017eak PRESS\",\"description\":\"Prve elektronske novine u Sand\u017eaku\",\"publisher\":{\"@id\":\"https:\/\/sandzakpress.net\/arhiva\/#\/schema\/person\/6e72b67d6e51910a1117b3b483ba20bd\"},\"potentialAction\":[{\"@type\":\"SearchAction\",\"target\":{\"@type\":\"EntryPoint\",\"urlTemplate\":\"https:\/\/sandzakpress.net\/arhiva\/?s={search_term_string}\"},\"query-input\":{\"@type\":\"PropertyValueSpecification\",\"valueRequired\":true,\"valueName\":\"search_term_string\"}}],\"inLanguage\":\"bs-BA\"},{\"@type\":[\"Person\",\"Organization\"],\"@id\":\"https:\/\/sandzakpress.net\/arhiva\/#\/schema\/person\/6e72b67d6e51910a1117b3b483ba20bd\",\"name\":\"Kul\",\"image\":{\"@type\":\"ImageObject\",\"inLanguage\":\"bs-BA\",\"@id\":\"https:\/\/sandzakpress.net\/arhiva\/#\/schema\/person\/image\/\",\"url\":\"https:\/\/secure.gravatar.com\/avatar\/42263f39aa27ac04c43cab85c280eb2e?s=96&d=mm&r=pg\",\"contentUrl\":\"https:\/\/secure.gravatar.com\/avatar\/42263f39aa27ac04c43cab85c280eb2e?s=96&d=mm&r=pg\",\"caption\":\"Kul\"},\"logo\":{\"@id\":\"https:\/\/sandzakpress.net\/arhiva\/#\/schema\/person\/image\/\"}},{\"@type\":\"Person\",\"@id\":\"https:\/\/sandzakpress.net\/arhiva\/#\/schema\/person\/cb59d7e3ab91ab90dd680ad0305a6185\",\"name\":\"Agencija\",\"image\":{\"@type\":\"ImageObject\",\"inLanguage\":\"bs-BA\",\"@id\":\"https:\/\/sandzakpress.net\/arhiva\/#\/schema\/person\/image\/\",\"url\":\"https:\/\/secure.gravatar.com\/avatar\/4b7fafa80a22f0c2afe23966b3961fe0?s=96&d=mm&r=pg\",\"contentUrl\":\"https:\/\/secure.gravatar.com\/avatar\/4b7fafa80a22f0c2afe23966b3961fe0?s=96&d=mm&r=pg\",\"caption\":\"Agencija\"},\"url\":\"https:\/\/sandzakpress.net\/arhiva\/author\/agencija\/\"}]}<\/script>\n<!-- \/ Yoast SEO Premium plugin. -->","yoast_head_json":{"title":"Mobilni mamograf u Domu zdravlja Priboj","robots":{"index":"index","follow":"follow","max-snippet":"max-snippet:-1","max-image-preview":"max-image-preview:large","max-video-preview":"max-video-preview:-1"},"canonical":"https:\/\/sandzakpress.net\/arhiva\/mobilni-mamograf-u-domu-zdravlja-priboj\/","og_locale":"bs_BA","og_type":"article","og_title":"Mobilni mamograf u Domu zdravlja Priboj","og_description":"Priboj &#8211; U okviru programa pra\u0107enja i kontrole zdravlja \u017eenske populacije, Planom Ministarstva zdravlja predvi\u0111eno je da u Domu zdravlja Priboj, posle \u010detiri godine, ponovo bude stacioniran mobilni mamograf Klini\u010dkog centra Ni\u0161, radi prevencije i ranog otkrivanja raka dojke. Mamografije \u0107e se obavljati od 11. septembra. Mobilni mamograf bi\u0107e stacioniran na platou ispred Doma zdravlja [&hellip;]","og_url":"https:\/\/sandzakpress.net\/arhiva\/mobilni-mamograf-u-domu-zdravlja-priboj\/","og_site_name":"Sand\u017eak PRESS","article_published_time":"2017-09-12T10:26:25+00:00","og_image":[{"width":800,"height":411,"url":"https:\/\/sandzakpress.net\/arhiva\/wp-content\/uploads\/2017\/09\/mobilni-mamograf-u-domu-zdravlja-priboj-14198702.jpg","type":"image\/jpeg"}],"author":"Agencija","twitter_card":"summary_large_image","twitter_misc":{"Written by":"Agencija","Est. reading time":"1 minuta"},"schema":{"@context":"https:\/\/schema.org","@graph":[{"@type":"Article","@id":"https:\/\/sandzakpress.net\/arhiva\/mobilni-mamograf-u-domu-zdravlja-priboj\/#article","isPartOf":{"@id":"https:\/\/sandzakpress.net\/arhiva\/mobilni-mamograf-u-domu-zdravlja-priboj\/"},"author":{"name":"Agencija","@id":"https:\/\/sandzakpress.net\/arhiva\/#\/schema\/person\/cb59d7e3ab91ab90dd680ad0305a6185"},"headline":"Mobilni mamograf u Domu zdravlja Priboj","datePublished":"2017-09-12T10:26:25+00:00","mainEntityOfPage":{"@id":"https:\/\/sandzakpress.net\/arhiva\/mobilni-mamograf-u-domu-zdravlja-priboj\/"},"wordCount":177,"commentCount":0,"publisher":{"@id":"https:\/\/sandzakpress.net\/arhiva\/#\/schema\/person\/6e72b67d6e51910a1117b3b483ba20bd"},"image":{"@id":"https:\/\/sandzakpress.net\/arhiva\/mobilni-mamograf-u-domu-zdravlja-priboj\/#primaryimage"},"thumbnailUrl":"https:\/\/sandzakpress.net\/arhiva\/wp-content\/uploads\/2017\/09\/mobilni-mamograf-u-domu-zdravlja-priboj-14198702.jpg","articleSection":["Priboj","Dru\u0161tvo","VA\u017dNO!"],"inLanguage":"bs-BA","potentialAction":[{"@type":"CommentAction","name":"Comment","target":["https:\/\/sandzakpress.net\/arhiva\/mobilni-mamograf-u-domu-zdravlja-priboj\/#respond"]}]},{"@type":"WebPage","@id":"https:\/\/sandzakpress.net\/arhiva\/mobilni-mamograf-u-domu-zdravlja-priboj\/","url":"https:\/\/sandzakpress.net\/arhiva\/mobilni-mamograf-u-domu-zdravlja-priboj\/","name":"Mobilni mamograf u Domu zdravlja Priboj","isPartOf":{"@id":"https:\/\/sandzakpress.net\/arhiva\/#website"},"primaryImageOfPage":{"@id":"https:\/\/sandzakpress.net\/arhiva\/mobilni-mamograf-u-domu-zdravlja-priboj\/#primaryimage"},"image":{"@id":"https:\/\/sandzakpress.net\/arhiva\/mobilni-mamograf-u-domu-zdravlja-priboj\/#primaryimage"},"thumbnailUrl":"https:\/\/sandzakpress.net\/arhiva\/wp-content\/uploads\/2017\/09\/mobilni-mamograf-u-domu-zdravlja-priboj-14198702.jpg","datePublished":"2017-09-12T10:26:25+00:00","breadcrumb":{"@id":"https:\/\/sandzakpress.net\/arhiva\/mobilni-mamograf-u-domu-zdravlja-priboj\/#breadcrumb"},"inLanguage":"bs-BA","potentialAction":[{"@type":"ReadAction","target":["https:\/\/sandzakpress.net\/arhiva\/mobilni-mamograf-u-domu-zdravlja-priboj\/"]}]},{"@type":"ImageObject","inLanguage":"bs-BA","@id":"https:\/\/sandzakpress.net\/arhiva\/mobilni-mamograf-u-domu-zdravlja-priboj\/#primaryimage","url":"https:\/\/sandzakpress.net\/arhiva\/wp-content\/uploads\/2017\/09\/mobilni-mamograf-u-domu-zdravlja-priboj-14198702.jpg","contentUrl":"https:\/\/sandzakpress.net\/arhiva\/wp-content\/uploads\/2017\/09\/mobilni-mamograf-u-domu-zdravlja-priboj-14198702.jpg","width":800,"height":411},{"@type":"BreadcrumbList","@id":"https:\/\/sandzakpress.net\/arhiva\/mobilni-mamograf-u-domu-zdravlja-priboj\/#breadcrumb","itemListElement":[{"@type":"ListItem","position":1,"name":"Home","item":"https:\/\/sandzakpress.net\/arhiva\/"},{"@type":"ListItem","position":2,"name":"Mobilni mamograf u Domu zdravlja Priboj"}]},{"@type":"WebSite","@id":"https:\/\/sandzakpress.net\/arhiva\/#website","url":"https:\/\/sandzakpress.net\/arhiva\/","name":"Sand\u017eak PRESS","description":"Prve elektronske novine u Sand\u017eaku","publisher":{"@id":"https:\/\/sandzakpress.net\/arhiva\/#\/schema\/person\/6e72b67d6e51910a1117b3b483ba20bd"},"potentialAction":[{"@type":"SearchAction","target":{"@type":"EntryPoint","urlTemplate":"https:\/\/sandzakpress.net\/arhiva\/?s={search_term_string}"},"query-input":{"@type":"PropertyValueSpecification","valueRequired":true,"valueName":"search_term_string"}}],"inLanguage":"bs-BA"},{"@type":["Person","Organization"],"@id":"https:\/\/sandzakpress.net\/arhiva\/#\/schema\/person\/6e72b67d6e51910a1117b3b483ba20bd","name":"Kul","image":{"@type":"ImageObject","inLanguage":"bs-BA","@id":"https:\/\/sandzakpress.net\/arhiva\/#\/schema\/person\/image\/","url":"https:\/\/secure.gravatar.com\/avatar\/42263f39aa27ac04c43cab85c280eb2e?s=96&d=mm&r=pg","contentUrl":"https:\/\/secure.gravatar.com\/avatar\/42263f39aa27ac04c43cab85c280eb2e?s=96&d=mm&r=pg","caption":"Kul"},"logo":{"@id":"https:\/\/sandzakpress.net\/arhiva\/#\/schema\/person\/image\/"}},{"@type":"Person","@id":"https:\/\/sandzakpress.net\/arhiva\/#\/schema\/person\/cb59d7e3ab91ab90dd680ad0305a6185","name":"Agencija","image":{"@type":"ImageObject","inLanguage":"bs-BA","@id":"https:\/\/sandzakpress.net\/arhiva\/#\/schema\/person\/image\/","url":"https:\/\/secure.gravatar.com\/avatar\/4b7fafa80a22f0c2afe23966b3961fe0?s=96&d=mm&r=pg","contentUrl":"https:\/\/secure.gravatar.com\/avatar\/4b7fafa80a22f0c2afe23966b3961fe0?s=96&d=mm&r=pg","caption":"Agencija"},"url":"https:\/\/sandzakpress.net\/arhiva\/author\/agencija\/"}]}},"_links":{"self":[{"href":"https:\/\/sandzakpress.net\/arhiva\/wp-json\/wp\/v2\/posts\/194522"}],"collection":[{"href":"https:\/\/sandzakpress.net\/arhiva\/wp-json\/wp\/v2\/posts"}],"about":[{"href":"https:\/\/sandzakpress.net\/arhiva\/wp-json\/wp\/v2\/types\/post"}],"author":[{"embeddable":true,"href":"https:\/\/sandzakpress.net\/arhiva\/wp-json\/wp\/v2\/users\/509"}],"replies":[{"embeddable":true,"href":"https:\/\/sandzakpress.net\/arhiva\/wp-json\/wp\/v2\/comments?post=194522"}],"version-history":[{"count":0,"href":"https:\/\/sandzakpress.net\/arhiva\/wp-json\/wp\/v2\/posts\/194522\/revisions"}],"wp:featuredmedia":[{"embeddable":true,"href":"https:\/\/sandzakpress.net\/arhiva\/wp-json\/wp\/v2\/media\/194526"}],"wp:attachment":[{"href":"https:\/\/sandzakpress.net\/arhiva\/wp-json\/wp\/v2\/media?parent=194522"}],"wp:term":[{"taxonomy":"category","embeddable":true,"href":"https:\/\/sandzakpress.net\/arhiva\/wp-json\/wp\/v2\/categories?post=194522"},{"taxonomy":"post_tag","embeddable":true,"href":"https:\/\/sandzakpress.net\/arhiva\/wp-json\/wp\/v2\/tags?post=194522"}],"curies":[{"name":"wp","href":"https:\/\/api.w.org\/{rel}","templated":true}]}}