{"id":19437,"date":"2011-09-06T00:18:11","date_gmt":"2011-09-05T22:18:11","guid":{"rendered":"https:\/\/sandzakpress.net\/arhiva\/?p=19437"},"modified":"2011-09-06T00:18:11","modified_gmt":"2011-09-05T22:18:11","slug":"posjeta-studenata-regionalne-skole-helsinskog-komiteta-za-zastitu-ljudskih-prava-i-sloboda","status":"publish","type":"post","link":"https:\/\/sandzakpress.net\/arhiva\/posjeta-studenata-regionalne-skole-helsinskog-komiteta-za-zastitu-ljudskih-prava-i-sloboda\/","title":{"rendered":"Posjeta studenata Regionalne \u0161kole Helsin\u0161kog komiteta za za\u0161titu ljudskih prava i sloboda"},"content":{"rendered":"<p><strong><a href=\"https:\/\/sandzakpress.net\/arhiva\/wp-content\/uploads\/2011\/09\/studenti-regionalne-skole.jpg\"><img loading=\"lazy\" decoding=\"async\" class=\"alignleft size-medium wp-image-19438\" title=\"studenti-regionalne-skole\" src=\"https:\/\/sandzakpress.net\/arhiva\/wp-content\/uploads\/2011\/09\/studenti-regionalne-skole-300x173.jpg\" alt=\"\" width=\"198\" height=\"114\" \/><\/a>Novi Pazar &#8211; Danas je Bo\u0161nja\u010dko nacionalno vije\u0107e i Bo\u0161nja\u010dku kulturnu zajednicu posjetila grupa polaznika Regionalne \u0161kole Helsin\u0161kog komiteta za za\u0161titu ljudskih prava i sloboda.Njih su u prostorijama BNV-a primili predsjednik Odbora za za\u0161titu ljudskih prava i sloboda BNV-a prof. dr. Admir Muratovi\u0107 i predsjednik BKZ-a Jahja Fehratovi\u0107.<\/strong><\/p>\n<p>Tema ovogodi\u0161nje \u0161kole jeste\u00a0<em>Sand\u017eak<\/em> te su se isti do\u0161li upoznati sa realnom slikom Sand\u017eaka kako bi razbili stereotipe koji vladaju u srbijanskim i regionalnim medijima.<\/p>\n<p>Gospoda Muratovi\u0107 i Fehratovi\u0107 upoznali su ove mlade ljude iz cijelog regionalna Balkana sa djelovanjem BNV-a i BKZ-a kao i svim aktualnim temama vezanim za\u00a0<em>Sand\u017ea\u010dko pitanje<\/em>.<\/p>\n<p>Izvor: <strong>bkz.org.rs<\/strong><\/p>\n","protected":false},"excerpt":{"rendered":"<p>Novi Pazar &#8211; Danas je Bo\u0161nja\u010dko nacionalno vije\u0107e i Bo\u0161nja\u010dku kulturnu zajednicu posjetila grupa polaznika Regionalne \u0161kole Helsin\u0161kog komiteta za za\u0161titu ljudskih prava i sloboda.Njih su u prostorijama BNV-a primili predsjednik Odbora za za\u0161titu ljudskih prava i sloboda BNV-a prof. dr. Admir Muratovi\u0107 i predsjednik BKZ-a Jahja Fehratovi\u0107. Tema ovogodi\u0161nje \u0161kole jeste\u00a0Sand\u017eak te su se [&hellip;]<\/p>\n","protected":false},"author":14,"featured_media":19438,"comment_status":"open","ping_status":"open","sticky":false,"template":"","format":"standard","meta":{"footnotes":""},"categories":[72,5],"tags":[],"class_list":{"0":"post-19437","1":"post","2":"type-post","3":"status-publish","4":"format-standard","5":"has-post-thumbnail","7":"category-novi-pazar","8":"category-drustvo"},"yoast_head":"<!-- This site is optimized with the Yoast SEO Premium plugin v23.1 (Yoast SEO v24.9) - https:\/\/yoast.com\/wordpress\/plugins\/seo\/ -->\n<title>Posjeta studenata Regionalne \u0161kole Helsin\u0161kog komiteta za za\u0161titu ljudskih prava i sloboda<\/title>\n<meta name=\"robots\" content=\"index, follow, max-snippet:-1, max-image-preview:large, max-video-preview:-1\" \/>\n<link rel=\"canonical\" href=\"https:\/\/sandzakpress.net\/arhiva\/posjeta-studenata-regionalne-skole-helsinskog-komiteta-za-zastitu-ljudskih-prava-i-sloboda\/\" \/>\n<meta property=\"og:locale\" content=\"bs_BA\" \/>\n<meta property=\"og:type\" content=\"article\" \/>\n<meta property=\"og:title\" content=\"Posjeta studenata Regionalne \u0161kole Helsin\u0161kog komiteta za za\u0161titu ljudskih prava i sloboda\" \/>\n<meta property=\"og:description\" content=\"Novi Pazar &#8211; Danas je Bo\u0161nja\u010dko nacionalno vije\u0107e i Bo\u0161nja\u010dku kulturnu zajednicu posjetila grupa polaznika Regionalne \u0161kole Helsin\u0161kog komiteta za za\u0161titu ljudskih prava i sloboda.Njih su u prostorijama BNV-a primili predsjednik Odbora za za\u0161titu ljudskih prava i sloboda BNV-a prof. dr. Admir Muratovi\u0107 i predsjednik BKZ-a Jahja Fehratovi\u0107. Tema ovogodi\u0161nje \u0161kole jeste\u00a0Sand\u017eak te su se [&hellip;]\" \/>\n<meta property=\"og:url\" content=\"https:\/\/sandzakpress.net\/arhiva\/posjeta-studenata-regionalne-skole-helsinskog-komiteta-za-zastitu-ljudskih-prava-i-sloboda\/\" \/>\n<meta property=\"og:site_name\" content=\"Sand\u017eak PRESS\" \/>\n<meta property=\"article:published_time\" content=\"2011-09-05T22:18:11+00:00\" \/>\n<meta property=\"og:image\" content=\"https:\/\/sandzakpress.net\/arhiva\/wp-content\/uploads\/2011\/09\/studenti-regionalne-skole.jpg\" \/>\n\t<meta property=\"og:image:width\" content=\"600\" \/>\n\t<meta property=\"og:image:height\" content=\"347\" \/>\n\t<meta property=\"og:image:type\" content=\"image\/jpeg\" \/>\n<meta name=\"twitter:card\" content=\"summary_large_image\" \/>\n<meta name=\"twitter:label1\" content=\"Written by\" \/>\n\t<meta name=\"twitter:data1\" content=\"\" \/>\n\t<meta name=\"twitter:label2\" content=\"Est. reading time\" \/>\n\t<meta name=\"twitter:data2\" content=\"1 minuta\" \/>\n<script type=\"application\/ld+json\" class=\"yoast-schema-graph\">{\"@context\":\"https:\/\/schema.org\",\"@graph\":[{\"@type\":\"Article\",\"@id\":\"https:\/\/sandzakpress.net\/arhiva\/posjeta-studenata-regionalne-skole-helsinskog-komiteta-za-zastitu-ljudskih-prava-i-sloboda\/#article\",\"isPartOf\":{\"@id\":\"https:\/\/sandzakpress.net\/arhiva\/posjeta-studenata-regionalne-skole-helsinskog-komiteta-za-zastitu-ljudskih-prava-i-sloboda\/\"},\"author\":{\"name\":\"\",\"@id\":\"\"},\"headline\":\"Posjeta studenata Regionalne \u0161kole Helsin\u0161kog komiteta za za\u0161titu ljudskih prava i sloboda\",\"datePublished\":\"2011-09-05T22:18:11+00:00\",\"mainEntityOfPage\":{\"@id\":\"https:\/\/sandzakpress.net\/arhiva\/posjeta-studenata-regionalne-skole-helsinskog-komiteta-za-zastitu-ljudskih-prava-i-sloboda\/\"},\"wordCount\":134,\"commentCount\":0,\"publisher\":{\"@id\":\"https:\/\/sandzakpress.net\/arhiva\/#\/schema\/person\/6e72b67d6e51910a1117b3b483ba20bd\"},\"image\":{\"@id\":\"https:\/\/sandzakpress.net\/arhiva\/posjeta-studenata-regionalne-skole-helsinskog-komiteta-za-zastitu-ljudskih-prava-i-sloboda\/#primaryimage\"},\"thumbnailUrl\":\"https:\/\/sandzakpress.net\/arhiva\/wp-content\/uploads\/2011\/09\/studenti-regionalne-skole.jpg\",\"articleSection\":[\"Novi Pazar\",\"Dru\u0161tvo\"],\"inLanguage\":\"bs-BA\",\"potentialAction\":[{\"@type\":\"CommentAction\",\"name\":\"Comment\",\"target\":[\"https:\/\/sandzakpress.net\/arhiva\/posjeta-studenata-regionalne-skole-helsinskog-komiteta-za-zastitu-ljudskih-prava-i-sloboda\/#respond\"]}]},{\"@type\":\"WebPage\",\"@id\":\"https:\/\/sandzakpress.net\/arhiva\/posjeta-studenata-regionalne-skole-helsinskog-komiteta-za-zastitu-ljudskih-prava-i-sloboda\/\",\"url\":\"https:\/\/sandzakpress.net\/arhiva\/posjeta-studenata-regionalne-skole-helsinskog-komiteta-za-zastitu-ljudskih-prava-i-sloboda\/\",\"name\":\"Posjeta studenata Regionalne \u0161kole Helsin\u0161kog komiteta za za\u0161titu ljudskih prava i sloboda\",\"isPartOf\":{\"@id\":\"https:\/\/sandzakpress.net\/arhiva\/#website\"},\"primaryImageOfPage\":{\"@id\":\"https:\/\/sandzakpress.net\/arhiva\/posjeta-studenata-regionalne-skole-helsinskog-komiteta-za-zastitu-ljudskih-prava-i-sloboda\/#primaryimage\"},\"image\":{\"@id\":\"https:\/\/sandzakpress.net\/arhiva\/posjeta-studenata-regionalne-skole-helsinskog-komiteta-za-zastitu-ljudskih-prava-i-sloboda\/#primaryimage\"},\"thumbnailUrl\":\"https:\/\/sandzakpress.net\/arhiva\/wp-content\/uploads\/2011\/09\/studenti-regionalne-skole.jpg\",\"datePublished\":\"2011-09-05T22:18:11+00:00\",\"breadcrumb\":{\"@id\":\"https:\/\/sandzakpress.net\/arhiva\/posjeta-studenata-regionalne-skole-helsinskog-komiteta-za-zastitu-ljudskih-prava-i-sloboda\/#breadcrumb\"},\"inLanguage\":\"bs-BA\",\"potentialAction\":[{\"@type\":\"ReadAction\",\"target\":[\"https:\/\/sandzakpress.net\/arhiva\/posjeta-studenata-regionalne-skole-helsinskog-komiteta-za-zastitu-ljudskih-prava-i-sloboda\/\"]}]},{\"@type\":\"ImageObject\",\"inLanguage\":\"bs-BA\",\"@id\":\"https:\/\/sandzakpress.net\/arhiva\/posjeta-studenata-regionalne-skole-helsinskog-komiteta-za-zastitu-ljudskih-prava-i-sloboda\/#primaryimage\",\"url\":\"https:\/\/sandzakpress.net\/arhiva\/wp-content\/uploads\/2011\/09\/studenti-regionalne-skole.jpg\",\"contentUrl\":\"https:\/\/sandzakpress.net\/arhiva\/wp-content\/uploads\/2011\/09\/studenti-regionalne-skole.jpg\",\"width\":600,\"height\":347},{\"@type\":\"BreadcrumbList\",\"@id\":\"https:\/\/sandzakpress.net\/arhiva\/posjeta-studenata-regionalne-skole-helsinskog-komiteta-za-zastitu-ljudskih-prava-i-sloboda\/#breadcrumb\",\"itemListElement\":[{\"@type\":\"ListItem\",\"position\":1,\"name\":\"Home\",\"item\":\"https:\/\/sandzakpress.net\/arhiva\/\"},{\"@type\":\"ListItem\",\"position\":2,\"name\":\"Posjeta studenata Regionalne \u0161kole Helsin\u0161kog komiteta za za\u0161titu ljudskih prava i sloboda\"}]},{\"@type\":\"WebSite\",\"@id\":\"https:\/\/sandzakpress.net\/arhiva\/#website\",\"url\":\"https:\/\/sandzakpress.net\/arhiva\/\",\"name\":\"Sand\u017eak PRESS\",\"description\":\"Prve elektronske novine u Sand\u017eaku\",\"publisher\":{\"@id\":\"https:\/\/sandzakpress.net\/arhiva\/#\/schema\/person\/6e72b67d6e51910a1117b3b483ba20bd\"},\"potentialAction\":[{\"@type\":\"SearchAction\",\"target\":{\"@type\":\"EntryPoint\",\"urlTemplate\":\"https:\/\/sandzakpress.net\/arhiva\/?s={search_term_string}\"},\"query-input\":{\"@type\":\"PropertyValueSpecification\",\"valueRequired\":true,\"valueName\":\"search_term_string\"}}],\"inLanguage\":\"bs-BA\"},{\"@type\":[\"Person\",\"Organization\"],\"@id\":\"https:\/\/sandzakpress.net\/arhiva\/#\/schema\/person\/6e72b67d6e51910a1117b3b483ba20bd\",\"name\":\"Kul\",\"image\":{\"@type\":\"ImageObject\",\"inLanguage\":\"bs-BA\",\"@id\":\"https:\/\/sandzakpress.net\/arhiva\/#\/schema\/person\/image\/\",\"url\":\"https:\/\/secure.gravatar.com\/avatar\/42263f39aa27ac04c43cab85c280eb2e?s=96&d=mm&r=pg\",\"contentUrl\":\"https:\/\/secure.gravatar.com\/avatar\/42263f39aa27ac04c43cab85c280eb2e?s=96&d=mm&r=pg\",\"caption\":\"Kul\"},\"logo\":{\"@id\":\"https:\/\/sandzakpress.net\/arhiva\/#\/schema\/person\/image\/\"}},{\"@type\":\"Person\",\"@id\":\"\",\"url\":\"https:\/\/sandzakpress.net\/arhiva\/author\/\"}]}<\/script>\n<!-- \/ Yoast SEO Premium plugin. -->","yoast_head_json":{"title":"Posjeta studenata Regionalne \u0161kole Helsin\u0161kog komiteta za za\u0161titu ljudskih prava i sloboda","robots":{"index":"index","follow":"follow","max-snippet":"max-snippet:-1","max-image-preview":"max-image-preview:large","max-video-preview":"max-video-preview:-1"},"canonical":"https:\/\/sandzakpress.net\/arhiva\/posjeta-studenata-regionalne-skole-helsinskog-komiteta-za-zastitu-ljudskih-prava-i-sloboda\/","og_locale":"bs_BA","og_type":"article","og_title":"Posjeta studenata Regionalne \u0161kole Helsin\u0161kog komiteta za za\u0161titu ljudskih prava i sloboda","og_description":"Novi Pazar &#8211; Danas je Bo\u0161nja\u010dko nacionalno vije\u0107e i Bo\u0161nja\u010dku kulturnu zajednicu posjetila grupa polaznika Regionalne \u0161kole Helsin\u0161kog komiteta za za\u0161titu ljudskih prava i sloboda.Njih su u prostorijama BNV-a primili predsjednik Odbora za za\u0161titu ljudskih prava i sloboda BNV-a prof. dr. Admir Muratovi\u0107 i predsjednik BKZ-a Jahja Fehratovi\u0107. Tema ovogodi\u0161nje \u0161kole jeste\u00a0Sand\u017eak te su se [&hellip;]","og_url":"https:\/\/sandzakpress.net\/arhiva\/posjeta-studenata-regionalne-skole-helsinskog-komiteta-za-zastitu-ljudskih-prava-i-sloboda\/","og_site_name":"Sand\u017eak PRESS","article_published_time":"2011-09-05T22:18:11+00:00","og_image":[{"width":600,"height":347,"url":"https:\/\/sandzakpress.net\/arhiva\/wp-content\/uploads\/2011\/09\/studenti-regionalne-skole.jpg","type":"image\/jpeg"}],"twitter_card":"summary_large_image","twitter_misc":{"Written by":"","Est. reading time":"1 minuta"},"schema":{"@context":"https:\/\/schema.org","@graph":[{"@type":"Article","@id":"https:\/\/sandzakpress.net\/arhiva\/posjeta-studenata-regionalne-skole-helsinskog-komiteta-za-zastitu-ljudskih-prava-i-sloboda\/#article","isPartOf":{"@id":"https:\/\/sandzakpress.net\/arhiva\/posjeta-studenata-regionalne-skole-helsinskog-komiteta-za-zastitu-ljudskih-prava-i-sloboda\/"},"author":{"name":"","@id":""},"headline":"Posjeta studenata Regionalne \u0161kole Helsin\u0161kog komiteta za za\u0161titu ljudskih prava i sloboda","datePublished":"2011-09-05T22:18:11+00:00","mainEntityOfPage":{"@id":"https:\/\/sandzakpress.net\/arhiva\/posjeta-studenata-regionalne-skole-helsinskog-komiteta-za-zastitu-ljudskih-prava-i-sloboda\/"},"wordCount":134,"commentCount":0,"publisher":{"@id":"https:\/\/sandzakpress.net\/arhiva\/#\/schema\/person\/6e72b67d6e51910a1117b3b483ba20bd"},"image":{"@id":"https:\/\/sandzakpress.net\/arhiva\/posjeta-studenata-regionalne-skole-helsinskog-komiteta-za-zastitu-ljudskih-prava-i-sloboda\/#primaryimage"},"thumbnailUrl":"https:\/\/sandzakpress.net\/arhiva\/wp-content\/uploads\/2011\/09\/studenti-regionalne-skole.jpg","articleSection":["Novi Pazar","Dru\u0161tvo"],"inLanguage":"bs-BA","potentialAction":[{"@type":"CommentAction","name":"Comment","target":["https:\/\/sandzakpress.net\/arhiva\/posjeta-studenata-regionalne-skole-helsinskog-komiteta-za-zastitu-ljudskih-prava-i-sloboda\/#respond"]}]},{"@type":"WebPage","@id":"https:\/\/sandzakpress.net\/arhiva\/posjeta-studenata-regionalne-skole-helsinskog-komiteta-za-zastitu-ljudskih-prava-i-sloboda\/","url":"https:\/\/sandzakpress.net\/arhiva\/posjeta-studenata-regionalne-skole-helsinskog-komiteta-za-zastitu-ljudskih-prava-i-sloboda\/","name":"Posjeta studenata Regionalne \u0161kole Helsin\u0161kog komiteta za za\u0161titu ljudskih prava i sloboda","isPartOf":{"@id":"https:\/\/sandzakpress.net\/arhiva\/#website"},"primaryImageOfPage":{"@id":"https:\/\/sandzakpress.net\/arhiva\/posjeta-studenata-regionalne-skole-helsinskog-komiteta-za-zastitu-ljudskih-prava-i-sloboda\/#primaryimage"},"image":{"@id":"https:\/\/sandzakpress.net\/arhiva\/posjeta-studenata-regionalne-skole-helsinskog-komiteta-za-zastitu-ljudskih-prava-i-sloboda\/#primaryimage"},"thumbnailUrl":"https:\/\/sandzakpress.net\/arhiva\/wp-content\/uploads\/2011\/09\/studenti-regionalne-skole.jpg","datePublished":"2011-09-05T22:18:11+00:00","breadcrumb":{"@id":"https:\/\/sandzakpress.net\/arhiva\/posjeta-studenata-regionalne-skole-helsinskog-komiteta-za-zastitu-ljudskih-prava-i-sloboda\/#breadcrumb"},"inLanguage":"bs-BA","potentialAction":[{"@type":"ReadAction","target":["https:\/\/sandzakpress.net\/arhiva\/posjeta-studenata-regionalne-skole-helsinskog-komiteta-za-zastitu-ljudskih-prava-i-sloboda\/"]}]},{"@type":"ImageObject","inLanguage":"bs-BA","@id":"https:\/\/sandzakpress.net\/arhiva\/posjeta-studenata-regionalne-skole-helsinskog-komiteta-za-zastitu-ljudskih-prava-i-sloboda\/#primaryimage","url":"https:\/\/sandzakpress.net\/arhiva\/wp-content\/uploads\/2011\/09\/studenti-regionalne-skole.jpg","contentUrl":"https:\/\/sandzakpress.net\/arhiva\/wp-content\/uploads\/2011\/09\/studenti-regionalne-skole.jpg","width":600,"height":347},{"@type":"BreadcrumbList","@id":"https:\/\/sandzakpress.net\/arhiva\/posjeta-studenata-regionalne-skole-helsinskog-komiteta-za-zastitu-ljudskih-prava-i-sloboda\/#breadcrumb","itemListElement":[{"@type":"ListItem","position":1,"name":"Home","item":"https:\/\/sandzakpress.net\/arhiva\/"},{"@type":"ListItem","position":2,"name":"Posjeta studenata Regionalne \u0161kole Helsin\u0161kog komiteta za za\u0161titu ljudskih prava i sloboda"}]},{"@type":"WebSite","@id":"https:\/\/sandzakpress.net\/arhiva\/#website","url":"https:\/\/sandzakpress.net\/arhiva\/","name":"Sand\u017eak PRESS","description":"Prve elektronske novine u Sand\u017eaku","publisher":{"@id":"https:\/\/sandzakpress.net\/arhiva\/#\/schema\/person\/6e72b67d6e51910a1117b3b483ba20bd"},"potentialAction":[{"@type":"SearchAction","target":{"@type":"EntryPoint","urlTemplate":"https:\/\/sandzakpress.net\/arhiva\/?s={search_term_string}"},"query-input":{"@type":"PropertyValueSpecification","valueRequired":true,"valueName":"search_term_string"}}],"inLanguage":"bs-BA"},{"@type":["Person","Organization"],"@id":"https:\/\/sandzakpress.net\/arhiva\/#\/schema\/person\/6e72b67d6e51910a1117b3b483ba20bd","name":"Kul","image":{"@type":"ImageObject","inLanguage":"bs-BA","@id":"https:\/\/sandzakpress.net\/arhiva\/#\/schema\/person\/image\/","url":"https:\/\/secure.gravatar.com\/avatar\/42263f39aa27ac04c43cab85c280eb2e?s=96&d=mm&r=pg","contentUrl":"https:\/\/secure.gravatar.com\/avatar\/42263f39aa27ac04c43cab85c280eb2e?s=96&d=mm&r=pg","caption":"Kul"},"logo":{"@id":"https:\/\/sandzakpress.net\/arhiva\/#\/schema\/person\/image\/"}},{"@type":"Person","@id":"","url":"https:\/\/sandzakpress.net\/arhiva\/author\/"}]}},"_links":{"self":[{"href":"https:\/\/sandzakpress.net\/arhiva\/wp-json\/wp\/v2\/posts\/19437"}],"collection":[{"href":"https:\/\/sandzakpress.net\/arhiva\/wp-json\/wp\/v2\/posts"}],"about":[{"href":"https:\/\/sandzakpress.net\/arhiva\/wp-json\/wp\/v2\/types\/post"}],"author":[{"embeddable":true,"href":"https:\/\/sandzakpress.net\/arhiva\/wp-json\/wp\/v2\/users\/14"}],"replies":[{"embeddable":true,"href":"https:\/\/sandzakpress.net\/arhiva\/wp-json\/wp\/v2\/comments?post=19437"}],"version-history":[{"count":0,"href":"https:\/\/sandzakpress.net\/arhiva\/wp-json\/wp\/v2\/posts\/19437\/revisions"}],"wp:featuredmedia":[{"embeddable":true,"href":"https:\/\/sandzakpress.net\/arhiva\/wp-json\/wp\/v2\/media\/19438"}],"wp:attachment":[{"href":"https:\/\/sandzakpress.net\/arhiva\/wp-json\/wp\/v2\/media?parent=19437"}],"wp:term":[{"taxonomy":"category","embeddable":true,"href":"https:\/\/sandzakpress.net\/arhiva\/wp-json\/wp\/v2\/categories?post=19437"},{"taxonomy":"post_tag","embeddable":true,"href":"https:\/\/sandzakpress.net\/arhiva\/wp-json\/wp\/v2\/tags?post=19437"}],"curies":[{"name":"wp","href":"https:\/\/api.w.org\/{rel}","templated":true}]}}