{"id":194337,"date":"2017-09-09T12:43:17","date_gmt":"2017-09-09T10:43:17","guid":{"rendered":"https:\/\/sandzakpress.net\/arhiva\/?p=194337"},"modified":"2017-09-09T12:10:26","modified_gmt":"2017-09-09T10:10:26","slug":"kurbanska-akcija-uspjesno-realizovana","status":"publish","type":"post","link":"https:\/\/sandzakpress.net\/arhiva\/kurbanska-akcija-uspjesno-realizovana\/","title":{"rendered":"Kurbanska akcija uspje\u0161no realizovana"},"content":{"rendered":"<p class=\"x_MsoNormal\"><img decoding=\"async\" src=\"http:\/\/radiopuls.lu\/wp-content\/uploads\/2016\/08\/kurban-bajram.jpg\" alt=\"\u0420\u0435\u0437\u0443\u043b\u0442\u0430\u0442 \u0441\u043b\u0438\u043a\u0430 \u0437\u0430 kurban\" \/><\/p>\n<p class=\"x_MsoNormal\"><strong>U organizaciji Me\u0161ihata Islamske zajednice u Srbiji i ovogodi\u0161nja kurbanska akcija uspje\u0161no je realizovana, te po broju upla\u0107enih i poklonjenih kurbana prelazi pro\u0161logodi\u0161nje pokazatelje.<\/strong><\/p>\n<p class=\"x_MsoNormal\">Ina\u010de, od ukupnog broja upla\u0107enih kurbana 97% su od muslimana u Sand\u017eaku i dijaspori, a 3% od stranih humanitarnih organizacija.<\/p>\n<p class=\"x_MsoNormal\">Molimo Allaha d\u017e.\u0161. da obilato nagradi vjernike koji su obavili ovu islamsku du\u017enost te da njima i njihovim porodicama kurbani budu zamjena za isku\u0161enja koja ih mogu zadesiti.<\/p>\n","protected":false},"excerpt":{"rendered":"<p>U organizaciji Me\u0161ihata Islamske zajednice u Srbiji i ovogodi\u0161nja kurbanska akcija uspje\u0161no je realizovana, te po broju upla\u0107enih i poklonjenih kurbana prelazi pro\u0161logodi\u0161nje pokazatelje. Ina\u010de, od ukupnog broja upla\u0107enih kurbana 97% su od muslimana u Sand\u017eaku i dijaspori, a 3% od stranih humanitarnih organizacija. Molimo Allaha d\u017e.\u0161. da obilato nagradi vjernike koji su obavili ovu [&hellip;]<\/p>\n","protected":false},"author":509,"featured_media":194361,"comment_status":"open","ping_status":"open","sticky":false,"template":"","format":"standard","meta":{"footnotes":""},"categories":[72,52,327,392,802,393,394],"tags":[],"class_list":{"0":"post-194337","1":"post","2":"type-post","3":"status-publish","4":"format-standard","5":"has-post-thumbnail","7":"category-novi-pazar","8":"category-sjenica","9":"category-tutin","10":"category-prijepolje_","11":"category-islamska_zajednica","12":"category-priboj","13":"category-nova-varos"},"yoast_head":"<!-- This site is optimized with the Yoast SEO Premium plugin v23.1 (Yoast SEO v24.9) - https:\/\/yoast.com\/wordpress\/plugins\/seo\/ -->\n<title>Kurbanska akcija uspje\u0161no realizovana<\/title>\n<meta name=\"robots\" content=\"index, follow, max-snippet:-1, max-image-preview:large, max-video-preview:-1\" \/>\n<link rel=\"canonical\" href=\"https:\/\/sandzakpress.net\/arhiva\/kurbanska-akcija-uspjesno-realizovana\/\" \/>\n<meta property=\"og:locale\" content=\"bs_BA\" \/>\n<meta property=\"og:type\" content=\"article\" \/>\n<meta property=\"og:title\" content=\"Kurbanska akcija uspje\u0161no realizovana\" \/>\n<meta property=\"og:description\" content=\"U organizaciji Me\u0161ihata Islamske zajednice u Srbiji i ovogodi\u0161nja kurbanska akcija uspje\u0161no je realizovana, te po broju upla\u0107enih i poklonjenih kurbana prelazi pro\u0161logodi\u0161nje pokazatelje. Ina\u010de, od ukupnog broja upla\u0107enih kurbana 97% su od muslimana u Sand\u017eaku i dijaspori, a 3% od stranih humanitarnih organizacija. Molimo Allaha d\u017e.\u0161. da obilato nagradi vjernike koji su obavili ovu [&hellip;]\" \/>\n<meta property=\"og:url\" content=\"https:\/\/sandzakpress.net\/arhiva\/kurbanska-akcija-uspjesno-realizovana\/\" \/>\n<meta property=\"og:site_name\" content=\"Sand\u017eak PRESS\" \/>\n<meta property=\"article:published_time\" content=\"2017-09-09T10:43:17+00:00\" \/>\n<meta property=\"og:image\" content=\"https:\/\/sandzakpress.net\/arhiva\/wp-content\/uploads\/2017\/09\/kurban-bajram.jpg\" \/>\n\t<meta property=\"og:image:width\" content=\"955\" \/>\n\t<meta property=\"og:image:height\" content=\"646\" \/>\n\t<meta property=\"og:image:type\" content=\"image\/jpeg\" \/>\n<meta name=\"author\" content=\"Agencija\" \/>\n<meta name=\"twitter:card\" content=\"summary_large_image\" \/>\n<meta name=\"twitter:label1\" content=\"Written by\" \/>\n\t<meta name=\"twitter:data1\" content=\"Agencija\" \/>\n<script type=\"application\/ld+json\" class=\"yoast-schema-graph\">{\"@context\":\"https:\/\/schema.org\",\"@graph\":[{\"@type\":\"Article\",\"@id\":\"https:\/\/sandzakpress.net\/arhiva\/kurbanska-akcija-uspjesno-realizovana\/#article\",\"isPartOf\":{\"@id\":\"https:\/\/sandzakpress.net\/arhiva\/kurbanska-akcija-uspjesno-realizovana\/\"},\"author\":{\"name\":\"Agencija\",\"@id\":\"https:\/\/sandzakpress.net\/arhiva\/#\/schema\/person\/cb59d7e3ab91ab90dd680ad0305a6185\"},\"headline\":\"Kurbanska akcija uspje\u0161no realizovana\",\"datePublished\":\"2017-09-09T10:43:17+00:00\",\"mainEntityOfPage\":{\"@id\":\"https:\/\/sandzakpress.net\/arhiva\/kurbanska-akcija-uspjesno-realizovana\/\"},\"wordCount\":86,\"commentCount\":1,\"publisher\":{\"@id\":\"https:\/\/sandzakpress.net\/arhiva\/#\/schema\/person\/6e72b67d6e51910a1117b3b483ba20bd\"},\"image\":{\"@id\":\"https:\/\/sandzakpress.net\/arhiva\/kurbanska-akcija-uspjesno-realizovana\/#primaryimage\"},\"thumbnailUrl\":\"https:\/\/sandzakpress.net\/arhiva\/wp-content\/uploads\/2017\/09\/kurban-bajram.jpg\",\"articleSection\":[\"Novi Pazar\",\"Sjenica\",\"Tutin\",\"Prijepolje\",\"Islamska zajednica\",\"Priboj\",\"Nova Varo\u0161\"],\"inLanguage\":\"bs-BA\",\"potentialAction\":[{\"@type\":\"CommentAction\",\"name\":\"Comment\",\"target\":[\"https:\/\/sandzakpress.net\/arhiva\/kurbanska-akcija-uspjesno-realizovana\/#respond\"]}]},{\"@type\":\"WebPage\",\"@id\":\"https:\/\/sandzakpress.net\/arhiva\/kurbanska-akcija-uspjesno-realizovana\/\",\"url\":\"https:\/\/sandzakpress.net\/arhiva\/kurbanska-akcija-uspjesno-realizovana\/\",\"name\":\"Kurbanska akcija uspje\u0161no realizovana\",\"isPartOf\":{\"@id\":\"https:\/\/sandzakpress.net\/arhiva\/#website\"},\"primaryImageOfPage\":{\"@id\":\"https:\/\/sandzakpress.net\/arhiva\/kurbanska-akcija-uspjesno-realizovana\/#primaryimage\"},\"image\":{\"@id\":\"https:\/\/sandzakpress.net\/arhiva\/kurbanska-akcija-uspjesno-realizovana\/#primaryimage\"},\"thumbnailUrl\":\"https:\/\/sandzakpress.net\/arhiva\/wp-content\/uploads\/2017\/09\/kurban-bajram.jpg\",\"datePublished\":\"2017-09-09T10:43:17+00:00\",\"breadcrumb\":{\"@id\":\"https:\/\/sandzakpress.net\/arhiva\/kurbanska-akcija-uspjesno-realizovana\/#breadcrumb\"},\"inLanguage\":\"bs-BA\",\"potentialAction\":[{\"@type\":\"ReadAction\",\"target\":[\"https:\/\/sandzakpress.net\/arhiva\/kurbanska-akcija-uspjesno-realizovana\/\"]}]},{\"@type\":\"ImageObject\",\"inLanguage\":\"bs-BA\",\"@id\":\"https:\/\/sandzakpress.net\/arhiva\/kurbanska-akcija-uspjesno-realizovana\/#primaryimage\",\"url\":\"https:\/\/sandzakpress.net\/arhiva\/wp-content\/uploads\/2017\/09\/kurban-bajram.jpg\",\"contentUrl\":\"https:\/\/sandzakpress.net\/arhiva\/wp-content\/uploads\/2017\/09\/kurban-bajram.jpg\",\"width\":955,\"height\":646},{\"@type\":\"BreadcrumbList\",\"@id\":\"https:\/\/sandzakpress.net\/arhiva\/kurbanska-akcija-uspjesno-realizovana\/#breadcrumb\",\"itemListElement\":[{\"@type\":\"ListItem\",\"position\":1,\"name\":\"Home\",\"item\":\"https:\/\/sandzakpress.net\/arhiva\/\"},{\"@type\":\"ListItem\",\"position\":2,\"name\":\"Kurbanska akcija uspje\u0161no realizovana\"}]},{\"@type\":\"WebSite\",\"@id\":\"https:\/\/sandzakpress.net\/arhiva\/#website\",\"url\":\"https:\/\/sandzakpress.net\/arhiva\/\",\"name\":\"Sand\u017eak PRESS\",\"description\":\"Prve elektronske novine u Sand\u017eaku\",\"publisher\":{\"@id\":\"https:\/\/sandzakpress.net\/arhiva\/#\/schema\/person\/6e72b67d6e51910a1117b3b483ba20bd\"},\"potentialAction\":[{\"@type\":\"SearchAction\",\"target\":{\"@type\":\"EntryPoint\",\"urlTemplate\":\"https:\/\/sandzakpress.net\/arhiva\/?s={search_term_string}\"},\"query-input\":{\"@type\":\"PropertyValueSpecification\",\"valueRequired\":true,\"valueName\":\"search_term_string\"}}],\"inLanguage\":\"bs-BA\"},{\"@type\":[\"Person\",\"Organization\"],\"@id\":\"https:\/\/sandzakpress.net\/arhiva\/#\/schema\/person\/6e72b67d6e51910a1117b3b483ba20bd\",\"name\":\"Kul\",\"image\":{\"@type\":\"ImageObject\",\"inLanguage\":\"bs-BA\",\"@id\":\"https:\/\/sandzakpress.net\/arhiva\/#\/schema\/person\/image\/\",\"url\":\"https:\/\/secure.gravatar.com\/avatar\/42263f39aa27ac04c43cab85c280eb2e?s=96&d=mm&r=pg\",\"contentUrl\":\"https:\/\/secure.gravatar.com\/avatar\/42263f39aa27ac04c43cab85c280eb2e?s=96&d=mm&r=pg\",\"caption\":\"Kul\"},\"logo\":{\"@id\":\"https:\/\/sandzakpress.net\/arhiva\/#\/schema\/person\/image\/\"}},{\"@type\":\"Person\",\"@id\":\"https:\/\/sandzakpress.net\/arhiva\/#\/schema\/person\/cb59d7e3ab91ab90dd680ad0305a6185\",\"name\":\"Agencija\",\"image\":{\"@type\":\"ImageObject\",\"inLanguage\":\"bs-BA\",\"@id\":\"https:\/\/sandzakpress.net\/arhiva\/#\/schema\/person\/image\/\",\"url\":\"https:\/\/secure.gravatar.com\/avatar\/4b7fafa80a22f0c2afe23966b3961fe0?s=96&d=mm&r=pg\",\"contentUrl\":\"https:\/\/secure.gravatar.com\/avatar\/4b7fafa80a22f0c2afe23966b3961fe0?s=96&d=mm&r=pg\",\"caption\":\"Agencija\"},\"url\":\"https:\/\/sandzakpress.net\/arhiva\/author\/agencija\/\"}]}<\/script>\n<!-- \/ Yoast SEO Premium plugin. -->","yoast_head_json":{"title":"Kurbanska akcija uspje\u0161no realizovana","robots":{"index":"index","follow":"follow","max-snippet":"max-snippet:-1","max-image-preview":"max-image-preview:large","max-video-preview":"max-video-preview:-1"},"canonical":"https:\/\/sandzakpress.net\/arhiva\/kurbanska-akcija-uspjesno-realizovana\/","og_locale":"bs_BA","og_type":"article","og_title":"Kurbanska akcija uspje\u0161no realizovana","og_description":"U organizaciji Me\u0161ihata Islamske zajednice u Srbiji i ovogodi\u0161nja kurbanska akcija uspje\u0161no je realizovana, te po broju upla\u0107enih i poklonjenih kurbana prelazi pro\u0161logodi\u0161nje pokazatelje. Ina\u010de, od ukupnog broja upla\u0107enih kurbana 97% su od muslimana u Sand\u017eaku i dijaspori, a 3% od stranih humanitarnih organizacija. Molimo Allaha d\u017e.\u0161. da obilato nagradi vjernike koji su obavili ovu [&hellip;]","og_url":"https:\/\/sandzakpress.net\/arhiva\/kurbanska-akcija-uspjesno-realizovana\/","og_site_name":"Sand\u017eak PRESS","article_published_time":"2017-09-09T10:43:17+00:00","og_image":[{"width":955,"height":646,"url":"https:\/\/sandzakpress.net\/arhiva\/wp-content\/uploads\/2017\/09\/kurban-bajram.jpg","type":"image\/jpeg"}],"author":"Agencija","twitter_card":"summary_large_image","twitter_misc":{"Written by":"Agencija"},"schema":{"@context":"https:\/\/schema.org","@graph":[{"@type":"Article","@id":"https:\/\/sandzakpress.net\/arhiva\/kurbanska-akcija-uspjesno-realizovana\/#article","isPartOf":{"@id":"https:\/\/sandzakpress.net\/arhiva\/kurbanska-akcija-uspjesno-realizovana\/"},"author":{"name":"Agencija","@id":"https:\/\/sandzakpress.net\/arhiva\/#\/schema\/person\/cb59d7e3ab91ab90dd680ad0305a6185"},"headline":"Kurbanska akcija uspje\u0161no realizovana","datePublished":"2017-09-09T10:43:17+00:00","mainEntityOfPage":{"@id":"https:\/\/sandzakpress.net\/arhiva\/kurbanska-akcija-uspjesno-realizovana\/"},"wordCount":86,"commentCount":1,"publisher":{"@id":"https:\/\/sandzakpress.net\/arhiva\/#\/schema\/person\/6e72b67d6e51910a1117b3b483ba20bd"},"image":{"@id":"https:\/\/sandzakpress.net\/arhiva\/kurbanska-akcija-uspjesno-realizovana\/#primaryimage"},"thumbnailUrl":"https:\/\/sandzakpress.net\/arhiva\/wp-content\/uploads\/2017\/09\/kurban-bajram.jpg","articleSection":["Novi Pazar","Sjenica","Tutin","Prijepolje","Islamska zajednica","Priboj","Nova Varo\u0161"],"inLanguage":"bs-BA","potentialAction":[{"@type":"CommentAction","name":"Comment","target":["https:\/\/sandzakpress.net\/arhiva\/kurbanska-akcija-uspjesno-realizovana\/#respond"]}]},{"@type":"WebPage","@id":"https:\/\/sandzakpress.net\/arhiva\/kurbanska-akcija-uspjesno-realizovana\/","url":"https:\/\/sandzakpress.net\/arhiva\/kurbanska-akcija-uspjesno-realizovana\/","name":"Kurbanska akcija uspje\u0161no realizovana","isPartOf":{"@id":"https:\/\/sandzakpress.net\/arhiva\/#website"},"primaryImageOfPage":{"@id":"https:\/\/sandzakpress.net\/arhiva\/kurbanska-akcija-uspjesno-realizovana\/#primaryimage"},"image":{"@id":"https:\/\/sandzakpress.net\/arhiva\/kurbanska-akcija-uspjesno-realizovana\/#primaryimage"},"thumbnailUrl":"https:\/\/sandzakpress.net\/arhiva\/wp-content\/uploads\/2017\/09\/kurban-bajram.jpg","datePublished":"2017-09-09T10:43:17+00:00","breadcrumb":{"@id":"https:\/\/sandzakpress.net\/arhiva\/kurbanska-akcija-uspjesno-realizovana\/#breadcrumb"},"inLanguage":"bs-BA","potentialAction":[{"@type":"ReadAction","target":["https:\/\/sandzakpress.net\/arhiva\/kurbanska-akcija-uspjesno-realizovana\/"]}]},{"@type":"ImageObject","inLanguage":"bs-BA","@id":"https:\/\/sandzakpress.net\/arhiva\/kurbanska-akcija-uspjesno-realizovana\/#primaryimage","url":"https:\/\/sandzakpress.net\/arhiva\/wp-content\/uploads\/2017\/09\/kurban-bajram.jpg","contentUrl":"https:\/\/sandzakpress.net\/arhiva\/wp-content\/uploads\/2017\/09\/kurban-bajram.jpg","width":955,"height":646},{"@type":"BreadcrumbList","@id":"https:\/\/sandzakpress.net\/arhiva\/kurbanska-akcija-uspjesno-realizovana\/#breadcrumb","itemListElement":[{"@type":"ListItem","position":1,"name":"Home","item":"https:\/\/sandzakpress.net\/arhiva\/"},{"@type":"ListItem","position":2,"name":"Kurbanska akcija uspje\u0161no realizovana"}]},{"@type":"WebSite","@id":"https:\/\/sandzakpress.net\/arhiva\/#website","url":"https:\/\/sandzakpress.net\/arhiva\/","name":"Sand\u017eak PRESS","description":"Prve elektronske novine u Sand\u017eaku","publisher":{"@id":"https:\/\/sandzakpress.net\/arhiva\/#\/schema\/person\/6e72b67d6e51910a1117b3b483ba20bd"},"potentialAction":[{"@type":"SearchAction","target":{"@type":"EntryPoint","urlTemplate":"https:\/\/sandzakpress.net\/arhiva\/?s={search_term_string}"},"query-input":{"@type":"PropertyValueSpecification","valueRequired":true,"valueName":"search_term_string"}}],"inLanguage":"bs-BA"},{"@type":["Person","Organization"],"@id":"https:\/\/sandzakpress.net\/arhiva\/#\/schema\/person\/6e72b67d6e51910a1117b3b483ba20bd","name":"Kul","image":{"@type":"ImageObject","inLanguage":"bs-BA","@id":"https:\/\/sandzakpress.net\/arhiva\/#\/schema\/person\/image\/","url":"https:\/\/secure.gravatar.com\/avatar\/42263f39aa27ac04c43cab85c280eb2e?s=96&d=mm&r=pg","contentUrl":"https:\/\/secure.gravatar.com\/avatar\/42263f39aa27ac04c43cab85c280eb2e?s=96&d=mm&r=pg","caption":"Kul"},"logo":{"@id":"https:\/\/sandzakpress.net\/arhiva\/#\/schema\/person\/image\/"}},{"@type":"Person","@id":"https:\/\/sandzakpress.net\/arhiva\/#\/schema\/person\/cb59d7e3ab91ab90dd680ad0305a6185","name":"Agencija","image":{"@type":"ImageObject","inLanguage":"bs-BA","@id":"https:\/\/sandzakpress.net\/arhiva\/#\/schema\/person\/image\/","url":"https:\/\/secure.gravatar.com\/avatar\/4b7fafa80a22f0c2afe23966b3961fe0?s=96&d=mm&r=pg","contentUrl":"https:\/\/secure.gravatar.com\/avatar\/4b7fafa80a22f0c2afe23966b3961fe0?s=96&d=mm&r=pg","caption":"Agencija"},"url":"https:\/\/sandzakpress.net\/arhiva\/author\/agencija\/"}]}},"_links":{"self":[{"href":"https:\/\/sandzakpress.net\/arhiva\/wp-json\/wp\/v2\/posts\/194337"}],"collection":[{"href":"https:\/\/sandzakpress.net\/arhiva\/wp-json\/wp\/v2\/posts"}],"about":[{"href":"https:\/\/sandzakpress.net\/arhiva\/wp-json\/wp\/v2\/types\/post"}],"author":[{"embeddable":true,"href":"https:\/\/sandzakpress.net\/arhiva\/wp-json\/wp\/v2\/users\/509"}],"replies":[{"embeddable":true,"href":"https:\/\/sandzakpress.net\/arhiva\/wp-json\/wp\/v2\/comments?post=194337"}],"version-history":[{"count":0,"href":"https:\/\/sandzakpress.net\/arhiva\/wp-json\/wp\/v2\/posts\/194337\/revisions"}],"wp:featuredmedia":[{"embeddable":true,"href":"https:\/\/sandzakpress.net\/arhiva\/wp-json\/wp\/v2\/media\/194361"}],"wp:attachment":[{"href":"https:\/\/sandzakpress.net\/arhiva\/wp-json\/wp\/v2\/media?parent=194337"}],"wp:term":[{"taxonomy":"category","embeddable":true,"href":"https:\/\/sandzakpress.net\/arhiva\/wp-json\/wp\/v2\/categories?post=194337"},{"taxonomy":"post_tag","embeddable":true,"href":"https:\/\/sandzakpress.net\/arhiva\/wp-json\/wp\/v2\/tags?post=194337"}],"curies":[{"name":"wp","href":"https:\/\/api.w.org\/{rel}","templated":true}]}}