{"id":194164,"date":"2017-09-05T13:10:31","date_gmt":"2017-09-05T11:10:31","guid":{"rendered":"https:\/\/sandzakpress.net\/arhiva\/amel-sejfovic-jos-uvijek-nije-uhapsen"},"modified":"2017-09-05T13:10:31","modified_gmt":"2017-09-05T11:10:31","slug":"amel-sejfovic-jos-uvijek-nije-uhapsen","status":"publish","type":"post","link":"https:\/\/sandzakpress.net\/arhiva\/amel-sejfovic-jos-uvijek-nije-uhapsen\/","title":{"rendered":"Amel Sejfovi\u0107 jo\u0161 uvijek nije uhap\u0161en"},"content":{"rendered":"<p><span class=\"cb-itemprop\"><\/p>\n<p><strong><img decoding=\"async\" src=\"https:\/\/static.klix.ba\/media\/images\/vijesti\/b_170905003.jpg?v=1\" alt=\"Amel Sejfovi\u0107 jo\u0161 uvijek nije uhap\u0161en\" \/><\/strong><\/p>\n<div class=\"uvod uvod-clanka hidden-xs\"><strong>Zatvorenik Amel Sejfovi\u0107 koji je u nedjelju uz pomo\u0107 nekolicine slu\u017ebenika pobjegao iz KPZ Sarajevo jo\u0161 uvijek nije priveden pravdi.<\/strong>\n<\/div>\n<div class=\"tekst clanak_vijesti\">Iz Operativnog centra Ministarstva unutra\u0161njih poslova Kantona Sarajevo za Klix.ba je potvr\u0111eno kako potraga za vi\u0161estrukim prestupnikom jo\u0161 uvijek traje.<\/p>\n<p>On je pobjegao u nedjelju oko 14 sati, a nedugo nakon toga u sarajevskom naselju Ciglane prona\u0111en je motocikl koji je koristio prilikom bijega. Tokom ponedjeljka u\u00a0<a href=\"https:\/\/www.klix.ba\/vijesti\/bih\/osumnjiceni-za-pomaganje-u-bjekstvu-amela-sejfovica-predati-tuzilastvu-ks\/170904079\">Sarajevu\u00a0<\/a>i\u00a0<a href=\"https:\/\/www.klix.ba\/vijesti\/bih\/na-podrucju-zdk-uhapsene-jos-dvije-osobe-koje-su-pomagale-amelu-sejfovicu-u-bjekstvu\/170904103\">Zenici\u00a0<\/a>uhap\u0161eno je \u0161est osoba za koje se sumnja da su Sejfovi\u0107u pomagale u protuzakonitom izlasku iz KPZ Sarajevo, me\u0111u njima su \u010duvari KPZ-a i medicinski tehni\u010dar.<\/p>\n<p>Sejfovi\u0107 je bio optu\u017een za poku\u0161aj ubistva Davora Mili\u0107a 2009., za o\u0161te\u0107enje tu\u0111e stvari 2013., te za plja\u010dku Raiffeisen banke u sarajevskom naselju Ilid\u017ea 2015. godine kada je poginuo biciklista Kemo Ba\u0161i\u0107.<\/p>\n<\/div>\n<div><\/div>\n<div>(klix)<\/div>\n<p><\/span><br \/>\nPogledajte vijest na izvornom sajtu:<\/p>\n<p><a href=\"http:\/\/bosnapress.net\/amel-sejfovic-jos-uvijek-nije-uhapsen\/\" target=\"_blank\">Amel Sejfovi\u0107 jo\u0161 uvijek nije uhap\u0161en<\/a><\/p>\n","protected":false},"excerpt":{"rendered":"<p>Zatvorenik Amel Sejfovi\u0107 koji je u nedjelju uz pomo\u0107 nekolicine slu\u017ebenika pobjegao iz KPZ Sarajevo jo\u0161 uvijek nije priveden pravdi. Iz Operativnog centra Ministarstva unutra\u0161njih poslova Kantona Sarajevo za Klix.ba je potvr\u0111eno kako potraga za vi\u0161estrukim prestupnikom jo\u0161 uvijek traje. On je pobjegao u nedjelju oko 14 sati, a nedugo nakon toga u sarajevskom naselju [&hellip;]<\/p>\n","protected":false},"author":83,"featured_media":194165,"comment_status":"open","ping_status":"open","sticky":false,"template":"","format":"standard","meta":{"footnotes":""},"categories":[10513],"tags":[10466],"class_list":{"0":"post-194164","1":"post","2":"type-post","3":"status-publish","4":"format-standard","5":"has-post-thumbnail","7":"category-bosna-press","8":"tag-bosna-i-hercegovina"},"yoast_head":"<!-- This site is optimized with the Yoast SEO Premium plugin v23.1 (Yoast SEO v24.9) - https:\/\/yoast.com\/wordpress\/plugins\/seo\/ -->\n<title>Amel Sejfovi\u0107 jo\u0161 uvijek nije uhap\u0161en<\/title>\n<meta name=\"robots\" content=\"index, follow, max-snippet:-1, max-image-preview:large, max-video-preview:-1\" \/>\n<link rel=\"canonical\" href=\"https:\/\/sandzakpress.net\/arhiva\/amel-sejfovic-jos-uvijek-nije-uhapsen\/\" \/>\n<meta property=\"og:locale\" content=\"bs_BA\" \/>\n<meta property=\"og:type\" content=\"article\" \/>\n<meta property=\"og:title\" content=\"Amel Sejfovi\u0107 jo\u0161 uvijek nije uhap\u0161en\" \/>\n<meta property=\"og:description\" content=\"Zatvorenik Amel Sejfovi\u0107 koji je u nedjelju uz pomo\u0107 nekolicine slu\u017ebenika pobjegao iz KPZ Sarajevo jo\u0161 uvijek nije priveden pravdi. Iz Operativnog centra Ministarstva unutra\u0161njih poslova Kantona Sarajevo za Klix.ba je potvr\u0111eno kako potraga za vi\u0161estrukim prestupnikom jo\u0161 uvijek traje. On je pobjegao u nedjelju oko 14 sati, a nedugo nakon toga u sarajevskom naselju [&hellip;]\" \/>\n<meta property=\"og:url\" content=\"https:\/\/sandzakpress.net\/arhiva\/amel-sejfovic-jos-uvijek-nije-uhapsen\/\" \/>\n<meta property=\"og:site_name\" content=\"Sand\u017eak PRESS\" \/>\n<meta property=\"article:published_time\" content=\"2017-09-05T11:10:31+00:00\" \/>\n<meta property=\"og:image\" content=\"https:\/\/sandzakpress.net\/arhiva\/wp-content\/uploads\/2017\/09\/b_170905003.jpg\" \/>\n\t<meta property=\"og:image:width\" content=\"850\" \/>\n\t<meta property=\"og:image:height\" content=\"568\" \/>\n\t<meta property=\"og:image:type\" content=\"image\/jpeg\" \/>\n<meta name=\"author\" content=\"bosniak\" \/>\n<meta name=\"twitter:card\" content=\"summary_large_image\" \/>\n<meta name=\"twitter:label1\" content=\"Written by\" \/>\n\t<meta name=\"twitter:data1\" content=\"bosniak\" \/>\n\t<meta name=\"twitter:label2\" content=\"Est. reading time\" \/>\n\t<meta name=\"twitter:data2\" content=\"1 minuta\" \/>\n<script type=\"application\/ld+json\" class=\"yoast-schema-graph\">{\"@context\":\"https:\/\/schema.org\",\"@graph\":[{\"@type\":\"Article\",\"@id\":\"https:\/\/sandzakpress.net\/arhiva\/amel-sejfovic-jos-uvijek-nije-uhapsen\/#article\",\"isPartOf\":{\"@id\":\"https:\/\/sandzakpress.net\/arhiva\/amel-sejfovic-jos-uvijek-nije-uhapsen\/\"},\"author\":{\"name\":\"bosniak\",\"@id\":\"https:\/\/sandzakpress.net\/arhiva\/#\/schema\/person\/c8baee722073534b583ea7bdb2e36c02\"},\"headline\":\"Amel Sejfovi\u0107 jo\u0161 uvijek nije uhap\u0161en\",\"datePublished\":\"2017-09-05T11:10:31+00:00\",\"mainEntityOfPage\":{\"@id\":\"https:\/\/sandzakpress.net\/arhiva\/amel-sejfovic-jos-uvijek-nije-uhapsen\/\"},\"wordCount\":163,\"commentCount\":0,\"publisher\":{\"@id\":\"https:\/\/sandzakpress.net\/arhiva\/#\/schema\/person\/6e72b67d6e51910a1117b3b483ba20bd\"},\"image\":{\"@id\":\"https:\/\/sandzakpress.net\/arhiva\/amel-sejfovic-jos-uvijek-nije-uhapsen\/#primaryimage\"},\"thumbnailUrl\":\"https:\/\/sandzakpress.net\/arhiva\/wp-content\/uploads\/2017\/09\/b_170905003.jpg\",\"keywords\":[\"Bosna i Hercegovina\"],\"articleSection\":[\"Bosna PRESS\"],\"inLanguage\":\"bs-BA\",\"potentialAction\":[{\"@type\":\"CommentAction\",\"name\":\"Comment\",\"target\":[\"https:\/\/sandzakpress.net\/arhiva\/amel-sejfovic-jos-uvijek-nije-uhapsen\/#respond\"]}]},{\"@type\":\"WebPage\",\"@id\":\"https:\/\/sandzakpress.net\/arhiva\/amel-sejfovic-jos-uvijek-nije-uhapsen\/\",\"url\":\"https:\/\/sandzakpress.net\/arhiva\/amel-sejfovic-jos-uvijek-nije-uhapsen\/\",\"name\":\"Amel Sejfovi\u0107 jo\u0161 uvijek nije uhap\u0161en\",\"isPartOf\":{\"@id\":\"https:\/\/sandzakpress.net\/arhiva\/#website\"},\"primaryImageOfPage\":{\"@id\":\"https:\/\/sandzakpress.net\/arhiva\/amel-sejfovic-jos-uvijek-nije-uhapsen\/#primaryimage\"},\"image\":{\"@id\":\"https:\/\/sandzakpress.net\/arhiva\/amel-sejfovic-jos-uvijek-nije-uhapsen\/#primaryimage\"},\"thumbnailUrl\":\"https:\/\/sandzakpress.net\/arhiva\/wp-content\/uploads\/2017\/09\/b_170905003.jpg\",\"datePublished\":\"2017-09-05T11:10:31+00:00\",\"breadcrumb\":{\"@id\":\"https:\/\/sandzakpress.net\/arhiva\/amel-sejfovic-jos-uvijek-nije-uhapsen\/#breadcrumb\"},\"inLanguage\":\"bs-BA\",\"potentialAction\":[{\"@type\":\"ReadAction\",\"target\":[\"https:\/\/sandzakpress.net\/arhiva\/amel-sejfovic-jos-uvijek-nije-uhapsen\/\"]}]},{\"@type\":\"ImageObject\",\"inLanguage\":\"bs-BA\",\"@id\":\"https:\/\/sandzakpress.net\/arhiva\/amel-sejfovic-jos-uvijek-nije-uhapsen\/#primaryimage\",\"url\":\"https:\/\/sandzakpress.net\/arhiva\/wp-content\/uploads\/2017\/09\/b_170905003.jpg\",\"contentUrl\":\"https:\/\/sandzakpress.net\/arhiva\/wp-content\/uploads\/2017\/09\/b_170905003.jpg\",\"width\":850,\"height\":568},{\"@type\":\"BreadcrumbList\",\"@id\":\"https:\/\/sandzakpress.net\/arhiva\/amel-sejfovic-jos-uvijek-nije-uhapsen\/#breadcrumb\",\"itemListElement\":[{\"@type\":\"ListItem\",\"position\":1,\"name\":\"Home\",\"item\":\"https:\/\/sandzakpress.net\/arhiva\/\"},{\"@type\":\"ListItem\",\"position\":2,\"name\":\"Amel Sejfovi\u0107 jo\u0161 uvijek nije uhap\u0161en\"}]},{\"@type\":\"WebSite\",\"@id\":\"https:\/\/sandzakpress.net\/arhiva\/#website\",\"url\":\"https:\/\/sandzakpress.net\/arhiva\/\",\"name\":\"Sand\u017eak PRESS\",\"description\":\"Prve elektronske novine u Sand\u017eaku\",\"publisher\":{\"@id\":\"https:\/\/sandzakpress.net\/arhiva\/#\/schema\/person\/6e72b67d6e51910a1117b3b483ba20bd\"},\"potentialAction\":[{\"@type\":\"SearchAction\",\"target\":{\"@type\":\"EntryPoint\",\"urlTemplate\":\"https:\/\/sandzakpress.net\/arhiva\/?s={search_term_string}\"},\"query-input\":{\"@type\":\"PropertyValueSpecification\",\"valueRequired\":true,\"valueName\":\"search_term_string\"}}],\"inLanguage\":\"bs-BA\"},{\"@type\":[\"Person\",\"Organization\"],\"@id\":\"https:\/\/sandzakpress.net\/arhiva\/#\/schema\/person\/6e72b67d6e51910a1117b3b483ba20bd\",\"name\":\"Kul\",\"image\":{\"@type\":\"ImageObject\",\"inLanguage\":\"bs-BA\",\"@id\":\"https:\/\/sandzakpress.net\/arhiva\/#\/schema\/person\/image\/\",\"url\":\"https:\/\/secure.gravatar.com\/avatar\/42263f39aa27ac04c43cab85c280eb2e?s=96&d=mm&r=pg\",\"contentUrl\":\"https:\/\/secure.gravatar.com\/avatar\/42263f39aa27ac04c43cab85c280eb2e?s=96&d=mm&r=pg\",\"caption\":\"Kul\"},\"logo\":{\"@id\":\"https:\/\/sandzakpress.net\/arhiva\/#\/schema\/person\/image\/\"}},{\"@type\":\"Person\",\"@id\":\"https:\/\/sandzakpress.net\/arhiva\/#\/schema\/person\/c8baee722073534b583ea7bdb2e36c02\",\"name\":\"bosniak\",\"image\":{\"@type\":\"ImageObject\",\"inLanguage\":\"bs-BA\",\"@id\":\"https:\/\/sandzakpress.net\/arhiva\/#\/schema\/person\/image\/\",\"url\":\"https:\/\/secure.gravatar.com\/avatar\/a04fd330bfe3a36a72a0ad4a6d89fca7?s=96&d=mm&r=pg\",\"contentUrl\":\"https:\/\/secure.gravatar.com\/avatar\/a04fd330bfe3a36a72a0ad4a6d89fca7?s=96&d=mm&r=pg\",\"caption\":\"bosniak\"},\"url\":\"https:\/\/sandzakpress.net\/arhiva\/author\/bosniak\/\"}]}<\/script>\n<!-- \/ Yoast SEO Premium plugin. -->","yoast_head_json":{"title":"Amel Sejfovi\u0107 jo\u0161 uvijek nije uhap\u0161en","robots":{"index":"index","follow":"follow","max-snippet":"max-snippet:-1","max-image-preview":"max-image-preview:large","max-video-preview":"max-video-preview:-1"},"canonical":"https:\/\/sandzakpress.net\/arhiva\/amel-sejfovic-jos-uvijek-nije-uhapsen\/","og_locale":"bs_BA","og_type":"article","og_title":"Amel Sejfovi\u0107 jo\u0161 uvijek nije uhap\u0161en","og_description":"Zatvorenik Amel Sejfovi\u0107 koji je u nedjelju uz pomo\u0107 nekolicine slu\u017ebenika pobjegao iz KPZ Sarajevo jo\u0161 uvijek nije priveden pravdi. Iz Operativnog centra Ministarstva unutra\u0161njih poslova Kantona Sarajevo za Klix.ba je potvr\u0111eno kako potraga za vi\u0161estrukim prestupnikom jo\u0161 uvijek traje. On je pobjegao u nedjelju oko 14 sati, a nedugo nakon toga u sarajevskom naselju [&hellip;]","og_url":"https:\/\/sandzakpress.net\/arhiva\/amel-sejfovic-jos-uvijek-nije-uhapsen\/","og_site_name":"Sand\u017eak PRESS","article_published_time":"2017-09-05T11:10:31+00:00","og_image":[{"width":850,"height":568,"url":"https:\/\/sandzakpress.net\/arhiva\/wp-content\/uploads\/2017\/09\/b_170905003.jpg","type":"image\/jpeg"}],"author":"bosniak","twitter_card":"summary_large_image","twitter_misc":{"Written by":"bosniak","Est. reading time":"1 minuta"},"schema":{"@context":"https:\/\/schema.org","@graph":[{"@type":"Article","@id":"https:\/\/sandzakpress.net\/arhiva\/amel-sejfovic-jos-uvijek-nije-uhapsen\/#article","isPartOf":{"@id":"https:\/\/sandzakpress.net\/arhiva\/amel-sejfovic-jos-uvijek-nije-uhapsen\/"},"author":{"name":"bosniak","@id":"https:\/\/sandzakpress.net\/arhiva\/#\/schema\/person\/c8baee722073534b583ea7bdb2e36c02"},"headline":"Amel Sejfovi\u0107 jo\u0161 uvijek nije uhap\u0161en","datePublished":"2017-09-05T11:10:31+00:00","mainEntityOfPage":{"@id":"https:\/\/sandzakpress.net\/arhiva\/amel-sejfovic-jos-uvijek-nije-uhapsen\/"},"wordCount":163,"commentCount":0,"publisher":{"@id":"https:\/\/sandzakpress.net\/arhiva\/#\/schema\/person\/6e72b67d6e51910a1117b3b483ba20bd"},"image":{"@id":"https:\/\/sandzakpress.net\/arhiva\/amel-sejfovic-jos-uvijek-nije-uhapsen\/#primaryimage"},"thumbnailUrl":"https:\/\/sandzakpress.net\/arhiva\/wp-content\/uploads\/2017\/09\/b_170905003.jpg","keywords":["Bosna i Hercegovina"],"articleSection":["Bosna PRESS"],"inLanguage":"bs-BA","potentialAction":[{"@type":"CommentAction","name":"Comment","target":["https:\/\/sandzakpress.net\/arhiva\/amel-sejfovic-jos-uvijek-nije-uhapsen\/#respond"]}]},{"@type":"WebPage","@id":"https:\/\/sandzakpress.net\/arhiva\/amel-sejfovic-jos-uvijek-nije-uhapsen\/","url":"https:\/\/sandzakpress.net\/arhiva\/amel-sejfovic-jos-uvijek-nije-uhapsen\/","name":"Amel Sejfovi\u0107 jo\u0161 uvijek nije uhap\u0161en","isPartOf":{"@id":"https:\/\/sandzakpress.net\/arhiva\/#website"},"primaryImageOfPage":{"@id":"https:\/\/sandzakpress.net\/arhiva\/amel-sejfovic-jos-uvijek-nije-uhapsen\/#primaryimage"},"image":{"@id":"https:\/\/sandzakpress.net\/arhiva\/amel-sejfovic-jos-uvijek-nije-uhapsen\/#primaryimage"},"thumbnailUrl":"https:\/\/sandzakpress.net\/arhiva\/wp-content\/uploads\/2017\/09\/b_170905003.jpg","datePublished":"2017-09-05T11:10:31+00:00","breadcrumb":{"@id":"https:\/\/sandzakpress.net\/arhiva\/amel-sejfovic-jos-uvijek-nije-uhapsen\/#breadcrumb"},"inLanguage":"bs-BA","potentialAction":[{"@type":"ReadAction","target":["https:\/\/sandzakpress.net\/arhiva\/amel-sejfovic-jos-uvijek-nije-uhapsen\/"]}]},{"@type":"ImageObject","inLanguage":"bs-BA","@id":"https:\/\/sandzakpress.net\/arhiva\/amel-sejfovic-jos-uvijek-nije-uhapsen\/#primaryimage","url":"https:\/\/sandzakpress.net\/arhiva\/wp-content\/uploads\/2017\/09\/b_170905003.jpg","contentUrl":"https:\/\/sandzakpress.net\/arhiva\/wp-content\/uploads\/2017\/09\/b_170905003.jpg","width":850,"height":568},{"@type":"BreadcrumbList","@id":"https:\/\/sandzakpress.net\/arhiva\/amel-sejfovic-jos-uvijek-nije-uhapsen\/#breadcrumb","itemListElement":[{"@type":"ListItem","position":1,"name":"Home","item":"https:\/\/sandzakpress.net\/arhiva\/"},{"@type":"ListItem","position":2,"name":"Amel Sejfovi\u0107 jo\u0161 uvijek nije uhap\u0161en"}]},{"@type":"WebSite","@id":"https:\/\/sandzakpress.net\/arhiva\/#website","url":"https:\/\/sandzakpress.net\/arhiva\/","name":"Sand\u017eak PRESS","description":"Prve elektronske novine u Sand\u017eaku","publisher":{"@id":"https:\/\/sandzakpress.net\/arhiva\/#\/schema\/person\/6e72b67d6e51910a1117b3b483ba20bd"},"potentialAction":[{"@type":"SearchAction","target":{"@type":"EntryPoint","urlTemplate":"https:\/\/sandzakpress.net\/arhiva\/?s={search_term_string}"},"query-input":{"@type":"PropertyValueSpecification","valueRequired":true,"valueName":"search_term_string"}}],"inLanguage":"bs-BA"},{"@type":["Person","Organization"],"@id":"https:\/\/sandzakpress.net\/arhiva\/#\/schema\/person\/6e72b67d6e51910a1117b3b483ba20bd","name":"Kul","image":{"@type":"ImageObject","inLanguage":"bs-BA","@id":"https:\/\/sandzakpress.net\/arhiva\/#\/schema\/person\/image\/","url":"https:\/\/secure.gravatar.com\/avatar\/42263f39aa27ac04c43cab85c280eb2e?s=96&d=mm&r=pg","contentUrl":"https:\/\/secure.gravatar.com\/avatar\/42263f39aa27ac04c43cab85c280eb2e?s=96&d=mm&r=pg","caption":"Kul"},"logo":{"@id":"https:\/\/sandzakpress.net\/arhiva\/#\/schema\/person\/image\/"}},{"@type":"Person","@id":"https:\/\/sandzakpress.net\/arhiva\/#\/schema\/person\/c8baee722073534b583ea7bdb2e36c02","name":"bosniak","image":{"@type":"ImageObject","inLanguage":"bs-BA","@id":"https:\/\/sandzakpress.net\/arhiva\/#\/schema\/person\/image\/","url":"https:\/\/secure.gravatar.com\/avatar\/a04fd330bfe3a36a72a0ad4a6d89fca7?s=96&d=mm&r=pg","contentUrl":"https:\/\/secure.gravatar.com\/avatar\/a04fd330bfe3a36a72a0ad4a6d89fca7?s=96&d=mm&r=pg","caption":"bosniak"},"url":"https:\/\/sandzakpress.net\/arhiva\/author\/bosniak\/"}]}},"_links":{"self":[{"href":"https:\/\/sandzakpress.net\/arhiva\/wp-json\/wp\/v2\/posts\/194164"}],"collection":[{"href":"https:\/\/sandzakpress.net\/arhiva\/wp-json\/wp\/v2\/posts"}],"about":[{"href":"https:\/\/sandzakpress.net\/arhiva\/wp-json\/wp\/v2\/types\/post"}],"author":[{"embeddable":true,"href":"https:\/\/sandzakpress.net\/arhiva\/wp-json\/wp\/v2\/users\/83"}],"replies":[{"embeddable":true,"href":"https:\/\/sandzakpress.net\/arhiva\/wp-json\/wp\/v2\/comments?post=194164"}],"version-history":[{"count":0,"href":"https:\/\/sandzakpress.net\/arhiva\/wp-json\/wp\/v2\/posts\/194164\/revisions"}],"wp:featuredmedia":[{"embeddable":true,"href":"https:\/\/sandzakpress.net\/arhiva\/wp-json\/wp\/v2\/media\/194165"}],"wp:attachment":[{"href":"https:\/\/sandzakpress.net\/arhiva\/wp-json\/wp\/v2\/media?parent=194164"}],"wp:term":[{"taxonomy":"category","embeddable":true,"href":"https:\/\/sandzakpress.net\/arhiva\/wp-json\/wp\/v2\/categories?post=194164"},{"taxonomy":"post_tag","embeddable":true,"href":"https:\/\/sandzakpress.net\/arhiva\/wp-json\/wp\/v2\/tags?post=194164"}],"curies":[{"name":"wp","href":"https:\/\/api.w.org\/{rel}","templated":true}]}}