{"id":194084,"date":"2017-09-04T18:29:46","date_gmt":"2017-09-04T16:29:46","guid":{"rendered":"https:\/\/sandzakpress.net\/arhiva\/?p=194084"},"modified":"2017-09-04T18:29:46","modified_gmt":"2017-09-04T16:29:46","slug":"jusuf-poplata-gledao-sam-kako-streljaju-acifa-efendiju-i-ahmeta-dacu","status":"publish","type":"post","link":"https:\/\/sandzakpress.net\/arhiva\/jusuf-poplata-gledao-sam-kako-streljaju-acifa-efendiju-i-ahmeta-dacu\/","title":{"rendered":"Jusuf Poplata: Gledao sam kako streljaju A\u0107ifa efendiju i Ahmeta Dacu"},"content":{"rendered":"<p><img loading=\"lazy\" decoding=\"async\" class=\"size-full wp-image-32863 aligncenter\" src=\"http:\/\/sanapress.info\/wp-content\/uploads\/2017\/09\/2.-Jusuf-Poplata-1929-iz-mla\u0111ih-dana.jpg\" alt=\"\" width=\"599\" height=\"688\" \/><\/p>\n<p>Autenti\u010dno svjedo\u010denje o javnom pogubljenju dvojice najuglednijih pazarskih politi\u010dara ostavio je, danas osamdesetosmogodi\u0161njak\u00a0 Jusuf Poplata (1929), ro\u0111eni Pazarac, koji \u017eivi u Turskoj. Autor ovog teksta je amid\u017eu Jusufa upoznao krajem decembra 1999. godine u Nema\u010dkoj, u gradu Egelsbach-u, dok je boravio kod svog sina jedinca. I on je kao i mnogi Bo\u0161njaci iz Sand\u017eaka oti\u0161ao u Tursku, da bi otuda do\u0161ao u Nema\u010dku, gdje je proveo svoj radni vijek i ovdje stekao penziju. Na\u0161e poznanstvo pada u vrijeme kada sam intenzivno radio na svojoj drugoj knjizi \u201eSand\u017eak-porobljena zemlja\u201c, u kojoj sam obra\u0111ivao hiljadugodi\u0161nji historijski period\u00a0 Bosne i Hercegovine, Sand\u017eaka i Kosova. U ovoj knjizi je prvi put integralno obra\u0111ena historija bo\u0161nja\u010dkog i albanskog naroda. U veoma prijatnoj atmosferi Jusuf je sa nostalgijom govorio o svojem djetinjstvu i mladosti provedenim u Novom Pazaru. Nisam ni o\u010dekivao da \u0107u te ve\u010deri od amid\u017ee Jusufa \u010duti pri\u010du kako je on, januara 1945. godine, bio neposredni svjedok streljanja A\u0107ifa efendije i Ahmeta Dace. Svoj razgovor po\u010dinje ovako:<\/p>\n<p>\u201eU doba zloglasnog jugoslovenskog ministra policije Aleksandra Rankovi\u0107a bio sam prinu\u0111en da nakon Drugog svjetskog rata, zajedno sa hiljadama drugih Bo\u0161njaka napustim Sand\u017eak i da sa familijom, iz Novog Pazara, odselim u Tursku. Stanovali smo na Paricama, jednom od najstarijih dijelova Pazara. Danas je to ulica Rifata Burd\u017eovi\u0107a, jedna od najdu\u017eih u gradu. Moj najbolji drug u Pazaru bio Mehmed- Medo Ro\u017eajac. Rahmetli Medo poti\u010de iz veoma ugledne familije. Otac mu se zvao Nazif a majka Naja. Roditelji su mu bili veoma pobo\u017eni i cijenjeni u gradu. Stanovali su na Drumu, mislim da ta ku\u0107a i danas postoji. Medo je bio jedan od prvih muslimanskih intelektualaca u Pazaru. Zavr\u0161io je za nastavnika engleskog jezika, proputovao je Evropu i imao manire pravog gospodina. Me\u0111utim, zbog otvorenog neslaganja sa komunisti\u010dkim re\u017eimom nije napravio politi\u010dku karijeru. Sa Medom sam bio nerazdvojan drug sve do moga odlaska u Tursku.<\/p>\n<p>Tako je bilo i tog januarskog dana 1945. godine kada je dobo\u0161ar u centru grada, na sav glas pozivao narod da do\u0111u na Had\u017eet i prisustvuju javnom streljanju \u201eratnih zlo\u010dinaca\u201c A\u0107ifa efendije i Ahmeta Dace. Ja sam u to vrijeme, kao petnaestogodi\u0161njak, bio mobilisan u partizansku miliciju. Sa Medom sam, kao i mnogi drugi, iz znati\u017eelje, po\u0161ao na Had\u017eet. Snijeg je bio napadao do koljena. Narod se bio iskupio na Had\u017eetsku livadu koja se nalazila sa druge strane dana\u0161njih Bolnica. Tu je nekada bilo igrali\u0161te. Na livadi je bilo, pored narodne mase, i oko 300 vojnika. Oni su bili postrojeni naspram nas. Svi smo gledali u pravcu gradskog zatvora odakle je trebalo da do\u0111u A\u0107if i Ahmet. Nije pro\u0161lo mnogo kada su se pojavili sa vezanim rukama i nogama. Vojnici su ih priveli do telefonskih bandera i tu ih vezali lancima sa rukama otpozadi. Pala je komanda da se pristupi streljanju. Desetak vojnika je iza\u0161lo ispred njih. Partizanski oficir je izdao nare\u0111enje da se streljaju. Odjeknuli su pucnji i obojica su klonuli glavom. Doktor Ben\u010dan, Slovenac koji je radio u Pazaru,\u00a0 trebao je da konstatuje njihovu smrt. Opipao je puls obojici i pokazao da je Ahmet Daca jo\u0161 \u017eiv, jer mu je srce jo\u0161 uvijek pulsiralo. Jedno partizan\u010de, nije imalo vi\u0161e od \u010detrnaest godina, pri\u0161lo je, skinulo sa ramena nema\u010dki automat i pucalo u Ahmetovu glavu. Iz raznijete glave poprskala je krv na sve strane. Poslije toga su im poskidali cipele, vunjene \u010darape, satove i kapute. Nare\u0111eno nam je da se razi\u0111emo. \u0160ta je poslije toga bilo sa njihovim tijelima niko ne zna\u201c.<\/p>\n<p>Na moje pitanje da li mogu ovu njegovu izjavu da stavim u knjigu \u201eSand\u017eak-porobljena zemlja\u201c, amid\u017ea Jusuf Poplata je odgovorio potvrdno, iako je njegov sin jedinac bio protiv toga. Gospodin Poplata danas kao nema\u010dki penzioner \u017eivi u Turskoj.<\/p>\n<p><strong>(Izjava Jusufa (Yusufa) Poplate data autoru ovog teksta 25. decembra 1999. godine u gradu Egelsbach-u u Nema\u010dkoj.)<\/strong><\/p>\n<p><strong>Autor: dr. Harun Crnovr\u0161anin<\/strong><\/p>\n<p><figure id=\"attachment_32862\" aria-describedby=\"caption-attachment-32862\" style=\"width: 437px\" class=\"wp-caption alignnone\"><img loading=\"lazy\" decoding=\"async\" class=\"wp-image-32862 size-full\" src=\"http:\/\/sanapress.info\/wp-content\/uploads\/2017\/09\/1.-Knjiga-na-kojoj-je-ra\u0111eno-sedam-godina.-Na-770-strana-obuhva\u0107ena-je-hiljadugodi\u0161nja-historija-Bosne-Sand\u017eaka-i-Kosova.-Izdata-je-2001.-u-Nema\u010dkoj.jpg\" alt=\"\" width=\"437\" height=\"684\" \/><figcaption id=\"caption-attachment-32862\" class=\"wp-caption-text\">Knjiga na kojoj je ra\u0111eno sedam godina. Na 770 strana obuhva\u0107ena je hiljadugodi\u0161nja historija Bosne, Sand\u017eaka i Kosova. Izdata je 2001. u Nema\u010dkoj<\/figcaption><\/figure> <figure id=\"attachment_32863\" aria-describedby=\"caption-attachment-32863\" style=\"width: 599px\" class=\"wp-caption alignnone\"><img loading=\"lazy\" decoding=\"async\" class=\"wp-image-32863 size-full\" src=\"http:\/\/sanapress.info\/wp-content\/uploads\/2017\/09\/2.-Jusuf-Poplata-1929-iz-mla\u0111ih-dana.jpg\" alt=\"\" width=\"599\" height=\"688\" \/><figcaption id=\"caption-attachment-32863\" class=\"wp-caption-text\">Jusuf Poplata (1929) iz mla\u0111ih dana<\/figcaption><\/figure> <figure id=\"attachment_32865\" aria-describedby=\"caption-attachment-32865\" style=\"width: 538px\" class=\"wp-caption alignnone\"><img loading=\"lazy\" decoding=\"async\" class=\"wp-image-32865 size-full\" src=\"http:\/\/sanapress.info\/wp-content\/uploads\/2017\/09\/4.-Mehmed-Medo-Ro\u017eajac-1919-1999-najpoznatiji-nastavnik-engleskog-jezika-u-Novom-Pazaru.jpg\" alt=\"\" width=\"538\" height=\"682\" \/><figcaption id=\"caption-attachment-32865\" class=\"wp-caption-text\">Mehmed-Medo Ro\u017eajac (1919-1999), najpoznatiji nastavnik engleskog jezika u Novom Pazaru<\/figcaption><\/figure> <figure id=\"attachment_32864\" aria-describedby=\"caption-attachment-32864\" style=\"width: 574px\" class=\"wp-caption alignnone\"><img loading=\"lazy\" decoding=\"async\" class=\"wp-image-32864 size-full\" src=\"http:\/\/sanapress.info\/wp-content\/uploads\/2017\/09\/3.-Mehmed-Medo-Ro\u017eajac-desno-sa-svojim-drugom.jpg\" alt=\"\" width=\"574\" height=\"676\" \/><figcaption id=\"caption-attachment-32864\" class=\"wp-caption-text\">Mehmed-Medo Ro\u017eajac (desno) sa svojim drugom<\/figcaption><\/figure> <figure id=\"attachment_32866\" aria-describedby=\"caption-attachment-32866\" style=\"width: 3872px\" class=\"wp-caption alignnone\"><img loading=\"lazy\" decoding=\"async\" class=\"wp-image-32866 size-full\" src=\"http:\/\/sanapress.info\/wp-content\/uploads\/2017\/09\/5.-Oronula-porodi\u010dna-ku\u0107a-Meda-Ro\u017eajca-u-ulici-Rifata-Burd\u017eovi\u0107a-na-Drumu-u-Novom-Pazaru.jpg\" alt=\"\" width=\"3872\" height=\"2592\" \/><figcaption id=\"caption-attachment-32866\" class=\"wp-caption-text\">Oronula porodi\u010dna ku\u0107a Meda Ro\u017eajca u ulici Rifata Burd\u017eovi\u0107a, na Drumu, u Novom Pazaru<\/figcaption><\/figure> <figure id=\"attachment_32867\" aria-describedby=\"caption-attachment-32867\" style=\"width: 938px\" class=\"wp-caption alignnone\"><img loading=\"lazy\" decoding=\"async\" class=\"wp-image-32867 size-full\" src=\"http:\/\/sanapress.info\/wp-content\/uploads\/2017\/09\/6.-Javno-streljanje-A\u0107ifa-i-Dace-21.-1.-1945.-godine.-Ilustracija-Sabahudina-Muranovi\u0107a.jpg\" alt=\"\" width=\"938\" height=\"672\" \/><figcaption id=\"caption-attachment-32867\" class=\"wp-caption-text\">Javno streljanje A\u0107ifa i Dace 21. 1. 1945. godine. Ilustracija Sabahudina Muranovi\u0107a<\/figcaption><\/figure> <figure id=\"attachment_32868\" aria-describedby=\"caption-attachment-32868\" style=\"width: 1612px\" class=\"wp-caption alignnone\"><img loading=\"lazy\" decoding=\"async\" class=\"wp-image-32868 size-full\" src=\"http:\/\/sanapress.info\/wp-content\/uploads\/2017\/09\/7.-EKSKLUZIVNA-FOTOGRAFIJA-A\u0107if-efendija-1887-1945-pred-streljanje-januara-1945.-godine.jpg\" alt=\"\" width=\"1612\" height=\"2278\" \/><figcaption id=\"caption-attachment-32868\" class=\"wp-caption-text\">EKSKLUZIVNA FOTOGRAFIJA- A\u0107if efendija (1887-1945), pred streljanje januara 1945. godine<\/figcaption><\/figure> <figure id=\"attachment_32869\" aria-describedby=\"caption-attachment-32869\" style=\"width: 573px\" class=\"wp-caption alignnone\"><img loading=\"lazy\" decoding=\"async\" class=\"wp-image-32869 size-full\" src=\"http:\/\/sanapress.info\/wp-content\/uploads\/2017\/09\/8.-Ahmet-ef.-Daca-1889-1945-javno-streljan-sa-A\u0107if-efendijom-21.-januara-1945..png\" alt=\"\" width=\"573\" height=\"682\" \/><figcaption id=\"caption-attachment-32869\" class=\"wp-caption-text\">Ahmet ef. Daca (1889-1945), javno streljan sa A\u0107if efendijom 21. januara 1945.<\/figcaption><\/figure><\/p>\n<p>&nbsp;<\/p>\n","protected":false},"excerpt":{"rendered":"<p>Autenti\u010dno svjedo\u010denje o javnom pogubljenju dvojice najuglednijih pazarskih politi\u010dara ostavio je, danas osamdesetosmogodi\u0161njak\u00a0 Jusuf Poplata (1929), ro\u0111eni Pazarac, koji \u017eivi u Turskoj. Autor ovog teksta je amid\u017eu Jusufa upoznao krajem decembra 1999. godine u Nema\u010dkoj, u gradu Egelsbach-u, dok je boravio kod svog sina jedinca. I on je kao i mnogi Bo\u0161njaci iz Sand\u017eaka oti\u0161ao [&hellip;]<\/p>\n","protected":false},"author":509,"featured_media":194085,"comment_status":"open","ping_status":"open","sticky":false,"template":"","format":"standard","meta":{"footnotes":""},"categories":[14,72],"tags":[],"class_list":{"0":"post-194084","1":"post","2":"type-post","3":"status-publish","4":"format-standard","5":"has-post-thumbnail","7":"category-sandzak-historija","8":"category-novi-pazar"},"yoast_head":"<!-- This site is optimized with the Yoast SEO Premium plugin v23.1 (Yoast SEO v24.9) - https:\/\/yoast.com\/wordpress\/plugins\/seo\/ -->\n<title>Jusuf Poplata: Gledao sam kako streljaju A\u0107ifa efendiju i Ahmeta Dacu<\/title>\n<meta name=\"robots\" content=\"index, follow, max-snippet:-1, max-image-preview:large, max-video-preview:-1\" \/>\n<link rel=\"canonical\" href=\"https:\/\/sandzakpress.net\/arhiva\/jusuf-poplata-gledao-sam-kako-streljaju-acifa-efendiju-i-ahmeta-dacu\/\" \/>\n<meta property=\"og:locale\" content=\"bs_BA\" \/>\n<meta property=\"og:type\" content=\"article\" \/>\n<meta property=\"og:title\" content=\"Jusuf Poplata: Gledao sam kako streljaju A\u0107ifa efendiju i Ahmeta Dacu\" \/>\n<meta property=\"og:description\" content=\"Autenti\u010dno svjedo\u010denje o javnom pogubljenju dvojice najuglednijih pazarskih politi\u010dara ostavio je, danas osamdesetosmogodi\u0161njak\u00a0 Jusuf Poplata (1929), ro\u0111eni Pazarac, koji \u017eivi u Turskoj. Autor ovog teksta je amid\u017eu Jusufa upoznao krajem decembra 1999. godine u Nema\u010dkoj, u gradu Egelsbach-u, dok je boravio kod svog sina jedinca. I on je kao i mnogi Bo\u0161njaci iz Sand\u017eaka oti\u0161ao [&hellip;]\" \/>\n<meta property=\"og:url\" content=\"https:\/\/sandzakpress.net\/arhiva\/jusuf-poplata-gledao-sam-kako-streljaju-acifa-efendiju-i-ahmeta-dacu\/\" \/>\n<meta property=\"og:site_name\" content=\"Sand\u017eak PRESS\" \/>\n<meta property=\"article:published_time\" content=\"2017-09-04T16:29:46+00:00\" \/>\n<meta property=\"og:image\" content=\"https:\/\/sandzakpress.net\/arhiva\/wp-content\/uploads\/2017\/09\/2.-Jusuf-Poplata-1929-iz-mla\u0111ih-dana.jpg\" \/>\n\t<meta property=\"og:image:width\" content=\"599\" \/>\n\t<meta property=\"og:image:height\" content=\"688\" \/>\n\t<meta property=\"og:image:type\" content=\"image\/jpeg\" \/>\n<meta name=\"author\" content=\"Agencija\" \/>\n<meta name=\"twitter:card\" content=\"summary_large_image\" \/>\n<meta name=\"twitter:label1\" content=\"Written by\" \/>\n\t<meta name=\"twitter:data1\" content=\"Agencija\" \/>\n\t<meta name=\"twitter:label2\" content=\"Est. reading time\" \/>\n\t<meta name=\"twitter:data2\" content=\"4 minute\" \/>\n<script type=\"application\/ld+json\" class=\"yoast-schema-graph\">{\"@context\":\"https:\/\/schema.org\",\"@graph\":[{\"@type\":\"Article\",\"@id\":\"https:\/\/sandzakpress.net\/arhiva\/jusuf-poplata-gledao-sam-kako-streljaju-acifa-efendiju-i-ahmeta-dacu\/#article\",\"isPartOf\":{\"@id\":\"https:\/\/sandzakpress.net\/arhiva\/jusuf-poplata-gledao-sam-kako-streljaju-acifa-efendiju-i-ahmeta-dacu\/\"},\"author\":{\"name\":\"Agencija\",\"@id\":\"https:\/\/sandzakpress.net\/arhiva\/#\/schema\/person\/cb59d7e3ab91ab90dd680ad0305a6185\"},\"headline\":\"Jusuf Poplata: Gledao sam kako streljaju A\u0107ifa efendiju i Ahmeta Dacu\",\"datePublished\":\"2017-09-04T16:29:46+00:00\",\"mainEntityOfPage\":{\"@id\":\"https:\/\/sandzakpress.net\/arhiva\/jusuf-poplata-gledao-sam-kako-streljaju-acifa-efendiju-i-ahmeta-dacu\/\"},\"wordCount\":864,\"commentCount\":8,\"publisher\":{\"@id\":\"https:\/\/sandzakpress.net\/arhiva\/#\/schema\/person\/6e72b67d6e51910a1117b3b483ba20bd\"},\"image\":{\"@id\":\"https:\/\/sandzakpress.net\/arhiva\/jusuf-poplata-gledao-sam-kako-streljaju-acifa-efendiju-i-ahmeta-dacu\/#primaryimage\"},\"thumbnailUrl\":\"https:\/\/sandzakpress.net\/arhiva\/wp-content\/uploads\/2017\/09\/2.-Jusuf-Poplata-1929-iz-mla\u0111ih-dana.jpg\",\"articleSection\":[\"Sand\u017eak HISTORIJA\",\"Novi Pazar\"],\"inLanguage\":\"bs-BA\",\"potentialAction\":[{\"@type\":\"CommentAction\",\"name\":\"Comment\",\"target\":[\"https:\/\/sandzakpress.net\/arhiva\/jusuf-poplata-gledao-sam-kako-streljaju-acifa-efendiju-i-ahmeta-dacu\/#respond\"]}]},{\"@type\":\"WebPage\",\"@id\":\"https:\/\/sandzakpress.net\/arhiva\/jusuf-poplata-gledao-sam-kako-streljaju-acifa-efendiju-i-ahmeta-dacu\/\",\"url\":\"https:\/\/sandzakpress.net\/arhiva\/jusuf-poplata-gledao-sam-kako-streljaju-acifa-efendiju-i-ahmeta-dacu\/\",\"name\":\"Jusuf Poplata: Gledao sam kako streljaju A\u0107ifa efendiju i Ahmeta Dacu\",\"isPartOf\":{\"@id\":\"https:\/\/sandzakpress.net\/arhiva\/#website\"},\"primaryImageOfPage\":{\"@id\":\"https:\/\/sandzakpress.net\/arhiva\/jusuf-poplata-gledao-sam-kako-streljaju-acifa-efendiju-i-ahmeta-dacu\/#primaryimage\"},\"image\":{\"@id\":\"https:\/\/sandzakpress.net\/arhiva\/jusuf-poplata-gledao-sam-kako-streljaju-acifa-efendiju-i-ahmeta-dacu\/#primaryimage\"},\"thumbnailUrl\":\"https:\/\/sandzakpress.net\/arhiva\/wp-content\/uploads\/2017\/09\/2.-Jusuf-Poplata-1929-iz-mla\u0111ih-dana.jpg\",\"datePublished\":\"2017-09-04T16:29:46+00:00\",\"breadcrumb\":{\"@id\":\"https:\/\/sandzakpress.net\/arhiva\/jusuf-poplata-gledao-sam-kako-streljaju-acifa-efendiju-i-ahmeta-dacu\/#breadcrumb\"},\"inLanguage\":\"bs-BA\",\"potentialAction\":[{\"@type\":\"ReadAction\",\"target\":[\"https:\/\/sandzakpress.net\/arhiva\/jusuf-poplata-gledao-sam-kako-streljaju-acifa-efendiju-i-ahmeta-dacu\/\"]}]},{\"@type\":\"ImageObject\",\"inLanguage\":\"bs-BA\",\"@id\":\"https:\/\/sandzakpress.net\/arhiva\/jusuf-poplata-gledao-sam-kako-streljaju-acifa-efendiju-i-ahmeta-dacu\/#primaryimage\",\"url\":\"https:\/\/sandzakpress.net\/arhiva\/wp-content\/uploads\/2017\/09\/2.-Jusuf-Poplata-1929-iz-mla\u0111ih-dana.jpg\",\"contentUrl\":\"https:\/\/sandzakpress.net\/arhiva\/wp-content\/uploads\/2017\/09\/2.-Jusuf-Poplata-1929-iz-mla\u0111ih-dana.jpg\",\"width\":599,\"height\":688},{\"@type\":\"BreadcrumbList\",\"@id\":\"https:\/\/sandzakpress.net\/arhiva\/jusuf-poplata-gledao-sam-kako-streljaju-acifa-efendiju-i-ahmeta-dacu\/#breadcrumb\",\"itemListElement\":[{\"@type\":\"ListItem\",\"position\":1,\"name\":\"Home\",\"item\":\"https:\/\/sandzakpress.net\/arhiva\/\"},{\"@type\":\"ListItem\",\"position\":2,\"name\":\"Jusuf Poplata: Gledao sam kako streljaju A\u0107ifa efendiju i Ahmeta Dacu\"}]},{\"@type\":\"WebSite\",\"@id\":\"https:\/\/sandzakpress.net\/arhiva\/#website\",\"url\":\"https:\/\/sandzakpress.net\/arhiva\/\",\"name\":\"Sand\u017eak PRESS\",\"description\":\"Prve elektronske novine u Sand\u017eaku\",\"publisher\":{\"@id\":\"https:\/\/sandzakpress.net\/arhiva\/#\/schema\/person\/6e72b67d6e51910a1117b3b483ba20bd\"},\"potentialAction\":[{\"@type\":\"SearchAction\",\"target\":{\"@type\":\"EntryPoint\",\"urlTemplate\":\"https:\/\/sandzakpress.net\/arhiva\/?s={search_term_string}\"},\"query-input\":{\"@type\":\"PropertyValueSpecification\",\"valueRequired\":true,\"valueName\":\"search_term_string\"}}],\"inLanguage\":\"bs-BA\"},{\"@type\":[\"Person\",\"Organization\"],\"@id\":\"https:\/\/sandzakpress.net\/arhiva\/#\/schema\/person\/6e72b67d6e51910a1117b3b483ba20bd\",\"name\":\"Kul\",\"image\":{\"@type\":\"ImageObject\",\"inLanguage\":\"bs-BA\",\"@id\":\"https:\/\/sandzakpress.net\/arhiva\/#\/schema\/person\/image\/\",\"url\":\"https:\/\/secure.gravatar.com\/avatar\/42263f39aa27ac04c43cab85c280eb2e?s=96&d=mm&r=pg\",\"contentUrl\":\"https:\/\/secure.gravatar.com\/avatar\/42263f39aa27ac04c43cab85c280eb2e?s=96&d=mm&r=pg\",\"caption\":\"Kul\"},\"logo\":{\"@id\":\"https:\/\/sandzakpress.net\/arhiva\/#\/schema\/person\/image\/\"}},{\"@type\":\"Person\",\"@id\":\"https:\/\/sandzakpress.net\/arhiva\/#\/schema\/person\/cb59d7e3ab91ab90dd680ad0305a6185\",\"name\":\"Agencija\",\"image\":{\"@type\":\"ImageObject\",\"inLanguage\":\"bs-BA\",\"@id\":\"https:\/\/sandzakpress.net\/arhiva\/#\/schema\/person\/image\/\",\"url\":\"https:\/\/secure.gravatar.com\/avatar\/4b7fafa80a22f0c2afe23966b3961fe0?s=96&d=mm&r=pg\",\"contentUrl\":\"https:\/\/secure.gravatar.com\/avatar\/4b7fafa80a22f0c2afe23966b3961fe0?s=96&d=mm&r=pg\",\"caption\":\"Agencija\"},\"url\":\"https:\/\/sandzakpress.net\/arhiva\/author\/agencija\/\"}]}<\/script>\n<!-- \/ Yoast SEO Premium plugin. -->","yoast_head_json":{"title":"Jusuf Poplata: Gledao sam kako streljaju A\u0107ifa efendiju i Ahmeta Dacu","robots":{"index":"index","follow":"follow","max-snippet":"max-snippet:-1","max-image-preview":"max-image-preview:large","max-video-preview":"max-video-preview:-1"},"canonical":"https:\/\/sandzakpress.net\/arhiva\/jusuf-poplata-gledao-sam-kako-streljaju-acifa-efendiju-i-ahmeta-dacu\/","og_locale":"bs_BA","og_type":"article","og_title":"Jusuf Poplata: Gledao sam kako streljaju A\u0107ifa efendiju i Ahmeta Dacu","og_description":"Autenti\u010dno svjedo\u010denje o javnom pogubljenju dvojice najuglednijih pazarskih politi\u010dara ostavio je, danas osamdesetosmogodi\u0161njak\u00a0 Jusuf Poplata (1929), ro\u0111eni Pazarac, koji \u017eivi u Turskoj. Autor ovog teksta je amid\u017eu Jusufa upoznao krajem decembra 1999. godine u Nema\u010dkoj, u gradu Egelsbach-u, dok je boravio kod svog sina jedinca. I on je kao i mnogi Bo\u0161njaci iz Sand\u017eaka oti\u0161ao [&hellip;]","og_url":"https:\/\/sandzakpress.net\/arhiva\/jusuf-poplata-gledao-sam-kako-streljaju-acifa-efendiju-i-ahmeta-dacu\/","og_site_name":"Sand\u017eak PRESS","article_published_time":"2017-09-04T16:29:46+00:00","og_image":[{"width":599,"height":688,"url":"https:\/\/sandzakpress.net\/arhiva\/wp-content\/uploads\/2017\/09\/2.-Jusuf-Poplata-1929-iz-mla\u0111ih-dana.jpg","type":"image\/jpeg"}],"author":"Agencija","twitter_card":"summary_large_image","twitter_misc":{"Written by":"Agencija","Est. reading time":"4 minute"},"schema":{"@context":"https:\/\/schema.org","@graph":[{"@type":"Article","@id":"https:\/\/sandzakpress.net\/arhiva\/jusuf-poplata-gledao-sam-kako-streljaju-acifa-efendiju-i-ahmeta-dacu\/#article","isPartOf":{"@id":"https:\/\/sandzakpress.net\/arhiva\/jusuf-poplata-gledao-sam-kako-streljaju-acifa-efendiju-i-ahmeta-dacu\/"},"author":{"name":"Agencija","@id":"https:\/\/sandzakpress.net\/arhiva\/#\/schema\/person\/cb59d7e3ab91ab90dd680ad0305a6185"},"headline":"Jusuf Poplata: Gledao sam kako streljaju A\u0107ifa efendiju i Ahmeta Dacu","datePublished":"2017-09-04T16:29:46+00:00","mainEntityOfPage":{"@id":"https:\/\/sandzakpress.net\/arhiva\/jusuf-poplata-gledao-sam-kako-streljaju-acifa-efendiju-i-ahmeta-dacu\/"},"wordCount":864,"commentCount":8,"publisher":{"@id":"https:\/\/sandzakpress.net\/arhiva\/#\/schema\/person\/6e72b67d6e51910a1117b3b483ba20bd"},"image":{"@id":"https:\/\/sandzakpress.net\/arhiva\/jusuf-poplata-gledao-sam-kako-streljaju-acifa-efendiju-i-ahmeta-dacu\/#primaryimage"},"thumbnailUrl":"https:\/\/sandzakpress.net\/arhiva\/wp-content\/uploads\/2017\/09\/2.-Jusuf-Poplata-1929-iz-mla\u0111ih-dana.jpg","articleSection":["Sand\u017eak HISTORIJA","Novi Pazar"],"inLanguage":"bs-BA","potentialAction":[{"@type":"CommentAction","name":"Comment","target":["https:\/\/sandzakpress.net\/arhiva\/jusuf-poplata-gledao-sam-kako-streljaju-acifa-efendiju-i-ahmeta-dacu\/#respond"]}]},{"@type":"WebPage","@id":"https:\/\/sandzakpress.net\/arhiva\/jusuf-poplata-gledao-sam-kako-streljaju-acifa-efendiju-i-ahmeta-dacu\/","url":"https:\/\/sandzakpress.net\/arhiva\/jusuf-poplata-gledao-sam-kako-streljaju-acifa-efendiju-i-ahmeta-dacu\/","name":"Jusuf Poplata: Gledao sam kako streljaju A\u0107ifa efendiju i Ahmeta Dacu","isPartOf":{"@id":"https:\/\/sandzakpress.net\/arhiva\/#website"},"primaryImageOfPage":{"@id":"https:\/\/sandzakpress.net\/arhiva\/jusuf-poplata-gledao-sam-kako-streljaju-acifa-efendiju-i-ahmeta-dacu\/#primaryimage"},"image":{"@id":"https:\/\/sandzakpress.net\/arhiva\/jusuf-poplata-gledao-sam-kako-streljaju-acifa-efendiju-i-ahmeta-dacu\/#primaryimage"},"thumbnailUrl":"https:\/\/sandzakpress.net\/arhiva\/wp-content\/uploads\/2017\/09\/2.-Jusuf-Poplata-1929-iz-mla\u0111ih-dana.jpg","datePublished":"2017-09-04T16:29:46+00:00","breadcrumb":{"@id":"https:\/\/sandzakpress.net\/arhiva\/jusuf-poplata-gledao-sam-kako-streljaju-acifa-efendiju-i-ahmeta-dacu\/#breadcrumb"},"inLanguage":"bs-BA","potentialAction":[{"@type":"ReadAction","target":["https:\/\/sandzakpress.net\/arhiva\/jusuf-poplata-gledao-sam-kako-streljaju-acifa-efendiju-i-ahmeta-dacu\/"]}]},{"@type":"ImageObject","inLanguage":"bs-BA","@id":"https:\/\/sandzakpress.net\/arhiva\/jusuf-poplata-gledao-sam-kako-streljaju-acifa-efendiju-i-ahmeta-dacu\/#primaryimage","url":"https:\/\/sandzakpress.net\/arhiva\/wp-content\/uploads\/2017\/09\/2.-Jusuf-Poplata-1929-iz-mla\u0111ih-dana.jpg","contentUrl":"https:\/\/sandzakpress.net\/arhiva\/wp-content\/uploads\/2017\/09\/2.-Jusuf-Poplata-1929-iz-mla\u0111ih-dana.jpg","width":599,"height":688},{"@type":"BreadcrumbList","@id":"https:\/\/sandzakpress.net\/arhiva\/jusuf-poplata-gledao-sam-kako-streljaju-acifa-efendiju-i-ahmeta-dacu\/#breadcrumb","itemListElement":[{"@type":"ListItem","position":1,"name":"Home","item":"https:\/\/sandzakpress.net\/arhiva\/"},{"@type":"ListItem","position":2,"name":"Jusuf Poplata: Gledao sam kako streljaju A\u0107ifa efendiju i Ahmeta Dacu"}]},{"@type":"WebSite","@id":"https:\/\/sandzakpress.net\/arhiva\/#website","url":"https:\/\/sandzakpress.net\/arhiva\/","name":"Sand\u017eak PRESS","description":"Prve elektronske novine u Sand\u017eaku","publisher":{"@id":"https:\/\/sandzakpress.net\/arhiva\/#\/schema\/person\/6e72b67d6e51910a1117b3b483ba20bd"},"potentialAction":[{"@type":"SearchAction","target":{"@type":"EntryPoint","urlTemplate":"https:\/\/sandzakpress.net\/arhiva\/?s={search_term_string}"},"query-input":{"@type":"PropertyValueSpecification","valueRequired":true,"valueName":"search_term_string"}}],"inLanguage":"bs-BA"},{"@type":["Person","Organization"],"@id":"https:\/\/sandzakpress.net\/arhiva\/#\/schema\/person\/6e72b67d6e51910a1117b3b483ba20bd","name":"Kul","image":{"@type":"ImageObject","inLanguage":"bs-BA","@id":"https:\/\/sandzakpress.net\/arhiva\/#\/schema\/person\/image\/","url":"https:\/\/secure.gravatar.com\/avatar\/42263f39aa27ac04c43cab85c280eb2e?s=96&d=mm&r=pg","contentUrl":"https:\/\/secure.gravatar.com\/avatar\/42263f39aa27ac04c43cab85c280eb2e?s=96&d=mm&r=pg","caption":"Kul"},"logo":{"@id":"https:\/\/sandzakpress.net\/arhiva\/#\/schema\/person\/image\/"}},{"@type":"Person","@id":"https:\/\/sandzakpress.net\/arhiva\/#\/schema\/person\/cb59d7e3ab91ab90dd680ad0305a6185","name":"Agencija","image":{"@type":"ImageObject","inLanguage":"bs-BA","@id":"https:\/\/sandzakpress.net\/arhiva\/#\/schema\/person\/image\/","url":"https:\/\/secure.gravatar.com\/avatar\/4b7fafa80a22f0c2afe23966b3961fe0?s=96&d=mm&r=pg","contentUrl":"https:\/\/secure.gravatar.com\/avatar\/4b7fafa80a22f0c2afe23966b3961fe0?s=96&d=mm&r=pg","caption":"Agencija"},"url":"https:\/\/sandzakpress.net\/arhiva\/author\/agencija\/"}]}},"_links":{"self":[{"href":"https:\/\/sandzakpress.net\/arhiva\/wp-json\/wp\/v2\/posts\/194084"}],"collection":[{"href":"https:\/\/sandzakpress.net\/arhiva\/wp-json\/wp\/v2\/posts"}],"about":[{"href":"https:\/\/sandzakpress.net\/arhiva\/wp-json\/wp\/v2\/types\/post"}],"author":[{"embeddable":true,"href":"https:\/\/sandzakpress.net\/arhiva\/wp-json\/wp\/v2\/users\/509"}],"replies":[{"embeddable":true,"href":"https:\/\/sandzakpress.net\/arhiva\/wp-json\/wp\/v2\/comments?post=194084"}],"version-history":[{"count":0,"href":"https:\/\/sandzakpress.net\/arhiva\/wp-json\/wp\/v2\/posts\/194084\/revisions"}],"wp:featuredmedia":[{"embeddable":true,"href":"https:\/\/sandzakpress.net\/arhiva\/wp-json\/wp\/v2\/media\/194085"}],"wp:attachment":[{"href":"https:\/\/sandzakpress.net\/arhiva\/wp-json\/wp\/v2\/media?parent=194084"}],"wp:term":[{"taxonomy":"category","embeddable":true,"href":"https:\/\/sandzakpress.net\/arhiva\/wp-json\/wp\/v2\/categories?post=194084"},{"taxonomy":"post_tag","embeddable":true,"href":"https:\/\/sandzakpress.net\/arhiva\/wp-json\/wp\/v2\/tags?post=194084"}],"curies":[{"name":"wp","href":"https:\/\/api.w.org\/{rel}","templated":true}]}}