{"id":193608,"date":"2017-08-23T18:50:06","date_gmt":"2017-08-23T16:50:06","guid":{"rendered":"https:\/\/sandzakpress.net\/arhiva\/dodik-muslimankama-u-bih-placaju-300-km-da-nose-maramu-2"},"modified":"2017-08-23T18:50:06","modified_gmt":"2017-08-23T16:50:06","slug":"dodik-muslimankama-u-bih-placaju-300-km-da-nose-maramu-2","status":"publish","type":"post","link":"https:\/\/sandzakpress.net\/arhiva\/dodik-muslimankama-u-bih-placaju-300-km-da-nose-maramu-2\/","title":{"rendered":"Dodik: Muslimankama u BiH pla\u0107aju 300 KM da nose maramu"},"content":{"rendered":"<p><span class=\"cb-itemprop\"><\/p>\n<p><img decoding=\"async\" src=\"http:\/\/static.ba.n1info.com\/Picture\/110166\/jpeg\/dodik-m.jpg\" alt=\"Dodik o izjavama Kurza: Svi znaju da se to pla\u0107a\" \/><\/p>\n<p class=\"story-lead\">Predsjednik Republike Srpske Milorad Dodik izjavio je Srni da je austrijski \u0161ef diplomatije Sebastian Kurz u pravu kada ka\u017ee da je pokrivanje \u017eena u BiH i zemljama Balkana zabrinjavaju\u0107a pojava.<\/p>\n<p>Na pitanje Srne da prokomentari\u0161e izjavu Kurza da se \u201cu Sarajevu ili Pri\u0161tini \u017eenama pla\u0107a da potpuno pokrivene izlaze na ulicu, kako bi promijenile sliku u gradu\u201d, kao i stav austrijskog MVP-a da zabrinjava pove\u0107ana pojava potpunog pokrivanja \u017eena u BiH i zemljama Balkana, jer to nije izraz religioznosti ve\u0107 simbol paralelnih dru\u0161tava, Dodik je rekao:<\/p>\n<p>\u201c<strong>Svi znaju da se to pla\u0107a. U Sarajevu se ta\u010dno zna koliko ko\u0161ta kada nosite jedan dan maramu, tri dana, kada nosite subotom, nedjeljom ili nekim va\u017enim praznikom. Ima \u017eena koje to profesionalno rade, prate ih njihovi slu\u017ebenici, i koje za to primaju 300 KM<\/strong>\u201c, istakao je Dodik.<\/p>\n<p>On je rekao da vjeruje da je ta tvrdnja ministra Kurza utemeljena na spoznajama ozbiljnih slu\u017ebi koje vode o tome ra\u010duna.<\/p>\n<p>Naveo je da on nema potrebe da se saglasi sa Ministarstvom vanjskih poslova Austrije, niti sa austrijskim \u0161efom diplomatije, jer su oni trebali da se slo\u017ee ili potvrde ono o \u010demu su iz RS od ranije govorili.<\/p>\n<p>\u201c<strong>Mi smo ukazivali na to i ranije. Iz tog razloga, neki su u Evropi govorili o nama kao o lo\u0161im momcima, a sada, kada je sve to pokucalo na vrata Evrope, onda imamo takve ocjene<\/strong>\u201c, rekao je Dodik.<\/p>\n<p>On je naglasio da \u0107e Evropa primijetiti procese samo onda kada njih budu dirali, a sada je o\u010digledno da ih diraju, s obzirom na to da je narastaju\u0107i terorizam postao no\u0107na mora Evrope.<\/p>\n<p>\u201c<strong>Na\u017ealost, Evropa je propustila u pro\u0161losti niz prilika da sprije\u010di mogu\u0107nost takve radikalizacije i sada imaju problem<\/strong>\u201c, konstatovao je Dodik.<\/p>\n<p>(N1)<\/p>\n<p><\/span><br \/>\nPogledajte vijest na izvornom sajtu:<\/p>\n<p><a href=\"http:\/\/bosnapress.net\/dodik-muslimankama-u-bih-placaju-300-km-da-nose-maramu\/\" target=\"_blank\">Dodik: Muslimankama u BiH pla\u0107aju 300 KM da nose maramu<\/a><\/p>\n","protected":false},"excerpt":{"rendered":"<p>Predsjednik Republike Srpske Milorad Dodik izjavio je Srni da je austrijski \u0161ef diplomatije Sebastian Kurz u pravu kada ka\u017ee da je pokrivanje \u017eena u BiH i zemljama Balkana zabrinjavaju\u0107a pojava. Na pitanje Srne da prokomentari\u0161e izjavu Kurza da se \u201cu Sarajevu ili Pri\u0161tini \u017eenama pla\u0107a da potpuno pokrivene izlaze na ulicu, kako bi promijenile sliku [&hellip;]<\/p>\n","protected":false},"author":83,"featured_media":193610,"comment_status":"open","ping_status":"open","sticky":false,"template":"","format":"standard","meta":{"footnotes":""},"categories":[10513],"tags":[10466],"class_list":{"0":"post-193608","1":"post","2":"type-post","3":"status-publish","4":"format-standard","5":"has-post-thumbnail","7":"category-bosna-press","8":"tag-bosna-i-hercegovina"},"yoast_head":"<!-- This site is optimized with the Yoast SEO Premium plugin v23.1 (Yoast SEO v24.9) - https:\/\/yoast.com\/wordpress\/plugins\/seo\/ -->\n<title>Dodik: Muslimankama u BiH pla\u0107aju 300 KM da nose maramu<\/title>\n<meta name=\"robots\" content=\"index, follow, max-snippet:-1, max-image-preview:large, max-video-preview:-1\" \/>\n<link rel=\"canonical\" href=\"https:\/\/sandzakpress.net\/arhiva\/dodik-muslimankama-u-bih-placaju-300-km-da-nose-maramu-2\/\" \/>\n<meta property=\"og:locale\" content=\"bs_BA\" \/>\n<meta property=\"og:type\" content=\"article\" \/>\n<meta property=\"og:title\" content=\"Dodik: Muslimankama u BiH pla\u0107aju 300 KM da nose maramu\" \/>\n<meta property=\"og:description\" content=\"Predsjednik Republike Srpske Milorad Dodik izjavio je Srni da je austrijski \u0161ef diplomatije Sebastian Kurz u pravu kada ka\u017ee da je pokrivanje \u017eena u BiH i zemljama Balkana zabrinjavaju\u0107a pojava. Na pitanje Srne da prokomentari\u0161e izjavu Kurza da se \u201cu Sarajevu ili Pri\u0161tini \u017eenama pla\u0107a da potpuno pokrivene izlaze na ulicu, kako bi promijenile sliku [&hellip;]\" \/>\n<meta property=\"og:url\" content=\"https:\/\/sandzakpress.net\/arhiva\/dodik-muslimankama-u-bih-placaju-300-km-da-nose-maramu-2\/\" \/>\n<meta property=\"og:site_name\" content=\"Sand\u017eak PRESS\" \/>\n<meta property=\"article:published_time\" content=\"2017-08-23T16:50:06+00:00\" \/>\n<meta property=\"og:image\" content=\"https:\/\/sandzakpress.net\/arhiva\/wp-content\/uploads\/2017\/08\/dodik-m-2.jpg\" \/>\n\t<meta property=\"og:image:width\" content=\"940\" \/>\n\t<meta property=\"og:image:height\" content=\"528\" \/>\n\t<meta property=\"og:image:type\" content=\"image\/jpeg\" \/>\n<meta name=\"author\" content=\"bosniak\" \/>\n<meta name=\"twitter:card\" content=\"summary_large_image\" \/>\n<meta name=\"twitter:label1\" content=\"Written by\" \/>\n\t<meta name=\"twitter:data1\" content=\"bosniak\" \/>\n\t<meta name=\"twitter:label2\" content=\"Est. reading time\" \/>\n\t<meta name=\"twitter:data2\" content=\"2 minute\" \/>\n<script type=\"application\/ld+json\" class=\"yoast-schema-graph\">{\"@context\":\"https:\/\/schema.org\",\"@graph\":[{\"@type\":\"Article\",\"@id\":\"https:\/\/sandzakpress.net\/arhiva\/dodik-muslimankama-u-bih-placaju-300-km-da-nose-maramu-2\/#article\",\"isPartOf\":{\"@id\":\"https:\/\/sandzakpress.net\/arhiva\/dodik-muslimankama-u-bih-placaju-300-km-da-nose-maramu-2\/\"},\"author\":{\"name\":\"bosniak\",\"@id\":\"https:\/\/sandzakpress.net\/arhiva\/#\/schema\/person\/c8baee722073534b583ea7bdb2e36c02\"},\"headline\":\"Dodik: Muslimankama u BiH pla\u0107aju 300 KM da nose maramu\",\"datePublished\":\"2017-08-23T16:50:06+00:00\",\"mainEntityOfPage\":{\"@id\":\"https:\/\/sandzakpress.net\/arhiva\/dodik-muslimankama-u-bih-placaju-300-km-da-nose-maramu-2\/\"},\"wordCount\":331,\"commentCount\":1,\"publisher\":{\"@id\":\"https:\/\/sandzakpress.net\/arhiva\/#\/schema\/person\/6e72b67d6e51910a1117b3b483ba20bd\"},\"image\":{\"@id\":\"https:\/\/sandzakpress.net\/arhiva\/dodik-muslimankama-u-bih-placaju-300-km-da-nose-maramu-2\/#primaryimage\"},\"thumbnailUrl\":\"https:\/\/sandzakpress.net\/arhiva\/wp-content\/uploads\/2017\/08\/dodik-m-2.jpg\",\"keywords\":[\"Bosna i Hercegovina\"],\"articleSection\":[\"Bosna PRESS\"],\"inLanguage\":\"bs-BA\",\"potentialAction\":[{\"@type\":\"CommentAction\",\"name\":\"Comment\",\"target\":[\"https:\/\/sandzakpress.net\/arhiva\/dodik-muslimankama-u-bih-placaju-300-km-da-nose-maramu-2\/#respond\"]}]},{\"@type\":\"WebPage\",\"@id\":\"https:\/\/sandzakpress.net\/arhiva\/dodik-muslimankama-u-bih-placaju-300-km-da-nose-maramu-2\/\",\"url\":\"https:\/\/sandzakpress.net\/arhiva\/dodik-muslimankama-u-bih-placaju-300-km-da-nose-maramu-2\/\",\"name\":\"Dodik: Muslimankama u BiH pla\u0107aju 300 KM da nose maramu\",\"isPartOf\":{\"@id\":\"https:\/\/sandzakpress.net\/arhiva\/#website\"},\"primaryImageOfPage\":{\"@id\":\"https:\/\/sandzakpress.net\/arhiva\/dodik-muslimankama-u-bih-placaju-300-km-da-nose-maramu-2\/#primaryimage\"},\"image\":{\"@id\":\"https:\/\/sandzakpress.net\/arhiva\/dodik-muslimankama-u-bih-placaju-300-km-da-nose-maramu-2\/#primaryimage\"},\"thumbnailUrl\":\"https:\/\/sandzakpress.net\/arhiva\/wp-content\/uploads\/2017\/08\/dodik-m-2.jpg\",\"datePublished\":\"2017-08-23T16:50:06+00:00\",\"breadcrumb\":{\"@id\":\"https:\/\/sandzakpress.net\/arhiva\/dodik-muslimankama-u-bih-placaju-300-km-da-nose-maramu-2\/#breadcrumb\"},\"inLanguage\":\"bs-BA\",\"potentialAction\":[{\"@type\":\"ReadAction\",\"target\":[\"https:\/\/sandzakpress.net\/arhiva\/dodik-muslimankama-u-bih-placaju-300-km-da-nose-maramu-2\/\"]}]},{\"@type\":\"ImageObject\",\"inLanguage\":\"bs-BA\",\"@id\":\"https:\/\/sandzakpress.net\/arhiva\/dodik-muslimankama-u-bih-placaju-300-km-da-nose-maramu-2\/#primaryimage\",\"url\":\"https:\/\/sandzakpress.net\/arhiva\/wp-content\/uploads\/2017\/08\/dodik-m-2.jpg\",\"contentUrl\":\"https:\/\/sandzakpress.net\/arhiva\/wp-content\/uploads\/2017\/08\/dodik-m-2.jpg\",\"width\":940,\"height\":528},{\"@type\":\"BreadcrumbList\",\"@id\":\"https:\/\/sandzakpress.net\/arhiva\/dodik-muslimankama-u-bih-placaju-300-km-da-nose-maramu-2\/#breadcrumb\",\"itemListElement\":[{\"@type\":\"ListItem\",\"position\":1,\"name\":\"Home\",\"item\":\"https:\/\/sandzakpress.net\/arhiva\/\"},{\"@type\":\"ListItem\",\"position\":2,\"name\":\"Dodik: Muslimankama u BiH pla\u0107aju 300 KM da nose maramu\"}]},{\"@type\":\"WebSite\",\"@id\":\"https:\/\/sandzakpress.net\/arhiva\/#website\",\"url\":\"https:\/\/sandzakpress.net\/arhiva\/\",\"name\":\"Sand\u017eak PRESS\",\"description\":\"Prve elektronske novine u Sand\u017eaku\",\"publisher\":{\"@id\":\"https:\/\/sandzakpress.net\/arhiva\/#\/schema\/person\/6e72b67d6e51910a1117b3b483ba20bd\"},\"potentialAction\":[{\"@type\":\"SearchAction\",\"target\":{\"@type\":\"EntryPoint\",\"urlTemplate\":\"https:\/\/sandzakpress.net\/arhiva\/?s={search_term_string}\"},\"query-input\":{\"@type\":\"PropertyValueSpecification\",\"valueRequired\":true,\"valueName\":\"search_term_string\"}}],\"inLanguage\":\"bs-BA\"},{\"@type\":[\"Person\",\"Organization\"],\"@id\":\"https:\/\/sandzakpress.net\/arhiva\/#\/schema\/person\/6e72b67d6e51910a1117b3b483ba20bd\",\"name\":\"Kul\",\"image\":{\"@type\":\"ImageObject\",\"inLanguage\":\"bs-BA\",\"@id\":\"https:\/\/sandzakpress.net\/arhiva\/#\/schema\/person\/image\/\",\"url\":\"https:\/\/secure.gravatar.com\/avatar\/42263f39aa27ac04c43cab85c280eb2e?s=96&d=mm&r=pg\",\"contentUrl\":\"https:\/\/secure.gravatar.com\/avatar\/42263f39aa27ac04c43cab85c280eb2e?s=96&d=mm&r=pg\",\"caption\":\"Kul\"},\"logo\":{\"@id\":\"https:\/\/sandzakpress.net\/arhiva\/#\/schema\/person\/image\/\"}},{\"@type\":\"Person\",\"@id\":\"https:\/\/sandzakpress.net\/arhiva\/#\/schema\/person\/c8baee722073534b583ea7bdb2e36c02\",\"name\":\"bosniak\",\"image\":{\"@type\":\"ImageObject\",\"inLanguage\":\"bs-BA\",\"@id\":\"https:\/\/sandzakpress.net\/arhiva\/#\/schema\/person\/image\/\",\"url\":\"https:\/\/secure.gravatar.com\/avatar\/a04fd330bfe3a36a72a0ad4a6d89fca7?s=96&d=mm&r=pg\",\"contentUrl\":\"https:\/\/secure.gravatar.com\/avatar\/a04fd330bfe3a36a72a0ad4a6d89fca7?s=96&d=mm&r=pg\",\"caption\":\"bosniak\"},\"url\":\"https:\/\/sandzakpress.net\/arhiva\/author\/bosniak\/\"}]}<\/script>\n<!-- \/ Yoast SEO Premium plugin. -->","yoast_head_json":{"title":"Dodik: Muslimankama u BiH pla\u0107aju 300 KM da nose maramu","robots":{"index":"index","follow":"follow","max-snippet":"max-snippet:-1","max-image-preview":"max-image-preview:large","max-video-preview":"max-video-preview:-1"},"canonical":"https:\/\/sandzakpress.net\/arhiva\/dodik-muslimankama-u-bih-placaju-300-km-da-nose-maramu-2\/","og_locale":"bs_BA","og_type":"article","og_title":"Dodik: Muslimankama u BiH pla\u0107aju 300 KM da nose maramu","og_description":"Predsjednik Republike Srpske Milorad Dodik izjavio je Srni da je austrijski \u0161ef diplomatije Sebastian Kurz u pravu kada ka\u017ee da je pokrivanje \u017eena u BiH i zemljama Balkana zabrinjavaju\u0107a pojava. Na pitanje Srne da prokomentari\u0161e izjavu Kurza da se \u201cu Sarajevu ili Pri\u0161tini \u017eenama pla\u0107a da potpuno pokrivene izlaze na ulicu, kako bi promijenile sliku [&hellip;]","og_url":"https:\/\/sandzakpress.net\/arhiva\/dodik-muslimankama-u-bih-placaju-300-km-da-nose-maramu-2\/","og_site_name":"Sand\u017eak PRESS","article_published_time":"2017-08-23T16:50:06+00:00","og_image":[{"width":940,"height":528,"url":"https:\/\/sandzakpress.net\/arhiva\/wp-content\/uploads\/2017\/08\/dodik-m-2.jpg","type":"image\/jpeg"}],"author":"bosniak","twitter_card":"summary_large_image","twitter_misc":{"Written by":"bosniak","Est. reading time":"2 minute"},"schema":{"@context":"https:\/\/schema.org","@graph":[{"@type":"Article","@id":"https:\/\/sandzakpress.net\/arhiva\/dodik-muslimankama-u-bih-placaju-300-km-da-nose-maramu-2\/#article","isPartOf":{"@id":"https:\/\/sandzakpress.net\/arhiva\/dodik-muslimankama-u-bih-placaju-300-km-da-nose-maramu-2\/"},"author":{"name":"bosniak","@id":"https:\/\/sandzakpress.net\/arhiva\/#\/schema\/person\/c8baee722073534b583ea7bdb2e36c02"},"headline":"Dodik: Muslimankama u BiH pla\u0107aju 300 KM da nose maramu","datePublished":"2017-08-23T16:50:06+00:00","mainEntityOfPage":{"@id":"https:\/\/sandzakpress.net\/arhiva\/dodik-muslimankama-u-bih-placaju-300-km-da-nose-maramu-2\/"},"wordCount":331,"commentCount":1,"publisher":{"@id":"https:\/\/sandzakpress.net\/arhiva\/#\/schema\/person\/6e72b67d6e51910a1117b3b483ba20bd"},"image":{"@id":"https:\/\/sandzakpress.net\/arhiva\/dodik-muslimankama-u-bih-placaju-300-km-da-nose-maramu-2\/#primaryimage"},"thumbnailUrl":"https:\/\/sandzakpress.net\/arhiva\/wp-content\/uploads\/2017\/08\/dodik-m-2.jpg","keywords":["Bosna i Hercegovina"],"articleSection":["Bosna PRESS"],"inLanguage":"bs-BA","potentialAction":[{"@type":"CommentAction","name":"Comment","target":["https:\/\/sandzakpress.net\/arhiva\/dodik-muslimankama-u-bih-placaju-300-km-da-nose-maramu-2\/#respond"]}]},{"@type":"WebPage","@id":"https:\/\/sandzakpress.net\/arhiva\/dodik-muslimankama-u-bih-placaju-300-km-da-nose-maramu-2\/","url":"https:\/\/sandzakpress.net\/arhiva\/dodik-muslimankama-u-bih-placaju-300-km-da-nose-maramu-2\/","name":"Dodik: Muslimankama u BiH pla\u0107aju 300 KM da nose maramu","isPartOf":{"@id":"https:\/\/sandzakpress.net\/arhiva\/#website"},"primaryImageOfPage":{"@id":"https:\/\/sandzakpress.net\/arhiva\/dodik-muslimankama-u-bih-placaju-300-km-da-nose-maramu-2\/#primaryimage"},"image":{"@id":"https:\/\/sandzakpress.net\/arhiva\/dodik-muslimankama-u-bih-placaju-300-km-da-nose-maramu-2\/#primaryimage"},"thumbnailUrl":"https:\/\/sandzakpress.net\/arhiva\/wp-content\/uploads\/2017\/08\/dodik-m-2.jpg","datePublished":"2017-08-23T16:50:06+00:00","breadcrumb":{"@id":"https:\/\/sandzakpress.net\/arhiva\/dodik-muslimankama-u-bih-placaju-300-km-da-nose-maramu-2\/#breadcrumb"},"inLanguage":"bs-BA","potentialAction":[{"@type":"ReadAction","target":["https:\/\/sandzakpress.net\/arhiva\/dodik-muslimankama-u-bih-placaju-300-km-da-nose-maramu-2\/"]}]},{"@type":"ImageObject","inLanguage":"bs-BA","@id":"https:\/\/sandzakpress.net\/arhiva\/dodik-muslimankama-u-bih-placaju-300-km-da-nose-maramu-2\/#primaryimage","url":"https:\/\/sandzakpress.net\/arhiva\/wp-content\/uploads\/2017\/08\/dodik-m-2.jpg","contentUrl":"https:\/\/sandzakpress.net\/arhiva\/wp-content\/uploads\/2017\/08\/dodik-m-2.jpg","width":940,"height":528},{"@type":"BreadcrumbList","@id":"https:\/\/sandzakpress.net\/arhiva\/dodik-muslimankama-u-bih-placaju-300-km-da-nose-maramu-2\/#breadcrumb","itemListElement":[{"@type":"ListItem","position":1,"name":"Home","item":"https:\/\/sandzakpress.net\/arhiva\/"},{"@type":"ListItem","position":2,"name":"Dodik: Muslimankama u BiH pla\u0107aju 300 KM da nose maramu"}]},{"@type":"WebSite","@id":"https:\/\/sandzakpress.net\/arhiva\/#website","url":"https:\/\/sandzakpress.net\/arhiva\/","name":"Sand\u017eak PRESS","description":"Prve elektronske novine u Sand\u017eaku","publisher":{"@id":"https:\/\/sandzakpress.net\/arhiva\/#\/schema\/person\/6e72b67d6e51910a1117b3b483ba20bd"},"potentialAction":[{"@type":"SearchAction","target":{"@type":"EntryPoint","urlTemplate":"https:\/\/sandzakpress.net\/arhiva\/?s={search_term_string}"},"query-input":{"@type":"PropertyValueSpecification","valueRequired":true,"valueName":"search_term_string"}}],"inLanguage":"bs-BA"},{"@type":["Person","Organization"],"@id":"https:\/\/sandzakpress.net\/arhiva\/#\/schema\/person\/6e72b67d6e51910a1117b3b483ba20bd","name":"Kul","image":{"@type":"ImageObject","inLanguage":"bs-BA","@id":"https:\/\/sandzakpress.net\/arhiva\/#\/schema\/person\/image\/","url":"https:\/\/secure.gravatar.com\/avatar\/42263f39aa27ac04c43cab85c280eb2e?s=96&d=mm&r=pg","contentUrl":"https:\/\/secure.gravatar.com\/avatar\/42263f39aa27ac04c43cab85c280eb2e?s=96&d=mm&r=pg","caption":"Kul"},"logo":{"@id":"https:\/\/sandzakpress.net\/arhiva\/#\/schema\/person\/image\/"}},{"@type":"Person","@id":"https:\/\/sandzakpress.net\/arhiva\/#\/schema\/person\/c8baee722073534b583ea7bdb2e36c02","name":"bosniak","image":{"@type":"ImageObject","inLanguage":"bs-BA","@id":"https:\/\/sandzakpress.net\/arhiva\/#\/schema\/person\/image\/","url":"https:\/\/secure.gravatar.com\/avatar\/a04fd330bfe3a36a72a0ad4a6d89fca7?s=96&d=mm&r=pg","contentUrl":"https:\/\/secure.gravatar.com\/avatar\/a04fd330bfe3a36a72a0ad4a6d89fca7?s=96&d=mm&r=pg","caption":"bosniak"},"url":"https:\/\/sandzakpress.net\/arhiva\/author\/bosniak\/"}]}},"_links":{"self":[{"href":"https:\/\/sandzakpress.net\/arhiva\/wp-json\/wp\/v2\/posts\/193608"}],"collection":[{"href":"https:\/\/sandzakpress.net\/arhiva\/wp-json\/wp\/v2\/posts"}],"about":[{"href":"https:\/\/sandzakpress.net\/arhiva\/wp-json\/wp\/v2\/types\/post"}],"author":[{"embeddable":true,"href":"https:\/\/sandzakpress.net\/arhiva\/wp-json\/wp\/v2\/users\/83"}],"replies":[{"embeddable":true,"href":"https:\/\/sandzakpress.net\/arhiva\/wp-json\/wp\/v2\/comments?post=193608"}],"version-history":[{"count":0,"href":"https:\/\/sandzakpress.net\/arhiva\/wp-json\/wp\/v2\/posts\/193608\/revisions"}],"wp:featuredmedia":[{"embeddable":true,"href":"https:\/\/sandzakpress.net\/arhiva\/wp-json\/wp\/v2\/media\/193610"}],"wp:attachment":[{"href":"https:\/\/sandzakpress.net\/arhiva\/wp-json\/wp\/v2\/media?parent=193608"}],"wp:term":[{"taxonomy":"category","embeddable":true,"href":"https:\/\/sandzakpress.net\/arhiva\/wp-json\/wp\/v2\/categories?post=193608"},{"taxonomy":"post_tag","embeddable":true,"href":"https:\/\/sandzakpress.net\/arhiva\/wp-json\/wp\/v2\/tags?post=193608"}],"curies":[{"name":"wp","href":"https:\/\/api.w.org\/{rel}","templated":true}]}}