{"id":193459,"date":"2017-08-22T15:30:01","date_gmt":"2017-08-22T13:30:01","guid":{"rendered":"https:\/\/sandzakpress.net\/arhiva\/?p=193459"},"modified":"2017-08-22T15:18:49","modified_gmt":"2017-08-22T13:18:49","slug":"193459-2","status":"publish","type":"post","link":"https:\/\/sandzakpress.net\/arhiva\/193459-2\/","title":{"rendered":""},"content":{"rendered":"<p><strong><img loading=\"lazy\" decoding=\"async\" class=\"aligncenter\" src=\"http:\/\/www.dan.co.me\/gfx_bb\/Reg0321082017.jpg\" alt=\"Ali-pa\u0161ine izvore \u010diste od sme\u0107a\" width=\"641\" height=\"539\" \/>Pla\u00advlja\u00adnin Fa\u00adruk Re\u00add\u017ee\u00adpa\u00adgi\u0107 sa pri\u00adja\u00adte\u00adlji\u00adma Ru\u00adfe\u00adtom Pu\u00adri\u00ad\u0161i\u00ad\u0107em, Sa\u00adli\u00adhom Mu\u00adsi\u00ad\u0107em i Sa\u00addu\u00addi\u00adnom Ca\u00adno\u00advi\u00ad\u0107em i pro\u00adte\u00adklog vi\u00adken\u00adda je or\u00adga\u00adni\u00adzo\u00advao ak\u00adci\u00adju \u010di\u00ad\u0161\u0107e\u00adnja Ali-pa\u00ad\u0161i\u00adnih iz\u00advo\u00adra, ka\u00adko bi na\u00adsta\u00advi\u00adli sa po\u00adslom ure\u00ad\u0111e\u00adnja tog bi\u00adse\u00adra pri\u00adro\u00adde. Oni su ak\u00adci\u00adju za\u00adpo\u00ad\u010de\u00adli na\u00adkon Ilin\u00addan\u00adskog sa\u00adbo\u00adra.\u00a0<\/strong><\/p>\n<p>Re\u00add\u017ee\u00adpa\u00adgi\u0107 ve\u0107 41 go\u00addi\u00adnu \u017ei\u00advi i ra\u00addi u \u0160vaj\u00adcar\u00adskoj, a go\u00addi\u00ad\u0161nje po ne\u00adko\u00adli\u00adko pu\u00adta do\u00ad\u0111e u za\u00advi\u00ad\u010daj i uvi\u00adjek po\u00adkre\u00adne ne\u00adku ko\u00adri\u00adsnu ak\u00adci\u00adju.\u00a0<\/p>\n<p>On je is\u00adta\u00adkao da je bio raz\u00ado\u00ad\u010da\u00adran ka\u00adda je vi\u00addio ka\u00adko je ta tu\u00adri\u00adsti\u010d\u00adka atrak\u00adci\u00adja za\u00adpu\u00ad\u0161te\u00adna i za\u00adtr\u00adpa\u00adna ot\u00adpa\u00addom, pa je od\u00adlu\u00ad\u010dio da sa svo\u00adjim pri\u00adja\u00adte\u00adlji\u00adma re\u00ada\u00adli\u00adzu\u00adje ak\u00adci\u00adju ka\u00adko bi ko\u00adli\u00adko-to\u00adli\u00adko, upri\u00adsto\u00adji\u00adli taj pro\u00adstor.<\/p>\n<p>\u2013 Ovog vi\u00adken\u00adda or\u00adga\u00adni\u00adzo\u00adva\u00adli smo jed\u00adnu ve\u00ad\u0107u ak\u00adci\u00adju. \u010ci\u00adsti\u00admo vo\u00adde\u00adnu ma\u00adho\u00advi\u00adnu, al\u00adge, sit\u00adni\u00adje ra\u00adsti\u00adnje i ra\u00adzni ot\u00adpad: fla\u00ad\u0161e, \u010da\u00ad\u0161e, \u010de\u00adpo\u00adve, pa\u00adpir, ke\u00adse, dr\u00adva\u2026 To uti\u00ad\u010de na uku\u00adpan am\u00adbi\u00adjent Ali\u00adpa\u00ad\u0161i\u00adnih iz\u00advo\u00adra, ome\u00adta\u00adju\u00ad\u0107i i nor\u00adma\u00adlan pro\u00adtok vo\u00adde. Da\u00adkle, ukla\u00adnja\u00admo sve ono \u0161to ni\u00adje od maj\u00adke pri\u00adro\u00adde, a na kra\u00adju \u0107e\u00admo an\u00adga\u00ad\u017eo\u00adva\u00adti trak\u00adtor da se to od\u00adne\u00adse ta\u00admo gdje mu je mje\u00adsto. Sna\u00ad\u0161li smo se za \u010de\u00adti\u00adri pa\u00adra ri\u00adbar\u00adskih \u010di\u00adza\u00adma, ne\u00adko\u00adli\u00adko gvo\u00adzde\u00adnih gra\u00adbu\u00adlja i vi\u00adla i evo za\u00adsu\u00adka\u00adli ru\u00adka\u00adve da na\u00adsta\u00advi\u00admo sa za\u00adpo\u00ad\u010de\u00adtim po\u00adslom \u2013 ka\u00adzao je Re\u00add\u017ee\u00adpa\u00adgi\u0107.\u00a0<\/p>\n<p>On je mi\u00adnu\u00adlog pet\u00adka bio na kon\u00adsul\u00adta\u00adci\u00adji kod pred\u00adsjed\u00adni\u00adce op\u00ad\u0161ti\u00adne Gu\u00adsi\u00adnje Ane\u00adle \u010ce\u00adki\u0107, da za\u00adtra\u00ad\u017ei sa\u00adgla\u00adsnost da te ra\u00addo\u00adve iz\u00advo\u00adde me\u00adha\u00adni\u00adza\u00adci\u00adjom.<\/p>\n<p>\u2013 Pred\u00adsjed\u00adni\u00adca je, uz sa\u00adgla\u00adsnost eko\u00adlo\u00ad\u0161kog in\u00adspek\u00adto\u00adra, ka\u00adza\u00adla da to mo\u00ad\u017ee\u00admo da ra\u00addi\u00admo ru\u010d\u00adno jer in\u00adspek\u00adtor ni\u00adje za to da se ovo ure\u00ad\u0111u\u00adje me\u00adha\u00adni\u00adza\u00adci\u00adjom zbog bo\u00adja\u00adzni da ma\u00ad\u0161i\u00adna ne po\u00adre\u00adme\u00adti iz\u00advo\u00adri\u00ad\u0161ta, \u0161to je po me\u00adni ne\u00admo\u00adgu\u00ad\u0107e, jer iz\u00advo\u00adri\u00ad\u0161ta su za\u00adpra\u00advo vre\u00adla ko\u00adja se pro\u00adsti\u00adru du\u017e br\u00adda sto\u00adti\u00adnak me\u00adta\u00adra \u0161i\u00adri\u00adne, a \u010di\u00ad\u0161\u0107e\u00adnje se od\u00advi\u00adja u vod\u00adnim ko\u00adri\u00adti\u00adma. Zna\u00admo da se sve vod\u00adne po\u00advr\u00ad\u0161i\u00adne i rje\u010d\u00adna dna \u010di\u00adste me\u00adha\u00adni\u00adza\u00adci\u00adjom pri\u00adgod\u00adnom za te po\u00adslo\u00adve i ne znam \u0161to bi to ov\u00addje \u0161ko\u00addi\u00adlo. Vje\u00adro\u00advat\u00adno da in\u00adspek\u00adtor ni\u00adje iz te stru\u00adke i da ne vla\u00adda si\u00adtu\u00ada\u00adci\u00adjom, jer upra\u00advo ade\u00adkvat\u00adna me\u00adha\u00adni\u00adza\u00adci\u00adja te po\u00adslo\u00adve kva\u00adli\u00adtet\u00adno za\u00advr\u00ad\u0161a\u00adva. No, bi\u00adlo bi do\u00adbro da ti nad\u00adle\u00ad\u017eni po\u00admog\u00adnu, ba\u0161 u di\u00adje\u00adlu me\u00adha\u00adni\u00adza\u00adci\u00adje, a ja bih obez\u00adbi\u00adje\u00addio fi\u00adzi\u010d\u00adku rad\u00adnu sna\u00adgu. Na kra\u00adju, po\u00adred ukla\u00adnja\u00adnja tog krup\u00adni\u00adjeg ko\u00adro\u00adva i iz\u00adra\u00adde po\u00adzi\u00adda, sli\u00adje\u00addi i pro\u00addu\u00adblji\u00adva\u00adnje dna, ko\u00adje bi se mo\u00adra\u00adlo oba\u00advi\u00adti me\u00adha\u00adni\u00adza\u00adci\u00adjom. Ma\u00adlo du\u00adblje sam ko\u00adpao, uklo\u00adnio ma\u00adho\u00advi\u00adnu i ilo\u00adva\u00ad\u010du i od\u00admah se uka\u00adza\u00adlo vre\u00adlo sa ko\u00adjeg od\u00admah mo\u00ad\u017ee\u00adte pi\u00adti \u010di\u00adstu vo\u00addu \u2013 uka\u00adzu\u00adje Re\u00add\u017ee\u00adpa\u00adgi\u0107.\u00a0<\/p>\n<p>On ima na\u00admje\u00adru da ure\u00addi i pro\u00adstor oko kon\u00adtej\u00adne\u00adra, da ih od vo\u00adde\u00adni\u010d\u00adkog objek\u00adta po\u00admje\u00adri na pri\u00adgod\u00adni\u00adje mje\u00adsto, a dr\u00adve\u00adne bad\u00adnje\u00adve \u0161to uvo\u00adde vo\u00addu u vo\u00adde\u00adni\u00adcu pla\u00adni\u00adra da o\u010di\u00adsti ka\u00adko bi vo\u00adda ne\u00adsme\u00adta\u00adno te\u00adkla na vo\u00adde\u00adni\u010d\u00adke to\u010d\u00adko\u00adve.\u00a0<\/p>\n<p>\u2013 Pred\u00adsjed\u00adni\u00adci sam ka\u00adzao da sam vo\u00adljan i da po\u00adsta\u00advim de\u00adse\u00adtak am\u00adbi\u00adjen\u00adtal\u00adnih kor\u00adpi za sme\u00ad\u0107e du\u017e ovog kom\u00adplek\u00adsa, jer evo, ka\u00adko se vi\u00addi, ne\u00adma ni\u00adjed\u00adne, a po\u00adsje\u00adti\u00ado\u00adci, evi\u00addent\u00adno, ne\u00adma\u00adju svi\u00adjest da taj ot\u00adpad \u0161to na\u00adpra\u00adve po\u00adne\u00adsu sa so\u00adbom i ba\u00adce ne\u00adgdje u kon\u00adtej\u00adner, ve\u0107 ga tu osta\u00advlja\u00adju, a kor\u00adpe bi si\u00adgur\u00adno u\u010di\u00adni\u00adle da se ta svi\u00adjest mi\u00adje\u00adnja. Me\u00ad\u0111u\u00adtim, pred\u00adsjed\u00adni\u00adca sma\u00adtra da ni\u00adje po\u00adtreb\u00adno da ja sta\u00advljam te kor\u00adpe jer oni ima\u00adju pro\u00adje\u00adkat za to. I ako ga ima\u00adju, on je si\u00adgur\u00adno ne\u00adgdje u fi\u00ado\u00adci, pa sam pred\u00adsjed\u00adni\u00adci ona\u00adko sa do\u00adzom iro\u00adni\u00adje re\u00adkao da \u0107e taj pro\u00adje\u00adkat vje\u00adro\u00advat\u00adno bi\u00adti ostva\u00adren 2030. go\u00addi\u00adne. Ni\u00adka\u00adko ne mo\u00adgu da shva\u00adtim, \u0161to sam i pret\u00adhod\u00adni put ka\u00adzao, da po\u00adsto\u00adji op\u00ad\u0161tin\u00adska sa\u00admo\u00adu\u00adpra\u00adva, slu\u00ad\u017ebe i pred\u00adu\u00adze\u00ad\u0107a, a da se ni ta naj\u00ado\u00adsnov\u00adni\u00adja pi\u00adta\u00adnja, kao ko\u00admu\u00adnal\u00adni red, in\u00adspek\u00adcij\u00adski po\u00adslo\u00advi i sve ono \u0161to uti\u00ad\u010de na ljep\u00ad\u0161i i zdra\u00advi\u00adji \u017ei\u00advot\u00adni am\u00adbi\u00adjent, ne rje\u00ad\u0161a\u00adva\u00adju \u2013 na\u00adgla\u00adsio je Re\u00add\u017ee\u00adpa\u00adgi\u0107.N.V.<\/p>\n<p>(dan)<\/p>\n","protected":false},"excerpt":{"rendered":"<p>Pla\u00advlja\u00adnin Fa\u00adruk Re\u00add\u017ee\u00adpa\u00adgi\u0107 sa pri\u00adja\u00adte\u00adlji\u00adma Ru\u00adfe\u00adtom Pu\u00adri\u00ad\u0161i\u00ad\u0107em, Sa\u00adli\u00adhom Mu\u00adsi\u00ad\u0107em i Sa\u00addu\u00addi\u00adnom Ca\u00adno\u00advi\u00ad\u0107em i pro\u00adte\u00adklog vi\u00adken\u00adda je or\u00adga\u00adni\u00adzo\u00advao ak\u00adci\u00adju \u010di\u00ad\u0161\u0107e\u00adnja Ali-pa\u00ad\u0161i\u00adnih iz\u00advo\u00adra, ka\u00adko bi na\u00adsta\u00advi\u00adli sa po\u00adslom ure\u00ad\u0111e\u00adnja tog bi\u00adse\u00adra pri\u00adro\u00adde. Oni su ak\u00adci\u00adju za\u00adpo\u00ad\u010de\u00adli na\u00adkon Ilin\u00addan\u00adskog sa\u00adbo\u00adra.\u00a0 Re\u00add\u017ee\u00adpa\u00adgi\u0107 ve\u0107 41 go\u00addi\u00adnu \u017ei\u00advi i ra\u00addi u \u0160vaj\u00adcar\u00adskoj, a go\u00addi\u00ad\u0161nje po ne\u00adko\u00adli\u00adko pu\u00adta do\u00ad\u0111e u za\u00advi\u00ad\u010daj i [&hellip;]<\/p>\n","protected":false},"author":509,"featured_media":193466,"comment_status":"open","ping_status":"open","sticky":false,"template":"","format":"standard","meta":{"footnotes":""},"categories":[399,5,10173,10429],"tags":[],"class_list":{"0":"post-193459","1":"post","2":"type-post","3":"status-publish","4":"format-standard","5":"has-post-thumbnail","7":"category-plav_","8":"category-drustvo","9":"category-gusinje-vase-vijesti","10":"category-vazno"},"yoast_head":"<!-- This site is optimized with the Yoast SEO Premium plugin v23.1 (Yoast SEO v24.9) - https:\/\/yoast.com\/wordpress\/plugins\/seo\/ -->\n<title>Sand\u017eak PRESS<\/title>\n<meta name=\"robots\" content=\"index, follow, max-snippet:-1, max-image-preview:large, max-video-preview:-1\" \/>\n<link rel=\"canonical\" href=\"https:\/\/sandzakpress.net\/arhiva\/193459-2\/\" \/>\n<meta property=\"og:locale\" content=\"bs_BA\" \/>\n<meta property=\"og:type\" content=\"article\" \/>\n<meta property=\"og:description\" content=\"Pla\u00advlja\u00adnin Fa\u00adruk Re\u00add\u017ee\u00adpa\u00adgi\u0107 sa pri\u00adja\u00adte\u00adlji\u00adma Ru\u00adfe\u00adtom Pu\u00adri\u00ad\u0161i\u00ad\u0107em, Sa\u00adli\u00adhom Mu\u00adsi\u00ad\u0107em i Sa\u00addu\u00addi\u00adnom Ca\u00adno\u00advi\u00ad\u0107em i pro\u00adte\u00adklog vi\u00adken\u00adda je or\u00adga\u00adni\u00adzo\u00advao ak\u00adci\u00adju \u010di\u00ad\u0161\u0107e\u00adnja Ali-pa\u00ad\u0161i\u00adnih iz\u00advo\u00adra, ka\u00adko bi na\u00adsta\u00advi\u00adli sa po\u00adslom ure\u00ad\u0111e\u00adnja tog bi\u00adse\u00adra pri\u00adro\u00adde. Oni su ak\u00adci\u00adju za\u00adpo\u00ad\u010de\u00adli na\u00adkon Ilin\u00addan\u00adskog sa\u00adbo\u00adra.\u00a0 Re\u00add\u017ee\u00adpa\u00adgi\u0107 ve\u0107 41 go\u00addi\u00adnu \u017ei\u00advi i ra\u00addi u \u0160vaj\u00adcar\u00adskoj, a go\u00addi\u00ad\u0161nje po ne\u00adko\u00adli\u00adko pu\u00adta do\u00ad\u0111e u za\u00advi\u00ad\u010daj i [&hellip;]\" \/>\n<meta property=\"og:url\" content=\"https:\/\/sandzakpress.net\/arhiva\/193459-2\/\" \/>\n<meta property=\"og:site_name\" content=\"Sand\u017eak PRESS\" \/>\n<meta property=\"article:published_time\" content=\"2017-08-22T13:30:01+00:00\" \/>\n<meta property=\"og:image\" content=\"https:\/\/sandzakpress.net\/arhiva\/wp-content\/uploads\/2017\/08\/Reg0321082017.jpg\" \/>\n\t<meta property=\"og:image:width\" content=\"407\" \/>\n\t<meta property=\"og:image:height\" content=\"302\" \/>\n\t<meta property=\"og:image:type\" content=\"image\/jpeg\" \/>\n<meta name=\"author\" content=\"Agencija\" \/>\n<meta name=\"twitter:card\" content=\"summary_large_image\" \/>\n<meta name=\"twitter:label1\" content=\"Written by\" \/>\n\t<meta name=\"twitter:data1\" content=\"Agencija\" \/>\n\t<meta name=\"twitter:label2\" content=\"Est. reading time\" \/>\n\t<meta name=\"twitter:data2\" content=\"6 minuta\" \/>\n<script type=\"application\/ld+json\" class=\"yoast-schema-graph\">{\"@context\":\"https:\/\/schema.org\",\"@graph\":[{\"@type\":\"Article\",\"@id\":\"https:\/\/sandzakpress.net\/arhiva\/193459-2\/#article\",\"isPartOf\":{\"@id\":\"https:\/\/sandzakpress.net\/arhiva\/193459-2\/\"},\"author\":{\"name\":\"Agencija\",\"@id\":\"https:\/\/sandzakpress.net\/arhiva\/#\/schema\/person\/cb59d7e3ab91ab90dd680ad0305a6185\"},\"headline\":\"No title\",\"datePublished\":\"2017-08-22T13:30:01+00:00\",\"mainEntityOfPage\":{\"@id\":\"https:\/\/sandzakpress.net\/arhiva\/193459-2\/\"},\"wordCount\":1168,\"commentCount\":0,\"publisher\":{\"@id\":\"https:\/\/sandzakpress.net\/arhiva\/#\/schema\/person\/6e72b67d6e51910a1117b3b483ba20bd\"},\"image\":{\"@id\":\"https:\/\/sandzakpress.net\/arhiva\/193459-2\/#primaryimage\"},\"thumbnailUrl\":\"https:\/\/sandzakpress.net\/arhiva\/wp-content\/uploads\/2017\/08\/Reg0321082017.jpg\",\"articleSection\":[\"Plav\",\"Dru\u0161tvo\",\"Gusinje\",\"VA\u017dNO!\"],\"inLanguage\":\"bs-BA\",\"potentialAction\":[{\"@type\":\"CommentAction\",\"name\":\"Comment\",\"target\":[\"https:\/\/sandzakpress.net\/arhiva\/193459-2\/#respond\"]}]},{\"@type\":\"WebPage\",\"@id\":\"https:\/\/sandzakpress.net\/arhiva\/193459-2\/\",\"url\":\"https:\/\/sandzakpress.net\/arhiva\/193459-2\/\",\"name\":\"\",\"isPartOf\":{\"@id\":\"https:\/\/sandzakpress.net\/arhiva\/#website\"},\"primaryImageOfPage\":{\"@id\":\"https:\/\/sandzakpress.net\/arhiva\/193459-2\/#primaryimage\"},\"image\":{\"@id\":\"https:\/\/sandzakpress.net\/arhiva\/193459-2\/#primaryimage\"},\"thumbnailUrl\":\"https:\/\/sandzakpress.net\/arhiva\/wp-content\/uploads\/2017\/08\/Reg0321082017.jpg\",\"datePublished\":\"2017-08-22T13:30:01+00:00\",\"inLanguage\":\"bs-BA\",\"potentialAction\":[{\"@type\":\"ReadAction\",\"target\":[\"https:\/\/sandzakpress.net\/arhiva\/193459-2\/\"]}]},{\"@type\":\"ImageObject\",\"inLanguage\":\"bs-BA\",\"@id\":\"https:\/\/sandzakpress.net\/arhiva\/193459-2\/#primaryimage\",\"url\":\"https:\/\/sandzakpress.net\/arhiva\/wp-content\/uploads\/2017\/08\/Reg0321082017.jpg\",\"contentUrl\":\"https:\/\/sandzakpress.net\/arhiva\/wp-content\/uploads\/2017\/08\/Reg0321082017.jpg\",\"width\":407,\"height\":302},{\"@type\":\"WebSite\",\"@id\":\"https:\/\/sandzakpress.net\/arhiva\/#website\",\"url\":\"https:\/\/sandzakpress.net\/arhiva\/\",\"name\":\"Sand\u017eak PRESS\",\"description\":\"Prve elektronske novine u Sand\u017eaku\",\"publisher\":{\"@id\":\"https:\/\/sandzakpress.net\/arhiva\/#\/schema\/person\/6e72b67d6e51910a1117b3b483ba20bd\"},\"potentialAction\":[{\"@type\":\"SearchAction\",\"target\":{\"@type\":\"EntryPoint\",\"urlTemplate\":\"https:\/\/sandzakpress.net\/arhiva\/?s={search_term_string}\"},\"query-input\":{\"@type\":\"PropertyValueSpecification\",\"valueRequired\":true,\"valueName\":\"search_term_string\"}}],\"inLanguage\":\"bs-BA\"},{\"@type\":[\"Person\",\"Organization\"],\"@id\":\"https:\/\/sandzakpress.net\/arhiva\/#\/schema\/person\/6e72b67d6e51910a1117b3b483ba20bd\",\"name\":\"Kul\",\"image\":{\"@type\":\"ImageObject\",\"inLanguage\":\"bs-BA\",\"@id\":\"https:\/\/sandzakpress.net\/arhiva\/#\/schema\/person\/image\/\",\"url\":\"https:\/\/secure.gravatar.com\/avatar\/42263f39aa27ac04c43cab85c280eb2e?s=96&d=mm&r=pg\",\"contentUrl\":\"https:\/\/secure.gravatar.com\/avatar\/42263f39aa27ac04c43cab85c280eb2e?s=96&d=mm&r=pg\",\"caption\":\"Kul\"},\"logo\":{\"@id\":\"https:\/\/sandzakpress.net\/arhiva\/#\/schema\/person\/image\/\"}},{\"@type\":\"Person\",\"@id\":\"https:\/\/sandzakpress.net\/arhiva\/#\/schema\/person\/cb59d7e3ab91ab90dd680ad0305a6185\",\"name\":\"Agencija\",\"image\":{\"@type\":\"ImageObject\",\"inLanguage\":\"bs-BA\",\"@id\":\"https:\/\/sandzakpress.net\/arhiva\/#\/schema\/person\/image\/\",\"url\":\"https:\/\/secure.gravatar.com\/avatar\/4b7fafa80a22f0c2afe23966b3961fe0?s=96&d=mm&r=pg\",\"contentUrl\":\"https:\/\/secure.gravatar.com\/avatar\/4b7fafa80a22f0c2afe23966b3961fe0?s=96&d=mm&r=pg\",\"caption\":\"Agencija\"},\"url\":\"https:\/\/sandzakpress.net\/arhiva\/author\/agencija\/\"}]}<\/script>\n<!-- \/ Yoast SEO Premium plugin. -->","yoast_head_json":{"title":"Sand\u017eak PRESS","robots":{"index":"index","follow":"follow","max-snippet":"max-snippet:-1","max-image-preview":"max-image-preview:large","max-video-preview":"max-video-preview:-1"},"canonical":"https:\/\/sandzakpress.net\/arhiva\/193459-2\/","og_locale":"bs_BA","og_type":"article","og_description":"Pla\u00advlja\u00adnin Fa\u00adruk Re\u00add\u017ee\u00adpa\u00adgi\u0107 sa pri\u00adja\u00adte\u00adlji\u00adma Ru\u00adfe\u00adtom Pu\u00adri\u00ad\u0161i\u00ad\u0107em, Sa\u00adli\u00adhom Mu\u00adsi\u00ad\u0107em i Sa\u00addu\u00addi\u00adnom Ca\u00adno\u00advi\u00ad\u0107em i pro\u00adte\u00adklog vi\u00adken\u00adda je or\u00adga\u00adni\u00adzo\u00advao ak\u00adci\u00adju \u010di\u00ad\u0161\u0107e\u00adnja Ali-pa\u00ad\u0161i\u00adnih iz\u00advo\u00adra, ka\u00adko bi na\u00adsta\u00advi\u00adli sa po\u00adslom ure\u00ad\u0111e\u00adnja tog bi\u00adse\u00adra pri\u00adro\u00adde. Oni su ak\u00adci\u00adju za\u00adpo\u00ad\u010de\u00adli na\u00adkon Ilin\u00addan\u00adskog sa\u00adbo\u00adra.\u00a0 Re\u00add\u017ee\u00adpa\u00adgi\u0107 ve\u0107 41 go\u00addi\u00adnu \u017ei\u00advi i ra\u00addi u \u0160vaj\u00adcar\u00adskoj, a go\u00addi\u00ad\u0161nje po ne\u00adko\u00adli\u00adko pu\u00adta do\u00ad\u0111e u za\u00advi\u00ad\u010daj i [&hellip;]","og_url":"https:\/\/sandzakpress.net\/arhiva\/193459-2\/","og_site_name":"Sand\u017eak PRESS","article_published_time":"2017-08-22T13:30:01+00:00","og_image":[{"width":407,"height":302,"url":"https:\/\/sandzakpress.net\/arhiva\/wp-content\/uploads\/2017\/08\/Reg0321082017.jpg","type":"image\/jpeg"}],"author":"Agencija","twitter_card":"summary_large_image","twitter_misc":{"Written by":"Agencija","Est. reading time":"6 minuta"},"schema":{"@context":"https:\/\/schema.org","@graph":[{"@type":"Article","@id":"https:\/\/sandzakpress.net\/arhiva\/193459-2\/#article","isPartOf":{"@id":"https:\/\/sandzakpress.net\/arhiva\/193459-2\/"},"author":{"name":"Agencija","@id":"https:\/\/sandzakpress.net\/arhiva\/#\/schema\/person\/cb59d7e3ab91ab90dd680ad0305a6185"},"headline":"No title","datePublished":"2017-08-22T13:30:01+00:00","mainEntityOfPage":{"@id":"https:\/\/sandzakpress.net\/arhiva\/193459-2\/"},"wordCount":1168,"commentCount":0,"publisher":{"@id":"https:\/\/sandzakpress.net\/arhiva\/#\/schema\/person\/6e72b67d6e51910a1117b3b483ba20bd"},"image":{"@id":"https:\/\/sandzakpress.net\/arhiva\/193459-2\/#primaryimage"},"thumbnailUrl":"https:\/\/sandzakpress.net\/arhiva\/wp-content\/uploads\/2017\/08\/Reg0321082017.jpg","articleSection":["Plav","Dru\u0161tvo","Gusinje","VA\u017dNO!"],"inLanguage":"bs-BA","potentialAction":[{"@type":"CommentAction","name":"Comment","target":["https:\/\/sandzakpress.net\/arhiva\/193459-2\/#respond"]}]},{"@type":"WebPage","@id":"https:\/\/sandzakpress.net\/arhiva\/193459-2\/","url":"https:\/\/sandzakpress.net\/arhiva\/193459-2\/","name":"","isPartOf":{"@id":"https:\/\/sandzakpress.net\/arhiva\/#website"},"primaryImageOfPage":{"@id":"https:\/\/sandzakpress.net\/arhiva\/193459-2\/#primaryimage"},"image":{"@id":"https:\/\/sandzakpress.net\/arhiva\/193459-2\/#primaryimage"},"thumbnailUrl":"https:\/\/sandzakpress.net\/arhiva\/wp-content\/uploads\/2017\/08\/Reg0321082017.jpg","datePublished":"2017-08-22T13:30:01+00:00","inLanguage":"bs-BA","potentialAction":[{"@type":"ReadAction","target":["https:\/\/sandzakpress.net\/arhiva\/193459-2\/"]}]},{"@type":"ImageObject","inLanguage":"bs-BA","@id":"https:\/\/sandzakpress.net\/arhiva\/193459-2\/#primaryimage","url":"https:\/\/sandzakpress.net\/arhiva\/wp-content\/uploads\/2017\/08\/Reg0321082017.jpg","contentUrl":"https:\/\/sandzakpress.net\/arhiva\/wp-content\/uploads\/2017\/08\/Reg0321082017.jpg","width":407,"height":302},{"@type":"WebSite","@id":"https:\/\/sandzakpress.net\/arhiva\/#website","url":"https:\/\/sandzakpress.net\/arhiva\/","name":"Sand\u017eak PRESS","description":"Prve elektronske novine u Sand\u017eaku","publisher":{"@id":"https:\/\/sandzakpress.net\/arhiva\/#\/schema\/person\/6e72b67d6e51910a1117b3b483ba20bd"},"potentialAction":[{"@type":"SearchAction","target":{"@type":"EntryPoint","urlTemplate":"https:\/\/sandzakpress.net\/arhiva\/?s={search_term_string}"},"query-input":{"@type":"PropertyValueSpecification","valueRequired":true,"valueName":"search_term_string"}}],"inLanguage":"bs-BA"},{"@type":["Person","Organization"],"@id":"https:\/\/sandzakpress.net\/arhiva\/#\/schema\/person\/6e72b67d6e51910a1117b3b483ba20bd","name":"Kul","image":{"@type":"ImageObject","inLanguage":"bs-BA","@id":"https:\/\/sandzakpress.net\/arhiva\/#\/schema\/person\/image\/","url":"https:\/\/secure.gravatar.com\/avatar\/42263f39aa27ac04c43cab85c280eb2e?s=96&d=mm&r=pg","contentUrl":"https:\/\/secure.gravatar.com\/avatar\/42263f39aa27ac04c43cab85c280eb2e?s=96&d=mm&r=pg","caption":"Kul"},"logo":{"@id":"https:\/\/sandzakpress.net\/arhiva\/#\/schema\/person\/image\/"}},{"@type":"Person","@id":"https:\/\/sandzakpress.net\/arhiva\/#\/schema\/person\/cb59d7e3ab91ab90dd680ad0305a6185","name":"Agencija","image":{"@type":"ImageObject","inLanguage":"bs-BA","@id":"https:\/\/sandzakpress.net\/arhiva\/#\/schema\/person\/image\/","url":"https:\/\/secure.gravatar.com\/avatar\/4b7fafa80a22f0c2afe23966b3961fe0?s=96&d=mm&r=pg","contentUrl":"https:\/\/secure.gravatar.com\/avatar\/4b7fafa80a22f0c2afe23966b3961fe0?s=96&d=mm&r=pg","caption":"Agencija"},"url":"https:\/\/sandzakpress.net\/arhiva\/author\/agencija\/"}]}},"_links":{"self":[{"href":"https:\/\/sandzakpress.net\/arhiva\/wp-json\/wp\/v2\/posts\/193459"}],"collection":[{"href":"https:\/\/sandzakpress.net\/arhiva\/wp-json\/wp\/v2\/posts"}],"about":[{"href":"https:\/\/sandzakpress.net\/arhiva\/wp-json\/wp\/v2\/types\/post"}],"author":[{"embeddable":true,"href":"https:\/\/sandzakpress.net\/arhiva\/wp-json\/wp\/v2\/users\/509"}],"replies":[{"embeddable":true,"href":"https:\/\/sandzakpress.net\/arhiva\/wp-json\/wp\/v2\/comments?post=193459"}],"version-history":[{"count":0,"href":"https:\/\/sandzakpress.net\/arhiva\/wp-json\/wp\/v2\/posts\/193459\/revisions"}],"wp:featuredmedia":[{"embeddable":true,"href":"https:\/\/sandzakpress.net\/arhiva\/wp-json\/wp\/v2\/media\/193466"}],"wp:attachment":[{"href":"https:\/\/sandzakpress.net\/arhiva\/wp-json\/wp\/v2\/media?parent=193459"}],"wp:term":[{"taxonomy":"category","embeddable":true,"href":"https:\/\/sandzakpress.net\/arhiva\/wp-json\/wp\/v2\/categories?post=193459"},{"taxonomy":"post_tag","embeddable":true,"href":"https:\/\/sandzakpress.net\/arhiva\/wp-json\/wp\/v2\/tags?post=193459"}],"curies":[{"name":"wp","href":"https:\/\/api.w.org\/{rel}","templated":true}]}}