{"id":19331,"date":"2011-09-03T21:47:52","date_gmt":"2011-09-03T19:47:52","guid":{"rendered":"https:\/\/sandzakpress.net\/arhiva\/?p=19331"},"modified":"2011-09-03T21:47:52","modified_gmt":"2011-09-03T19:47:52","slug":"polovina-bosnjaka-u-crnoj-gori-govori-tudim-jezikom","status":"publish","type":"post","link":"https:\/\/sandzakpress.net\/arhiva\/polovina-bosnjaka-u-crnoj-gori-govori-tudim-jezikom\/","title":{"rendered":"Polovina Bo\u0161njaka u Crnoj Gori govori tu\u0111im jezikom"},"content":{"rendered":"<p><a href=\"https:\/\/sandzakpress.net\/arhiva\/wp-content\/uploads\/2011\/09\/7D3EFD80-4D04-43F1-84AE-AF7658FA701A_w527_s.jpg\"><img loading=\"lazy\" decoding=\"async\" class=\"aligncenter size-full wp-image-19332\" title=\"7D3EFD80-4D04-43F1-84AE-AF7658FA701A_w527_s\" src=\"https:\/\/sandzakpress.net\/arhiva\/wp-content\/uploads\/2011\/09\/7D3EFD80-4D04-43F1-84AE-AF7658FA701A_w527_s.jpg\" alt=\"\" width=\"616\" height=\"399\" \/><\/a><\/p>\n<p><strong>Sand\u017eak &#8211; Prema rezultatima popisa stanovni\u0161tva\u00a0 u 2011. godini, kako se navodi u izvje\u0161taju Monstata broj 83, od 11. 7. 2011., u Crnoj Gori ima 620.029 stanovnika, od \u010dega su 50,61%\u00a0 ili 313.793 \u017eene, a 49,39% ili 306.236 mu\u0161karci. Najve\u0107i broj stanovnika ima Podgorica i to 185 937, \u0161to predstavlja 30% stanovni\u0161tva Crne Gore, zatim slijede Nik\u0161i\u0107 i Bijelo Polje. U ove tri op\u0107ine skoncentrirano je oko 50% ukupnog stanovni\u0161tva Crne Gore. Op\u0107ine s najmanjim brojem stanovnika su \u0160avnik 2.070, Plu\u017eine 3.246 i \u017dabljak 3.569.<\/strong><\/p>\n<p>Izvje\u0161taj sa kojim je iza\u0161ao Monstat \u2013 statisti\u010dki zavod Crne Gore, ukazuje na mnoge zanimljivosti koje otvaraju mnoge teme, od onih osnovnih: u kojoj se mjeri mo\u017eemo osloniti na vjerodostojnost podataka, do onih, mo\u017eda mnogo va\u017enijih: op\u0107eg dru\u0161tvenog stanja sloboda u Crnoj Gori.<\/p>\n<p>Upore\u0111uju\u0107i podatke popisa stanovni\u0161tva sa podacima iz 2003. godine, kada je izvr\u0161en prethodni popis u Crnoj Gori, dolazimo do zaklju\u010dka da je do\u0161lo do neznatnog smanjenja broja stanovnika. Sa 620.145 na 620.029 stanovnika, odnosno 116 manje.\u00a0 Najbrojniji narod, crnogorski se pove\u0107ao u odnosu na 2003. za 11.196. Drugi po broju, srpski se smanjio za\u00a0 9.304. Ako se ova dva naroda posmatraju u ukupnom broju, do\u0161lo je do pove\u0107anja za 1.892. Istovremeno, interesantno je uo\u010diti podatak da je do\u0161lo do smanjenja pravoslavnog \u017eivlja za \u010ditavih 13.525,\u00a0 \u0161to zbunjuje jer se o\u010dekivalo da su ova dva podatka u velikom procentu korespodentna. Ako bismo samo brojevima\u00a0 \u201erazmi\u0161ljali\u201c,\u00a0 do\u0161li bi do zaklju\u010dka da se zna\u010dajan broj etni\u010dkih Srba i Crnogoraca izjasnio da pripada nekoj drugoj a ne pravoslavnoj vjeri, i to, prema monstatovim podacima \u2013 Islamu. Naime, u vjerskom izja\u0161njavanju gra\u0111ana, jedino je do\u0161lo do pove\u0107anja pripadnika Islama, i to za 8.443.<\/p>\n<p>Ipak, bolja analiza nas upu\u0107uje da se ovdje radi o sasvim druga\u010dijem procesu.<\/p>\n<p>Kada se usporedi podatak ukupnog broja onih gra\u0111ana koji su se izjasnili kao Srbi, i gra\u0111ana koji govore srpskim jezikom, dolazimo do skoro nevjerovatne \u010dinjenice da je ovih drugih vi\u0161e za \u010dak 87.785. Istovremeno, istom analizom onih koji su se izjasnili kao Crnogorci i onih koji govore crnogorskim jezikom, vidimo da je sada ovih drugih manje za \u010dak 49.614. \u0160ta je sada ovo, kakva je ovo statistika, kakav je ovo popis \u2013 mo\u017eda se ve\u0107 neko pita. Da poku\u0161amo ovu zabunu malo uprostiti. Ako saberemo Crnogorce i Srbe na jednoj strani i one koji govore crnogorski i srpski jezik, na drugoj strani, vidimo da je \u010dak za 38.171 vi\u0161e onih gra\u0111ana koji govore crnogorski ili srpski, od onih koji su se izjasnili kao Crnogorsci ili Srbi. Kako sad ovo?\u00a0 Ima li kraja ovoj statistici? E, ima! Pogledajmo jedan drugi podatak: Bo\u0161njaka i Muslimana i onih koji su se izjasnili kao Bosanci ili Bo\u0161njaci\/Muslimani ima ukupno 74.744, dok je onih koji govore (svojim) bosanskim ili bo\u0161nja\u010dkim jezikom ukupno 36.739, odnosno za \u010ditavih 38.005 gra\u0111ana manje. Vidimo sada gdje odo\u0161e ovih trideset i osam hiljada gra\u0111ana kada je jezik u pitanju. Trideset osam hiljada se vi\u0161e izjasnilo da govori crnogorski ili srpski od onih koji se izjasni\u0161e kao Crnogorci ili Srbi, a isto toliko onih koji se izjasni\u0161e kao Bo\u0161njaci (i Mislimani i Bosanci\u2026) ali im je jezik &#8211; neki drugi. Da li je suvi\u0161no pitanje: koji?<\/p>\n<p>Ako dalje posmatramo podatke popisa, vidimo da je do\u0161lo do smanjenja broja Albanaca, i to za 724, a da je istovremeno do\u0161lo do pove\u0107anja broja pripadnika islama za ne\u0161to vi\u0161e od osam hiljada, logi\u010dno se pitamo u kojoj nacionalnoj populaciji je do\u0161lo do pove\u0107anja stanovni\u0161tva. Ako se osvrnemo na Bo\u0161njake (Bo\u0161njake, Muslimane\u2026), vidimo da je tu do\u0161lo do pove\u0107anja, ali samo za\u00a0 1.935 gra\u0111ana koji se tako osje\u0107aju. Gdje su se to nacionalno svrstali ostali, vi\u0161e od \u0161est hiljada gra\u0111ana? Vratimo se na podatke o broju Srba i Crnogoraca, gdje smo vidjeli da je do\u0161lo do neznatnog ukupnog pove\u0107anja (1.822) a da se broj pravoslavnih\u00a0 smanjio za \u010ditavih 13.525. Name\u0107e nam se zaklju\u010dak da se najvjerovatnije za ovu razliku ovaj broj pripadnika islama opredijelio nacionalno kao Crnogorci ili Srbi. Kada se dalje igramo ovom \u010dudnom statistikom, ona nas dovodi do jo\u0161 nekih zbunjuju\u0107ih podataka. Vidimo da se ukupno izjasnilo 118.477 pripadnika islama, a da je onih koji su se izjasnili kao Bo\u0161njaci, Muslimani, Bosanci, Bo\u0161njaci\/Muslimani, Albanci (muslimani)\u00a0 ne\u0161to oko\u00a0 90.000 dobijamo razliku od oko\u00a0 28.000\u00a0 gra\u0111ana, koja nas dodatno zbunjuje. Prema popisnim podacima, uo\u010davamo i jedan koji je jako sli\u010dan ovom od dvadeset osam hiljada, a to je podatak\u00a0 da je onih koji u nacionalnom smislu nijesu \u017eeljeli da se izjasne, \u010dak\u00a0 30.170. Da li nisu htjeli ili nisu smjeli, samo je jedno od otvorenih pitanja koje se nadvija nad ovim popisnim podacima kao sjena.<\/p>\n<p>Polovina Bo\u0161njaka (sa svim popisnim varijantama) je na ovom popisu rekla da govori neki drugi (?) a ne bosanski (bo\u0161nja\u010dki) jezik. Kada se ovom podatku doda vidljiva razlika izme\u0111u broja pripadnika islama i onih koji su se nacionalno izjasnili u \u201etradicionalnom\u201c\u00a0 opredjeljenju: Bo\u0161njaci (i Muslimani \u2026) kao i Albanci (muslimani), jasno je da ovaj skup popisnih podataka zaslu\u017euje dublju sociolo\u0161ku ali i politi\u010dku analizu za koju treba posebna studija.<br \/>\nMnogo je jo\u0161 otvorenih pitanja, a jedno od njih je i pitanje metodologije kojom su brojni sugra\u0111ani ostali van ovih brojki jer se du\u017ee od godinu dana nalaze na privremenom radu u inostranstvu. Ako je svima jasno da je rije\u010d o uglavnom bo\u0161nja\u010dko-albanskoj\u00a0 populaciji, mogli bismo re\u0107i da je opet na pomolu\u00a0 jo\u0161 jedna\u00a0 tema za neku novu analizu\u2026<\/p>\n<p>Ali, pogledajmo malo tabele, i bit \u0107e nam mnogo toga jasno i bez posebnih studija!<\/p>\n<p>Autor: <strong>Uredni\u0161tvo revije Sand\u017eak<\/strong><\/p>\n","protected":false},"excerpt":{"rendered":"<p>Sand\u017eak &#8211; Prema rezultatima popisa stanovni\u0161tva\u00a0 u 2011. godini, kako se navodi u izvje\u0161taju Monstata broj 83, od 11. 7. 2011., u Crnoj Gori ima 620.029 stanovnika, od \u010dega su 50,61%\u00a0 ili 313.793 \u017eene, a 49,39% ili 306.236 mu\u0161karci. Najve\u0107i broj stanovnika ima Podgorica i to 185 937, \u0161to predstavlja 30% stanovni\u0161tva Crne Gore, zatim [&hellip;]<\/p>\n","protected":false},"author":83,"featured_media":19332,"comment_status":"open","ping_status":"open","sticky":false,"template":"","format":"standard","meta":{"footnotes":""},"categories":[398,397,396,395,399],"tags":[],"class_list":{"0":"post-19331","1":"post","2":"type-post","3":"status-publish","4":"format-standard","5":"has-post-thumbnail","7":"category-rozaje","8":"category-berane","9":"category-bijelo_polje","10":"category-pljevlja_","11":"category-plav_"},"yoast_head":"<!-- This site is optimized with the Yoast SEO Premium plugin v23.1 (Yoast SEO v24.9) - https:\/\/yoast.com\/wordpress\/plugins\/seo\/ -->\n<title>Polovina Bo\u0161njaka u Crnoj Gori govori tu\u0111im jezikom<\/title>\n<meta name=\"robots\" content=\"index, follow, max-snippet:-1, max-image-preview:large, max-video-preview:-1\" \/>\n<link rel=\"canonical\" href=\"https:\/\/sandzakpress.net\/arhiva\/polovina-bosnjaka-u-crnoj-gori-govori-tudim-jezikom\/\" \/>\n<meta property=\"og:locale\" content=\"bs_BA\" \/>\n<meta property=\"og:type\" content=\"article\" \/>\n<meta property=\"og:title\" content=\"Polovina Bo\u0161njaka u Crnoj Gori govori tu\u0111im jezikom\" \/>\n<meta property=\"og:description\" content=\"Sand\u017eak &#8211; Prema rezultatima popisa stanovni\u0161tva\u00a0 u 2011. godini, kako se navodi u izvje\u0161taju Monstata broj 83, od 11. 7. 2011., u Crnoj Gori ima 620.029 stanovnika, od \u010dega su 50,61%\u00a0 ili 313.793 \u017eene, a 49,39% ili 306.236 mu\u0161karci. Najve\u0107i broj stanovnika ima Podgorica i to 185 937, \u0161to predstavlja 30% stanovni\u0161tva Crne Gore, zatim [&hellip;]\" \/>\n<meta property=\"og:url\" content=\"https:\/\/sandzakpress.net\/arhiva\/polovina-bosnjaka-u-crnoj-gori-govori-tudim-jezikom\/\" \/>\n<meta property=\"og:site_name\" content=\"Sand\u017eak PRESS\" \/>\n<meta property=\"article:published_time\" content=\"2011-09-03T19:47:52+00:00\" \/>\n<meta property=\"og:image\" content=\"https:\/\/sandzakpress.net\/arhiva\/wp-content\/uploads\/2011\/09\/7D3EFD80-4D04-43F1-84AE-AF7658FA701A_w527_s.jpg\" \/>\n\t<meta property=\"og:image:width\" content=\"616\" \/>\n\t<meta property=\"og:image:height\" content=\"399\" \/>\n\t<meta property=\"og:image:type\" content=\"image\/jpeg\" \/>\n<meta name=\"author\" content=\"bosniak\" \/>\n<meta name=\"twitter:card\" content=\"summary_large_image\" \/>\n<meta name=\"twitter:label1\" content=\"Written by\" \/>\n\t<meta name=\"twitter:data1\" content=\"bosniak\" \/>\n\t<meta name=\"twitter:label2\" content=\"Est. reading time\" \/>\n\t<meta name=\"twitter:data2\" content=\"5 minuta\" \/>\n<script type=\"application\/ld+json\" class=\"yoast-schema-graph\">{\"@context\":\"https:\/\/schema.org\",\"@graph\":[{\"@type\":\"Article\",\"@id\":\"https:\/\/sandzakpress.net\/arhiva\/polovina-bosnjaka-u-crnoj-gori-govori-tudim-jezikom\/#article\",\"isPartOf\":{\"@id\":\"https:\/\/sandzakpress.net\/arhiva\/polovina-bosnjaka-u-crnoj-gori-govori-tudim-jezikom\/\"},\"author\":{\"name\":\"bosniak\",\"@id\":\"https:\/\/sandzakpress.net\/arhiva\/#\/schema\/person\/c8baee722073534b583ea7bdb2e36c02\"},\"headline\":\"Polovina Bo\u0161njaka u Crnoj Gori govori tu\u0111im jezikom\",\"datePublished\":\"2011-09-03T19:47:52+00:00\",\"mainEntityOfPage\":{\"@id\":\"https:\/\/sandzakpress.net\/arhiva\/polovina-bosnjaka-u-crnoj-gori-govori-tudim-jezikom\/\"},\"wordCount\":976,\"commentCount\":7,\"publisher\":{\"@id\":\"https:\/\/sandzakpress.net\/arhiva\/#\/schema\/person\/6e72b67d6e51910a1117b3b483ba20bd\"},\"image\":{\"@id\":\"https:\/\/sandzakpress.net\/arhiva\/polovina-bosnjaka-u-crnoj-gori-govori-tudim-jezikom\/#primaryimage\"},\"thumbnailUrl\":\"https:\/\/sandzakpress.net\/arhiva\/wp-content\/uploads\/2011\/09\/7D3EFD80-4D04-43F1-84AE-AF7658FA701A_w527_s.jpg\",\"articleSection\":[\"Ro\u017eaje\",\"Berane\",\"Bijelo Polje\",\"Pljevlja\",\"Plav\"],\"inLanguage\":\"bs-BA\",\"potentialAction\":[{\"@type\":\"CommentAction\",\"name\":\"Comment\",\"target\":[\"https:\/\/sandzakpress.net\/arhiva\/polovina-bosnjaka-u-crnoj-gori-govori-tudim-jezikom\/#respond\"]}]},{\"@type\":\"WebPage\",\"@id\":\"https:\/\/sandzakpress.net\/arhiva\/polovina-bosnjaka-u-crnoj-gori-govori-tudim-jezikom\/\",\"url\":\"https:\/\/sandzakpress.net\/arhiva\/polovina-bosnjaka-u-crnoj-gori-govori-tudim-jezikom\/\",\"name\":\"Polovina Bo\u0161njaka u Crnoj Gori govori tu\u0111im jezikom\",\"isPartOf\":{\"@id\":\"https:\/\/sandzakpress.net\/arhiva\/#website\"},\"primaryImageOfPage\":{\"@id\":\"https:\/\/sandzakpress.net\/arhiva\/polovina-bosnjaka-u-crnoj-gori-govori-tudim-jezikom\/#primaryimage\"},\"image\":{\"@id\":\"https:\/\/sandzakpress.net\/arhiva\/polovina-bosnjaka-u-crnoj-gori-govori-tudim-jezikom\/#primaryimage\"},\"thumbnailUrl\":\"https:\/\/sandzakpress.net\/arhiva\/wp-content\/uploads\/2011\/09\/7D3EFD80-4D04-43F1-84AE-AF7658FA701A_w527_s.jpg\",\"datePublished\":\"2011-09-03T19:47:52+00:00\",\"breadcrumb\":{\"@id\":\"https:\/\/sandzakpress.net\/arhiva\/polovina-bosnjaka-u-crnoj-gori-govori-tudim-jezikom\/#breadcrumb\"},\"inLanguage\":\"bs-BA\",\"potentialAction\":[{\"@type\":\"ReadAction\",\"target\":[\"https:\/\/sandzakpress.net\/arhiva\/polovina-bosnjaka-u-crnoj-gori-govori-tudim-jezikom\/\"]}]},{\"@type\":\"ImageObject\",\"inLanguage\":\"bs-BA\",\"@id\":\"https:\/\/sandzakpress.net\/arhiva\/polovina-bosnjaka-u-crnoj-gori-govori-tudim-jezikom\/#primaryimage\",\"url\":\"https:\/\/sandzakpress.net\/arhiva\/wp-content\/uploads\/2011\/09\/7D3EFD80-4D04-43F1-84AE-AF7658FA701A_w527_s.jpg\",\"contentUrl\":\"https:\/\/sandzakpress.net\/arhiva\/wp-content\/uploads\/2011\/09\/7D3EFD80-4D04-43F1-84AE-AF7658FA701A_w527_s.jpg\",\"width\":616,\"height\":399},{\"@type\":\"BreadcrumbList\",\"@id\":\"https:\/\/sandzakpress.net\/arhiva\/polovina-bosnjaka-u-crnoj-gori-govori-tudim-jezikom\/#breadcrumb\",\"itemListElement\":[{\"@type\":\"ListItem\",\"position\":1,\"name\":\"Home\",\"item\":\"https:\/\/sandzakpress.net\/arhiva\/\"},{\"@type\":\"ListItem\",\"position\":2,\"name\":\"Polovina Bo\u0161njaka u Crnoj Gori govori tu\u0111im jezikom\"}]},{\"@type\":\"WebSite\",\"@id\":\"https:\/\/sandzakpress.net\/arhiva\/#website\",\"url\":\"https:\/\/sandzakpress.net\/arhiva\/\",\"name\":\"Sand\u017eak PRESS\",\"description\":\"Prve elektronske novine u Sand\u017eaku\",\"publisher\":{\"@id\":\"https:\/\/sandzakpress.net\/arhiva\/#\/schema\/person\/6e72b67d6e51910a1117b3b483ba20bd\"},\"potentialAction\":[{\"@type\":\"SearchAction\",\"target\":{\"@type\":\"EntryPoint\",\"urlTemplate\":\"https:\/\/sandzakpress.net\/arhiva\/?s={search_term_string}\"},\"query-input\":{\"@type\":\"PropertyValueSpecification\",\"valueRequired\":true,\"valueName\":\"search_term_string\"}}],\"inLanguage\":\"bs-BA\"},{\"@type\":[\"Person\",\"Organization\"],\"@id\":\"https:\/\/sandzakpress.net\/arhiva\/#\/schema\/person\/6e72b67d6e51910a1117b3b483ba20bd\",\"name\":\"Kul\",\"image\":{\"@type\":\"ImageObject\",\"inLanguage\":\"bs-BA\",\"@id\":\"https:\/\/sandzakpress.net\/arhiva\/#\/schema\/person\/image\/\",\"url\":\"https:\/\/secure.gravatar.com\/avatar\/42263f39aa27ac04c43cab85c280eb2e?s=96&d=mm&r=pg\",\"contentUrl\":\"https:\/\/secure.gravatar.com\/avatar\/42263f39aa27ac04c43cab85c280eb2e?s=96&d=mm&r=pg\",\"caption\":\"Kul\"},\"logo\":{\"@id\":\"https:\/\/sandzakpress.net\/arhiva\/#\/schema\/person\/image\/\"}},{\"@type\":\"Person\",\"@id\":\"https:\/\/sandzakpress.net\/arhiva\/#\/schema\/person\/c8baee722073534b583ea7bdb2e36c02\",\"name\":\"bosniak\",\"image\":{\"@type\":\"ImageObject\",\"inLanguage\":\"bs-BA\",\"@id\":\"https:\/\/sandzakpress.net\/arhiva\/#\/schema\/person\/image\/\",\"url\":\"https:\/\/secure.gravatar.com\/avatar\/a04fd330bfe3a36a72a0ad4a6d89fca7?s=96&d=mm&r=pg\",\"contentUrl\":\"https:\/\/secure.gravatar.com\/avatar\/a04fd330bfe3a36a72a0ad4a6d89fca7?s=96&d=mm&r=pg\",\"caption\":\"bosniak\"},\"url\":\"https:\/\/sandzakpress.net\/arhiva\/author\/bosniak\/\"}]}<\/script>\n<!-- \/ Yoast SEO Premium plugin. -->","yoast_head_json":{"title":"Polovina Bo\u0161njaka u Crnoj Gori govori tu\u0111im jezikom","robots":{"index":"index","follow":"follow","max-snippet":"max-snippet:-1","max-image-preview":"max-image-preview:large","max-video-preview":"max-video-preview:-1"},"canonical":"https:\/\/sandzakpress.net\/arhiva\/polovina-bosnjaka-u-crnoj-gori-govori-tudim-jezikom\/","og_locale":"bs_BA","og_type":"article","og_title":"Polovina Bo\u0161njaka u Crnoj Gori govori tu\u0111im jezikom","og_description":"Sand\u017eak &#8211; Prema rezultatima popisa stanovni\u0161tva\u00a0 u 2011. godini, kako se navodi u izvje\u0161taju Monstata broj 83, od 11. 7. 2011., u Crnoj Gori ima 620.029 stanovnika, od \u010dega su 50,61%\u00a0 ili 313.793 \u017eene, a 49,39% ili 306.236 mu\u0161karci. Najve\u0107i broj stanovnika ima Podgorica i to 185 937, \u0161to predstavlja 30% stanovni\u0161tva Crne Gore, zatim [&hellip;]","og_url":"https:\/\/sandzakpress.net\/arhiva\/polovina-bosnjaka-u-crnoj-gori-govori-tudim-jezikom\/","og_site_name":"Sand\u017eak PRESS","article_published_time":"2011-09-03T19:47:52+00:00","og_image":[{"width":616,"height":399,"url":"https:\/\/sandzakpress.net\/arhiva\/wp-content\/uploads\/2011\/09\/7D3EFD80-4D04-43F1-84AE-AF7658FA701A_w527_s.jpg","type":"image\/jpeg"}],"author":"bosniak","twitter_card":"summary_large_image","twitter_misc":{"Written by":"bosniak","Est. reading time":"5 minuta"},"schema":{"@context":"https:\/\/schema.org","@graph":[{"@type":"Article","@id":"https:\/\/sandzakpress.net\/arhiva\/polovina-bosnjaka-u-crnoj-gori-govori-tudim-jezikom\/#article","isPartOf":{"@id":"https:\/\/sandzakpress.net\/arhiva\/polovina-bosnjaka-u-crnoj-gori-govori-tudim-jezikom\/"},"author":{"name":"bosniak","@id":"https:\/\/sandzakpress.net\/arhiva\/#\/schema\/person\/c8baee722073534b583ea7bdb2e36c02"},"headline":"Polovina Bo\u0161njaka u Crnoj Gori govori tu\u0111im jezikom","datePublished":"2011-09-03T19:47:52+00:00","mainEntityOfPage":{"@id":"https:\/\/sandzakpress.net\/arhiva\/polovina-bosnjaka-u-crnoj-gori-govori-tudim-jezikom\/"},"wordCount":976,"commentCount":7,"publisher":{"@id":"https:\/\/sandzakpress.net\/arhiva\/#\/schema\/person\/6e72b67d6e51910a1117b3b483ba20bd"},"image":{"@id":"https:\/\/sandzakpress.net\/arhiva\/polovina-bosnjaka-u-crnoj-gori-govori-tudim-jezikom\/#primaryimage"},"thumbnailUrl":"https:\/\/sandzakpress.net\/arhiva\/wp-content\/uploads\/2011\/09\/7D3EFD80-4D04-43F1-84AE-AF7658FA701A_w527_s.jpg","articleSection":["Ro\u017eaje","Berane","Bijelo Polje","Pljevlja","Plav"],"inLanguage":"bs-BA","potentialAction":[{"@type":"CommentAction","name":"Comment","target":["https:\/\/sandzakpress.net\/arhiva\/polovina-bosnjaka-u-crnoj-gori-govori-tudim-jezikom\/#respond"]}]},{"@type":"WebPage","@id":"https:\/\/sandzakpress.net\/arhiva\/polovina-bosnjaka-u-crnoj-gori-govori-tudim-jezikom\/","url":"https:\/\/sandzakpress.net\/arhiva\/polovina-bosnjaka-u-crnoj-gori-govori-tudim-jezikom\/","name":"Polovina Bo\u0161njaka u Crnoj Gori govori tu\u0111im jezikom","isPartOf":{"@id":"https:\/\/sandzakpress.net\/arhiva\/#website"},"primaryImageOfPage":{"@id":"https:\/\/sandzakpress.net\/arhiva\/polovina-bosnjaka-u-crnoj-gori-govori-tudim-jezikom\/#primaryimage"},"image":{"@id":"https:\/\/sandzakpress.net\/arhiva\/polovina-bosnjaka-u-crnoj-gori-govori-tudim-jezikom\/#primaryimage"},"thumbnailUrl":"https:\/\/sandzakpress.net\/arhiva\/wp-content\/uploads\/2011\/09\/7D3EFD80-4D04-43F1-84AE-AF7658FA701A_w527_s.jpg","datePublished":"2011-09-03T19:47:52+00:00","breadcrumb":{"@id":"https:\/\/sandzakpress.net\/arhiva\/polovina-bosnjaka-u-crnoj-gori-govori-tudim-jezikom\/#breadcrumb"},"inLanguage":"bs-BA","potentialAction":[{"@type":"ReadAction","target":["https:\/\/sandzakpress.net\/arhiva\/polovina-bosnjaka-u-crnoj-gori-govori-tudim-jezikom\/"]}]},{"@type":"ImageObject","inLanguage":"bs-BA","@id":"https:\/\/sandzakpress.net\/arhiva\/polovina-bosnjaka-u-crnoj-gori-govori-tudim-jezikom\/#primaryimage","url":"https:\/\/sandzakpress.net\/arhiva\/wp-content\/uploads\/2011\/09\/7D3EFD80-4D04-43F1-84AE-AF7658FA701A_w527_s.jpg","contentUrl":"https:\/\/sandzakpress.net\/arhiva\/wp-content\/uploads\/2011\/09\/7D3EFD80-4D04-43F1-84AE-AF7658FA701A_w527_s.jpg","width":616,"height":399},{"@type":"BreadcrumbList","@id":"https:\/\/sandzakpress.net\/arhiva\/polovina-bosnjaka-u-crnoj-gori-govori-tudim-jezikom\/#breadcrumb","itemListElement":[{"@type":"ListItem","position":1,"name":"Home","item":"https:\/\/sandzakpress.net\/arhiva\/"},{"@type":"ListItem","position":2,"name":"Polovina Bo\u0161njaka u Crnoj Gori govori tu\u0111im jezikom"}]},{"@type":"WebSite","@id":"https:\/\/sandzakpress.net\/arhiva\/#website","url":"https:\/\/sandzakpress.net\/arhiva\/","name":"Sand\u017eak PRESS","description":"Prve elektronske novine u Sand\u017eaku","publisher":{"@id":"https:\/\/sandzakpress.net\/arhiva\/#\/schema\/person\/6e72b67d6e51910a1117b3b483ba20bd"},"potentialAction":[{"@type":"SearchAction","target":{"@type":"EntryPoint","urlTemplate":"https:\/\/sandzakpress.net\/arhiva\/?s={search_term_string}"},"query-input":{"@type":"PropertyValueSpecification","valueRequired":true,"valueName":"search_term_string"}}],"inLanguage":"bs-BA"},{"@type":["Person","Organization"],"@id":"https:\/\/sandzakpress.net\/arhiva\/#\/schema\/person\/6e72b67d6e51910a1117b3b483ba20bd","name":"Kul","image":{"@type":"ImageObject","inLanguage":"bs-BA","@id":"https:\/\/sandzakpress.net\/arhiva\/#\/schema\/person\/image\/","url":"https:\/\/secure.gravatar.com\/avatar\/42263f39aa27ac04c43cab85c280eb2e?s=96&d=mm&r=pg","contentUrl":"https:\/\/secure.gravatar.com\/avatar\/42263f39aa27ac04c43cab85c280eb2e?s=96&d=mm&r=pg","caption":"Kul"},"logo":{"@id":"https:\/\/sandzakpress.net\/arhiva\/#\/schema\/person\/image\/"}},{"@type":"Person","@id":"https:\/\/sandzakpress.net\/arhiva\/#\/schema\/person\/c8baee722073534b583ea7bdb2e36c02","name":"bosniak","image":{"@type":"ImageObject","inLanguage":"bs-BA","@id":"https:\/\/sandzakpress.net\/arhiva\/#\/schema\/person\/image\/","url":"https:\/\/secure.gravatar.com\/avatar\/a04fd330bfe3a36a72a0ad4a6d89fca7?s=96&d=mm&r=pg","contentUrl":"https:\/\/secure.gravatar.com\/avatar\/a04fd330bfe3a36a72a0ad4a6d89fca7?s=96&d=mm&r=pg","caption":"bosniak"},"url":"https:\/\/sandzakpress.net\/arhiva\/author\/bosniak\/"}]}},"_links":{"self":[{"href":"https:\/\/sandzakpress.net\/arhiva\/wp-json\/wp\/v2\/posts\/19331"}],"collection":[{"href":"https:\/\/sandzakpress.net\/arhiva\/wp-json\/wp\/v2\/posts"}],"about":[{"href":"https:\/\/sandzakpress.net\/arhiva\/wp-json\/wp\/v2\/types\/post"}],"author":[{"embeddable":true,"href":"https:\/\/sandzakpress.net\/arhiva\/wp-json\/wp\/v2\/users\/83"}],"replies":[{"embeddable":true,"href":"https:\/\/sandzakpress.net\/arhiva\/wp-json\/wp\/v2\/comments?post=19331"}],"version-history":[{"count":0,"href":"https:\/\/sandzakpress.net\/arhiva\/wp-json\/wp\/v2\/posts\/19331\/revisions"}],"wp:featuredmedia":[{"embeddable":true,"href":"https:\/\/sandzakpress.net\/arhiva\/wp-json\/wp\/v2\/media\/19332"}],"wp:attachment":[{"href":"https:\/\/sandzakpress.net\/arhiva\/wp-json\/wp\/v2\/media?parent=19331"}],"wp:term":[{"taxonomy":"category","embeddable":true,"href":"https:\/\/sandzakpress.net\/arhiva\/wp-json\/wp\/v2\/categories?post=19331"},{"taxonomy":"post_tag","embeddable":true,"href":"https:\/\/sandzakpress.net\/arhiva\/wp-json\/wp\/v2\/tags?post=19331"}],"curies":[{"name":"wp","href":"https:\/\/api.w.org\/{rel}","templated":true}]}}