{"id":193203,"date":"2017-08-17T15:25:59","date_gmt":"2017-08-17T13:25:59","guid":{"rendered":"https:\/\/sandzakpress.net\/arhiva\/?p=193203"},"modified":"2017-08-17T15:22:15","modified_gmt":"2017-08-17T13:22:15","slug":"rekordni-zekat-i-sadekatul-fitr-u-proteklom-ramazanu","status":"publish","type":"post","link":"https:\/\/sandzakpress.net\/arhiva\/rekordni-zekat-i-sadekatul-fitr-u-proteklom-ramazanu\/","title":{"rendered":"Pove\u0107anje od 19% &#8211; Rekordni zekat i sadekatul-fitr u proteklom Ramazanu"},"content":{"rendered":"<p><img decoding=\"async\" src=\"http:\/\/mesihat.org\/wp-content\/uploads\/2017\/08\/IMG_8409.jpg\" \/><\/p>\n<p class=\"x_MsoNormal\" style=\"text-align: left;\" align=\"center\"><strong>Na svojoj redovnoj sjednici odr\u017eanoj 17.08.2017. godine, Me\u0161ihat Islamske zajednice u Srbiji, nakon temeljitog razmatranja, jednoglasno je usvojio Izvje\u0161taj o ramazanskim aktivnostima, te konstatovano je da su sve predvi\u0111ene aktivnosti uspje\u0161no realizovane na vjerskom, edukativnom, humanitarnom i medijskom planu.<\/strong><\/p>\n<p class=\"x_MsoNormal\">Me\u0161ihat se zahvalio svim akterima ramazanskih aktivnosti sa posebnom zahvalom pripadnicima Islamske zajednice na punom povjerenju, \u0161to pokazuje i akcija zekata i sadekatul-fitra \u010diji su rezultati za preko 19% uve\u0107ani u odnosu na prethodnu rekordnu godinu.<\/p>\n<p class=\"x_MsoNormal\">Na sjednici su iz reda \u010dlanova Me\u0161ihata predlo\u017eeni \u010dlanovi upravnih odbora Fakulteta za islamske studije i Medrese Gazi Isa-beg u narednom mandatu.<\/p>\n<p class=\"x_MsoNormal\">Tako\u0111er, verifikovano je uvakufljenje oko 6 ari placa za izgradnju d\u017eamije u selu Vr\u017eogrnci kod Novog Pazara, \u010dije polaganje kamena temeljca \u0107e biti uprili\u010deno u subotu 19. avgusta u 11 sati.<\/p>\n<section class=\"entry-content clearfix\">\n<p><img loading=\"lazy\" decoding=\"async\" class=\"size-full wp-image-40014 alignnone\" src=\"http:\/\/mesihat.org\/wp-content\/uploads\/2017\/08\/IMG_8398.jpg\" sizes=\"(max-width: 1000px) 100vw, 1000px\" srcset=\"http:\/\/mesihat.org\/wp-content\/uploads\/2017\/08\/IMG_8398.jpg 1000w, http:\/\/mesihat.org\/wp-content\/uploads\/2017\/08\/IMG_8398-485x300.jpg 485w, http:\/\/mesihat.org\/wp-content\/uploads\/2017\/08\/IMG_8398-768x475.jpg 768w, http:\/\/mesihat.org\/wp-content\/uploads\/2017\/08\/IMG_8398-969x600.jpg 969w\" alt=\"\" width=\"1000\" height=\"619\" \/><img loading=\"lazy\" decoding=\"async\" class=\"size-full wp-image-40016 alignnone\" src=\"http:\/\/mesihat.org\/wp-content\/uploads\/2017\/08\/IMG_8404.jpg\" sizes=\"(max-width: 1000px) 100vw, 1000px\" srcset=\"http:\/\/mesihat.org\/wp-content\/uploads\/2017\/08\/IMG_8404.jpg 1000w, http:\/\/mesihat.org\/wp-content\/uploads\/2017\/08\/IMG_8404-544x300.jpg 544w, http:\/\/mesihat.org\/wp-content\/uploads\/2017\/08\/IMG_8404-768x423.jpg 768w\" alt=\"\" width=\"1000\" height=\"551\" \/><img loading=\"lazy\" decoding=\"async\" class=\"size-full wp-image-40020 alignnone\" src=\"http:\/\/mesihat.org\/wp-content\/uploads\/2017\/08\/IMG_8413.jpg\" sizes=\"(max-width: 1000px) 100vw, 1000px\" srcset=\"http:\/\/mesihat.org\/wp-content\/uploads\/2017\/08\/IMG_8413.jpg 1000w, http:\/\/mesihat.org\/wp-content\/uploads\/2017\/08\/IMG_8413-467x300.jpg 467w, http:\/\/mesihat.org\/wp-content\/uploads\/2017\/08\/IMG_8413-768x493.jpg 768w, http:\/\/mesihat.org\/wp-content\/uploads\/2017\/08\/IMG_8413-935x600.jpg 935w\" alt=\"\" width=\"1000\" height=\"642\" \/><img loading=\"lazy\" decoding=\"async\" class=\"size-full wp-image-40015 alignnone\" src=\"http:\/\/mesihat.org\/wp-content\/uploads\/2017\/08\/IMG_8401.jpg\" sizes=\"(max-width: 1000px) 100vw, 1000px\" srcset=\"http:\/\/mesihat.org\/wp-content\/uploads\/2017\/08\/IMG_8401.jpg 1000w, http:\/\/mesihat.org\/wp-content\/uploads\/2017\/08\/IMG_8401-469x300.jpg 469w, http:\/\/mesihat.org\/wp-content\/uploads\/2017\/08\/IMG_8401-768x492.jpg 768w, http:\/\/mesihat.org\/wp-content\/uploads\/2017\/08\/IMG_8401-938x600.jpg 938w\" alt=\"\" width=\"1000\" height=\"640\" \/><img loading=\"lazy\" decoding=\"async\" class=\"size-full wp-image-40017 alignnone\" src=\"http:\/\/mesihat.org\/wp-content\/uploads\/2017\/08\/IMG_8406.jpg\" sizes=\"(max-width: 1000px) 100vw, 1000px\" srcset=\"http:\/\/mesihat.org\/wp-content\/uploads\/2017\/08\/IMG_8406.jpg 1000w, http:\/\/mesihat.org\/wp-content\/uploads\/2017\/08\/IMG_8406-523x300.jpg 523w, http:\/\/mesihat.org\/wp-content\/uploads\/2017\/08\/IMG_8406-768x441.jpg 768w\" alt=\"\" width=\"1000\" height=\"574\" \/><\/p>\n<\/section>\n<p class=\"x_MsoNormal\">\u00a0\u00a0\u00a0\u00a0\u00a0\u00a0\u00a0\u00a0\u00a0\u00a0\u00a0<\/p>\n","protected":false},"excerpt":{"rendered":"<p>Na svojoj redovnoj sjednici odr\u017eanoj 17.08.2017. godine, Me\u0161ihat Islamske zajednice u Srbiji, nakon temeljitog razmatranja, jednoglasno je usvojio Izvje\u0161taj o ramazanskim aktivnostima, te konstatovano je da su sve predvi\u0111ene aktivnosti uspje\u0161no realizovane na vjerskom, edukativnom, humanitarnom i medijskom planu. Me\u0161ihat se zahvalio svim akterima ramazanskih aktivnosti sa posebnom zahvalom pripadnicima Islamske zajednice na punom povjerenju, [&hellip;]<\/p>\n","protected":false},"author":509,"featured_media":193204,"comment_status":"open","ping_status":"open","sticky":false,"template":"","format":"standard","meta":{"footnotes":""},"categories":[72,52,327,392,393,802,394,8957],"tags":[],"class_list":{"0":"post-193203","1":"post","2":"type-post","3":"status-publish","4":"format-standard","5":"has-post-thumbnail","7":"category-novi-pazar","8":"category-sjenica","9":"category-tutin","10":"category-prijepolje_","11":"category-priboj","12":"category-islamska_zajednica","13":"category-nova-varos","14":"category-vijesti-dana"},"yoast_head":"<!-- This site is optimized with the Yoast SEO Premium plugin v23.1 (Yoast SEO v24.9) - https:\/\/yoast.com\/wordpress\/plugins\/seo\/ -->\n<title>Pove\u0107anje od 19% - Rekordni zekat i sadekatul-fitr u proteklom Ramazanu<\/title>\n<meta name=\"robots\" content=\"index, follow, max-snippet:-1, max-image-preview:large, max-video-preview:-1\" \/>\n<link rel=\"canonical\" href=\"https:\/\/sandzakpress.net\/arhiva\/rekordni-zekat-i-sadekatul-fitr-u-proteklom-ramazanu\/\" \/>\n<meta property=\"og:locale\" content=\"bs_BA\" \/>\n<meta property=\"og:type\" content=\"article\" \/>\n<meta property=\"og:title\" content=\"Pove\u0107anje od 19% - Rekordni zekat i sadekatul-fitr u proteklom Ramazanu\" \/>\n<meta property=\"og:description\" content=\"Na svojoj redovnoj sjednici odr\u017eanoj 17.08.2017. godine, Me\u0161ihat Islamske zajednice u Srbiji, nakon temeljitog razmatranja, jednoglasno je usvojio Izvje\u0161taj o ramazanskim aktivnostima, te konstatovano je da su sve predvi\u0111ene aktivnosti uspje\u0161no realizovane na vjerskom, edukativnom, humanitarnom i medijskom planu. Me\u0161ihat se zahvalio svim akterima ramazanskih aktivnosti sa posebnom zahvalom pripadnicima Islamske zajednice na punom povjerenju, [&hellip;]\" \/>\n<meta property=\"og:url\" content=\"https:\/\/sandzakpress.net\/arhiva\/rekordni-zekat-i-sadekatul-fitr-u-proteklom-ramazanu\/\" \/>\n<meta property=\"og:site_name\" content=\"Sand\u017eak PRESS\" \/>\n<meta property=\"article:published_time\" content=\"2017-08-17T13:25:59+00:00\" \/>\n<meta property=\"og:image\" content=\"https:\/\/sandzakpress.net\/arhiva\/wp-content\/uploads\/2017\/08\/IMG_8409.jpg\" \/>\n\t<meta property=\"og:image:width\" content=\"1000\" \/>\n\t<meta property=\"og:image:height\" content=\"604\" \/>\n\t<meta property=\"og:image:type\" content=\"image\/jpeg\" \/>\n<meta name=\"author\" content=\"Agencija\" \/>\n<meta name=\"twitter:card\" content=\"summary_large_image\" \/>\n<meta name=\"twitter:label1\" content=\"Written by\" \/>\n\t<meta name=\"twitter:data1\" content=\"Agencija\" \/>\n\t<meta name=\"twitter:label2\" content=\"Est. reading time\" \/>\n\t<meta name=\"twitter:data2\" content=\"1 minuta\" \/>\n<script type=\"application\/ld+json\" class=\"yoast-schema-graph\">{\"@context\":\"https:\/\/schema.org\",\"@graph\":[{\"@type\":\"Article\",\"@id\":\"https:\/\/sandzakpress.net\/arhiva\/rekordni-zekat-i-sadekatul-fitr-u-proteklom-ramazanu\/#article\",\"isPartOf\":{\"@id\":\"https:\/\/sandzakpress.net\/arhiva\/rekordni-zekat-i-sadekatul-fitr-u-proteklom-ramazanu\/\"},\"author\":{\"name\":\"Agencija\",\"@id\":\"https:\/\/sandzakpress.net\/arhiva\/#\/schema\/person\/cb59d7e3ab91ab90dd680ad0305a6185\"},\"headline\":\"Pove\u0107anje od 19% &#8211; Rekordni zekat i sadekatul-fitr u proteklom Ramazanu\",\"datePublished\":\"2017-08-17T13:25:59+00:00\",\"mainEntityOfPage\":{\"@id\":\"https:\/\/sandzakpress.net\/arhiva\/rekordni-zekat-i-sadekatul-fitr-u-proteklom-ramazanu\/\"},\"wordCount\":147,\"commentCount\":9,\"publisher\":{\"@id\":\"https:\/\/sandzakpress.net\/arhiva\/#\/schema\/person\/6e72b67d6e51910a1117b3b483ba20bd\"},\"image\":{\"@id\":\"https:\/\/sandzakpress.net\/arhiva\/rekordni-zekat-i-sadekatul-fitr-u-proteklom-ramazanu\/#primaryimage\"},\"thumbnailUrl\":\"https:\/\/sandzakpress.net\/arhiva\/wp-content\/uploads\/2017\/08\/IMG_8409.jpg\",\"articleSection\":[\"Novi Pazar\",\"Sjenica\",\"Tutin\",\"Prijepolje\",\"Priboj\",\"Islamska zajednica\",\"Nova Varo\u0161\",\"VIJESTI DANA\"],\"inLanguage\":\"bs-BA\",\"potentialAction\":[{\"@type\":\"CommentAction\",\"name\":\"Comment\",\"target\":[\"https:\/\/sandzakpress.net\/arhiva\/rekordni-zekat-i-sadekatul-fitr-u-proteklom-ramazanu\/#respond\"]}]},{\"@type\":\"WebPage\",\"@id\":\"https:\/\/sandzakpress.net\/arhiva\/rekordni-zekat-i-sadekatul-fitr-u-proteklom-ramazanu\/\",\"url\":\"https:\/\/sandzakpress.net\/arhiva\/rekordni-zekat-i-sadekatul-fitr-u-proteklom-ramazanu\/\",\"name\":\"Pove\u0107anje od 19% - Rekordni zekat i sadekatul-fitr u proteklom Ramazanu\",\"isPartOf\":{\"@id\":\"https:\/\/sandzakpress.net\/arhiva\/#website\"},\"primaryImageOfPage\":{\"@id\":\"https:\/\/sandzakpress.net\/arhiva\/rekordni-zekat-i-sadekatul-fitr-u-proteklom-ramazanu\/#primaryimage\"},\"image\":{\"@id\":\"https:\/\/sandzakpress.net\/arhiva\/rekordni-zekat-i-sadekatul-fitr-u-proteklom-ramazanu\/#primaryimage\"},\"thumbnailUrl\":\"https:\/\/sandzakpress.net\/arhiva\/wp-content\/uploads\/2017\/08\/IMG_8409.jpg\",\"datePublished\":\"2017-08-17T13:25:59+00:00\",\"breadcrumb\":{\"@id\":\"https:\/\/sandzakpress.net\/arhiva\/rekordni-zekat-i-sadekatul-fitr-u-proteklom-ramazanu\/#breadcrumb\"},\"inLanguage\":\"bs-BA\",\"potentialAction\":[{\"@type\":\"ReadAction\",\"target\":[\"https:\/\/sandzakpress.net\/arhiva\/rekordni-zekat-i-sadekatul-fitr-u-proteklom-ramazanu\/\"]}]},{\"@type\":\"ImageObject\",\"inLanguage\":\"bs-BA\",\"@id\":\"https:\/\/sandzakpress.net\/arhiva\/rekordni-zekat-i-sadekatul-fitr-u-proteklom-ramazanu\/#primaryimage\",\"url\":\"https:\/\/sandzakpress.net\/arhiva\/wp-content\/uploads\/2017\/08\/IMG_8409.jpg\",\"contentUrl\":\"https:\/\/sandzakpress.net\/arhiva\/wp-content\/uploads\/2017\/08\/IMG_8409.jpg\",\"width\":1000,\"height\":604},{\"@type\":\"BreadcrumbList\",\"@id\":\"https:\/\/sandzakpress.net\/arhiva\/rekordni-zekat-i-sadekatul-fitr-u-proteklom-ramazanu\/#breadcrumb\",\"itemListElement\":[{\"@type\":\"ListItem\",\"position\":1,\"name\":\"Home\",\"item\":\"https:\/\/sandzakpress.net\/arhiva\/\"},{\"@type\":\"ListItem\",\"position\":2,\"name\":\"Pove\u0107anje od 19% &#8211; Rekordni zekat i sadekatul-fitr u proteklom Ramazanu\"}]},{\"@type\":\"WebSite\",\"@id\":\"https:\/\/sandzakpress.net\/arhiva\/#website\",\"url\":\"https:\/\/sandzakpress.net\/arhiva\/\",\"name\":\"Sand\u017eak PRESS\",\"description\":\"Prve elektronske novine u Sand\u017eaku\",\"publisher\":{\"@id\":\"https:\/\/sandzakpress.net\/arhiva\/#\/schema\/person\/6e72b67d6e51910a1117b3b483ba20bd\"},\"potentialAction\":[{\"@type\":\"SearchAction\",\"target\":{\"@type\":\"EntryPoint\",\"urlTemplate\":\"https:\/\/sandzakpress.net\/arhiva\/?s={search_term_string}\"},\"query-input\":{\"@type\":\"PropertyValueSpecification\",\"valueRequired\":true,\"valueName\":\"search_term_string\"}}],\"inLanguage\":\"bs-BA\"},{\"@type\":[\"Person\",\"Organization\"],\"@id\":\"https:\/\/sandzakpress.net\/arhiva\/#\/schema\/person\/6e72b67d6e51910a1117b3b483ba20bd\",\"name\":\"Kul\",\"image\":{\"@type\":\"ImageObject\",\"inLanguage\":\"bs-BA\",\"@id\":\"https:\/\/sandzakpress.net\/arhiva\/#\/schema\/person\/image\/\",\"url\":\"https:\/\/secure.gravatar.com\/avatar\/42263f39aa27ac04c43cab85c280eb2e?s=96&d=mm&r=pg\",\"contentUrl\":\"https:\/\/secure.gravatar.com\/avatar\/42263f39aa27ac04c43cab85c280eb2e?s=96&d=mm&r=pg\",\"caption\":\"Kul\"},\"logo\":{\"@id\":\"https:\/\/sandzakpress.net\/arhiva\/#\/schema\/person\/image\/\"}},{\"@type\":\"Person\",\"@id\":\"https:\/\/sandzakpress.net\/arhiva\/#\/schema\/person\/cb59d7e3ab91ab90dd680ad0305a6185\",\"name\":\"Agencija\",\"image\":{\"@type\":\"ImageObject\",\"inLanguage\":\"bs-BA\",\"@id\":\"https:\/\/sandzakpress.net\/arhiva\/#\/schema\/person\/image\/\",\"url\":\"https:\/\/secure.gravatar.com\/avatar\/4b7fafa80a22f0c2afe23966b3961fe0?s=96&d=mm&r=pg\",\"contentUrl\":\"https:\/\/secure.gravatar.com\/avatar\/4b7fafa80a22f0c2afe23966b3961fe0?s=96&d=mm&r=pg\",\"caption\":\"Agencija\"},\"url\":\"https:\/\/sandzakpress.net\/arhiva\/author\/agencija\/\"}]}<\/script>\n<!-- \/ Yoast SEO Premium plugin. -->","yoast_head_json":{"title":"Pove\u0107anje od 19% - Rekordni zekat i sadekatul-fitr u proteklom Ramazanu","robots":{"index":"index","follow":"follow","max-snippet":"max-snippet:-1","max-image-preview":"max-image-preview:large","max-video-preview":"max-video-preview:-1"},"canonical":"https:\/\/sandzakpress.net\/arhiva\/rekordni-zekat-i-sadekatul-fitr-u-proteklom-ramazanu\/","og_locale":"bs_BA","og_type":"article","og_title":"Pove\u0107anje od 19% - Rekordni zekat i sadekatul-fitr u proteklom Ramazanu","og_description":"Na svojoj redovnoj sjednici odr\u017eanoj 17.08.2017. godine, Me\u0161ihat Islamske zajednice u Srbiji, nakon temeljitog razmatranja, jednoglasno je usvojio Izvje\u0161taj o ramazanskim aktivnostima, te konstatovano je da su sve predvi\u0111ene aktivnosti uspje\u0161no realizovane na vjerskom, edukativnom, humanitarnom i medijskom planu. Me\u0161ihat se zahvalio svim akterima ramazanskih aktivnosti sa posebnom zahvalom pripadnicima Islamske zajednice na punom povjerenju, [&hellip;]","og_url":"https:\/\/sandzakpress.net\/arhiva\/rekordni-zekat-i-sadekatul-fitr-u-proteklom-ramazanu\/","og_site_name":"Sand\u017eak PRESS","article_published_time":"2017-08-17T13:25:59+00:00","og_image":[{"width":1000,"height":604,"url":"https:\/\/sandzakpress.net\/arhiva\/wp-content\/uploads\/2017\/08\/IMG_8409.jpg","type":"image\/jpeg"}],"author":"Agencija","twitter_card":"summary_large_image","twitter_misc":{"Written by":"Agencija","Est. reading time":"1 minuta"},"schema":{"@context":"https:\/\/schema.org","@graph":[{"@type":"Article","@id":"https:\/\/sandzakpress.net\/arhiva\/rekordni-zekat-i-sadekatul-fitr-u-proteklom-ramazanu\/#article","isPartOf":{"@id":"https:\/\/sandzakpress.net\/arhiva\/rekordni-zekat-i-sadekatul-fitr-u-proteklom-ramazanu\/"},"author":{"name":"Agencija","@id":"https:\/\/sandzakpress.net\/arhiva\/#\/schema\/person\/cb59d7e3ab91ab90dd680ad0305a6185"},"headline":"Pove\u0107anje od 19% &#8211; Rekordni zekat i sadekatul-fitr u proteklom Ramazanu","datePublished":"2017-08-17T13:25:59+00:00","mainEntityOfPage":{"@id":"https:\/\/sandzakpress.net\/arhiva\/rekordni-zekat-i-sadekatul-fitr-u-proteklom-ramazanu\/"},"wordCount":147,"commentCount":9,"publisher":{"@id":"https:\/\/sandzakpress.net\/arhiva\/#\/schema\/person\/6e72b67d6e51910a1117b3b483ba20bd"},"image":{"@id":"https:\/\/sandzakpress.net\/arhiva\/rekordni-zekat-i-sadekatul-fitr-u-proteklom-ramazanu\/#primaryimage"},"thumbnailUrl":"https:\/\/sandzakpress.net\/arhiva\/wp-content\/uploads\/2017\/08\/IMG_8409.jpg","articleSection":["Novi Pazar","Sjenica","Tutin","Prijepolje","Priboj","Islamska zajednica","Nova Varo\u0161","VIJESTI DANA"],"inLanguage":"bs-BA","potentialAction":[{"@type":"CommentAction","name":"Comment","target":["https:\/\/sandzakpress.net\/arhiva\/rekordni-zekat-i-sadekatul-fitr-u-proteklom-ramazanu\/#respond"]}]},{"@type":"WebPage","@id":"https:\/\/sandzakpress.net\/arhiva\/rekordni-zekat-i-sadekatul-fitr-u-proteklom-ramazanu\/","url":"https:\/\/sandzakpress.net\/arhiva\/rekordni-zekat-i-sadekatul-fitr-u-proteklom-ramazanu\/","name":"Pove\u0107anje od 19% - Rekordni zekat i sadekatul-fitr u proteklom Ramazanu","isPartOf":{"@id":"https:\/\/sandzakpress.net\/arhiva\/#website"},"primaryImageOfPage":{"@id":"https:\/\/sandzakpress.net\/arhiva\/rekordni-zekat-i-sadekatul-fitr-u-proteklom-ramazanu\/#primaryimage"},"image":{"@id":"https:\/\/sandzakpress.net\/arhiva\/rekordni-zekat-i-sadekatul-fitr-u-proteklom-ramazanu\/#primaryimage"},"thumbnailUrl":"https:\/\/sandzakpress.net\/arhiva\/wp-content\/uploads\/2017\/08\/IMG_8409.jpg","datePublished":"2017-08-17T13:25:59+00:00","breadcrumb":{"@id":"https:\/\/sandzakpress.net\/arhiva\/rekordni-zekat-i-sadekatul-fitr-u-proteklom-ramazanu\/#breadcrumb"},"inLanguage":"bs-BA","potentialAction":[{"@type":"ReadAction","target":["https:\/\/sandzakpress.net\/arhiva\/rekordni-zekat-i-sadekatul-fitr-u-proteklom-ramazanu\/"]}]},{"@type":"ImageObject","inLanguage":"bs-BA","@id":"https:\/\/sandzakpress.net\/arhiva\/rekordni-zekat-i-sadekatul-fitr-u-proteklom-ramazanu\/#primaryimage","url":"https:\/\/sandzakpress.net\/arhiva\/wp-content\/uploads\/2017\/08\/IMG_8409.jpg","contentUrl":"https:\/\/sandzakpress.net\/arhiva\/wp-content\/uploads\/2017\/08\/IMG_8409.jpg","width":1000,"height":604},{"@type":"BreadcrumbList","@id":"https:\/\/sandzakpress.net\/arhiva\/rekordni-zekat-i-sadekatul-fitr-u-proteklom-ramazanu\/#breadcrumb","itemListElement":[{"@type":"ListItem","position":1,"name":"Home","item":"https:\/\/sandzakpress.net\/arhiva\/"},{"@type":"ListItem","position":2,"name":"Pove\u0107anje od 19% &#8211; Rekordni zekat i sadekatul-fitr u proteklom Ramazanu"}]},{"@type":"WebSite","@id":"https:\/\/sandzakpress.net\/arhiva\/#website","url":"https:\/\/sandzakpress.net\/arhiva\/","name":"Sand\u017eak PRESS","description":"Prve elektronske novine u Sand\u017eaku","publisher":{"@id":"https:\/\/sandzakpress.net\/arhiva\/#\/schema\/person\/6e72b67d6e51910a1117b3b483ba20bd"},"potentialAction":[{"@type":"SearchAction","target":{"@type":"EntryPoint","urlTemplate":"https:\/\/sandzakpress.net\/arhiva\/?s={search_term_string}"},"query-input":{"@type":"PropertyValueSpecification","valueRequired":true,"valueName":"search_term_string"}}],"inLanguage":"bs-BA"},{"@type":["Person","Organization"],"@id":"https:\/\/sandzakpress.net\/arhiva\/#\/schema\/person\/6e72b67d6e51910a1117b3b483ba20bd","name":"Kul","image":{"@type":"ImageObject","inLanguage":"bs-BA","@id":"https:\/\/sandzakpress.net\/arhiva\/#\/schema\/person\/image\/","url":"https:\/\/secure.gravatar.com\/avatar\/42263f39aa27ac04c43cab85c280eb2e?s=96&d=mm&r=pg","contentUrl":"https:\/\/secure.gravatar.com\/avatar\/42263f39aa27ac04c43cab85c280eb2e?s=96&d=mm&r=pg","caption":"Kul"},"logo":{"@id":"https:\/\/sandzakpress.net\/arhiva\/#\/schema\/person\/image\/"}},{"@type":"Person","@id":"https:\/\/sandzakpress.net\/arhiva\/#\/schema\/person\/cb59d7e3ab91ab90dd680ad0305a6185","name":"Agencija","image":{"@type":"ImageObject","inLanguage":"bs-BA","@id":"https:\/\/sandzakpress.net\/arhiva\/#\/schema\/person\/image\/","url":"https:\/\/secure.gravatar.com\/avatar\/4b7fafa80a22f0c2afe23966b3961fe0?s=96&d=mm&r=pg","contentUrl":"https:\/\/secure.gravatar.com\/avatar\/4b7fafa80a22f0c2afe23966b3961fe0?s=96&d=mm&r=pg","caption":"Agencija"},"url":"https:\/\/sandzakpress.net\/arhiva\/author\/agencija\/"}]}},"_links":{"self":[{"href":"https:\/\/sandzakpress.net\/arhiva\/wp-json\/wp\/v2\/posts\/193203"}],"collection":[{"href":"https:\/\/sandzakpress.net\/arhiva\/wp-json\/wp\/v2\/posts"}],"about":[{"href":"https:\/\/sandzakpress.net\/arhiva\/wp-json\/wp\/v2\/types\/post"}],"author":[{"embeddable":true,"href":"https:\/\/sandzakpress.net\/arhiva\/wp-json\/wp\/v2\/users\/509"}],"replies":[{"embeddable":true,"href":"https:\/\/sandzakpress.net\/arhiva\/wp-json\/wp\/v2\/comments?post=193203"}],"version-history":[{"count":0,"href":"https:\/\/sandzakpress.net\/arhiva\/wp-json\/wp\/v2\/posts\/193203\/revisions"}],"wp:featuredmedia":[{"embeddable":true,"href":"https:\/\/sandzakpress.net\/arhiva\/wp-json\/wp\/v2\/media\/193204"}],"wp:attachment":[{"href":"https:\/\/sandzakpress.net\/arhiva\/wp-json\/wp\/v2\/media?parent=193203"}],"wp:term":[{"taxonomy":"category","embeddable":true,"href":"https:\/\/sandzakpress.net\/arhiva\/wp-json\/wp\/v2\/categories?post=193203"},{"taxonomy":"post_tag","embeddable":true,"href":"https:\/\/sandzakpress.net\/arhiva\/wp-json\/wp\/v2\/tags?post=193203"}],"curies":[{"name":"wp","href":"https:\/\/api.w.org\/{rel}","templated":true}]}}