{"id":193124,"date":"2017-08-16T12:04:04","date_gmt":"2017-08-16T10:04:04","guid":{"rendered":"https:\/\/sandzakpress.net\/arhiva\/?p=193124"},"modified":"2017-08-16T12:04:20","modified_gmt":"2017-08-16T10:04:20","slug":"ali-pasa-je-historijska-licnost-humanista-i-velikan","status":"publish","type":"post","link":"https:\/\/sandzakpress.net\/arhiva\/ali-pasa-je-historijska-licnost-humanista-i-velikan\/","title":{"rendered":"Ali Pa\u0161a je historijska li\u010dnost, humanista i velikan"},"content":{"rendered":"<p><img decoding=\"async\" src=\"http:\/\/www.bosnjaci.net\/foto\/680_Alipa%C5%A1ini-izvori.jpg\" \/><\/p>\n<p><strong>Pi\u0161e: Dr. Mersim Ziljki\u0107<\/strong><\/p>\n<p>Refleksije na tekst \u201eSedam razloga da ne ljetujete u Plavu\u201d autora Milo\u0161a Andri\u0107a objavljen u Crnoj Gori na portalu sedmica.<\/p>\n<p>Iz prezira mi je da ulazim u bilo kakvu diskusiju sa Milo\u0161em Andri\u0107em, autorom teksta \u201eSedam razloga da se ne ide na ljetovanje u Plavu\u201d, upravo iz razloga \u0161to je tekst zloban i posebno \u0161to kao novinar (ako je novinar), nije ostao na razini svog novinarskog poziva ve\u0107 je umjesto pera raspojasao \u010detni\u010dku kamu i po\u010deo da rovari po plavsko-gusinjskoj historiji. To potvr\u0111uje da mu nije bila namjera da sa tekstom kriti\u010dki i\/li dobronamjerno uka\u017ee na propuste vlasti u Plavu i Gusinju, te njihovih Komunalnih slu\u017ebi i Turisti\u010dke organizacije oko odr\u017eavanja dva \u017eivopisna turisti\u010dka mjesta, ve\u0107 u duhu svojih politi\u010dkih i vjerskih mentora, istaknute li\u010dnosti iz historije plavsko-gusinjskog kraja, poput Ali pa\u0161e \u0160abanagi\u0107a, naziva samo njima i njemu svojstvenim atributima. Bez sumnje, Ali pa\u0161a je historijska li\u010dnost i velikan plavsko-gusinjskog kraja. Jedina je istina da je sve mje\u0161tane ove dva \u017eivopisna mjesta, neovisno na vjersku i nacionalnu pripadnost, \u0161titio od porobljiva\u010da, zlikovaca i plja\u010dka\u0161a koji su napadali ovaj kraj. Ali pa\u0161a je kao humanista vodio ra\u010duna o civilima, djeci, \u017eenama, starcima i kao takav morao bi da zauzme posebno mjesto ne samo u historiji bo\u0161nja\u010dkog i albanskog naroda u Sand\u017eaku, Bosni, Kosovu, Albaniji, ve\u0107 i Crnoj Gori.\u00a0<\/p>\n<p>Tako\u0111er u tekstu sa \u0161ovinisti\u010dkom retorikom Andri\u0107 je pokazao da je jedno nacionalisti\u010dko \u0161krabalo koji je historiju svojeg naroda nau\u010dio po guslarskim sijelima, zato nije ni \u010dudo da o historijskim va\u017enim li\u010dnostima plavsko-gusinjskog kraja iznosi prosta\u010dke stavove koji odudaraju od istine. Andri\u0107, kako pi\u0161e u svom tekstu, da bi bio prepoznatljiv najva\u017enije da se na\u017edere krmetine kako bi se uklopio u \u017eanr guslarskog naricanja. Ali pored toga \u0161to ne poznaje historijske fakte niti vrijeme u kojem je \u017eivio Ali-pa\u0161a Gusinjski, u tekstu je pokazao koliko je zadojen mr\u017enjom prema narodu Plava i Gusinja. Za njega \/ njih Ali pa\u0161a je najve\u0107i neprijatelj jer se suprotstavio zlikovcima koji su htjeli da okupiraju i istrijebe taj kraj. Zar nisu najbolji primjer u ovom kraju nasilno masovno pokr\u0161tavanje, masovna ubijanja, strijeljanja, silovanja, jednom rije\u010dju GENOCID &#8211; 1912. \/ 13. i 1919. Prezirem one koji ne\u0107e i ne \u017eele da spoznaju istinu. Dok oni kojima je stalo do istine treba da znaju, Ali pa\u0161a \u0160abanagi\u0107 je bio branitelj i velikan, primjer \u010dasti i hrabrosti, jer on kao i cjelokupan slobodarski plavsko-gusinjski narod nikad nije napadao plja\u010dkao, ubijao, silovao, ve\u0107 su od napada\u010da, siled\u017eija, plja\u010dka\u0161a branili ovaj kraj ispod Prokletija.<\/p>\n<p>Tvrdim, tekst pomenutog autora je \u0161ovinisti\u010dkih pobuda i naru\u010den je za politi\u010dke svrhe, dakako u cilju \u0161irenja me\u0111unacionalne i me\u0111uvjerske mr\u017enje. Tekst je tako\u0111er ogledalo vlasti, kako pozicije tako i opozicije, u ovoj dr\u017eavi. Zar nije razo\u010daravaju\u0107e da ovakvi velikonacionalisti dobijaju prostor i vrijeme u ,,multi-kulti&#8221; medijima da plasiraju mr\u017enju prema mirnodopskim narodima i da za to ne budu ka\u017enjeni. Najzad \u0161utnja pozicije i opozicije \u017ealosti nas kako u dr\u017eavi tretiraju bo\u0161nja\u010dki i albanski narod. Puna im usta demokratske i evropske Crne Gore, a srce i mozak zakr\u017eljali u mr\u017enji.\u00a0<\/p>\n<p>Istovremeno ovakvi tekstovi na\u0161em narodu upravo mogu poslu\u017eiti kao primjer \u0161ta misle o njima, \u0161to im mo\u017ee pomo\u0107i u otrije\u017enjenju ali i podsje\u0107anju na gazije ovog kraja, kao i na historijske i kulturne vrijednosti plavsko-gusinjskog kraja koji se ne smiju zaboraviti.<\/p>\n<p>Zato ovim tekstom \u017eelio bih da razgovaram sa nama, Plavljanima i Gusinjanima, posebno sa zvani\u010dnicima koji decenijama vode Palav i Gusinje, posebno &#8211; kuda ga vode?!<\/p>\n<p>\u017dalosti nas da se vrlo malo \/ili nikako\/ radi na nacionalnoj svijesti koji opet nisu na nivou zadatka po\u0161tovanja i o\u010duvanja svog identiteta, kulture, tradicije, historije\u2026\u00a0<\/p>\n<p>Moram istaknuti, konkretno u na\u0161em kraju, ni\u0161ta nije ura\u0111eno da se ispo\u0161tuju na\u0161e \u017ertve genocida 1912-13. i 1919. Da se uradi spomen obilje\u017ee i trajno za\u0161tite od podmetanja la\u017ei ali i zaborava. Za\u0161to nisu ispo\u0161tovane na\u0161e \u017ertve, jer narod kako u zavi\u010daju tako i u emigraciji o\u010dekuje da se ispo\u0161tuje obe\u0107anje i kona\u010dno izgradi memorijalno spoemn obilje\u017eje koje \u0107e trajno svjedo\u010diti o nedu\u017enim civilinim \u017ertvama!!!\u00a0<\/p>\n<p>O\u010dekujemo da plavsko-gusinjski zvani\u010dnici odr\u017ee obe\u0107anje koje su dali da obezbijede mjesto u gradu na kojem \u0107e se izgraditi memorijalno spomen obilje\u017eje. Ako je izgovor da nemaju sredstava u bud\u017eetu, emigracija iz plavskog-gusinjskog kraja i potomci \u017ertava genocida finansirat \u0107e cjelokupan projekt, tj. tro\u0161kove podizanja memorijalnog obilje\u017eja u znaku sje\u0107anja na sve nevine \u017ertve koji su mu\u010dki pobijeni prije sto i vi\u0161e godina.<\/p>\n<p>Razumljivo bi bilo da doti\u010dni zbog pozicije priznaju sebi i nama da ne smiju ni\u0161ta uraditi po tom pitanju, ali nije prihvatljivo njihovo obja\u0161njenje da nikad nisu obe\u0107ali, time da ne\u0107e to biti zavr\u0161eno. Ba\u0161 kao da su svi zaboravili obe\u0107anja koja su data kako u Plavu tako i u New Yorku.\u00a0<\/p>\n<p>Zar nije \u017ealosno da na\u0161e \u017ertve, prvaci, velikani koji su javno strijeljani i branili \u010dast, svoj vatan, narod i imetak od organizovanog dr\u017eavnog vrha od potpunog uni\u0161tenja da nemaju zaslu\u017eeno memorijalno spomen obilje\u017eje u svom mjestu. Zar nije sada jasnije da razna \u0161ovinisti\u010dka piskarala sa kamom pi\u0161u tekstove i prekrajaju istinu o genocidu koji se tri stolje\u0107a vr\u0161i nad na\u0161im narodom.<\/p>\n<p>Zlo\u010dina\u010dka i plja\u010dka\u0161ka banda iz vrha u crno je zavila narode u ovoj dr\u017eavi, \u010dine\u0107i genocid nad bo\u0161nja\u010dkim i albanskim narodom koji je bio na svom ognji\u0161tu i vatanu autohtonog vjekovnog \u017eivotnog prostora i bitisanja. Evo i dandanas se nastavlja sa progonom i plja\u010dkom. Porobljavaju, plja\u010dkaju i kradu prirodna bogatstva raznim nelegalnim i namje\u0161tenim tenderima; privatizacijom izgradnjom mini hidrocentrala, oduzimaju\u0107i posljednju blagidat neophodnu za opstanak na ovim prostorima, voda, \u0161ume.\u00a0<\/p>\n<p>Tako\u0111e pogla\u0161avanjem Prokletija \u201cnacionalnim parkom&#8221;, ustvari je namjera porobljavanja ovog kraja, koji sa tim nije dobio ni\u0161ta dok je narod izgubio sve, ba\u0161 sve; svoju imovinu, pravo na kori\u0161\u0107enje prirodnih pitencijala da bi mogao samoopstati na ovim prostorima.<br \/>Sve je oplja\u010dkano, oduzeto, jo\u0161 je vazduh ostao! Da li je mogu\u0107e opstati u takvom stanju? O\u010digledno da nije, jer prije nekoliko mjeseci, kako sam dobio informaciju, iz Gusinja i Plava u jednom avionu u New York je oti\u0161lo oko sedamdeset momaka. Dakle samo u jednom avionu. Te\u0161ko da \u0107e se bilo ko od njih vratiti na svoj vatan, jer su shvatili da ne mogu vi\u0161e \u010dekati na kojekakva politi\u010dka obe\u0107anja propalih politikanata na lokalnom i dr\u017eavnom nivou.\u00a0<\/p>\n<p>Zar nije \u017ealosno da pojedinci koji su zabludjeli sa svojim pozicijama i li\u010dnim interesom, pohlepom i nedovoljno odlu\u010dnosti, ne vide odlazak na\u0161e mladosti. \u017dalosno je da oni \u010dak u\u010destvuju u toj prljavoj igri svjestno ili ne, ne nude\u0107u mladom kadru nadu niti prednost u zapo\u0161ljavanju. Jednostvano svoj narod i ovaj kraj doveli su na ivici propasti.<\/p>\n<p>Najzad, zar treba da nas \u010dude izlivi mr\u017enje genocidne bratije koji nikad nisu stali da rade na uni\u0161tenju drugih i druga\u010dijih jer su zadojeni zloglasnim ,,Gorskim vijencom&#8221; koje je obavezno \u0161kolsko \u0161tivo, isto kao kad ih majka (mnogi od njih) uzgaja i njivi, kao \u0161to mu daje mlijeko tako im kroz \u0161kolsko \u0161tivo daju mr\u017enju. To im i propagandna ma\u0161inerija SPC-a generacijama uliva u njihove mozgove i tako ih dovela da su zakr\u017eljali do tog nivoa da samo \u010dine zlo drugome. Zato jeste Andri\u0107ev \u010dlanak toliko zlonamjeran, vrvi od mr\u017enje.<\/p>\n<p>Razumljivo je da ima nezadovoljnih sa stanjem odr\u017eavanja ove zna\u010dajne turisti\u010dke distanacije. Me\u0111utim autor nikako ne navodi ko je najvi\u0161e kriv \u0161to Plav i Gusinje zaobilaze, pa iako imao daleko ve\u0107e potencijale za turizam od recimo Kola\u0161ina. Plav je nekada bio ja\u010di po broju turista od Budve, \u0161to autor spornog \u010dlanka i sam pi\u0161e, ali njegovu kombinatriku problema o uslovima i stanja te problema turisti\u010dke ponude sa rasisti\u010dkim stavovima i mr\u017enjom nema nikakvog obja\u0161njenja i opravdanja.<\/p>\n<p>Sada je jo\u0161 jasnije za\u0161to je bo\u0161nja\u010dki pjesnik Abdulah Ku\u010d iz Gusinja iz daleke Turske poslao u stihovima poruku begu Mu\u0161ovi\u0107u 1877. godine: &#8220;\u010cuvaj Nik\u0161i\u0107, a Taslid\u017eu pazi, a Akovo k'o majku ro\u0111enu, a Kola\u0161in kao svoju glavu; &#8211; Plav i Gusinje \u010duva\u0107e se sami&#8221;.<\/p>\n<p>izvor: Bosnjaci.net<\/p>\n","protected":false},"excerpt":{"rendered":"<p>Pi\u0161e: Dr. Mersim Ziljki\u0107 Refleksije na tekst \u201eSedam razloga da ne ljetujete u Plavu\u201d autora Milo\u0161a Andri\u0107a objavljen u Crnoj Gori na portalu sedmica. Iz prezira mi je da ulazim u bilo kakvu diskusiju sa Milo\u0161em Andri\u0107em, autorom teksta \u201eSedam razloga da se ne ide na ljetovanje u Plavu\u201d, upravo iz razloga \u0161to je tekst [&hellip;]<\/p>\n","protected":false},"author":509,"featured_media":193125,"comment_status":"open","ping_status":"open","sticky":false,"template":"","format":"standard","meta":{"footnotes":""},"categories":[10196,399,10173],"tags":[],"class_list":{"0":"post-193124","1":"post","2":"type-post","3":"status-publish","4":"format-standard","5":"has-post-thumbnail","7":"category-iz-pera-nasih-autora","8":"category-plav_","9":"category-gusinje-vase-vijesti"},"yoast_head":"<!-- This site is optimized with the Yoast SEO Premium plugin v23.1 (Yoast SEO v24.9) - https:\/\/yoast.com\/wordpress\/plugins\/seo\/ -->\n<title>Ali Pa\u0161a je historijska li\u010dnost, humanista i velikan<\/title>\n<meta name=\"robots\" content=\"index, follow, max-snippet:-1, max-image-preview:large, max-video-preview:-1\" \/>\n<link rel=\"canonical\" href=\"https:\/\/sandzakpress.net\/arhiva\/ali-pasa-je-historijska-licnost-humanista-i-velikan\/\" \/>\n<meta property=\"og:locale\" content=\"bs_BA\" \/>\n<meta property=\"og:type\" content=\"article\" \/>\n<meta property=\"og:title\" content=\"Ali Pa\u0161a je historijska li\u010dnost, humanista i velikan\" \/>\n<meta property=\"og:description\" content=\"Pi\u0161e: Dr. Mersim Ziljki\u0107 Refleksije na tekst \u201eSedam razloga da ne ljetujete u Plavu\u201d autora Milo\u0161a Andri\u0107a objavljen u Crnoj Gori na portalu sedmica. Iz prezira mi je da ulazim u bilo kakvu diskusiju sa Milo\u0161em Andri\u0107em, autorom teksta \u201eSedam razloga da se ne ide na ljetovanje u Plavu\u201d, upravo iz razloga \u0161to je tekst [&hellip;]\" \/>\n<meta property=\"og:url\" content=\"https:\/\/sandzakpress.net\/arhiva\/ali-pasa-je-historijska-licnost-humanista-i-velikan\/\" \/>\n<meta property=\"og:site_name\" content=\"Sand\u017eak PRESS\" \/>\n<meta property=\"article:published_time\" content=\"2017-08-16T10:04:04+00:00\" \/>\n<meta property=\"article:modified_time\" content=\"2017-08-16T10:04:20+00:00\" \/>\n<meta property=\"og:image\" content=\"https:\/\/sandzakpress.net\/arhiva\/wp-content\/uploads\/2017\/08\/680_Alipa\u0161ini-izvori.jpg\" \/>\n\t<meta property=\"og:image:width\" content=\"680\" \/>\n\t<meta property=\"og:image:height\" content=\"389\" \/>\n\t<meta property=\"og:image:type\" content=\"image\/jpeg\" \/>\n<meta name=\"author\" content=\"Agencija\" \/>\n<meta name=\"twitter:card\" content=\"summary_large_image\" \/>\n<meta name=\"twitter:label1\" content=\"Written by\" \/>\n\t<meta name=\"twitter:data1\" content=\"Agencija\" \/>\n\t<meta name=\"twitter:label2\" content=\"Est. reading time\" \/>\n\t<meta name=\"twitter:data2\" content=\"7 minuta\" \/>\n<script type=\"application\/ld+json\" class=\"yoast-schema-graph\">{\"@context\":\"https:\/\/schema.org\",\"@graph\":[{\"@type\":\"Article\",\"@id\":\"https:\/\/sandzakpress.net\/arhiva\/ali-pasa-je-historijska-licnost-humanista-i-velikan\/#article\",\"isPartOf\":{\"@id\":\"https:\/\/sandzakpress.net\/arhiva\/ali-pasa-je-historijska-licnost-humanista-i-velikan\/\"},\"author\":{\"name\":\"Agencija\",\"@id\":\"https:\/\/sandzakpress.net\/arhiva\/#\/schema\/person\/cb59d7e3ab91ab90dd680ad0305a6185\"},\"headline\":\"Ali Pa\u0161a je historijska li\u010dnost, humanista i velikan\",\"datePublished\":\"2017-08-16T10:04:04+00:00\",\"dateModified\":\"2017-08-16T10:04:20+00:00\",\"mainEntityOfPage\":{\"@id\":\"https:\/\/sandzakpress.net\/arhiva\/ali-pasa-je-historijska-licnost-humanista-i-velikan\/\"},\"wordCount\":1489,\"commentCount\":6,\"publisher\":{\"@id\":\"https:\/\/sandzakpress.net\/arhiva\/#\/schema\/person\/6e72b67d6e51910a1117b3b483ba20bd\"},\"image\":{\"@id\":\"https:\/\/sandzakpress.net\/arhiva\/ali-pasa-je-historijska-licnost-humanista-i-velikan\/#primaryimage\"},\"thumbnailUrl\":\"https:\/\/sandzakpress.net\/arhiva\/wp-content\/uploads\/2017\/08\/680_Alipa\u0161ini-izvori.jpg\",\"articleSection\":[\"Iz pera na\u0161ih autora\",\"Plav\",\"Gusinje\"],\"inLanguage\":\"bs-BA\",\"potentialAction\":[{\"@type\":\"CommentAction\",\"name\":\"Comment\",\"target\":[\"https:\/\/sandzakpress.net\/arhiva\/ali-pasa-je-historijska-licnost-humanista-i-velikan\/#respond\"]}]},{\"@type\":\"WebPage\",\"@id\":\"https:\/\/sandzakpress.net\/arhiva\/ali-pasa-je-historijska-licnost-humanista-i-velikan\/\",\"url\":\"https:\/\/sandzakpress.net\/arhiva\/ali-pasa-je-historijska-licnost-humanista-i-velikan\/\",\"name\":\"Ali Pa\u0161a je historijska li\u010dnost, humanista i velikan\",\"isPartOf\":{\"@id\":\"https:\/\/sandzakpress.net\/arhiva\/#website\"},\"primaryImageOfPage\":{\"@id\":\"https:\/\/sandzakpress.net\/arhiva\/ali-pasa-je-historijska-licnost-humanista-i-velikan\/#primaryimage\"},\"image\":{\"@id\":\"https:\/\/sandzakpress.net\/arhiva\/ali-pasa-je-historijska-licnost-humanista-i-velikan\/#primaryimage\"},\"thumbnailUrl\":\"https:\/\/sandzakpress.net\/arhiva\/wp-content\/uploads\/2017\/08\/680_Alipa\u0161ini-izvori.jpg\",\"datePublished\":\"2017-08-16T10:04:04+00:00\",\"dateModified\":\"2017-08-16T10:04:20+00:00\",\"breadcrumb\":{\"@id\":\"https:\/\/sandzakpress.net\/arhiva\/ali-pasa-je-historijska-licnost-humanista-i-velikan\/#breadcrumb\"},\"inLanguage\":\"bs-BA\",\"potentialAction\":[{\"@type\":\"ReadAction\",\"target\":[\"https:\/\/sandzakpress.net\/arhiva\/ali-pasa-je-historijska-licnost-humanista-i-velikan\/\"]}]},{\"@type\":\"ImageObject\",\"inLanguage\":\"bs-BA\",\"@id\":\"https:\/\/sandzakpress.net\/arhiva\/ali-pasa-je-historijska-licnost-humanista-i-velikan\/#primaryimage\",\"url\":\"https:\/\/sandzakpress.net\/arhiva\/wp-content\/uploads\/2017\/08\/680_Alipa\u0161ini-izvori.jpg\",\"contentUrl\":\"https:\/\/sandzakpress.net\/arhiva\/wp-content\/uploads\/2017\/08\/680_Alipa\u0161ini-izvori.jpg\",\"width\":680,\"height\":389},{\"@type\":\"BreadcrumbList\",\"@id\":\"https:\/\/sandzakpress.net\/arhiva\/ali-pasa-je-historijska-licnost-humanista-i-velikan\/#breadcrumb\",\"itemListElement\":[{\"@type\":\"ListItem\",\"position\":1,\"name\":\"Home\",\"item\":\"https:\/\/sandzakpress.net\/arhiva\/\"},{\"@type\":\"ListItem\",\"position\":2,\"name\":\"Ali Pa\u0161a je historijska li\u010dnost, humanista i velikan\"}]},{\"@type\":\"WebSite\",\"@id\":\"https:\/\/sandzakpress.net\/arhiva\/#website\",\"url\":\"https:\/\/sandzakpress.net\/arhiva\/\",\"name\":\"Sand\u017eak PRESS\",\"description\":\"Prve elektronske novine u Sand\u017eaku\",\"publisher\":{\"@id\":\"https:\/\/sandzakpress.net\/arhiva\/#\/schema\/person\/6e72b67d6e51910a1117b3b483ba20bd\"},\"potentialAction\":[{\"@type\":\"SearchAction\",\"target\":{\"@type\":\"EntryPoint\",\"urlTemplate\":\"https:\/\/sandzakpress.net\/arhiva\/?s={search_term_string}\"},\"query-input\":{\"@type\":\"PropertyValueSpecification\",\"valueRequired\":true,\"valueName\":\"search_term_string\"}}],\"inLanguage\":\"bs-BA\"},{\"@type\":[\"Person\",\"Organization\"],\"@id\":\"https:\/\/sandzakpress.net\/arhiva\/#\/schema\/person\/6e72b67d6e51910a1117b3b483ba20bd\",\"name\":\"Kul\",\"image\":{\"@type\":\"ImageObject\",\"inLanguage\":\"bs-BA\",\"@id\":\"https:\/\/sandzakpress.net\/arhiva\/#\/schema\/person\/image\/\",\"url\":\"https:\/\/secure.gravatar.com\/avatar\/42263f39aa27ac04c43cab85c280eb2e?s=96&d=mm&r=pg\",\"contentUrl\":\"https:\/\/secure.gravatar.com\/avatar\/42263f39aa27ac04c43cab85c280eb2e?s=96&d=mm&r=pg\",\"caption\":\"Kul\"},\"logo\":{\"@id\":\"https:\/\/sandzakpress.net\/arhiva\/#\/schema\/person\/image\/\"}},{\"@type\":\"Person\",\"@id\":\"https:\/\/sandzakpress.net\/arhiva\/#\/schema\/person\/cb59d7e3ab91ab90dd680ad0305a6185\",\"name\":\"Agencija\",\"image\":{\"@type\":\"ImageObject\",\"inLanguage\":\"bs-BA\",\"@id\":\"https:\/\/sandzakpress.net\/arhiva\/#\/schema\/person\/image\/\",\"url\":\"https:\/\/secure.gravatar.com\/avatar\/4b7fafa80a22f0c2afe23966b3961fe0?s=96&d=mm&r=pg\",\"contentUrl\":\"https:\/\/secure.gravatar.com\/avatar\/4b7fafa80a22f0c2afe23966b3961fe0?s=96&d=mm&r=pg\",\"caption\":\"Agencija\"},\"url\":\"https:\/\/sandzakpress.net\/arhiva\/author\/agencija\/\"}]}<\/script>\n<!-- \/ Yoast SEO Premium plugin. -->","yoast_head_json":{"title":"Ali Pa\u0161a je historijska li\u010dnost, humanista i velikan","robots":{"index":"index","follow":"follow","max-snippet":"max-snippet:-1","max-image-preview":"max-image-preview:large","max-video-preview":"max-video-preview:-1"},"canonical":"https:\/\/sandzakpress.net\/arhiva\/ali-pasa-je-historijska-licnost-humanista-i-velikan\/","og_locale":"bs_BA","og_type":"article","og_title":"Ali Pa\u0161a je historijska li\u010dnost, humanista i velikan","og_description":"Pi\u0161e: Dr. Mersim Ziljki\u0107 Refleksije na tekst \u201eSedam razloga da ne ljetujete u Plavu\u201d autora Milo\u0161a Andri\u0107a objavljen u Crnoj Gori na portalu sedmica. Iz prezira mi je da ulazim u bilo kakvu diskusiju sa Milo\u0161em Andri\u0107em, autorom teksta \u201eSedam razloga da se ne ide na ljetovanje u Plavu\u201d, upravo iz razloga \u0161to je tekst [&hellip;]","og_url":"https:\/\/sandzakpress.net\/arhiva\/ali-pasa-je-historijska-licnost-humanista-i-velikan\/","og_site_name":"Sand\u017eak PRESS","article_published_time":"2017-08-16T10:04:04+00:00","article_modified_time":"2017-08-16T10:04:20+00:00","og_image":[{"width":680,"height":389,"url":"https:\/\/sandzakpress.net\/arhiva\/wp-content\/uploads\/2017\/08\/680_Alipa\u0161ini-izvori.jpg","type":"image\/jpeg"}],"author":"Agencija","twitter_card":"summary_large_image","twitter_misc":{"Written by":"Agencija","Est. reading time":"7 minuta"},"schema":{"@context":"https:\/\/schema.org","@graph":[{"@type":"Article","@id":"https:\/\/sandzakpress.net\/arhiva\/ali-pasa-je-historijska-licnost-humanista-i-velikan\/#article","isPartOf":{"@id":"https:\/\/sandzakpress.net\/arhiva\/ali-pasa-je-historijska-licnost-humanista-i-velikan\/"},"author":{"name":"Agencija","@id":"https:\/\/sandzakpress.net\/arhiva\/#\/schema\/person\/cb59d7e3ab91ab90dd680ad0305a6185"},"headline":"Ali Pa\u0161a je historijska li\u010dnost, humanista i velikan","datePublished":"2017-08-16T10:04:04+00:00","dateModified":"2017-08-16T10:04:20+00:00","mainEntityOfPage":{"@id":"https:\/\/sandzakpress.net\/arhiva\/ali-pasa-je-historijska-licnost-humanista-i-velikan\/"},"wordCount":1489,"commentCount":6,"publisher":{"@id":"https:\/\/sandzakpress.net\/arhiva\/#\/schema\/person\/6e72b67d6e51910a1117b3b483ba20bd"},"image":{"@id":"https:\/\/sandzakpress.net\/arhiva\/ali-pasa-je-historijska-licnost-humanista-i-velikan\/#primaryimage"},"thumbnailUrl":"https:\/\/sandzakpress.net\/arhiva\/wp-content\/uploads\/2017\/08\/680_Alipa\u0161ini-izvori.jpg","articleSection":["Iz pera na\u0161ih autora","Plav","Gusinje"],"inLanguage":"bs-BA","potentialAction":[{"@type":"CommentAction","name":"Comment","target":["https:\/\/sandzakpress.net\/arhiva\/ali-pasa-je-historijska-licnost-humanista-i-velikan\/#respond"]}]},{"@type":"WebPage","@id":"https:\/\/sandzakpress.net\/arhiva\/ali-pasa-je-historijska-licnost-humanista-i-velikan\/","url":"https:\/\/sandzakpress.net\/arhiva\/ali-pasa-je-historijska-licnost-humanista-i-velikan\/","name":"Ali Pa\u0161a je historijska li\u010dnost, humanista i velikan","isPartOf":{"@id":"https:\/\/sandzakpress.net\/arhiva\/#website"},"primaryImageOfPage":{"@id":"https:\/\/sandzakpress.net\/arhiva\/ali-pasa-je-historijska-licnost-humanista-i-velikan\/#primaryimage"},"image":{"@id":"https:\/\/sandzakpress.net\/arhiva\/ali-pasa-je-historijska-licnost-humanista-i-velikan\/#primaryimage"},"thumbnailUrl":"https:\/\/sandzakpress.net\/arhiva\/wp-content\/uploads\/2017\/08\/680_Alipa\u0161ini-izvori.jpg","datePublished":"2017-08-16T10:04:04+00:00","dateModified":"2017-08-16T10:04:20+00:00","breadcrumb":{"@id":"https:\/\/sandzakpress.net\/arhiva\/ali-pasa-je-historijska-licnost-humanista-i-velikan\/#breadcrumb"},"inLanguage":"bs-BA","potentialAction":[{"@type":"ReadAction","target":["https:\/\/sandzakpress.net\/arhiva\/ali-pasa-je-historijska-licnost-humanista-i-velikan\/"]}]},{"@type":"ImageObject","inLanguage":"bs-BA","@id":"https:\/\/sandzakpress.net\/arhiva\/ali-pasa-je-historijska-licnost-humanista-i-velikan\/#primaryimage","url":"https:\/\/sandzakpress.net\/arhiva\/wp-content\/uploads\/2017\/08\/680_Alipa\u0161ini-izvori.jpg","contentUrl":"https:\/\/sandzakpress.net\/arhiva\/wp-content\/uploads\/2017\/08\/680_Alipa\u0161ini-izvori.jpg","width":680,"height":389},{"@type":"BreadcrumbList","@id":"https:\/\/sandzakpress.net\/arhiva\/ali-pasa-je-historijska-licnost-humanista-i-velikan\/#breadcrumb","itemListElement":[{"@type":"ListItem","position":1,"name":"Home","item":"https:\/\/sandzakpress.net\/arhiva\/"},{"@type":"ListItem","position":2,"name":"Ali Pa\u0161a je historijska li\u010dnost, humanista i velikan"}]},{"@type":"WebSite","@id":"https:\/\/sandzakpress.net\/arhiva\/#website","url":"https:\/\/sandzakpress.net\/arhiva\/","name":"Sand\u017eak PRESS","description":"Prve elektronske novine u Sand\u017eaku","publisher":{"@id":"https:\/\/sandzakpress.net\/arhiva\/#\/schema\/person\/6e72b67d6e51910a1117b3b483ba20bd"},"potentialAction":[{"@type":"SearchAction","target":{"@type":"EntryPoint","urlTemplate":"https:\/\/sandzakpress.net\/arhiva\/?s={search_term_string}"},"query-input":{"@type":"PropertyValueSpecification","valueRequired":true,"valueName":"search_term_string"}}],"inLanguage":"bs-BA"},{"@type":["Person","Organization"],"@id":"https:\/\/sandzakpress.net\/arhiva\/#\/schema\/person\/6e72b67d6e51910a1117b3b483ba20bd","name":"Kul","image":{"@type":"ImageObject","inLanguage":"bs-BA","@id":"https:\/\/sandzakpress.net\/arhiva\/#\/schema\/person\/image\/","url":"https:\/\/secure.gravatar.com\/avatar\/42263f39aa27ac04c43cab85c280eb2e?s=96&d=mm&r=pg","contentUrl":"https:\/\/secure.gravatar.com\/avatar\/42263f39aa27ac04c43cab85c280eb2e?s=96&d=mm&r=pg","caption":"Kul"},"logo":{"@id":"https:\/\/sandzakpress.net\/arhiva\/#\/schema\/person\/image\/"}},{"@type":"Person","@id":"https:\/\/sandzakpress.net\/arhiva\/#\/schema\/person\/cb59d7e3ab91ab90dd680ad0305a6185","name":"Agencija","image":{"@type":"ImageObject","inLanguage":"bs-BA","@id":"https:\/\/sandzakpress.net\/arhiva\/#\/schema\/person\/image\/","url":"https:\/\/secure.gravatar.com\/avatar\/4b7fafa80a22f0c2afe23966b3961fe0?s=96&d=mm&r=pg","contentUrl":"https:\/\/secure.gravatar.com\/avatar\/4b7fafa80a22f0c2afe23966b3961fe0?s=96&d=mm&r=pg","caption":"Agencija"},"url":"https:\/\/sandzakpress.net\/arhiva\/author\/agencija\/"}]}},"_links":{"self":[{"href":"https:\/\/sandzakpress.net\/arhiva\/wp-json\/wp\/v2\/posts\/193124"}],"collection":[{"href":"https:\/\/sandzakpress.net\/arhiva\/wp-json\/wp\/v2\/posts"}],"about":[{"href":"https:\/\/sandzakpress.net\/arhiva\/wp-json\/wp\/v2\/types\/post"}],"author":[{"embeddable":true,"href":"https:\/\/sandzakpress.net\/arhiva\/wp-json\/wp\/v2\/users\/509"}],"replies":[{"embeddable":true,"href":"https:\/\/sandzakpress.net\/arhiva\/wp-json\/wp\/v2\/comments?post=193124"}],"version-history":[{"count":0,"href":"https:\/\/sandzakpress.net\/arhiva\/wp-json\/wp\/v2\/posts\/193124\/revisions"}],"wp:featuredmedia":[{"embeddable":true,"href":"https:\/\/sandzakpress.net\/arhiva\/wp-json\/wp\/v2\/media\/193125"}],"wp:attachment":[{"href":"https:\/\/sandzakpress.net\/arhiva\/wp-json\/wp\/v2\/media?parent=193124"}],"wp:term":[{"taxonomy":"category","embeddable":true,"href":"https:\/\/sandzakpress.net\/arhiva\/wp-json\/wp\/v2\/categories?post=193124"},{"taxonomy":"post_tag","embeddable":true,"href":"https:\/\/sandzakpress.net\/arhiva\/wp-json\/wp\/v2\/tags?post=193124"}],"curies":[{"name":"wp","href":"https:\/\/api.w.org\/{rel}","templated":true}]}}