{"id":192604,"date":"2017-08-08T13:30:39","date_gmt":"2017-08-08T11:30:39","guid":{"rendered":"https:\/\/sandzakpress.net\/arhiva\/?p=192604"},"modified":"2017-08-08T13:30:39","modified_gmt":"2017-08-08T11:30:39","slug":"minstar-branislav-nedimovic-posjetio-prijepolje","status":"publish","type":"post","link":"https:\/\/sandzakpress.net\/arhiva\/minstar-branislav-nedimovic-posjetio-prijepolje\/","title":{"rendered":"Minstar Branislav Nedimovi\u0107 posjetio Prijepolje"},"content":{"rendered":"<p><img decoding=\"async\" src=\"http:\/\/sanapress.info\/wp-content\/uploads\/2017\/08\/20643501_1643222062378856_8601143501757774575_o.jpg\" \/><\/p>\n<p><strong>U posjeti op\u0161tini Prijepolje boravio je ministar poljoprivrede u Vladi Republike Srbije, gospodin Branislav Nedimovi\u0107, gdje je sa predstavnicima vlasti razgovarao o deponiji Stanjevina, o trenutnoj cijeni maline, te o razvoju sto\u010darstva i vo\u0107arstva u Prijepolju. Ministar isti\u010de da su isporu\u010dena ve\u0107 24 rje\u0161enja o nabavci traktora za op\u0161tinu Prijepolje, \u0161to je jako zna\u010dajna stvar.<\/strong><\/p>\n<p>\u0160to se ti\u010de uzgajiva\u010da malina, ministar Nedimovi\u0107 navodi da dok su god ra\u0161trkani i neujedinjeni, ima\u0107e sli\u010dnu situaciju kao ove godine. U drugim granama poljoprivredne proizvodnje, dodaje on, nema problema kao kod uzgajiva\u010da malina.<\/p>\n<p><iframe loading=\"lazy\" title=\"MINISTAR POLJOPRVIREDE U PRIJEPOLJU O PROBLEMU OTKUPA MALINE\" width=\"696\" height=\"522\" src=\"https:\/\/www.youtube.com\/embed\/SRQGxXROT8I?feature=oembed\" frameborder=\"0\" allow=\"accelerometer; autoplay; encrypted-media; gyroscope; picture-in-picture\" allowfullscreen><\/iframe><\/p>\n<p>Predsjednik op\u0161tine Dragoljub Zindovi\u0107 isti\u010de da je zadovoljan razgovorom koji je imao zajedno sa koalicionim partnerima imao sa ministrom Nedimovi\u0107em. Nekoliko klju\u010dnih stvari je dogovoreno, navodi Zindovi\u0107.<\/p>\n<p>Dogovoren je i sastanak predstavnika op\u0161tine Prijepolje u kabinetu ministra Branislava Nedimovi\u0107a idu\u0107e nedjelje, gdje \u0107e se govoriti o vidovima pomo\u0107i kroz razne subvencije.<\/p>\n<p>SANA \u2013 H.\u0160.<\/p>\n","protected":false},"excerpt":{"rendered":"<p>U posjeti op\u0161tini Prijepolje boravio je ministar poljoprivrede u Vladi Republike Srbije, gospodin Branislav Nedimovi\u0107, gdje je sa predstavnicima vlasti razgovarao o deponiji Stanjevina, o trenutnoj cijeni maline, te o razvoju sto\u010darstva i vo\u0107arstva u Prijepolju. Ministar isti\u010de da su isporu\u010dena ve\u0107 24 rje\u0161enja o nabavci traktora za op\u0161tinu Prijepolje, \u0161to je jako zna\u010dajna stvar. [&hellip;]<\/p>\n","protected":false},"author":509,"featured_media":192618,"comment_status":"open","ping_status":"open","sticky":false,"template":"","format":"standard","meta":{"footnotes":""},"categories":[1,392,10429],"tags":[],"class_list":{"0":"post-192604","1":"post","2":"type-post","3":"status-publish","4":"format-standard","5":"has-post-thumbnail","7":"category-politika","8":"category-prijepolje_","9":"category-vazno"},"yoast_head":"<!-- This site is optimized with the Yoast SEO Premium plugin v23.1 (Yoast SEO v24.9) - https:\/\/yoast.com\/wordpress\/plugins\/seo\/ -->\n<title>Minstar Branislav Nedimovi\u0107 posjetio Prijepolje<\/title>\n<meta name=\"robots\" content=\"index, follow, max-snippet:-1, max-image-preview:large, max-video-preview:-1\" \/>\n<link rel=\"canonical\" href=\"https:\/\/sandzakpress.net\/arhiva\/minstar-branislav-nedimovic-posjetio-prijepolje\/\" \/>\n<meta property=\"og:locale\" content=\"bs_BA\" \/>\n<meta property=\"og:type\" content=\"article\" \/>\n<meta property=\"og:title\" content=\"Minstar Branislav Nedimovi\u0107 posjetio Prijepolje\" \/>\n<meta property=\"og:description\" content=\"U posjeti op\u0161tini Prijepolje boravio je ministar poljoprivrede u Vladi Republike Srbije, gospodin Branislav Nedimovi\u0107, gdje je sa predstavnicima vlasti razgovarao o deponiji Stanjevina, o trenutnoj cijeni maline, te o razvoju sto\u010darstva i vo\u0107arstva u Prijepolju. Ministar isti\u010de da su isporu\u010dena ve\u0107 24 rje\u0161enja o nabavci traktora za op\u0161tinu Prijepolje, \u0161to je jako zna\u010dajna stvar. [&hellip;]\" \/>\n<meta property=\"og:url\" content=\"https:\/\/sandzakpress.net\/arhiva\/minstar-branislav-nedimovic-posjetio-prijepolje\/\" \/>\n<meta property=\"og:site_name\" content=\"Sand\u017eak PRESS\" \/>\n<meta property=\"article:published_time\" content=\"2017-08-08T11:30:39+00:00\" \/>\n<meta property=\"og:image\" content=\"https:\/\/sandzakpress.net\/arhiva\/wp-content\/uploads\/2017\/08\/20643501_1643222062378856_8601143501757774575_o.jpg\" \/>\n\t<meta property=\"og:image:width\" content=\"1080\" \/>\n\t<meta property=\"og:image:height\" content=\"810\" \/>\n\t<meta property=\"og:image:type\" content=\"image\/jpeg\" \/>\n<meta name=\"author\" content=\"Agencija\" \/>\n<meta name=\"twitter:card\" content=\"summary_large_image\" \/>\n<meta name=\"twitter:label1\" content=\"Written by\" \/>\n\t<meta name=\"twitter:data1\" content=\"Agencija\" \/>\n\t<meta name=\"twitter:label2\" content=\"Est. reading time\" \/>\n\t<meta name=\"twitter:data2\" content=\"1 minuta\" \/>\n<script type=\"application\/ld+json\" class=\"yoast-schema-graph\">{\"@context\":\"https:\/\/schema.org\",\"@graph\":[{\"@type\":\"Article\",\"@id\":\"https:\/\/sandzakpress.net\/arhiva\/minstar-branislav-nedimovic-posjetio-prijepolje\/#article\",\"isPartOf\":{\"@id\":\"https:\/\/sandzakpress.net\/arhiva\/minstar-branislav-nedimovic-posjetio-prijepolje\/\"},\"author\":{\"name\":\"Agencija\",\"@id\":\"https:\/\/sandzakpress.net\/arhiva\/#\/schema\/person\/cb59d7e3ab91ab90dd680ad0305a6185\"},\"headline\":\"Minstar Branislav Nedimovi\u0107 posjetio Prijepolje\",\"datePublished\":\"2017-08-08T11:30:39+00:00\",\"mainEntityOfPage\":{\"@id\":\"https:\/\/sandzakpress.net\/arhiva\/minstar-branislav-nedimovic-posjetio-prijepolje\/\"},\"wordCount\":173,\"commentCount\":0,\"publisher\":{\"@id\":\"https:\/\/sandzakpress.net\/arhiva\/#\/schema\/person\/6e72b67d6e51910a1117b3b483ba20bd\"},\"image\":{\"@id\":\"https:\/\/sandzakpress.net\/arhiva\/minstar-branislav-nedimovic-posjetio-prijepolje\/#primaryimage\"},\"thumbnailUrl\":\"https:\/\/sandzakpress.net\/arhiva\/wp-content\/uploads\/2017\/08\/20643501_1643222062378856_8601143501757774575_o.jpg\",\"articleSection\":[\"Politika\",\"Prijepolje\",\"VA\u017dNO!\"],\"inLanguage\":\"bs-BA\",\"potentialAction\":[{\"@type\":\"CommentAction\",\"name\":\"Comment\",\"target\":[\"https:\/\/sandzakpress.net\/arhiva\/minstar-branislav-nedimovic-posjetio-prijepolje\/#respond\"]}]},{\"@type\":\"WebPage\",\"@id\":\"https:\/\/sandzakpress.net\/arhiva\/minstar-branislav-nedimovic-posjetio-prijepolje\/\",\"url\":\"https:\/\/sandzakpress.net\/arhiva\/minstar-branislav-nedimovic-posjetio-prijepolje\/\",\"name\":\"Minstar Branislav Nedimovi\u0107 posjetio Prijepolje\",\"isPartOf\":{\"@id\":\"https:\/\/sandzakpress.net\/arhiva\/#website\"},\"primaryImageOfPage\":{\"@id\":\"https:\/\/sandzakpress.net\/arhiva\/minstar-branislav-nedimovic-posjetio-prijepolje\/#primaryimage\"},\"image\":{\"@id\":\"https:\/\/sandzakpress.net\/arhiva\/minstar-branislav-nedimovic-posjetio-prijepolje\/#primaryimage\"},\"thumbnailUrl\":\"https:\/\/sandzakpress.net\/arhiva\/wp-content\/uploads\/2017\/08\/20643501_1643222062378856_8601143501757774575_o.jpg\",\"datePublished\":\"2017-08-08T11:30:39+00:00\",\"breadcrumb\":{\"@id\":\"https:\/\/sandzakpress.net\/arhiva\/minstar-branislav-nedimovic-posjetio-prijepolje\/#breadcrumb\"},\"inLanguage\":\"bs-BA\",\"potentialAction\":[{\"@type\":\"ReadAction\",\"target\":[\"https:\/\/sandzakpress.net\/arhiva\/minstar-branislav-nedimovic-posjetio-prijepolje\/\"]}]},{\"@type\":\"ImageObject\",\"inLanguage\":\"bs-BA\",\"@id\":\"https:\/\/sandzakpress.net\/arhiva\/minstar-branislav-nedimovic-posjetio-prijepolje\/#primaryimage\",\"url\":\"https:\/\/sandzakpress.net\/arhiva\/wp-content\/uploads\/2017\/08\/20643501_1643222062378856_8601143501757774575_o.jpg\",\"contentUrl\":\"https:\/\/sandzakpress.net\/arhiva\/wp-content\/uploads\/2017\/08\/20643501_1643222062378856_8601143501757774575_o.jpg\",\"width\":1080,\"height\":810},{\"@type\":\"BreadcrumbList\",\"@id\":\"https:\/\/sandzakpress.net\/arhiva\/minstar-branislav-nedimovic-posjetio-prijepolje\/#breadcrumb\",\"itemListElement\":[{\"@type\":\"ListItem\",\"position\":1,\"name\":\"Home\",\"item\":\"https:\/\/sandzakpress.net\/arhiva\/\"},{\"@type\":\"ListItem\",\"position\":2,\"name\":\"Minstar Branislav Nedimovi\u0107 posjetio Prijepolje\"}]},{\"@type\":\"WebSite\",\"@id\":\"https:\/\/sandzakpress.net\/arhiva\/#website\",\"url\":\"https:\/\/sandzakpress.net\/arhiva\/\",\"name\":\"Sand\u017eak PRESS\",\"description\":\"Prve elektronske novine u Sand\u017eaku\",\"publisher\":{\"@id\":\"https:\/\/sandzakpress.net\/arhiva\/#\/schema\/person\/6e72b67d6e51910a1117b3b483ba20bd\"},\"potentialAction\":[{\"@type\":\"SearchAction\",\"target\":{\"@type\":\"EntryPoint\",\"urlTemplate\":\"https:\/\/sandzakpress.net\/arhiva\/?s={search_term_string}\"},\"query-input\":{\"@type\":\"PropertyValueSpecification\",\"valueRequired\":true,\"valueName\":\"search_term_string\"}}],\"inLanguage\":\"bs-BA\"},{\"@type\":[\"Person\",\"Organization\"],\"@id\":\"https:\/\/sandzakpress.net\/arhiva\/#\/schema\/person\/6e72b67d6e51910a1117b3b483ba20bd\",\"name\":\"Kul\",\"image\":{\"@type\":\"ImageObject\",\"inLanguage\":\"bs-BA\",\"@id\":\"https:\/\/sandzakpress.net\/arhiva\/#\/schema\/person\/image\/\",\"url\":\"https:\/\/secure.gravatar.com\/avatar\/42263f39aa27ac04c43cab85c280eb2e?s=96&d=mm&r=pg\",\"contentUrl\":\"https:\/\/secure.gravatar.com\/avatar\/42263f39aa27ac04c43cab85c280eb2e?s=96&d=mm&r=pg\",\"caption\":\"Kul\"},\"logo\":{\"@id\":\"https:\/\/sandzakpress.net\/arhiva\/#\/schema\/person\/image\/\"}},{\"@type\":\"Person\",\"@id\":\"https:\/\/sandzakpress.net\/arhiva\/#\/schema\/person\/cb59d7e3ab91ab90dd680ad0305a6185\",\"name\":\"Agencija\",\"image\":{\"@type\":\"ImageObject\",\"inLanguage\":\"bs-BA\",\"@id\":\"https:\/\/sandzakpress.net\/arhiva\/#\/schema\/person\/image\/\",\"url\":\"https:\/\/secure.gravatar.com\/avatar\/4b7fafa80a22f0c2afe23966b3961fe0?s=96&d=mm&r=pg\",\"contentUrl\":\"https:\/\/secure.gravatar.com\/avatar\/4b7fafa80a22f0c2afe23966b3961fe0?s=96&d=mm&r=pg\",\"caption\":\"Agencija\"},\"url\":\"https:\/\/sandzakpress.net\/arhiva\/author\/agencija\/\"}]}<\/script>\n<!-- \/ Yoast SEO Premium plugin. -->","yoast_head_json":{"title":"Minstar Branislav Nedimovi\u0107 posjetio Prijepolje","robots":{"index":"index","follow":"follow","max-snippet":"max-snippet:-1","max-image-preview":"max-image-preview:large","max-video-preview":"max-video-preview:-1"},"canonical":"https:\/\/sandzakpress.net\/arhiva\/minstar-branislav-nedimovic-posjetio-prijepolje\/","og_locale":"bs_BA","og_type":"article","og_title":"Minstar Branislav Nedimovi\u0107 posjetio Prijepolje","og_description":"U posjeti op\u0161tini Prijepolje boravio je ministar poljoprivrede u Vladi Republike Srbije, gospodin Branislav Nedimovi\u0107, gdje je sa predstavnicima vlasti razgovarao o deponiji Stanjevina, o trenutnoj cijeni maline, te o razvoju sto\u010darstva i vo\u0107arstva u Prijepolju. Ministar isti\u010de da su isporu\u010dena ve\u0107 24 rje\u0161enja o nabavci traktora za op\u0161tinu Prijepolje, \u0161to je jako zna\u010dajna stvar. [&hellip;]","og_url":"https:\/\/sandzakpress.net\/arhiva\/minstar-branislav-nedimovic-posjetio-prijepolje\/","og_site_name":"Sand\u017eak PRESS","article_published_time":"2017-08-08T11:30:39+00:00","og_image":[{"width":1080,"height":810,"url":"https:\/\/sandzakpress.net\/arhiva\/wp-content\/uploads\/2017\/08\/20643501_1643222062378856_8601143501757774575_o.jpg","type":"image\/jpeg"}],"author":"Agencija","twitter_card":"summary_large_image","twitter_misc":{"Written by":"Agencija","Est. reading time":"1 minuta"},"schema":{"@context":"https:\/\/schema.org","@graph":[{"@type":"Article","@id":"https:\/\/sandzakpress.net\/arhiva\/minstar-branislav-nedimovic-posjetio-prijepolje\/#article","isPartOf":{"@id":"https:\/\/sandzakpress.net\/arhiva\/minstar-branislav-nedimovic-posjetio-prijepolje\/"},"author":{"name":"Agencija","@id":"https:\/\/sandzakpress.net\/arhiva\/#\/schema\/person\/cb59d7e3ab91ab90dd680ad0305a6185"},"headline":"Minstar Branislav Nedimovi\u0107 posjetio Prijepolje","datePublished":"2017-08-08T11:30:39+00:00","mainEntityOfPage":{"@id":"https:\/\/sandzakpress.net\/arhiva\/minstar-branislav-nedimovic-posjetio-prijepolje\/"},"wordCount":173,"commentCount":0,"publisher":{"@id":"https:\/\/sandzakpress.net\/arhiva\/#\/schema\/person\/6e72b67d6e51910a1117b3b483ba20bd"},"image":{"@id":"https:\/\/sandzakpress.net\/arhiva\/minstar-branislav-nedimovic-posjetio-prijepolje\/#primaryimage"},"thumbnailUrl":"https:\/\/sandzakpress.net\/arhiva\/wp-content\/uploads\/2017\/08\/20643501_1643222062378856_8601143501757774575_o.jpg","articleSection":["Politika","Prijepolje","VA\u017dNO!"],"inLanguage":"bs-BA","potentialAction":[{"@type":"CommentAction","name":"Comment","target":["https:\/\/sandzakpress.net\/arhiva\/minstar-branislav-nedimovic-posjetio-prijepolje\/#respond"]}]},{"@type":"WebPage","@id":"https:\/\/sandzakpress.net\/arhiva\/minstar-branislav-nedimovic-posjetio-prijepolje\/","url":"https:\/\/sandzakpress.net\/arhiva\/minstar-branislav-nedimovic-posjetio-prijepolje\/","name":"Minstar Branislav Nedimovi\u0107 posjetio Prijepolje","isPartOf":{"@id":"https:\/\/sandzakpress.net\/arhiva\/#website"},"primaryImageOfPage":{"@id":"https:\/\/sandzakpress.net\/arhiva\/minstar-branislav-nedimovic-posjetio-prijepolje\/#primaryimage"},"image":{"@id":"https:\/\/sandzakpress.net\/arhiva\/minstar-branislav-nedimovic-posjetio-prijepolje\/#primaryimage"},"thumbnailUrl":"https:\/\/sandzakpress.net\/arhiva\/wp-content\/uploads\/2017\/08\/20643501_1643222062378856_8601143501757774575_o.jpg","datePublished":"2017-08-08T11:30:39+00:00","breadcrumb":{"@id":"https:\/\/sandzakpress.net\/arhiva\/minstar-branislav-nedimovic-posjetio-prijepolje\/#breadcrumb"},"inLanguage":"bs-BA","potentialAction":[{"@type":"ReadAction","target":["https:\/\/sandzakpress.net\/arhiva\/minstar-branislav-nedimovic-posjetio-prijepolje\/"]}]},{"@type":"ImageObject","inLanguage":"bs-BA","@id":"https:\/\/sandzakpress.net\/arhiva\/minstar-branislav-nedimovic-posjetio-prijepolje\/#primaryimage","url":"https:\/\/sandzakpress.net\/arhiva\/wp-content\/uploads\/2017\/08\/20643501_1643222062378856_8601143501757774575_o.jpg","contentUrl":"https:\/\/sandzakpress.net\/arhiva\/wp-content\/uploads\/2017\/08\/20643501_1643222062378856_8601143501757774575_o.jpg","width":1080,"height":810},{"@type":"BreadcrumbList","@id":"https:\/\/sandzakpress.net\/arhiva\/minstar-branislav-nedimovic-posjetio-prijepolje\/#breadcrumb","itemListElement":[{"@type":"ListItem","position":1,"name":"Home","item":"https:\/\/sandzakpress.net\/arhiva\/"},{"@type":"ListItem","position":2,"name":"Minstar Branislav Nedimovi\u0107 posjetio Prijepolje"}]},{"@type":"WebSite","@id":"https:\/\/sandzakpress.net\/arhiva\/#website","url":"https:\/\/sandzakpress.net\/arhiva\/","name":"Sand\u017eak PRESS","description":"Prve elektronske novine u Sand\u017eaku","publisher":{"@id":"https:\/\/sandzakpress.net\/arhiva\/#\/schema\/person\/6e72b67d6e51910a1117b3b483ba20bd"},"potentialAction":[{"@type":"SearchAction","target":{"@type":"EntryPoint","urlTemplate":"https:\/\/sandzakpress.net\/arhiva\/?s={search_term_string}"},"query-input":{"@type":"PropertyValueSpecification","valueRequired":true,"valueName":"search_term_string"}}],"inLanguage":"bs-BA"},{"@type":["Person","Organization"],"@id":"https:\/\/sandzakpress.net\/arhiva\/#\/schema\/person\/6e72b67d6e51910a1117b3b483ba20bd","name":"Kul","image":{"@type":"ImageObject","inLanguage":"bs-BA","@id":"https:\/\/sandzakpress.net\/arhiva\/#\/schema\/person\/image\/","url":"https:\/\/secure.gravatar.com\/avatar\/42263f39aa27ac04c43cab85c280eb2e?s=96&d=mm&r=pg","contentUrl":"https:\/\/secure.gravatar.com\/avatar\/42263f39aa27ac04c43cab85c280eb2e?s=96&d=mm&r=pg","caption":"Kul"},"logo":{"@id":"https:\/\/sandzakpress.net\/arhiva\/#\/schema\/person\/image\/"}},{"@type":"Person","@id":"https:\/\/sandzakpress.net\/arhiva\/#\/schema\/person\/cb59d7e3ab91ab90dd680ad0305a6185","name":"Agencija","image":{"@type":"ImageObject","inLanguage":"bs-BA","@id":"https:\/\/sandzakpress.net\/arhiva\/#\/schema\/person\/image\/","url":"https:\/\/secure.gravatar.com\/avatar\/4b7fafa80a22f0c2afe23966b3961fe0?s=96&d=mm&r=pg","contentUrl":"https:\/\/secure.gravatar.com\/avatar\/4b7fafa80a22f0c2afe23966b3961fe0?s=96&d=mm&r=pg","caption":"Agencija"},"url":"https:\/\/sandzakpress.net\/arhiva\/author\/agencija\/"}]}},"_links":{"self":[{"href":"https:\/\/sandzakpress.net\/arhiva\/wp-json\/wp\/v2\/posts\/192604"}],"collection":[{"href":"https:\/\/sandzakpress.net\/arhiva\/wp-json\/wp\/v2\/posts"}],"about":[{"href":"https:\/\/sandzakpress.net\/arhiva\/wp-json\/wp\/v2\/types\/post"}],"author":[{"embeddable":true,"href":"https:\/\/sandzakpress.net\/arhiva\/wp-json\/wp\/v2\/users\/509"}],"replies":[{"embeddable":true,"href":"https:\/\/sandzakpress.net\/arhiva\/wp-json\/wp\/v2\/comments?post=192604"}],"version-history":[{"count":0,"href":"https:\/\/sandzakpress.net\/arhiva\/wp-json\/wp\/v2\/posts\/192604\/revisions"}],"wp:featuredmedia":[{"embeddable":true,"href":"https:\/\/sandzakpress.net\/arhiva\/wp-json\/wp\/v2\/media\/192618"}],"wp:attachment":[{"href":"https:\/\/sandzakpress.net\/arhiva\/wp-json\/wp\/v2\/media?parent=192604"}],"wp:term":[{"taxonomy":"category","embeddable":true,"href":"https:\/\/sandzakpress.net\/arhiva\/wp-json\/wp\/v2\/categories?post=192604"},{"taxonomy":"post_tag","embeddable":true,"href":"https:\/\/sandzakpress.net\/arhiva\/wp-json\/wp\/v2\/tags?post=192604"}],"curies":[{"name":"wp","href":"https:\/\/api.w.org\/{rel}","templated":true}]}}