{"id":19260,"date":"2011-09-03T12:12:35","date_gmt":"2011-09-03T10:12:35","guid":{"rendered":"https:\/\/sandzakpress.net\/arhiva\/?p=19260"},"modified":"2011-09-03T12:12:35","modified_gmt":"2011-09-03T10:12:35","slug":"mjesec-i-zvijezda-ispred-zgrade-opcine-u-monticello","status":"publish","type":"post","link":"https:\/\/sandzakpress.net\/arhiva\/mjesec-i-zvijezda-ispred-zgrade-opcine-u-monticello\/","title":{"rendered":"Mjesec i zvijezda ispred zgrade op\u0107ine u Monticello"},"content":{"rendered":"<p><strong><a href=\"https:\/\/sandzakpress.net\/arhiva\/wp-content\/uploads\/2011\/09\/Monticello_mjesec_i_zvijezda.jpg\"><img loading=\"lazy\" decoding=\"async\" class=\"alignleft size-medium wp-image-19261\" src=\"https:\/\/sandzakpress.net\/arhiva\/wp-content\/uploads\/2011\/09\/Monticello_mjesec_i_zvijezda-300x225.jpg\" alt=\"\" width=\"300\" height=\"225\" \/><\/a>Amerika &#8211; U gradi\u0107u Monticello (New York upstate) ispred ulaza zgrade op\u0107ine, od  ovog ramazanskog bajrama pa i svakog narednog, stajat \u0107e prepoznatljivo  islamsko obilje\u017eje mjesec i zvijezda. <\/strong><\/p>\n<p>Naime, prema informaciji koju smo dobili, u srijedu, 31. augusta po prvi  put je u op\u0107inskoj ba\u0161\u010di, tik uz kancelarijske prozore, postavljen  islamski simbol koji ozna\u010dava zavr\u0161etak mubarek mjeseca ramazana i  dolazak bajrama.<\/p>\n<p>Ideja se rodila ve\u0107 du\u017ee vrijeme u Islamskom centru Monticello i nekako  je proteklih par godina stajala nedovr\u0161ena. Jedna od pokreta\u010da ideje  aktivistkinja u zajednici i vlasnica Real Estate u New Yorku Aida  \u0160arkinovi\u0107 je rekla za Bo\u0161njaci.net da je odu\u0161evljena Jevrejima u tom  gradu koji za njihov praznik obavezno iznesu svoju Manorah za &#8220;Festival  Of Lights&#8221;, zatim Afro-Amerikanci svoju Kavanza, a o bo\u017ei\u0107noj jelci se  ne treba ni govoriti, jer je cijeli grad, a i gradovi, oki\u0107eni. I tako  potekle su ideje kako u ovoj prijateljskoj zemlji da bude zapa\u017eeno i  prisustvo muslimana, posebno Bo\u0161njaka, Albanaca i ali pripadnika drugih  nacija.<\/p>\n<p>Aida nagla\u0161ava: Kao i svi drugi u ovoj dr\u017eavi mi pla\u0107amo poreze,  doniramo, glasamo i naravno u\u010destvujemo u izgradnju ove zemlje. Najzad  za mnoge va\u017eimo kao primjerni gra\u0111ani i dr\u017eavljani, i ne vidimo razloga  da mi neu\u017eivamo ista prava. Zna\u010di samo ih treba na ispravan na\u010din  tra\u017eiti, i grantovano \u0107e biti dobijena.<\/p>\n<p>Nakon \u0161to je dobijena dozvola od gradona\u010dlnika Gordon Jenkinsa, koji je  rekao da je potpuno uredu u vremenu bajramskih dana postaviti svoj  simbol, odnosno mjesec i zvijezdu, kako bi mje\u0161tani ovog grada bili  upoznati da pripadnici islama obilje\u017eavaju svoje mubarek dane. Aida je  zamolila Izeta \u0160abovi\u0107a, vlasnika gra\u0111evinske firme da uradi znak, koji  je to i u\u010dinio, tako da su skupa sa h. Ibrom Makovi\u0107em, jednim od  \u010dlanova Odbora Islamskog centra u Monticello na drugi dan ramazanskog  bajrama postavili obilje\u017eje, koje \u0107e biti u toku bajramskih dana, ali i  svakog narednog.<\/p>\n<p>Prema na\u0161im saznanjima inicijativa o postavljanju islamskih simbola  pro\u0161irite \u0107e se i na druge institucije u ovom gradu, odnosno ispred  zgrade suda i druga va\u017ena javna mjesta.<\/p>\n<p>U Monticello se sve vi\u0161e naseljavaju Bo\u0161njaci i Albanaci koji kupuju  ku\u0107e i druge nekretnine, te svoje vikend i ljetnje odmore koriste van  metropole i njujor\u0161kih gu\u017evi. Prije nekoliko godina su kupili objekat  koji su pruredili u prekrasan Islamski centar i mesd\u017eid, kao i dvije  d\u017eematske ku\u0107e sa po dva stana i zemlji\u0161te oko objekta na kojem se  odvijaju sportske aktivnosti.<\/p>\n<p><span style=\"color: black\"><img decoding=\"async\" src=\"http:\/\/www.bosnjaci.net\/foto\/Monticello_Iman_i_Hanan_Sabovic_ucestvuju_u_historiji.jpg\" border=\"0\" alt=\"\" width=\"640\" \/><br \/>\nBo\u0161nja\u010dke curice Iman i Hanan \u0160abovi\u0107 sa svojim simbolima kreiraju svoju historiju u svom gradu<\/span><\/p>\n<p><span style=\"color: black\">Izvor:<strong> Bo\u0161njaci.net<\/strong><br \/>\n<\/span><\/p>\n","protected":false},"excerpt":{"rendered":"<p>Amerika &#8211; U gradi\u0107u Monticello (New York upstate) ispred ulaza zgrade op\u0107ine, od ovog ramazanskog bajrama pa i svakog narednog, stajat \u0107e prepoznatljivo islamsko obilje\u017eje mjesec i zvijezda. Naime, prema informaciji koju smo dobili, u srijedu, 31. augusta po prvi put je u op\u0107inskoj ba\u0161\u010di, tik uz kancelarijske prozore, postavljen islamski simbol koji ozna\u010dava zavr\u0161etak [&hellip;]<\/p>\n","protected":false},"author":13,"featured_media":19261,"comment_status":"open","ping_status":"open","sticky":false,"template":"","format":"standard","meta":{"footnotes":""},"categories":[3012,5],"tags":[],"class_list":{"0":"post-19260","1":"post","2":"type-post","3":"status-publish","4":"format-standard","5":"has-post-thumbnail","7":"category-amerika-gradovi","8":"category-drustvo"},"yoast_head":"<!-- This site is optimized with the Yoast SEO Premium plugin v23.1 (Yoast SEO v24.9) - https:\/\/yoast.com\/wordpress\/plugins\/seo\/ -->\n<title>Mjesec i zvijezda ispred zgrade op\u0107ine u Monticello<\/title>\n<meta name=\"robots\" content=\"index, follow, max-snippet:-1, max-image-preview:large, max-video-preview:-1\" \/>\n<link rel=\"canonical\" href=\"https:\/\/sandzakpress.net\/arhiva\/mjesec-i-zvijezda-ispred-zgrade-opcine-u-monticello\/\" \/>\n<meta property=\"og:locale\" content=\"bs_BA\" \/>\n<meta property=\"og:type\" content=\"article\" \/>\n<meta property=\"og:title\" content=\"Mjesec i zvijezda ispred zgrade op\u0107ine u Monticello\" \/>\n<meta property=\"og:description\" content=\"Amerika &#8211; U gradi\u0107u Monticello (New York upstate) ispred ulaza zgrade op\u0107ine, od ovog ramazanskog bajrama pa i svakog narednog, stajat \u0107e prepoznatljivo islamsko obilje\u017eje mjesec i zvijezda. Naime, prema informaciji koju smo dobili, u srijedu, 31. augusta po prvi put je u op\u0107inskoj ba\u0161\u010di, tik uz kancelarijske prozore, postavljen islamski simbol koji ozna\u010dava zavr\u0161etak [&hellip;]\" \/>\n<meta property=\"og:url\" content=\"https:\/\/sandzakpress.net\/arhiva\/mjesec-i-zvijezda-ispred-zgrade-opcine-u-monticello\/\" \/>\n<meta property=\"og:site_name\" content=\"Sand\u017eak PRESS\" \/>\n<meta property=\"article:published_time\" content=\"2011-09-03T10:12:35+00:00\" \/>\n<meta property=\"og:image\" content=\"https:\/\/sandzakpress.net\/arhiva\/wp-content\/uploads\/2011\/09\/Monticello_mjesec_i_zvijezda.jpg\" \/>\n\t<meta property=\"og:image:width\" content=\"616\" \/>\n\t<meta property=\"og:image:height\" content=\"462\" \/>\n\t<meta property=\"og:image:type\" content=\"image\/jpeg\" \/>\n<meta name=\"twitter:card\" content=\"summary_large_image\" \/>\n<meta name=\"twitter:label1\" content=\"Written by\" \/>\n\t<meta name=\"twitter:data1\" content=\"\" \/>\n\t<meta name=\"twitter:label2\" content=\"Est. reading time\" \/>\n\t<meta name=\"twitter:data2\" content=\"2 minute\" \/>\n<script type=\"application\/ld+json\" class=\"yoast-schema-graph\">{\"@context\":\"https:\/\/schema.org\",\"@graph\":[{\"@type\":\"Article\",\"@id\":\"https:\/\/sandzakpress.net\/arhiva\/mjesec-i-zvijezda-ispred-zgrade-opcine-u-monticello\/#article\",\"isPartOf\":{\"@id\":\"https:\/\/sandzakpress.net\/arhiva\/mjesec-i-zvijezda-ispred-zgrade-opcine-u-monticello\/\"},\"author\":{\"name\":\"\",\"@id\":\"\"},\"headline\":\"Mjesec i zvijezda ispred zgrade op\u0107ine u Monticello\",\"datePublished\":\"2011-09-03T10:12:35+00:00\",\"mainEntityOfPage\":{\"@id\":\"https:\/\/sandzakpress.net\/arhiva\/mjesec-i-zvijezda-ispred-zgrade-opcine-u-monticello\/\"},\"wordCount\":472,\"commentCount\":0,\"publisher\":{\"@id\":\"https:\/\/sandzakpress.net\/arhiva\/#\/schema\/person\/6e72b67d6e51910a1117b3b483ba20bd\"},\"image\":{\"@id\":\"https:\/\/sandzakpress.net\/arhiva\/mjesec-i-zvijezda-ispred-zgrade-opcine-u-monticello\/#primaryimage\"},\"thumbnailUrl\":\"https:\/\/sandzakpress.net\/arhiva\/wp-content\/uploads\/2011\/09\/Monticello_mjesec_i_zvijezda.jpg\",\"articleSection\":[\"Amerika\",\"Dru\u0161tvo\"],\"inLanguage\":\"bs-BA\",\"potentialAction\":[{\"@type\":\"CommentAction\",\"name\":\"Comment\",\"target\":[\"https:\/\/sandzakpress.net\/arhiva\/mjesec-i-zvijezda-ispred-zgrade-opcine-u-monticello\/#respond\"]}]},{\"@type\":\"WebPage\",\"@id\":\"https:\/\/sandzakpress.net\/arhiva\/mjesec-i-zvijezda-ispred-zgrade-opcine-u-monticello\/\",\"url\":\"https:\/\/sandzakpress.net\/arhiva\/mjesec-i-zvijezda-ispred-zgrade-opcine-u-monticello\/\",\"name\":\"Mjesec i zvijezda ispred zgrade op\u0107ine u Monticello\",\"isPartOf\":{\"@id\":\"https:\/\/sandzakpress.net\/arhiva\/#website\"},\"primaryImageOfPage\":{\"@id\":\"https:\/\/sandzakpress.net\/arhiva\/mjesec-i-zvijezda-ispred-zgrade-opcine-u-monticello\/#primaryimage\"},\"image\":{\"@id\":\"https:\/\/sandzakpress.net\/arhiva\/mjesec-i-zvijezda-ispred-zgrade-opcine-u-monticello\/#primaryimage\"},\"thumbnailUrl\":\"https:\/\/sandzakpress.net\/arhiva\/wp-content\/uploads\/2011\/09\/Monticello_mjesec_i_zvijezda.jpg\",\"datePublished\":\"2011-09-03T10:12:35+00:00\",\"breadcrumb\":{\"@id\":\"https:\/\/sandzakpress.net\/arhiva\/mjesec-i-zvijezda-ispred-zgrade-opcine-u-monticello\/#breadcrumb\"},\"inLanguage\":\"bs-BA\",\"potentialAction\":[{\"@type\":\"ReadAction\",\"target\":[\"https:\/\/sandzakpress.net\/arhiva\/mjesec-i-zvijezda-ispred-zgrade-opcine-u-monticello\/\"]}]},{\"@type\":\"ImageObject\",\"inLanguage\":\"bs-BA\",\"@id\":\"https:\/\/sandzakpress.net\/arhiva\/mjesec-i-zvijezda-ispred-zgrade-opcine-u-monticello\/#primaryimage\",\"url\":\"https:\/\/sandzakpress.net\/arhiva\/wp-content\/uploads\/2011\/09\/Monticello_mjesec_i_zvijezda.jpg\",\"contentUrl\":\"https:\/\/sandzakpress.net\/arhiva\/wp-content\/uploads\/2011\/09\/Monticello_mjesec_i_zvijezda.jpg\",\"width\":616,\"height\":462},{\"@type\":\"BreadcrumbList\",\"@id\":\"https:\/\/sandzakpress.net\/arhiva\/mjesec-i-zvijezda-ispred-zgrade-opcine-u-monticello\/#breadcrumb\",\"itemListElement\":[{\"@type\":\"ListItem\",\"position\":1,\"name\":\"Home\",\"item\":\"https:\/\/sandzakpress.net\/arhiva\/\"},{\"@type\":\"ListItem\",\"position\":2,\"name\":\"Mjesec i zvijezda ispred zgrade op\u0107ine u Monticello\"}]},{\"@type\":\"WebSite\",\"@id\":\"https:\/\/sandzakpress.net\/arhiva\/#website\",\"url\":\"https:\/\/sandzakpress.net\/arhiva\/\",\"name\":\"Sand\u017eak PRESS\",\"description\":\"Prve elektronske novine u Sand\u017eaku\",\"publisher\":{\"@id\":\"https:\/\/sandzakpress.net\/arhiva\/#\/schema\/person\/6e72b67d6e51910a1117b3b483ba20bd\"},\"potentialAction\":[{\"@type\":\"SearchAction\",\"target\":{\"@type\":\"EntryPoint\",\"urlTemplate\":\"https:\/\/sandzakpress.net\/arhiva\/?s={search_term_string}\"},\"query-input\":{\"@type\":\"PropertyValueSpecification\",\"valueRequired\":true,\"valueName\":\"search_term_string\"}}],\"inLanguage\":\"bs-BA\"},{\"@type\":[\"Person\",\"Organization\"],\"@id\":\"https:\/\/sandzakpress.net\/arhiva\/#\/schema\/person\/6e72b67d6e51910a1117b3b483ba20bd\",\"name\":\"Kul\",\"image\":{\"@type\":\"ImageObject\",\"inLanguage\":\"bs-BA\",\"@id\":\"https:\/\/sandzakpress.net\/arhiva\/#\/schema\/person\/image\/\",\"url\":\"https:\/\/secure.gravatar.com\/avatar\/42263f39aa27ac04c43cab85c280eb2e?s=96&d=mm&r=pg\",\"contentUrl\":\"https:\/\/secure.gravatar.com\/avatar\/42263f39aa27ac04c43cab85c280eb2e?s=96&d=mm&r=pg\",\"caption\":\"Kul\"},\"logo\":{\"@id\":\"https:\/\/sandzakpress.net\/arhiva\/#\/schema\/person\/image\/\"}},{\"@type\":\"Person\",\"@id\":\"\",\"url\":\"https:\/\/sandzakpress.net\/arhiva\/author\/\"}]}<\/script>\n<!-- \/ Yoast SEO Premium plugin. -->","yoast_head_json":{"title":"Mjesec i zvijezda ispred zgrade op\u0107ine u Monticello","robots":{"index":"index","follow":"follow","max-snippet":"max-snippet:-1","max-image-preview":"max-image-preview:large","max-video-preview":"max-video-preview:-1"},"canonical":"https:\/\/sandzakpress.net\/arhiva\/mjesec-i-zvijezda-ispred-zgrade-opcine-u-monticello\/","og_locale":"bs_BA","og_type":"article","og_title":"Mjesec i zvijezda ispred zgrade op\u0107ine u Monticello","og_description":"Amerika &#8211; U gradi\u0107u Monticello (New York upstate) ispred ulaza zgrade op\u0107ine, od ovog ramazanskog bajrama pa i svakog narednog, stajat \u0107e prepoznatljivo islamsko obilje\u017eje mjesec i zvijezda. Naime, prema informaciji koju smo dobili, u srijedu, 31. augusta po prvi put je u op\u0107inskoj ba\u0161\u010di, tik uz kancelarijske prozore, postavljen islamski simbol koji ozna\u010dava zavr\u0161etak [&hellip;]","og_url":"https:\/\/sandzakpress.net\/arhiva\/mjesec-i-zvijezda-ispred-zgrade-opcine-u-monticello\/","og_site_name":"Sand\u017eak PRESS","article_published_time":"2011-09-03T10:12:35+00:00","og_image":[{"width":616,"height":462,"url":"https:\/\/sandzakpress.net\/arhiva\/wp-content\/uploads\/2011\/09\/Monticello_mjesec_i_zvijezda.jpg","type":"image\/jpeg"}],"twitter_card":"summary_large_image","twitter_misc":{"Written by":"","Est. reading time":"2 minute"},"schema":{"@context":"https:\/\/schema.org","@graph":[{"@type":"Article","@id":"https:\/\/sandzakpress.net\/arhiva\/mjesec-i-zvijezda-ispred-zgrade-opcine-u-monticello\/#article","isPartOf":{"@id":"https:\/\/sandzakpress.net\/arhiva\/mjesec-i-zvijezda-ispred-zgrade-opcine-u-monticello\/"},"author":{"name":"","@id":""},"headline":"Mjesec i zvijezda ispred zgrade op\u0107ine u Monticello","datePublished":"2011-09-03T10:12:35+00:00","mainEntityOfPage":{"@id":"https:\/\/sandzakpress.net\/arhiva\/mjesec-i-zvijezda-ispred-zgrade-opcine-u-monticello\/"},"wordCount":472,"commentCount":0,"publisher":{"@id":"https:\/\/sandzakpress.net\/arhiva\/#\/schema\/person\/6e72b67d6e51910a1117b3b483ba20bd"},"image":{"@id":"https:\/\/sandzakpress.net\/arhiva\/mjesec-i-zvijezda-ispred-zgrade-opcine-u-monticello\/#primaryimage"},"thumbnailUrl":"https:\/\/sandzakpress.net\/arhiva\/wp-content\/uploads\/2011\/09\/Monticello_mjesec_i_zvijezda.jpg","articleSection":["Amerika","Dru\u0161tvo"],"inLanguage":"bs-BA","potentialAction":[{"@type":"CommentAction","name":"Comment","target":["https:\/\/sandzakpress.net\/arhiva\/mjesec-i-zvijezda-ispred-zgrade-opcine-u-monticello\/#respond"]}]},{"@type":"WebPage","@id":"https:\/\/sandzakpress.net\/arhiva\/mjesec-i-zvijezda-ispred-zgrade-opcine-u-monticello\/","url":"https:\/\/sandzakpress.net\/arhiva\/mjesec-i-zvijezda-ispred-zgrade-opcine-u-monticello\/","name":"Mjesec i zvijezda ispred zgrade op\u0107ine u Monticello","isPartOf":{"@id":"https:\/\/sandzakpress.net\/arhiva\/#website"},"primaryImageOfPage":{"@id":"https:\/\/sandzakpress.net\/arhiva\/mjesec-i-zvijezda-ispred-zgrade-opcine-u-monticello\/#primaryimage"},"image":{"@id":"https:\/\/sandzakpress.net\/arhiva\/mjesec-i-zvijezda-ispred-zgrade-opcine-u-monticello\/#primaryimage"},"thumbnailUrl":"https:\/\/sandzakpress.net\/arhiva\/wp-content\/uploads\/2011\/09\/Monticello_mjesec_i_zvijezda.jpg","datePublished":"2011-09-03T10:12:35+00:00","breadcrumb":{"@id":"https:\/\/sandzakpress.net\/arhiva\/mjesec-i-zvijezda-ispred-zgrade-opcine-u-monticello\/#breadcrumb"},"inLanguage":"bs-BA","potentialAction":[{"@type":"ReadAction","target":["https:\/\/sandzakpress.net\/arhiva\/mjesec-i-zvijezda-ispred-zgrade-opcine-u-monticello\/"]}]},{"@type":"ImageObject","inLanguage":"bs-BA","@id":"https:\/\/sandzakpress.net\/arhiva\/mjesec-i-zvijezda-ispred-zgrade-opcine-u-monticello\/#primaryimage","url":"https:\/\/sandzakpress.net\/arhiva\/wp-content\/uploads\/2011\/09\/Monticello_mjesec_i_zvijezda.jpg","contentUrl":"https:\/\/sandzakpress.net\/arhiva\/wp-content\/uploads\/2011\/09\/Monticello_mjesec_i_zvijezda.jpg","width":616,"height":462},{"@type":"BreadcrumbList","@id":"https:\/\/sandzakpress.net\/arhiva\/mjesec-i-zvijezda-ispred-zgrade-opcine-u-monticello\/#breadcrumb","itemListElement":[{"@type":"ListItem","position":1,"name":"Home","item":"https:\/\/sandzakpress.net\/arhiva\/"},{"@type":"ListItem","position":2,"name":"Mjesec i zvijezda ispred zgrade op\u0107ine u Monticello"}]},{"@type":"WebSite","@id":"https:\/\/sandzakpress.net\/arhiva\/#website","url":"https:\/\/sandzakpress.net\/arhiva\/","name":"Sand\u017eak PRESS","description":"Prve elektronske novine u Sand\u017eaku","publisher":{"@id":"https:\/\/sandzakpress.net\/arhiva\/#\/schema\/person\/6e72b67d6e51910a1117b3b483ba20bd"},"potentialAction":[{"@type":"SearchAction","target":{"@type":"EntryPoint","urlTemplate":"https:\/\/sandzakpress.net\/arhiva\/?s={search_term_string}"},"query-input":{"@type":"PropertyValueSpecification","valueRequired":true,"valueName":"search_term_string"}}],"inLanguage":"bs-BA"},{"@type":["Person","Organization"],"@id":"https:\/\/sandzakpress.net\/arhiva\/#\/schema\/person\/6e72b67d6e51910a1117b3b483ba20bd","name":"Kul","image":{"@type":"ImageObject","inLanguage":"bs-BA","@id":"https:\/\/sandzakpress.net\/arhiva\/#\/schema\/person\/image\/","url":"https:\/\/secure.gravatar.com\/avatar\/42263f39aa27ac04c43cab85c280eb2e?s=96&d=mm&r=pg","contentUrl":"https:\/\/secure.gravatar.com\/avatar\/42263f39aa27ac04c43cab85c280eb2e?s=96&d=mm&r=pg","caption":"Kul"},"logo":{"@id":"https:\/\/sandzakpress.net\/arhiva\/#\/schema\/person\/image\/"}},{"@type":"Person","@id":"","url":"https:\/\/sandzakpress.net\/arhiva\/author\/"}]}},"_links":{"self":[{"href":"https:\/\/sandzakpress.net\/arhiva\/wp-json\/wp\/v2\/posts\/19260"}],"collection":[{"href":"https:\/\/sandzakpress.net\/arhiva\/wp-json\/wp\/v2\/posts"}],"about":[{"href":"https:\/\/sandzakpress.net\/arhiva\/wp-json\/wp\/v2\/types\/post"}],"author":[{"embeddable":true,"href":"https:\/\/sandzakpress.net\/arhiva\/wp-json\/wp\/v2\/users\/13"}],"replies":[{"embeddable":true,"href":"https:\/\/sandzakpress.net\/arhiva\/wp-json\/wp\/v2\/comments?post=19260"}],"version-history":[{"count":0,"href":"https:\/\/sandzakpress.net\/arhiva\/wp-json\/wp\/v2\/posts\/19260\/revisions"}],"wp:featuredmedia":[{"embeddable":true,"href":"https:\/\/sandzakpress.net\/arhiva\/wp-json\/wp\/v2\/media\/19261"}],"wp:attachment":[{"href":"https:\/\/sandzakpress.net\/arhiva\/wp-json\/wp\/v2\/media?parent=19260"}],"wp:term":[{"taxonomy":"category","embeddable":true,"href":"https:\/\/sandzakpress.net\/arhiva\/wp-json\/wp\/v2\/categories?post=19260"},{"taxonomy":"post_tag","embeddable":true,"href":"https:\/\/sandzakpress.net\/arhiva\/wp-json\/wp\/v2\/tags?post=19260"}],"curies":[{"name":"wp","href":"https:\/\/api.w.org\/{rel}","templated":true}]}}