{"id":192566,"date":"2017-08-07T14:07:14","date_gmt":"2017-08-07T12:07:14","guid":{"rendered":"https:\/\/sandzakpress.net\/arhiva\/navijaci-sarajeva-odali-pocast-heroju-izetu-nanicu"},"modified":"2017-08-07T14:07:14","modified_gmt":"2017-08-07T12:07:14","slug":"navijaci-sarajeva-odali-pocast-heroju-izetu-nanicu","status":"publish","type":"post","link":"https:\/\/sandzakpress.net\/arhiva\/navijaci-sarajeva-odali-pocast-heroju-izetu-nanicu\/","title":{"rendered":"Navija\u010di Sarajeva odali po\u010dast heroju Izetu Nani\u0107u"},"content":{"rendered":"<p><span class=\"cb-itemprop\"><\/p>\n<p><img decoding=\"async\" src=\"http:\/\/saff.ba\/wp-content\/uploads\/2017\/08\/20626674_700085826868610_62874206120629881_o-e1502096380977.jpg\" \/><\/p>\n<p><strong>Navija\u010di FK Sarajeva jo\u0161 jednom su pokazali koliko vole Bosne i Hercegovinu i da ne zaboravljaju njene heroje.<\/strong><\/p>\n<p>Na sjevernoj tribini stadiona Ko\u0161evo podigli su transparent, kojim su se sjetili Izeta Nani\u0107a, ratnog komandanta i nosioca najva\u017enijeg ratnog priznanja \u201cZlatni ljiljan\u201c.<\/p>\n<p>Legendarni komandant 505. vite\u0161ke brigade je poginuo 5. augusta 1995. godine, prvog dana operacije \u201cOluja\u201d u \u0161irem rejonu \u0106orkova\u010de, u akciji koja je za cilj imala spajanje jedinica Petog korpusa Armije Republike BiH i hrvatske vojske.<\/p>\n<p>Nani\u0107 je zajedno sa svojim vojnicima u\u010destvovao je u razbijanju neprijateljske linije na \u0106orkova\u010di. Samo nekoliko sati prije kona\u010dne deblokade i spajanja snaga Armije Republike BiH sa hrvatskom vojskom, ubijen je iz zasjede.<\/p>\n<p>No\u0107 prije pogibije u svoj ratni dnevnik je zapisao:<\/p>\n<p>\u2013 Sve je u igri. Nadam se da \u0107e uspjeti i ja sa njima \u2013 a onda i narod. Pobjeda je blizu. Ako Bog da, bit \u0107e na\u0161a BiH. Osje\u0107am da mogu uraditi zami\u0161ljeno. Nestalo je struje. Sretno!<\/p>\n<p>Navija\u010di Sarajeva su na transparentu napisali citat iz Nani\u0107evog ratnog dnevnika.<\/p>\n<p>Izvor: Faktor.ba<\/p>\n<p><\/span><br \/>\nPogledajte vijest na izvornom sajtu:<\/p>\n<p><a href=\"http:\/\/bosnapress.net\/navijaci-sarajeva-odali-pocast-heroju-izetu-nanicu\/\" target=\"_blank\">Navija\u010di Sarajeva odali po\u010dast heroju Izetu Nani\u0107u<\/a><\/p>\n","protected":false},"excerpt":{"rendered":"<p>Navija\u010di FK Sarajeva jo\u0161 jednom su pokazali koliko vole Bosne i Hercegovinu i da ne zaboravljaju njene heroje. Na sjevernoj tribini stadiona Ko\u0161evo podigli su transparent, kojim su se sjetili Izeta Nani\u0107a, ratnog komandanta i nosioca najva\u017enijeg ratnog priznanja \u201cZlatni ljiljan\u201c. Legendarni komandant 505. vite\u0161ke brigade je poginuo 5. augusta 1995. godine, prvog dana operacije [&hellip;]<\/p>\n","protected":false},"author":83,"featured_media":192568,"comment_status":"open","ping_status":"open","sticky":false,"template":"","format":"standard","meta":{"footnotes":""},"categories":[10513],"tags":[10466],"class_list":{"0":"post-192566","1":"post","2":"type-post","3":"status-publish","4":"format-standard","5":"has-post-thumbnail","7":"category-bosna-press","8":"tag-bosna-i-hercegovina"},"yoast_head":"<!-- This site is optimized with the Yoast SEO Premium plugin v23.1 (Yoast SEO v24.9) - https:\/\/yoast.com\/wordpress\/plugins\/seo\/ -->\n<title>Navija\u010di Sarajeva odali po\u010dast heroju Izetu Nani\u0107u<\/title>\n<meta name=\"robots\" content=\"index, follow, max-snippet:-1, max-image-preview:large, max-video-preview:-1\" \/>\n<link rel=\"canonical\" href=\"https:\/\/sandzakpress.net\/arhiva\/navijaci-sarajeva-odali-pocast-heroju-izetu-nanicu\/\" \/>\n<meta property=\"og:locale\" content=\"bs_BA\" \/>\n<meta property=\"og:type\" content=\"article\" \/>\n<meta property=\"og:title\" content=\"Navija\u010di Sarajeva odali po\u010dast heroju Izetu Nani\u0107u\" \/>\n<meta property=\"og:description\" content=\"Navija\u010di FK Sarajeva jo\u0161 jednom su pokazali koliko vole Bosne i Hercegovinu i da ne zaboravljaju njene heroje. Na sjevernoj tribini stadiona Ko\u0161evo podigli su transparent, kojim su se sjetili Izeta Nani\u0107a, ratnog komandanta i nosioca najva\u017enijeg ratnog priznanja \u201cZlatni ljiljan\u201c. Legendarni komandant 505. vite\u0161ke brigade je poginuo 5. augusta 1995. godine, prvog dana operacije [&hellip;]\" \/>\n<meta property=\"og:url\" content=\"https:\/\/sandzakpress.net\/arhiva\/navijaci-sarajeva-odali-pocast-heroju-izetu-nanicu\/\" \/>\n<meta property=\"og:site_name\" content=\"Sand\u017eak PRESS\" \/>\n<meta property=\"article:published_time\" content=\"2017-08-07T12:07:14+00:00\" \/>\n<meta property=\"og:image\" content=\"https:\/\/sandzakpress.net\/arhiva\/wp-content\/uploads\/2017\/08\/20626674_700085826868610_62874206120629881_o-e1502096380977-1.jpg\" \/>\n\t<meta property=\"og:image:width\" content=\"1000\" \/>\n\t<meta property=\"og:image:height\" content=\"534\" \/>\n\t<meta property=\"og:image:type\" content=\"image\/jpeg\" \/>\n<meta name=\"author\" content=\"bosniak\" \/>\n<meta name=\"twitter:card\" content=\"summary_large_image\" \/>\n<meta name=\"twitter:label1\" content=\"Written by\" \/>\n\t<meta name=\"twitter:data1\" content=\"bosniak\" \/>\n\t<meta name=\"twitter:label2\" content=\"Est. reading time\" \/>\n\t<meta name=\"twitter:data2\" content=\"1 minuta\" \/>\n<script type=\"application\/ld+json\" class=\"yoast-schema-graph\">{\"@context\":\"https:\/\/schema.org\",\"@graph\":[{\"@type\":\"Article\",\"@id\":\"https:\/\/sandzakpress.net\/arhiva\/navijaci-sarajeva-odali-pocast-heroju-izetu-nanicu\/#article\",\"isPartOf\":{\"@id\":\"https:\/\/sandzakpress.net\/arhiva\/navijaci-sarajeva-odali-pocast-heroju-izetu-nanicu\/\"},\"author\":{\"name\":\"bosniak\",\"@id\":\"https:\/\/sandzakpress.net\/arhiva\/#\/schema\/person\/c8baee722073534b583ea7bdb2e36c02\"},\"headline\":\"Navija\u010di Sarajeva odali po\u010dast heroju Izetu Nani\u0107u\",\"datePublished\":\"2017-08-07T12:07:14+00:00\",\"mainEntityOfPage\":{\"@id\":\"https:\/\/sandzakpress.net\/arhiva\/navijaci-sarajeva-odali-pocast-heroju-izetu-nanicu\/\"},\"wordCount\":205,\"commentCount\":1,\"publisher\":{\"@id\":\"https:\/\/sandzakpress.net\/arhiva\/#\/schema\/person\/6e72b67d6e51910a1117b3b483ba20bd\"},\"image\":{\"@id\":\"https:\/\/sandzakpress.net\/arhiva\/navijaci-sarajeva-odali-pocast-heroju-izetu-nanicu\/#primaryimage\"},\"thumbnailUrl\":\"https:\/\/sandzakpress.net\/arhiva\/wp-content\/uploads\/2017\/08\/20626674_700085826868610_62874206120629881_o-e1502096380977-1.jpg\",\"keywords\":[\"Bosna i Hercegovina\"],\"articleSection\":[\"Bosna PRESS\"],\"inLanguage\":\"bs-BA\",\"potentialAction\":[{\"@type\":\"CommentAction\",\"name\":\"Comment\",\"target\":[\"https:\/\/sandzakpress.net\/arhiva\/navijaci-sarajeva-odali-pocast-heroju-izetu-nanicu\/#respond\"]}]},{\"@type\":\"WebPage\",\"@id\":\"https:\/\/sandzakpress.net\/arhiva\/navijaci-sarajeva-odali-pocast-heroju-izetu-nanicu\/\",\"url\":\"https:\/\/sandzakpress.net\/arhiva\/navijaci-sarajeva-odali-pocast-heroju-izetu-nanicu\/\",\"name\":\"Navija\u010di Sarajeva odali po\u010dast heroju Izetu Nani\u0107u\",\"isPartOf\":{\"@id\":\"https:\/\/sandzakpress.net\/arhiva\/#website\"},\"primaryImageOfPage\":{\"@id\":\"https:\/\/sandzakpress.net\/arhiva\/navijaci-sarajeva-odali-pocast-heroju-izetu-nanicu\/#primaryimage\"},\"image\":{\"@id\":\"https:\/\/sandzakpress.net\/arhiva\/navijaci-sarajeva-odali-pocast-heroju-izetu-nanicu\/#primaryimage\"},\"thumbnailUrl\":\"https:\/\/sandzakpress.net\/arhiva\/wp-content\/uploads\/2017\/08\/20626674_700085826868610_62874206120629881_o-e1502096380977-1.jpg\",\"datePublished\":\"2017-08-07T12:07:14+00:00\",\"breadcrumb\":{\"@id\":\"https:\/\/sandzakpress.net\/arhiva\/navijaci-sarajeva-odali-pocast-heroju-izetu-nanicu\/#breadcrumb\"},\"inLanguage\":\"bs-BA\",\"potentialAction\":[{\"@type\":\"ReadAction\",\"target\":[\"https:\/\/sandzakpress.net\/arhiva\/navijaci-sarajeva-odali-pocast-heroju-izetu-nanicu\/\"]}]},{\"@type\":\"ImageObject\",\"inLanguage\":\"bs-BA\",\"@id\":\"https:\/\/sandzakpress.net\/arhiva\/navijaci-sarajeva-odali-pocast-heroju-izetu-nanicu\/#primaryimage\",\"url\":\"https:\/\/sandzakpress.net\/arhiva\/wp-content\/uploads\/2017\/08\/20626674_700085826868610_62874206120629881_o-e1502096380977-1.jpg\",\"contentUrl\":\"https:\/\/sandzakpress.net\/arhiva\/wp-content\/uploads\/2017\/08\/20626674_700085826868610_62874206120629881_o-e1502096380977-1.jpg\",\"width\":1000,\"height\":534},{\"@type\":\"BreadcrumbList\",\"@id\":\"https:\/\/sandzakpress.net\/arhiva\/navijaci-sarajeva-odali-pocast-heroju-izetu-nanicu\/#breadcrumb\",\"itemListElement\":[{\"@type\":\"ListItem\",\"position\":1,\"name\":\"Home\",\"item\":\"https:\/\/sandzakpress.net\/arhiva\/\"},{\"@type\":\"ListItem\",\"position\":2,\"name\":\"Navija\u010di Sarajeva odali po\u010dast heroju Izetu Nani\u0107u\"}]},{\"@type\":\"WebSite\",\"@id\":\"https:\/\/sandzakpress.net\/arhiva\/#website\",\"url\":\"https:\/\/sandzakpress.net\/arhiva\/\",\"name\":\"Sand\u017eak PRESS\",\"description\":\"Prve elektronske novine u Sand\u017eaku\",\"publisher\":{\"@id\":\"https:\/\/sandzakpress.net\/arhiva\/#\/schema\/person\/6e72b67d6e51910a1117b3b483ba20bd\"},\"potentialAction\":[{\"@type\":\"SearchAction\",\"target\":{\"@type\":\"EntryPoint\",\"urlTemplate\":\"https:\/\/sandzakpress.net\/arhiva\/?s={search_term_string}\"},\"query-input\":{\"@type\":\"PropertyValueSpecification\",\"valueRequired\":true,\"valueName\":\"search_term_string\"}}],\"inLanguage\":\"bs-BA\"},{\"@type\":[\"Person\",\"Organization\"],\"@id\":\"https:\/\/sandzakpress.net\/arhiva\/#\/schema\/person\/6e72b67d6e51910a1117b3b483ba20bd\",\"name\":\"Kul\",\"image\":{\"@type\":\"ImageObject\",\"inLanguage\":\"bs-BA\",\"@id\":\"https:\/\/sandzakpress.net\/arhiva\/#\/schema\/person\/image\/\",\"url\":\"https:\/\/secure.gravatar.com\/avatar\/42263f39aa27ac04c43cab85c280eb2e?s=96&d=mm&r=pg\",\"contentUrl\":\"https:\/\/secure.gravatar.com\/avatar\/42263f39aa27ac04c43cab85c280eb2e?s=96&d=mm&r=pg\",\"caption\":\"Kul\"},\"logo\":{\"@id\":\"https:\/\/sandzakpress.net\/arhiva\/#\/schema\/person\/image\/\"}},{\"@type\":\"Person\",\"@id\":\"https:\/\/sandzakpress.net\/arhiva\/#\/schema\/person\/c8baee722073534b583ea7bdb2e36c02\",\"name\":\"bosniak\",\"image\":{\"@type\":\"ImageObject\",\"inLanguage\":\"bs-BA\",\"@id\":\"https:\/\/sandzakpress.net\/arhiva\/#\/schema\/person\/image\/\",\"url\":\"https:\/\/secure.gravatar.com\/avatar\/a04fd330bfe3a36a72a0ad4a6d89fca7?s=96&d=mm&r=pg\",\"contentUrl\":\"https:\/\/secure.gravatar.com\/avatar\/a04fd330bfe3a36a72a0ad4a6d89fca7?s=96&d=mm&r=pg\",\"caption\":\"bosniak\"},\"url\":\"https:\/\/sandzakpress.net\/arhiva\/author\/bosniak\/\"}]}<\/script>\n<!-- \/ Yoast SEO Premium plugin. -->","yoast_head_json":{"title":"Navija\u010di Sarajeva odali po\u010dast heroju Izetu Nani\u0107u","robots":{"index":"index","follow":"follow","max-snippet":"max-snippet:-1","max-image-preview":"max-image-preview:large","max-video-preview":"max-video-preview:-1"},"canonical":"https:\/\/sandzakpress.net\/arhiva\/navijaci-sarajeva-odali-pocast-heroju-izetu-nanicu\/","og_locale":"bs_BA","og_type":"article","og_title":"Navija\u010di Sarajeva odali po\u010dast heroju Izetu Nani\u0107u","og_description":"Navija\u010di FK Sarajeva jo\u0161 jednom su pokazali koliko vole Bosne i Hercegovinu i da ne zaboravljaju njene heroje. Na sjevernoj tribini stadiona Ko\u0161evo podigli su transparent, kojim su se sjetili Izeta Nani\u0107a, ratnog komandanta i nosioca najva\u017enijeg ratnog priznanja \u201cZlatni ljiljan\u201c. Legendarni komandant 505. vite\u0161ke brigade je poginuo 5. augusta 1995. godine, prvog dana operacije [&hellip;]","og_url":"https:\/\/sandzakpress.net\/arhiva\/navijaci-sarajeva-odali-pocast-heroju-izetu-nanicu\/","og_site_name":"Sand\u017eak PRESS","article_published_time":"2017-08-07T12:07:14+00:00","og_image":[{"width":1000,"height":534,"url":"https:\/\/sandzakpress.net\/arhiva\/wp-content\/uploads\/2017\/08\/20626674_700085826868610_62874206120629881_o-e1502096380977-1.jpg","type":"image\/jpeg"}],"author":"bosniak","twitter_card":"summary_large_image","twitter_misc":{"Written by":"bosniak","Est. reading time":"1 minuta"},"schema":{"@context":"https:\/\/schema.org","@graph":[{"@type":"Article","@id":"https:\/\/sandzakpress.net\/arhiva\/navijaci-sarajeva-odali-pocast-heroju-izetu-nanicu\/#article","isPartOf":{"@id":"https:\/\/sandzakpress.net\/arhiva\/navijaci-sarajeva-odali-pocast-heroju-izetu-nanicu\/"},"author":{"name":"bosniak","@id":"https:\/\/sandzakpress.net\/arhiva\/#\/schema\/person\/c8baee722073534b583ea7bdb2e36c02"},"headline":"Navija\u010di Sarajeva odali po\u010dast heroju Izetu Nani\u0107u","datePublished":"2017-08-07T12:07:14+00:00","mainEntityOfPage":{"@id":"https:\/\/sandzakpress.net\/arhiva\/navijaci-sarajeva-odali-pocast-heroju-izetu-nanicu\/"},"wordCount":205,"commentCount":1,"publisher":{"@id":"https:\/\/sandzakpress.net\/arhiva\/#\/schema\/person\/6e72b67d6e51910a1117b3b483ba20bd"},"image":{"@id":"https:\/\/sandzakpress.net\/arhiva\/navijaci-sarajeva-odali-pocast-heroju-izetu-nanicu\/#primaryimage"},"thumbnailUrl":"https:\/\/sandzakpress.net\/arhiva\/wp-content\/uploads\/2017\/08\/20626674_700085826868610_62874206120629881_o-e1502096380977-1.jpg","keywords":["Bosna i Hercegovina"],"articleSection":["Bosna PRESS"],"inLanguage":"bs-BA","potentialAction":[{"@type":"CommentAction","name":"Comment","target":["https:\/\/sandzakpress.net\/arhiva\/navijaci-sarajeva-odali-pocast-heroju-izetu-nanicu\/#respond"]}]},{"@type":"WebPage","@id":"https:\/\/sandzakpress.net\/arhiva\/navijaci-sarajeva-odali-pocast-heroju-izetu-nanicu\/","url":"https:\/\/sandzakpress.net\/arhiva\/navijaci-sarajeva-odali-pocast-heroju-izetu-nanicu\/","name":"Navija\u010di Sarajeva odali po\u010dast heroju Izetu Nani\u0107u","isPartOf":{"@id":"https:\/\/sandzakpress.net\/arhiva\/#website"},"primaryImageOfPage":{"@id":"https:\/\/sandzakpress.net\/arhiva\/navijaci-sarajeva-odali-pocast-heroju-izetu-nanicu\/#primaryimage"},"image":{"@id":"https:\/\/sandzakpress.net\/arhiva\/navijaci-sarajeva-odali-pocast-heroju-izetu-nanicu\/#primaryimage"},"thumbnailUrl":"https:\/\/sandzakpress.net\/arhiva\/wp-content\/uploads\/2017\/08\/20626674_700085826868610_62874206120629881_o-e1502096380977-1.jpg","datePublished":"2017-08-07T12:07:14+00:00","breadcrumb":{"@id":"https:\/\/sandzakpress.net\/arhiva\/navijaci-sarajeva-odali-pocast-heroju-izetu-nanicu\/#breadcrumb"},"inLanguage":"bs-BA","potentialAction":[{"@type":"ReadAction","target":["https:\/\/sandzakpress.net\/arhiva\/navijaci-sarajeva-odali-pocast-heroju-izetu-nanicu\/"]}]},{"@type":"ImageObject","inLanguage":"bs-BA","@id":"https:\/\/sandzakpress.net\/arhiva\/navijaci-sarajeva-odali-pocast-heroju-izetu-nanicu\/#primaryimage","url":"https:\/\/sandzakpress.net\/arhiva\/wp-content\/uploads\/2017\/08\/20626674_700085826868610_62874206120629881_o-e1502096380977-1.jpg","contentUrl":"https:\/\/sandzakpress.net\/arhiva\/wp-content\/uploads\/2017\/08\/20626674_700085826868610_62874206120629881_o-e1502096380977-1.jpg","width":1000,"height":534},{"@type":"BreadcrumbList","@id":"https:\/\/sandzakpress.net\/arhiva\/navijaci-sarajeva-odali-pocast-heroju-izetu-nanicu\/#breadcrumb","itemListElement":[{"@type":"ListItem","position":1,"name":"Home","item":"https:\/\/sandzakpress.net\/arhiva\/"},{"@type":"ListItem","position":2,"name":"Navija\u010di Sarajeva odali po\u010dast heroju Izetu Nani\u0107u"}]},{"@type":"WebSite","@id":"https:\/\/sandzakpress.net\/arhiva\/#website","url":"https:\/\/sandzakpress.net\/arhiva\/","name":"Sand\u017eak PRESS","description":"Prve elektronske novine u Sand\u017eaku","publisher":{"@id":"https:\/\/sandzakpress.net\/arhiva\/#\/schema\/person\/6e72b67d6e51910a1117b3b483ba20bd"},"potentialAction":[{"@type":"SearchAction","target":{"@type":"EntryPoint","urlTemplate":"https:\/\/sandzakpress.net\/arhiva\/?s={search_term_string}"},"query-input":{"@type":"PropertyValueSpecification","valueRequired":true,"valueName":"search_term_string"}}],"inLanguage":"bs-BA"},{"@type":["Person","Organization"],"@id":"https:\/\/sandzakpress.net\/arhiva\/#\/schema\/person\/6e72b67d6e51910a1117b3b483ba20bd","name":"Kul","image":{"@type":"ImageObject","inLanguage":"bs-BA","@id":"https:\/\/sandzakpress.net\/arhiva\/#\/schema\/person\/image\/","url":"https:\/\/secure.gravatar.com\/avatar\/42263f39aa27ac04c43cab85c280eb2e?s=96&d=mm&r=pg","contentUrl":"https:\/\/secure.gravatar.com\/avatar\/42263f39aa27ac04c43cab85c280eb2e?s=96&d=mm&r=pg","caption":"Kul"},"logo":{"@id":"https:\/\/sandzakpress.net\/arhiva\/#\/schema\/person\/image\/"}},{"@type":"Person","@id":"https:\/\/sandzakpress.net\/arhiva\/#\/schema\/person\/c8baee722073534b583ea7bdb2e36c02","name":"bosniak","image":{"@type":"ImageObject","inLanguage":"bs-BA","@id":"https:\/\/sandzakpress.net\/arhiva\/#\/schema\/person\/image\/","url":"https:\/\/secure.gravatar.com\/avatar\/a04fd330bfe3a36a72a0ad4a6d89fca7?s=96&d=mm&r=pg","contentUrl":"https:\/\/secure.gravatar.com\/avatar\/a04fd330bfe3a36a72a0ad4a6d89fca7?s=96&d=mm&r=pg","caption":"bosniak"},"url":"https:\/\/sandzakpress.net\/arhiva\/author\/bosniak\/"}]}},"_links":{"self":[{"href":"https:\/\/sandzakpress.net\/arhiva\/wp-json\/wp\/v2\/posts\/192566"}],"collection":[{"href":"https:\/\/sandzakpress.net\/arhiva\/wp-json\/wp\/v2\/posts"}],"about":[{"href":"https:\/\/sandzakpress.net\/arhiva\/wp-json\/wp\/v2\/types\/post"}],"author":[{"embeddable":true,"href":"https:\/\/sandzakpress.net\/arhiva\/wp-json\/wp\/v2\/users\/83"}],"replies":[{"embeddable":true,"href":"https:\/\/sandzakpress.net\/arhiva\/wp-json\/wp\/v2\/comments?post=192566"}],"version-history":[{"count":0,"href":"https:\/\/sandzakpress.net\/arhiva\/wp-json\/wp\/v2\/posts\/192566\/revisions"}],"wp:featuredmedia":[{"embeddable":true,"href":"https:\/\/sandzakpress.net\/arhiva\/wp-json\/wp\/v2\/media\/192568"}],"wp:attachment":[{"href":"https:\/\/sandzakpress.net\/arhiva\/wp-json\/wp\/v2\/media?parent=192566"}],"wp:term":[{"taxonomy":"category","embeddable":true,"href":"https:\/\/sandzakpress.net\/arhiva\/wp-json\/wp\/v2\/categories?post=192566"},{"taxonomy":"post_tag","embeddable":true,"href":"https:\/\/sandzakpress.net\/arhiva\/wp-json\/wp\/v2\/tags?post=192566"}],"curies":[{"name":"wp","href":"https:\/\/api.w.org\/{rel}","templated":true}]}}