{"id":192329,"date":"2017-08-02T14:00:51","date_gmt":"2017-08-02T12:00:51","guid":{"rendered":"https:\/\/sandzakpress.net\/arhiva\/?p=192329"},"modified":"2017-08-02T13:08:48","modified_gmt":"2017-08-02T11:08:48","slug":"kcerkama-jasaviceve-i-husovica-posao-u-centralnoj-banci-crne-gore","status":"publish","type":"post","link":"https:\/\/sandzakpress.net\/arhiva\/kcerkama-jasaviceve-i-husovica-posao-u-centralnoj-banci-crne-gore\/","title":{"rendered":"K\u0107erkama Jasavi\u0107eve i Husovi\u0107a posao u Centralnoj banci Crne Gore"},"content":{"rendered":"<p><strong><img decoding=\"async\" src=\"http:\/\/www.sandzacke.rs\/wp-content\/uploads\/2017\/08\/jasavic-husovic-696x469.jpg\" \/><\/strong><\/p>\n<p><strong>K\u0107erke vr\u0161ioca du\u017enosti predsjednika Pozitivne Crne Gore Azre Jasavi\u0107 i potpredsjednika Vlade za regionalni razvoj Rafeta Husovi\u0107a zaposlene su kao pripravnice u Centralnoj banci Crne Gore (CBCG).<\/strong><\/p>\n<p>K\u0107erka predsjednika Bo\u0161nja\u010dke stranke, Sanra Daci\u0107, radi u CBCG od aprila, dok je Ilma Jasavi\u0107 anga\u017eovana u junu.<\/p>\n<p>\u201cSanra Daci\u0107 je u Centralnoj banci zaposlena na odre\u0111eno vrijeme, od 3. aprila 2017. godine do 19. decembra 2017. godine, u svojstvu pripravnika\u201d, saop\u0161teno je \u201cVijestima\u201d iz Direkcije Centralne banke za ljudske resurse i odnose sa javno\u0161\u0107u.<\/p>\n<p>Iako je pripravnica u CBCG, Husovi\u0107eva k\u0107erka je od aprila pro\u0161le godine osniva\u010d i ovla\u0161\u0107eni zastupnik firme \u201cSanes\u201d. Prema podacima iz Centralnog registra privrednih subjekata, izvr\u0161ni direktor te firme, koji se bavi hotelskim i drugim smje\u0161tajem u Ulcinju, je Husovi\u0107ev sin Enes.<\/p>\n<p>Iz CBCG, na \u010dijem je \u010delu guverner Radoje \u017dugi\u0107, navode da je k\u0107erka biv\u0161e potpredsjednice Vlade izbornog povjerenja u banci od pro\u0161log mjeseca. Za razliku od \u0107erke Husovi\u0107a, Ilma Jasavi\u0107 je kao pripravnik anga\u017eovana poslije intervjua, a u CBCG sigurno ostaje do kraja marta 2018.<\/p>\n<p>\u201cImenovana je zasnovala radni odnos u CBCG na osnovu javnog konkursa, koji je bio otvoren od 17. do 24. maja 2017. godine i na koji se prijavio jo\u0161 jedan kandidat. Po dobijanju prijava, sproveden je postupak selekcije kandidata, koji je uklju\u010divao test engleskog jezika i informatike, kao i usmeni intervju sa prijavljenim kandidatima. Na osnovu rezultata sprovedenih testova i ocjene stru\u010dne komisije koja je obavila intervju sa dva prijavljena kandidata, Ilma Jasavi\u0107 je, kao kandidat sa boljim ocjenama, predlo\u017eena za izbor za popunu ogla\u0161enog radnog mjesta. Shodno tome, donijeta je Odluka o izboru kandidata, na koju nije izjavljivana \u017ealba\u201d, saop\u0161tili \u00a0su \u201cVijestima\u201d iz Direkcije CBCG.<\/p>\n<p>Jasavi\u0107 i Husovi\u0107 ju\u010de nijesu odgovarali na pozive \u201cVijesti\u201d, kako bi odgovorili da li je njihov politi\u010dki anga\u017eman uticao na zaposlenje djece u CBCG.<\/p>\n<p>Bo\u0161nja\u010dka stranka je od 2012. godine dio vladaju\u0107e koalicije, dok je Pozitivna jedina opoziciona stranka koja je u januaru 2016. glasala za povjerenje Vladi Mila \u0110ukanovi\u0107a.<\/p>\n<p>Nakon toga, \u00a0Jasavi\u0107 je imenovana za potpredsjednicu Vlade, dok je tada\u0161nji lider stranke Darko Pajovi\u0107 imenovan za predsjednika Skup\u0161tine Crne Gore. Jasavi\u0107 je za v.d. predsjednika Pozitivne imenovana pro\u0161le godine, jer je Pajovi\u0107 podnio ostavku nakon \u0161to je stranka izgubila parlamentarni status na izborima u oktobru 2016. godine.<\/p>\n<p>(Sandzacke)<\/p>\n","protected":false},"excerpt":{"rendered":"<p>K\u0107erke vr\u0161ioca du\u017enosti predsjednika Pozitivne Crne Gore Azre Jasavi\u0107 i potpredsjednika Vlade za regionalni razvoj Rafeta Husovi\u0107a zaposlene su kao pripravnice u Centralnoj banci Crne Gore (CBCG). K\u0107erka predsjednika Bo\u0161nja\u010dke stranke, Sanra Daci\u0107, radi u CBCG od aprila, dok je Ilma Jasavi\u0107 anga\u017eovana u junu. \u201cSanra Daci\u0107 je u Centralnoj banci zaposlena na odre\u0111eno vrijeme, [&hellip;]<\/p>\n","protected":false},"author":509,"featured_media":192346,"comment_status":"open","ping_status":"open","sticky":false,"template":"","format":"standard","meta":{"footnotes":""},"categories":[398,1,397,10174,396,10308,395,399,10173],"tags":[],"class_list":{"0":"post-192329","1":"post","2":"type-post","3":"status-publish","4":"format-standard","5":"has-post-thumbnail","7":"category-rozaje","8":"category-politika","9":"category-berane","10":"category-petnjica-vase-vijesti","11":"category-bijelo_polje","12":"category-crna-gora","13":"category-pljevlja_","14":"category-plav_","15":"category-gusinje-vase-vijesti"},"yoast_head":"<!-- This site is optimized with the Yoast SEO Premium plugin v23.1 (Yoast SEO v24.9) - https:\/\/yoast.com\/wordpress\/plugins\/seo\/ -->\n<title>K\u0107erkama Jasavi\u0107eve i Husovi\u0107a posao u Centralnoj banci Crne Gore<\/title>\n<meta name=\"robots\" content=\"index, follow, max-snippet:-1, max-image-preview:large, max-video-preview:-1\" \/>\n<link rel=\"canonical\" href=\"https:\/\/sandzakpress.net\/arhiva\/kcerkama-jasaviceve-i-husovica-posao-u-centralnoj-banci-crne-gore\/\" \/>\n<meta property=\"og:locale\" content=\"bs_BA\" \/>\n<meta property=\"og:type\" content=\"article\" \/>\n<meta property=\"og:title\" content=\"K\u0107erkama Jasavi\u0107eve i Husovi\u0107a posao u Centralnoj banci Crne Gore\" \/>\n<meta property=\"og:description\" content=\"K\u0107erke vr\u0161ioca du\u017enosti predsjednika Pozitivne Crne Gore Azre Jasavi\u0107 i potpredsjednika Vlade za regionalni razvoj Rafeta Husovi\u0107a zaposlene su kao pripravnice u Centralnoj banci Crne Gore (CBCG). K\u0107erka predsjednika Bo\u0161nja\u010dke stranke, Sanra Daci\u0107, radi u CBCG od aprila, dok je Ilma Jasavi\u0107 anga\u017eovana u junu. \u201cSanra Daci\u0107 je u Centralnoj banci zaposlena na odre\u0111eno vrijeme, [&hellip;]\" \/>\n<meta property=\"og:url\" content=\"https:\/\/sandzakpress.net\/arhiva\/kcerkama-jasaviceve-i-husovica-posao-u-centralnoj-banci-crne-gore\/\" \/>\n<meta property=\"og:site_name\" content=\"Sand\u017eak PRESS\" \/>\n<meta property=\"article:published_time\" content=\"2017-08-02T12:00:51+00:00\" \/>\n<meta property=\"og:image\" content=\"https:\/\/sandzakpress.net\/arhiva\/wp-content\/uploads\/2017\/08\/jasavic-husovic-696x469.jpg\" \/>\n\t<meta property=\"og:image:width\" content=\"696\" \/>\n\t<meta property=\"og:image:height\" content=\"469\" \/>\n\t<meta property=\"og:image:type\" content=\"image\/jpeg\" \/>\n<meta name=\"author\" content=\"Agencija\" \/>\n<meta name=\"twitter:card\" content=\"summary_large_image\" \/>\n<meta name=\"twitter:label1\" content=\"Written by\" \/>\n\t<meta name=\"twitter:data1\" content=\"Agencija\" \/>\n\t<meta name=\"twitter:label2\" content=\"Est. reading time\" \/>\n\t<meta name=\"twitter:data2\" content=\"2 minute\" \/>\n<script type=\"application\/ld+json\" class=\"yoast-schema-graph\">{\"@context\":\"https:\/\/schema.org\",\"@graph\":[{\"@type\":\"Article\",\"@id\":\"https:\/\/sandzakpress.net\/arhiva\/kcerkama-jasaviceve-i-husovica-posao-u-centralnoj-banci-crne-gore\/#article\",\"isPartOf\":{\"@id\":\"https:\/\/sandzakpress.net\/arhiva\/kcerkama-jasaviceve-i-husovica-posao-u-centralnoj-banci-crne-gore\/\"},\"author\":{\"name\":\"Agencija\",\"@id\":\"https:\/\/sandzakpress.net\/arhiva\/#\/schema\/person\/cb59d7e3ab91ab90dd680ad0305a6185\"},\"headline\":\"K\u0107erkama Jasavi\u0107eve i Husovi\u0107a posao u Centralnoj banci Crne Gore\",\"datePublished\":\"2017-08-02T12:00:51+00:00\",\"mainEntityOfPage\":{\"@id\":\"https:\/\/sandzakpress.net\/arhiva\/kcerkama-jasaviceve-i-husovica-posao-u-centralnoj-banci-crne-gore\/\"},\"wordCount\":414,\"commentCount\":5,\"publisher\":{\"@id\":\"https:\/\/sandzakpress.net\/arhiva\/#\/schema\/person\/6e72b67d6e51910a1117b3b483ba20bd\"},\"image\":{\"@id\":\"https:\/\/sandzakpress.net\/arhiva\/kcerkama-jasaviceve-i-husovica-posao-u-centralnoj-banci-crne-gore\/#primaryimage\"},\"thumbnailUrl\":\"https:\/\/sandzakpress.net\/arhiva\/wp-content\/uploads\/2017\/08\/jasavic-husovic-696x469.jpg\",\"articleSection\":[\"Ro\u017eaje\",\"Politika\",\"Berane\",\"Petnjica\",\"Bijelo Polje\",\"Crna Gora\",\"Pljevlja\",\"Plav\",\"Gusinje\"],\"inLanguage\":\"bs-BA\",\"potentialAction\":[{\"@type\":\"CommentAction\",\"name\":\"Comment\",\"target\":[\"https:\/\/sandzakpress.net\/arhiva\/kcerkama-jasaviceve-i-husovica-posao-u-centralnoj-banci-crne-gore\/#respond\"]}]},{\"@type\":\"WebPage\",\"@id\":\"https:\/\/sandzakpress.net\/arhiva\/kcerkama-jasaviceve-i-husovica-posao-u-centralnoj-banci-crne-gore\/\",\"url\":\"https:\/\/sandzakpress.net\/arhiva\/kcerkama-jasaviceve-i-husovica-posao-u-centralnoj-banci-crne-gore\/\",\"name\":\"K\u0107erkama Jasavi\u0107eve i Husovi\u0107a posao u Centralnoj banci Crne Gore\",\"isPartOf\":{\"@id\":\"https:\/\/sandzakpress.net\/arhiva\/#website\"},\"primaryImageOfPage\":{\"@id\":\"https:\/\/sandzakpress.net\/arhiva\/kcerkama-jasaviceve-i-husovica-posao-u-centralnoj-banci-crne-gore\/#primaryimage\"},\"image\":{\"@id\":\"https:\/\/sandzakpress.net\/arhiva\/kcerkama-jasaviceve-i-husovica-posao-u-centralnoj-banci-crne-gore\/#primaryimage\"},\"thumbnailUrl\":\"https:\/\/sandzakpress.net\/arhiva\/wp-content\/uploads\/2017\/08\/jasavic-husovic-696x469.jpg\",\"datePublished\":\"2017-08-02T12:00:51+00:00\",\"breadcrumb\":{\"@id\":\"https:\/\/sandzakpress.net\/arhiva\/kcerkama-jasaviceve-i-husovica-posao-u-centralnoj-banci-crne-gore\/#breadcrumb\"},\"inLanguage\":\"bs-BA\",\"potentialAction\":[{\"@type\":\"ReadAction\",\"target\":[\"https:\/\/sandzakpress.net\/arhiva\/kcerkama-jasaviceve-i-husovica-posao-u-centralnoj-banci-crne-gore\/\"]}]},{\"@type\":\"ImageObject\",\"inLanguage\":\"bs-BA\",\"@id\":\"https:\/\/sandzakpress.net\/arhiva\/kcerkama-jasaviceve-i-husovica-posao-u-centralnoj-banci-crne-gore\/#primaryimage\",\"url\":\"https:\/\/sandzakpress.net\/arhiva\/wp-content\/uploads\/2017\/08\/jasavic-husovic-696x469.jpg\",\"contentUrl\":\"https:\/\/sandzakpress.net\/arhiva\/wp-content\/uploads\/2017\/08\/jasavic-husovic-696x469.jpg\",\"width\":696,\"height\":469},{\"@type\":\"BreadcrumbList\",\"@id\":\"https:\/\/sandzakpress.net\/arhiva\/kcerkama-jasaviceve-i-husovica-posao-u-centralnoj-banci-crne-gore\/#breadcrumb\",\"itemListElement\":[{\"@type\":\"ListItem\",\"position\":1,\"name\":\"Home\",\"item\":\"https:\/\/sandzakpress.net\/arhiva\/\"},{\"@type\":\"ListItem\",\"position\":2,\"name\":\"K\u0107erkama Jasavi\u0107eve i Husovi\u0107a posao u Centralnoj banci Crne Gore\"}]},{\"@type\":\"WebSite\",\"@id\":\"https:\/\/sandzakpress.net\/arhiva\/#website\",\"url\":\"https:\/\/sandzakpress.net\/arhiva\/\",\"name\":\"Sand\u017eak PRESS\",\"description\":\"Prve elektronske novine u Sand\u017eaku\",\"publisher\":{\"@id\":\"https:\/\/sandzakpress.net\/arhiva\/#\/schema\/person\/6e72b67d6e51910a1117b3b483ba20bd\"},\"potentialAction\":[{\"@type\":\"SearchAction\",\"target\":{\"@type\":\"EntryPoint\",\"urlTemplate\":\"https:\/\/sandzakpress.net\/arhiva\/?s={search_term_string}\"},\"query-input\":{\"@type\":\"PropertyValueSpecification\",\"valueRequired\":true,\"valueName\":\"search_term_string\"}}],\"inLanguage\":\"bs-BA\"},{\"@type\":[\"Person\",\"Organization\"],\"@id\":\"https:\/\/sandzakpress.net\/arhiva\/#\/schema\/person\/6e72b67d6e51910a1117b3b483ba20bd\",\"name\":\"Kul\",\"image\":{\"@type\":\"ImageObject\",\"inLanguage\":\"bs-BA\",\"@id\":\"https:\/\/sandzakpress.net\/arhiva\/#\/schema\/person\/image\/\",\"url\":\"https:\/\/secure.gravatar.com\/avatar\/42263f39aa27ac04c43cab85c280eb2e?s=96&d=mm&r=pg\",\"contentUrl\":\"https:\/\/secure.gravatar.com\/avatar\/42263f39aa27ac04c43cab85c280eb2e?s=96&d=mm&r=pg\",\"caption\":\"Kul\"},\"logo\":{\"@id\":\"https:\/\/sandzakpress.net\/arhiva\/#\/schema\/person\/image\/\"}},{\"@type\":\"Person\",\"@id\":\"https:\/\/sandzakpress.net\/arhiva\/#\/schema\/person\/cb59d7e3ab91ab90dd680ad0305a6185\",\"name\":\"Agencija\",\"image\":{\"@type\":\"ImageObject\",\"inLanguage\":\"bs-BA\",\"@id\":\"https:\/\/sandzakpress.net\/arhiva\/#\/schema\/person\/image\/\",\"url\":\"https:\/\/secure.gravatar.com\/avatar\/4b7fafa80a22f0c2afe23966b3961fe0?s=96&d=mm&r=pg\",\"contentUrl\":\"https:\/\/secure.gravatar.com\/avatar\/4b7fafa80a22f0c2afe23966b3961fe0?s=96&d=mm&r=pg\",\"caption\":\"Agencija\"},\"url\":\"https:\/\/sandzakpress.net\/arhiva\/author\/agencija\/\"}]}<\/script>\n<!-- \/ Yoast SEO Premium plugin. -->","yoast_head_json":{"title":"K\u0107erkama Jasavi\u0107eve i Husovi\u0107a posao u Centralnoj banci Crne Gore","robots":{"index":"index","follow":"follow","max-snippet":"max-snippet:-1","max-image-preview":"max-image-preview:large","max-video-preview":"max-video-preview:-1"},"canonical":"https:\/\/sandzakpress.net\/arhiva\/kcerkama-jasaviceve-i-husovica-posao-u-centralnoj-banci-crne-gore\/","og_locale":"bs_BA","og_type":"article","og_title":"K\u0107erkama Jasavi\u0107eve i Husovi\u0107a posao u Centralnoj banci Crne Gore","og_description":"K\u0107erke vr\u0161ioca du\u017enosti predsjednika Pozitivne Crne Gore Azre Jasavi\u0107 i potpredsjednika Vlade za regionalni razvoj Rafeta Husovi\u0107a zaposlene su kao pripravnice u Centralnoj banci Crne Gore (CBCG). K\u0107erka predsjednika Bo\u0161nja\u010dke stranke, Sanra Daci\u0107, radi u CBCG od aprila, dok je Ilma Jasavi\u0107 anga\u017eovana u junu. \u201cSanra Daci\u0107 je u Centralnoj banci zaposlena na odre\u0111eno vrijeme, [&hellip;]","og_url":"https:\/\/sandzakpress.net\/arhiva\/kcerkama-jasaviceve-i-husovica-posao-u-centralnoj-banci-crne-gore\/","og_site_name":"Sand\u017eak PRESS","article_published_time":"2017-08-02T12:00:51+00:00","og_image":[{"width":696,"height":469,"url":"https:\/\/sandzakpress.net\/arhiva\/wp-content\/uploads\/2017\/08\/jasavic-husovic-696x469.jpg","type":"image\/jpeg"}],"author":"Agencija","twitter_card":"summary_large_image","twitter_misc":{"Written by":"Agencija","Est. reading time":"2 minute"},"schema":{"@context":"https:\/\/schema.org","@graph":[{"@type":"Article","@id":"https:\/\/sandzakpress.net\/arhiva\/kcerkama-jasaviceve-i-husovica-posao-u-centralnoj-banci-crne-gore\/#article","isPartOf":{"@id":"https:\/\/sandzakpress.net\/arhiva\/kcerkama-jasaviceve-i-husovica-posao-u-centralnoj-banci-crne-gore\/"},"author":{"name":"Agencija","@id":"https:\/\/sandzakpress.net\/arhiva\/#\/schema\/person\/cb59d7e3ab91ab90dd680ad0305a6185"},"headline":"K\u0107erkama Jasavi\u0107eve i Husovi\u0107a posao u Centralnoj banci Crne Gore","datePublished":"2017-08-02T12:00:51+00:00","mainEntityOfPage":{"@id":"https:\/\/sandzakpress.net\/arhiva\/kcerkama-jasaviceve-i-husovica-posao-u-centralnoj-banci-crne-gore\/"},"wordCount":414,"commentCount":5,"publisher":{"@id":"https:\/\/sandzakpress.net\/arhiva\/#\/schema\/person\/6e72b67d6e51910a1117b3b483ba20bd"},"image":{"@id":"https:\/\/sandzakpress.net\/arhiva\/kcerkama-jasaviceve-i-husovica-posao-u-centralnoj-banci-crne-gore\/#primaryimage"},"thumbnailUrl":"https:\/\/sandzakpress.net\/arhiva\/wp-content\/uploads\/2017\/08\/jasavic-husovic-696x469.jpg","articleSection":["Ro\u017eaje","Politika","Berane","Petnjica","Bijelo Polje","Crna Gora","Pljevlja","Plav","Gusinje"],"inLanguage":"bs-BA","potentialAction":[{"@type":"CommentAction","name":"Comment","target":["https:\/\/sandzakpress.net\/arhiva\/kcerkama-jasaviceve-i-husovica-posao-u-centralnoj-banci-crne-gore\/#respond"]}]},{"@type":"WebPage","@id":"https:\/\/sandzakpress.net\/arhiva\/kcerkama-jasaviceve-i-husovica-posao-u-centralnoj-banci-crne-gore\/","url":"https:\/\/sandzakpress.net\/arhiva\/kcerkama-jasaviceve-i-husovica-posao-u-centralnoj-banci-crne-gore\/","name":"K\u0107erkama Jasavi\u0107eve i Husovi\u0107a posao u Centralnoj banci Crne Gore","isPartOf":{"@id":"https:\/\/sandzakpress.net\/arhiva\/#website"},"primaryImageOfPage":{"@id":"https:\/\/sandzakpress.net\/arhiva\/kcerkama-jasaviceve-i-husovica-posao-u-centralnoj-banci-crne-gore\/#primaryimage"},"image":{"@id":"https:\/\/sandzakpress.net\/arhiva\/kcerkama-jasaviceve-i-husovica-posao-u-centralnoj-banci-crne-gore\/#primaryimage"},"thumbnailUrl":"https:\/\/sandzakpress.net\/arhiva\/wp-content\/uploads\/2017\/08\/jasavic-husovic-696x469.jpg","datePublished":"2017-08-02T12:00:51+00:00","breadcrumb":{"@id":"https:\/\/sandzakpress.net\/arhiva\/kcerkama-jasaviceve-i-husovica-posao-u-centralnoj-banci-crne-gore\/#breadcrumb"},"inLanguage":"bs-BA","potentialAction":[{"@type":"ReadAction","target":["https:\/\/sandzakpress.net\/arhiva\/kcerkama-jasaviceve-i-husovica-posao-u-centralnoj-banci-crne-gore\/"]}]},{"@type":"ImageObject","inLanguage":"bs-BA","@id":"https:\/\/sandzakpress.net\/arhiva\/kcerkama-jasaviceve-i-husovica-posao-u-centralnoj-banci-crne-gore\/#primaryimage","url":"https:\/\/sandzakpress.net\/arhiva\/wp-content\/uploads\/2017\/08\/jasavic-husovic-696x469.jpg","contentUrl":"https:\/\/sandzakpress.net\/arhiva\/wp-content\/uploads\/2017\/08\/jasavic-husovic-696x469.jpg","width":696,"height":469},{"@type":"BreadcrumbList","@id":"https:\/\/sandzakpress.net\/arhiva\/kcerkama-jasaviceve-i-husovica-posao-u-centralnoj-banci-crne-gore\/#breadcrumb","itemListElement":[{"@type":"ListItem","position":1,"name":"Home","item":"https:\/\/sandzakpress.net\/arhiva\/"},{"@type":"ListItem","position":2,"name":"K\u0107erkama Jasavi\u0107eve i Husovi\u0107a posao u Centralnoj banci Crne Gore"}]},{"@type":"WebSite","@id":"https:\/\/sandzakpress.net\/arhiva\/#website","url":"https:\/\/sandzakpress.net\/arhiva\/","name":"Sand\u017eak PRESS","description":"Prve elektronske novine u Sand\u017eaku","publisher":{"@id":"https:\/\/sandzakpress.net\/arhiva\/#\/schema\/person\/6e72b67d6e51910a1117b3b483ba20bd"},"potentialAction":[{"@type":"SearchAction","target":{"@type":"EntryPoint","urlTemplate":"https:\/\/sandzakpress.net\/arhiva\/?s={search_term_string}"},"query-input":{"@type":"PropertyValueSpecification","valueRequired":true,"valueName":"search_term_string"}}],"inLanguage":"bs-BA"},{"@type":["Person","Organization"],"@id":"https:\/\/sandzakpress.net\/arhiva\/#\/schema\/person\/6e72b67d6e51910a1117b3b483ba20bd","name":"Kul","image":{"@type":"ImageObject","inLanguage":"bs-BA","@id":"https:\/\/sandzakpress.net\/arhiva\/#\/schema\/person\/image\/","url":"https:\/\/secure.gravatar.com\/avatar\/42263f39aa27ac04c43cab85c280eb2e?s=96&d=mm&r=pg","contentUrl":"https:\/\/secure.gravatar.com\/avatar\/42263f39aa27ac04c43cab85c280eb2e?s=96&d=mm&r=pg","caption":"Kul"},"logo":{"@id":"https:\/\/sandzakpress.net\/arhiva\/#\/schema\/person\/image\/"}},{"@type":"Person","@id":"https:\/\/sandzakpress.net\/arhiva\/#\/schema\/person\/cb59d7e3ab91ab90dd680ad0305a6185","name":"Agencija","image":{"@type":"ImageObject","inLanguage":"bs-BA","@id":"https:\/\/sandzakpress.net\/arhiva\/#\/schema\/person\/image\/","url":"https:\/\/secure.gravatar.com\/avatar\/4b7fafa80a22f0c2afe23966b3961fe0?s=96&d=mm&r=pg","contentUrl":"https:\/\/secure.gravatar.com\/avatar\/4b7fafa80a22f0c2afe23966b3961fe0?s=96&d=mm&r=pg","caption":"Agencija"},"url":"https:\/\/sandzakpress.net\/arhiva\/author\/agencija\/"}]}},"_links":{"self":[{"href":"https:\/\/sandzakpress.net\/arhiva\/wp-json\/wp\/v2\/posts\/192329"}],"collection":[{"href":"https:\/\/sandzakpress.net\/arhiva\/wp-json\/wp\/v2\/posts"}],"about":[{"href":"https:\/\/sandzakpress.net\/arhiva\/wp-json\/wp\/v2\/types\/post"}],"author":[{"embeddable":true,"href":"https:\/\/sandzakpress.net\/arhiva\/wp-json\/wp\/v2\/users\/509"}],"replies":[{"embeddable":true,"href":"https:\/\/sandzakpress.net\/arhiva\/wp-json\/wp\/v2\/comments?post=192329"}],"version-history":[{"count":0,"href":"https:\/\/sandzakpress.net\/arhiva\/wp-json\/wp\/v2\/posts\/192329\/revisions"}],"wp:featuredmedia":[{"embeddable":true,"href":"https:\/\/sandzakpress.net\/arhiva\/wp-json\/wp\/v2\/media\/192346"}],"wp:attachment":[{"href":"https:\/\/sandzakpress.net\/arhiva\/wp-json\/wp\/v2\/media?parent=192329"}],"wp:term":[{"taxonomy":"category","embeddable":true,"href":"https:\/\/sandzakpress.net\/arhiva\/wp-json\/wp\/v2\/categories?post=192329"},{"taxonomy":"post_tag","embeddable":true,"href":"https:\/\/sandzakpress.net\/arhiva\/wp-json\/wp\/v2\/tags?post=192329"}],"curies":[{"name":"wp","href":"https:\/\/api.w.org\/{rel}","templated":true}]}}