{"id":19232,"date":"2011-09-02T19:42:25","date_gmt":"2011-09-02T17:42:25","guid":{"rendered":"https:\/\/sandzakpress.net\/arhiva\/?p=19232"},"modified":"2011-09-02T19:42:25","modified_gmt":"2011-09-02T17:42:25","slug":"bosnjaci-nisu-jez-u-stomaku-crne-gore","status":"publish","type":"post","link":"https:\/\/sandzakpress.net\/arhiva\/bosnjaci-nisu-jez-u-stomaku-crne-gore\/","title":{"rendered":"Bo\u0161njaci nisu je\u017e u stomaku Crne Gore"},"content":{"rendered":"<p><strong><\/p>\n<figure id=\"attachment_19233\" aria-describedby=\"caption-attachment-19233\" style=\"width: 300px\" class=\"wp-caption alignleft\"><a href=\"https:\/\/sandzakpress.net\/arhiva\/wp-content\/uploads\/2011\/09\/serbo-rastoder01.jpg\"><img loading=\"lazy\" decoding=\"async\" class=\"size-medium wp-image-19233\" title=\"serbo-rastoder01\" src=\"https:\/\/sandzakpress.net\/arhiva\/wp-content\/uploads\/2011\/09\/serbo-rastoder01-300x193.jpg\" alt=\"\" width=\"300\" height=\"193\" \/><\/a><figcaption id=\"caption-attachment-19233\" class=\"wp-caption-text\">Akademik \u0160erbo Rastoder, predsjednik BNV CG<\/figcaption><\/figure>\n<p>Akademik Dukljanske akademije nauka i umjetnosti i nedavno osnovane Bo\u0161nja\u010dke akademije nauka i umjetnosti, crnogorski istori\u010dar i profesor Univerziteta, dr \u0160erbo Rastoder, ovogodi\u0161nji je dobitnik Trinaestojulske nagrade, najve\u0107eg dr\u017eavnog priznanja Crne Gore. U intervjuu za DANE profesor Rastoder obja\u0161njava zbog \u010dega je Crna Gora jedina dr\u017eava na svijetu u kojoj su muslimani nacija, za\u0161to Njego\u0161 nije i ne mo\u017ee biti genocidni pisac, ko je devedesetih u Crnoj Gori branio manjine i palio svije\u0107e za opkoljenim Sarajevom i za\u0161to beogradske, a za\u0161to sarajevske intelektualce toliko iritira novoosnovana Bo\u0161nja\u010dka akademija nauka i umjetnosti.<\/strong><\/p>\n<p>\u201eBo\u0161nja\u010dka akademija nauka i umjetnosti nije idealna, ali je svakako prva krovna institucija Bo\u0161njaka na ovim prostorima. Njeno osnivanje je, sude\u0107i bar po reakcijama pojedinih srpskih krugova, otvorilo pitanje: ima li bo\u0161nja\u010dki narod ista prava kao i svi ostali\u201c \u2013 ka\u017ee dr \u0160erbo Rastoder. \u201eAli, mene ne iznena\u0111uju negativne reakcije koje dolaze od strane beogradskih intelektualaca \u2013 one su o\u010dekivane; iznena\u0111uju me zluradi komentari koji sti\u017eu iz Bosne i Hercegovine\u201c.<\/p>\n<p><strong>DANI<\/strong><strong>: \u0160<\/strong><strong>ta<\/strong><strong> <\/strong><strong>vas<\/strong><strong> <\/strong><strong>iznena<\/strong><strong>\u0111uje?<\/strong><\/p>\n<p><strong>RASTODER<\/strong>: Da se razumijemo: nemam ni\u0161ta protiv javne polemike, ali moram da priznam da sam iznena\u0111en \u017eestinom kojom su se\u00a0 pojedini bosanski intelektualci, me\u0111u kojima ima i mojih prijatelja, obru\u0161ili na BANU. Vjerujem da su ti napadi, predvo\u0111eni uglavnom onim ljudima koji su mo\u017eda s pravom o\u010dekivali da u\u0111u u Bo\u0161nja\u010dku akademiju, a, eto, sticajem okolnosti, nisu, u su\u0161tini motivisani prije svega unutra\u0161nje-politi\u010dkim prilikama u BiH. Naime, iz svega \u0161to smo \u010duli, ispade da su muftija Zukorli\u0107 i muftija Ceri\u0107 najproblemati\u010dniji dio BANU.<\/p>\n<p><strong>DANI: A nisu?<\/strong><\/p>\n<p><strong>RASTODER<\/strong>: \u010cekajte! Akademici BANU nisu ona vrsta intelektualaca koja bi bila spremna da u\u0111e u neku akademiju kao vjersku instituciju; to je apsurdno! Osim toga, \u010dini mi se da legitimitet akademijama ne daju glasovi dobijeni na izborima, nego objavljena djela. Najzad, Akademiju nije organizovao muftija Zukorli\u0107; kao, o\u010digledno, jedina dva \u010dovjeka sposobna da okupe bo\u0161nja\u010dke intelektualce, muftija Zukorli\u0107 i reis Ceri\u0107 samo su ponudili svoje dobre usluge\u2026<\/p>\n<p><strong>DANI: \u0160ta to zna<\/strong><strong>\u010di?<\/strong><\/p>\n<p><strong>RASTODER<\/strong>: To zna\u010di da smo dobili potrebnu logistiku i u toj \u010dinjenici je, po tom pitanju, sadr\u017ean sav njihov anga\u017eman. Dakle, ostavimo manipulacije! BANU je institucija koju su priznale mnoge evropske akademije; u nju \u0107e, koliko sam obavije\u0161ten, uskoro u\u0107i zna\u010dajni ljudi kao \u0161to su Mersad Berber, Safet Zec\u2026 Jedan od vode\u0107ih ljudi BANU je akademik i Bosanske akademije nauka i umjetnosti, institucije koju, uzgred da ka\u017eem, ne do\u017eivljavamo kao alternativu\u2026<\/p>\n<p><strong>DANI<\/strong><strong>: <\/strong><strong>Kako<\/strong><strong> <\/strong><strong>je<\/strong><strong> <\/strong><strong>do<\/strong><strong>\u017e<\/strong><strong>ivljavate<\/strong><strong>?<\/strong><\/p>\n<p><strong>RASTODER<\/strong>: U osniva\u010dkim aktima se jasno ka\u017ee da BANU nije altenativa Bosanskoj akademiji, ve\u0107 samostalna institucija jednog naroda; to, naravno, ne zna\u010di da je BANU nacionalno usko ograni\u010dena i da njen \u010dlan ne mo\u017ee biti neko ko nije Bo\u0161njak i ko je na bilo koji na\u010din zadu\u017eio bo\u0161nja\u010dku kulturu. Osim toga, za razliku od Bosanske akademije, koja je dr\u017eavna institucija i koja, u pogledu odnosa prema pro\u0161losti, sada\u0161njosti i budu\u0107nosti BiH, predstavlja skup tri potpuno razli\u010dite i me\u0111usobno isklju\u010dive koncepcije, Bo\u0161nja\u010dka akademija nema tu vrstu problema\u2026 Znate, u Bosni je konstituisan model po kome, da biste bili dobar Bosanac, automatski morate biti prigu\u0161eni Bo\u0161njak, Srbin ili Hrvat. Ta prigu\u0161enost je, \u010dini mi se, posledica naslije\u0111ene mimikrije\u2026<\/p>\n<p><strong>DANI: Mo\u017eda i poslednjeg rata\u2026<\/strong><\/p>\n<p><strong> RASTODER<\/strong>: Jeste, ali, sloboda je, po mom mi\u0161ljenju, nepristajanje na kompromis; biti \u010dlan Bosanke akademije zna\u010di da ste neku vrstu kompromisa ipak prihvatili; govorim u tom kontekstu. Oprostite, SANU je nacionalna institucija, HAZU tako\u0111e; Bosanska akademija je navodno institucija sva tri naroda, ali je u njoj sloboda stvarala\u0161tva limitirana i u nju ne ulazite po akademskim mjerilima, nego po nacionalnom klju\u010du. U tom smislu, Bo\u0161nja\u010dka akademija je, po mom mi\u0161ljenju, mnogo vi\u0161e od neke sli\u010dne institucije jednog naroda \u2013 nacionalisti\u010dka.<\/p>\n<p><strong>DANI<\/strong><strong>: <\/strong><strong>Kada<\/strong><strong> <\/strong><strong>se<\/strong><strong> <\/strong><strong>povremeno<\/strong><strong> <\/strong><strong>pozovem<\/strong><strong> <\/strong><strong>na<\/strong><strong> <\/strong><strong>va<\/strong><strong>\u0161<\/strong><strong>u<\/strong><strong> <\/strong><strong>kapitalnu<\/strong><strong> <\/strong><strong>knjigu<\/strong><strong> \u2013 <\/strong><strong>Skrivana<\/strong><strong> <\/strong><strong>strana<\/strong><strong> <\/strong><strong>istorije<\/strong><strong> \u2013 <\/strong><strong>uvijek<\/strong><strong> <\/strong><strong>ka<\/strong><strong>\u017e<\/strong><strong>em<\/strong><strong>: <\/strong><strong>dr<\/strong><strong> \u0160<\/strong><strong>erbo<\/strong><strong>Rastoder<\/strong><strong>, <\/strong><strong>crnogorski<\/strong><strong> <\/strong><strong>istori<\/strong><strong>\u010dar; grije\u0161im li?<\/strong><\/p>\n<p><strong>RASTODER<\/strong>: Ne grije\u0161ite. Po svom djelu, ja sam crnogorski istori\u010dar; po nacionalnom opredjeljenju \u2013 Bo\u0161njak. Slojevitost identiteta do\u017eivljavam kao prednost, iako, zbog te odrednice \u2013\u00a0crnogorski, me\u0111u mojim sunarodnicima \u2013 posebno onima koji glasno klanjaju \u2013 ima onih koji mi zamjeraju to \u0161to se bavim crnogorskom, a ne \u201ena\u0161om\u201c istorijom.<\/p>\n<p><strong>DANI: Zar crnogorska istorija nije i va\u0161a?<\/strong><\/p>\n<p><strong>RASTODER<\/strong>: Jeste, naravno. Ro\u0111en sam i \u017eivim u zemlji \u010dija istorija pripada vama koliko i meni i sva razvrstavanja na \u201eva\u0161u\u201c i \u201ena\u0161u\u201c, posledica su vje\u0161ta\u010dkih podjela koje su do\u0161le naknadno.<\/p>\n<p><strong>DANI<\/strong><strong>: <\/strong><strong>Kao<\/strong><strong> <\/strong><strong>\u010dovjek koji se toliko bavio crnogorskom istorijom, koji je napisao toliko zna\u010dajnih knjiga, koji je, najzad, dobitnik najve\u0107e dr\u017eavne nagrade, kako to da niste \u010dlan Crnogorske akademije nauka i umjestnosti?<\/strong><\/p>\n<p><strong>ARSTODER<\/strong>: Potpuno logi\u010dno! Naime, u CANU, u odjeljenju za istoriju, imate \u010detvoricu akademika koji doslovno nemaju niti jednu knjigu o Crnoj Gori. Ne ka\u017eem da su lo\u0161i istori\u010dari; samo konstatujem da se u CANU se ne ulazi po djelu, nego po kriterijumima koje ne\u0107u i ne mogu da ispunim.<\/p>\n<p><strong>DANI: Koji su to kriterijumi?<\/strong><\/p>\n<p><strong>RASTODER<\/strong>: Bojim se da je za ve\u0107inu akademika CANU karakteristi\u010dan, najbla\u017ee re\u010deno, ambivalentan odnos prema Crnoj Gori; taj odnos je obi\u010dno iskazan guslarskom retorikom, li\u0161enom bilo kakve nau\u010dnosti. \u010cini mi se da je prili\u010dno nemoralno primati platu i biti \u010dlan akademije nauka dr\u017eave koju u su\u0161tini ne priznajete. Uzgred, Crna Gora je za zgradu iste te CANU dala \u010detiri miliona eura, dok za Dukljansku akademiju, \u010diji sam \u010dlan i u \u010dijem odjelu za istoriju sjede ljudi koji imaju vi\u0161e zna\u010dajnih knjiga koje se bave crnogorskom istorijom, nije dala ni\u0161ta.<\/p>\n<p><strong>DANI: Ima li dr\u017eave na svijetu koja finasijaski poma\u017ee institucije \u2013 od CANU do SPC-a &#8211; <\/strong><strong>\u010diji je jedan od osnovnih ciljeva da tu dr\u017eavu sru\u0161e? O \u010demu se radi?<\/strong><\/p>\n<p><strong>RASTODER<\/strong>: To je usud Crne Gore i tu ste u pravu. \u010cesto mislim da Crna Gora, u tom smislu, nema nikakvu strategiju; sve se svodi na dnevnu politiku i poku\u0161aj pravljenja trulih kompromisa\u00a0 po kojima \u0107ete, zarad nekakvih imaginarnih \u201evi\u0161ih\u201c interesa i mira u ku\u0107i, pomagati one institucije i pojedince koji vas u najve\u0107em dijelu negiraju i osporavaju. Ali, tako va\u017ena dr\u017eavna pitanja su posao za dr\u017eavnika, ne za politi\u010dare. Na\u017ealost, u ovom momentu Crna Gora nema dr\u017eavnika.<\/p>\n<p>Veliki problem za Crne Gore je i nacionalni identitet Crnogoraca, kao i \u010dinjenica da je crnogorska ideja socijalno neobnovljiva. Sjetite se kako je zavr\u0161ena vladavina kralja Nikole, kako je 1989, u tzv. antibirokratskoj revoluciji, pala komunisti\u010dka vlast\u2026 Crnogorci imaju obi\u010daj da ne razmi\u0161ljaju \u0161ta \u0107e biti posle njih; vjeruju da su sebi dovoljni, \u017eive u politi\u010dki zatvorenom i autisti\u010dnom sistemu i, kada do\u0111e kriza, nema ko niti da ih brani, niti da ih hrani.<\/p>\n<p><strong>DANI: U pitanju je problem mentaliteta, dru\u0161tva bez institucija, odnosa prema \u201egospodaru\u201c\u2026<\/strong><\/p>\n<p><strong>RASTODER<\/strong>: Svega zajedno. Crnogorci zaista obo\u017eavaju vo\u0111e &#8211;\u00a0 dodu\u0161e, vi\u0161e mrtve nego \u017eive \u2013 koji na najbolji na\u010din sublimira crnogorsku lijenjost. U dru\u0161tvu u kome nema institucija i u kome jedan \u010dovjek misli za sve, tu mi\u0161ljenja nema. Osim, naravno, onoga o sopstvenoj vje\u010dnosti i nezamjenjivosti. U takvoj dosta lijenjoj duhovnoj konstrukciji, u sredi\u0161tu pa\u017enje je uvijek onaj koji razmi\u0161lja; on je centar svijeta.<\/p>\n<p><strong>DANI<\/strong><strong>: <\/strong><strong>Spomenuli<\/strong><strong> <\/strong><strong>ste<\/strong><strong> <\/strong><strong>problem<\/strong><strong> <\/strong><strong>nacionalnog<\/strong><strong> <\/strong><strong>identiteta<\/strong><strong> <\/strong><strong>Crnogoraca<\/strong><strong>; <\/strong><strong>vidjeli<\/strong><strong> <\/strong><strong>ste<\/strong><strong> <\/strong><strong>i<\/strong><strong> <\/strong><strong>rezultate<\/strong><strong> <\/strong><strong>poslednjeg<\/strong><strong>, <\/strong><strong>aprilskog<\/strong><strong>popisa<\/strong><strong> <\/strong><strong>stanovni<\/strong><strong>\u0161<\/strong><strong>tva<\/strong><strong>\u2026<\/strong><\/p>\n<p><strong>RASTODER<\/strong>: Ako govorimo o poslednjem popisu stanovni\u0161tva (Crnogorci \u2013 45%, Srbi \u2013 28,35%, op. T.N.), mislim da je takav rezultat posledica ambijenta u kome je nacionalnost poistovje\u0107ena ili dobrim dijelom identifikovana sa onim \u0161to je politi\u010dka pripadnost. Djeluje paradoksalno, ali, sude\u0107i po dobijenim rezultatima, ispada da, \u0161est godina nakon progla\u0161enja dr\u017eavne nezavisnosti, u Crnoj Gori ja\u010da srpska svijest. To se vrlo jasno mo\u017ee pratiti ako se uporede rezultati popisa stanovni\u0161tva iz 1991. sa ovima danas. Naime, 1991, u vrijeme kada je srpska ideja ovdje bila u strahovitoj ekspanziji i kada su otvarani svi \u010direvi, Srba je bilo 9%; danas je taj broj utrostu\u010den, \u0161to ukazuje na \u010dinjenicu da srpska nacionalna ideja ima mehanizme i sredstva koja su daleko ja\u010da, \u017eilavija i vitalnija od onoga \u0161to bi neko \u017eelio i o\u010dekivao. U ovim analizama ne smijemo smetnuti sa uma da se radi o dva potpuno nacionalno suprotstavljena koncepta i dva dijametralna pogleda na perspektivu Crne Gore. Iskreno, kao pripadnik manjinskog naroda, volio bih da je broj Crnogoraca na aprilskom popisu pre\u0161ao 51%.<\/p>\n<p><strong>DANI: Zbog <\/strong><strong>\u010dega bi to bilo va\u017eno?<\/strong><\/p>\n<p><strong>RASTODER<\/strong>: Najprije, to bi relaksiralo op\u0161tu klimu, pa bi Crna Gora mogla biti definisana kao dr\u017eava svih naroda u kojoj je jedan ipak ve\u0107inski; istovremeno, na taj na\u010din bismo dobili informaciju ko su u Crnoj Gori manjinski narodi. To je u ovom \u010dasu nemogu\u0107e utvrditi, jer rezultati popisa pokazuju da Srbi, sa 28%, uprkos \u010dinjenici da, statisti\u010dki, to jesu, ne mogu biti tretirani kao manjina. Sli\u010dno je sa jezikom\u2026<\/p>\n<p><strong>DANI: Pa, izvinite, dubleti, nasilje nad jezikom, insistiranje na dukljanstvu i Dukljanima\u2026 Crnogorci su, ka\u017eu, u XX vijeku jedva pristali da budu Crnogorci, a vi sada od njih tra\u017eite da budu i Dukljani\u2026 Imate li u svemu tome neko zrno crnogorskog nacionalizma?<\/strong><\/p>\n<p><strong>RASTODER<\/strong>: Istorijski gledano, u odnosu na druge narode, Crnogorci, nemaju izra\u017een nacionalni naboj. Kao \u010dovjek koji je prou\u010davao crnogorsku istoriju, ne sje\u0107am se da je crnogorski nacionalni pokret ikada bio usmjeren protiv drugih naroda, druge vjere ili da je bio destruktivan u odnosu na druge.<\/p>\n<p><strong>DANI: A Dubrovnik, Konavli, deportacije\u2026<\/strong><\/p>\n<p><strong>RASTODER<\/strong>: Kod Crnogoraca se destruktivna svijest o kojoj govorite javlja kao mje\u0161avina razli\u010ditih nacionalnih identiteta, razli\u010ditih ideologija\u2026 Kada Crnogorac sabere veliku ideologiju sa idejom nacije, dobijamo zlo u maloj boci. Pogledajte na primjeru komunizma: u crnogorskoj izvedbi, bila je to mje\u0161avina u\u017easa, zadivljuju\u0107e hrabrosti i spremnosti na \u017ertvu! Ili, spominjete devedesete: znate, ako Crnogorcu, u realizaciji nacionalne ideje, date Njego\u0161a kao velikog pjesnika, on to shvata bukvalno; a, izvinite, svoditi takvog velikana na\u00a0 bukvalno predstavlja najprizemniji oblik duha. Na\u017ealost, znam da dio mojih sunarodnika Njego\u0161a \u201eoptu\u017euje\u201c da je genocidni pisac, \u010dime ne\u010diji prizemni duh poku\u0161ava da objasni navodnom zadojeno\u0161\u0107u njego\u0161evskom idejom; osim \u0161to je nepravedno, takvo tuma\u010denje pokazuje i da onaj koji takve ocjene izgovara su\u0161tinski ne razumije poetiku ovog velikog pjesnika.<\/p>\n<p><strong>DANI<\/strong><strong>: <\/strong><strong>Kada<\/strong><strong> <\/strong><strong>govorite<\/strong><strong> <\/strong><strong>o<\/strong><strong> <\/strong><strong>svojim<\/strong><strong> <\/strong><strong>sunarodnicima<\/strong><strong>, <\/strong><strong>rezultati<\/strong><strong> <\/strong><strong>poslednjeg<\/strong><strong> <\/strong><strong>popisa<\/strong><strong> <\/strong><strong>pokazuju<\/strong><strong> <\/strong><strong>da<\/strong><strong> <\/strong><strong>su<\/strong><strong> <\/strong><strong>se<\/strong><strong> 8,65% <\/strong><strong>gra<\/strong><strong>\u0111ana Crne Gore izjasnili kao Bo\u0161njaci, a 3, 31% kao muslimani; kako to tuma\u010dite?<\/strong><\/p>\n<p><strong>RASTODER<\/strong>: Bojim se da je Crna Gora jedina dr\u017eava na svijetu u kojoj je poltiti\u010darima uspjelo da od jednog naroda naprave dva: osim kod nas, nigdje na kugli zemaljskoj muslimani nisu narod. I, \u0161to je jo\u0161 nevjerovatnije, zahvaljuju\u0107i prvenstveno bo\u0161nja\u010dkim politi\u010darima, u crnogorskom ustavu Bo\u0161njaci su tretirani kao jedna, a muslimani kao druga etni\u010dka grupa. Ne mogu sa sigurno\u0161\u0107u da utvrdim da li je rije\u010d o zloj namjeri, politi\u010dkom interesu ili gluposti; ipak, sklon sam da tu \u010dinjenicu posmatram kao produkt ovog poslednjeg.<\/p>\n<p><strong>DANI: U tom istom ustavu pi\u0161e da je Crna Gora gra<\/strong><strong>\u0111anska dr\u017eava; da li je?<\/strong><\/p>\n<p><strong>RASTODER<\/strong>: Prvo, gra\u0111anska dr\u017eava, kao tekovina Evrope nakon Francuske bur\u017euarske revolucije, podrazumijeva zajednicu ljudi jednakih po zakonu, obavezama i du\u017enostima. \u0160ta u crnogorskoj izvedbi zna\u010di gra\u0111anska dr\u017eava? Zna\u010di zajednicu onih koji su nacionalno ni Crnogorci, ni Srbi, ni Bo\u0161njaci, ni muslimani, ali su istovremeno od svega toga po malo; u su\u0161tini, to \u0161to zna\u010di da nisu \u2013 ni\u0161ta! Kada spominju taj pojam, na\u0161i politi\u010dari gra\u0111anima sugeriraju da jednostavno zaborave ko su. U tom smislu, ako me pitate da li je Crna Gora gra\u0111anska dr\u017eava, re\u0107i \u0107u vam otvoreno: nije! Za\u0161to? Zato \u0161to taj pojam podrazumijeva dru\u0161tvo jednakih gra\u0111ana koji, ma koliko ina\u010de bili ravnopravni, imaju potrebu i za sopstvenim identitetom. Kada ve\u0107 razgovaramo o tome, \u010desto mislim da ovda\u0161nji politi\u010dari poku\u0161avaju da naprave ono \u0161to \u010dak ni komunistima nije po\u0161lo za rukom: u svom konformizmu, u opsesiji da su vrijednost i mjera svemu, oni ne razumiju da je pitanje identiteta ne\u0161to \u0161to postoji nezavisno od njih, ne\u0161to \u0161to ne mogu kontrolisati i da je njihov osnovni zadatak izgradnja dru\u0161tva slobodnoh ljudi u kome moj identitet ne\u0107e ugro\u017eavati va\u0161 i obrnuto.<\/p>\n<p><strong>DANI: Da li je u Crnoj Gori va\u0161 identitet ugro\u017een?<\/strong><\/p>\n<p><strong>RASTODER<\/strong>: Kao manjinski narod, zhvaljuju\u0107i ustavu i zakonu, Bo\u0161njaci u Crnoj Gori imaju velike i \u0161iroke kompetencije; drugo je pitanje \u0161to ne znamo da ih koristimo. Sa druge strane, crnogorske Bo\u0161njake sunarodnici iz ostalih biv\u0161ih jugoslovenskih republika \u010desto do\u017eivljavaju kao sluge ovda\u0161njem re\u017eimu, ljude lojalne zvani\u010dnoj politici; u tim ocjenama se, \u010dini mi se, previ\u0111a aktuelni crnogorski politi\u010dki trenutak. Ho\u0107u da ka\u017eem da su Bo\u0161njaci, glasaju\u0107i za Crnu Goru, glasali za dr\u017eavu u kojoj \u0107e biti ravnopravni i u kojoj \u0107e ne\u0161to zna\u010diti. Svojevremeno sam obja\u0161njavao Sulejmanu Ugljaninu, koji je zastupao druga\u010dije stavove, da je bolje biti u Crnoj Gori 8,65%, nego u dr\u017eavnoj zajednici 1%; posebno ako se uzme u obzir evropska perspektiva zemlje i evropeizacija dru\u0161tva. To se pokazalo ispravnim. Ina\u010de, moram da ka\u017eem da su Bo\u0161njaci uvijek odbijali da igraju ulogu je\u017ea u stomaku Crne Gore\u2026<\/p>\n<p><strong>DANI<\/strong><strong>: <\/strong><strong>Da<\/strong><strong>, <\/strong><strong>to<\/strong><strong> <\/strong><strong>je<\/strong><strong> <\/strong><strong>zanimljivo<\/strong><strong>: <\/strong><strong>iako<\/strong><strong> <\/strong><strong>im<\/strong><strong> <\/strong><strong>nije<\/strong><strong> <\/strong><strong>uvijek<\/strong><strong> <\/strong><strong>bilo<\/strong><strong> <\/strong><strong>vra<\/strong><strong>\u0107eno istom mjerom, nikada manjinski narodi, uklju\u010duju\u0107i Bo\u0161njake i Albance, nisu i\u0161li protiv dr\u017eave Crne Gore; uvijek su pokazivali lojalnost, \u0161to je, u mutnim balkanskim prilikama, zaista kuriozitet.<\/strong><\/p>\n<p><strong>RASTODER<\/strong>: Mo\u017eda \u0107u vas razo\u010darati, ali moram re\u0107i da je strah od vlasti ovdje tardicionalan. Evo, pogledajte: u \u0160ahovi\u0107ima kod Bijelog Polja, u novembru 1924. dogodio se pokolj muslimana; samo tri mjeseca kasnije, u februaru 1925, na parlamentarnim izborima, vlast su, zahvaljuju\u0107i muslimanskim glasovima, osvojili radikali! To je strah! Da li u savremenom dobu postoje recidivi tog straha \u2013 ne znam, ali znam da je, poslednjih dvadeset godina, privr\u017eenost manjinskih naroda Crnoj Gori posledica i \u010dinjenice da je to njihov objektivni politi\u010dki interes. Na to sam vrlo ponosan. A \u0161to se ti\u010de vra\u0107anja istom mjerom, moram da vas podsjetim da su u Crnoj Gori, tokom svih ovih stravi\u010dnih ratnih godina, ipak postojali ljudi koji su u najte\u017eim vremenima za ovaj narod i dra\u017eavu pru\u017eili ruku ovda\u0161njim Bo\u0161njacima, iskazav\u0161i se kao njihovi iskreni prijatelji. Kao \u010dovjek sa ovih prostora i kao intelektualac, obavezan sam to da pamtim.<\/p>\n<p><strong>DANI<\/strong><strong>: <\/strong><strong>To<\/strong><strong> <\/strong><strong>je<\/strong><strong> <\/strong><strong>ta<\/strong><strong>\u010dno, ali, zar nije, tokom poslednjih dvadeset godina, u politi\u010dkim sukobima Crnogoraca i Srba, ovdje naj\u010de\u0161\u0107e prije\u0107eno manjinama? Sjetite se bjelopoljske poruke lidera Srpske narodne stranke, Bo\u017eidara Bojovi\u0107a, da \u0107e, u slu\u010daju ctrnogorske nezavisnosti, upravo muslimani biti \u201e\u017eigosani kao krivci\u201c;\u00a0 mitropolit Amfilohije danas ne prijeti da \u0107e, ako vlast kona\u010dno odlu\u010di da sa Rumije skine metalnu skalameriju, minirati zgradu neke dr\u017eavne institucije; ne, on prijeti ru\u0161enjem d\u017eamija po Baru i Ulcinu. Ho\u0107u da pitam: zar takav sramni odnos zpravo su\u0161tinski ne dovodi u pitanje onaj izvikani crnogorski mit o \u010dojsvu i juna\u0161tvu? <\/strong><\/p>\n<p><strong>RASTODER<\/strong>: Na\u017ealost, mit o \u010dojstvu i juna\u0161tvu je mit o malom dijelu Crnogoraca. Ako to uzdignete na nivo op\u0161te norme, pogrije\u0161ili ste. Moja pri\u010da o Crnogorcima je pri\u010da o po\u0161tenim i \u010destitim ljudima koji su, rizikuju\u0107i mnogo, devedesetih godina stali u odbranu manjina. Oni su palili svije\u0107e za Sarajevo, odr\u017eavali antiratne mitinge; oni su sa\u010duvali obraz Crnoj Gori. Na\u017ealost, imam utisak da dio bosanskohercegova\u010dke javnosti, iz meni nepoznatih razloga, danas poku\u0161ava da neke od tih ljudi javno satanizuje. Znate, niko od nas nije bezgre\u0161an: svi smo ljudi sa svojim manama i vrlinama i, u tom smislu, bosanska javnost mora da shvati da niko bolje od nas, crnogorskih Bo\u0161njaka, ne zna ko su bili na\u0161i prijatelji, a ko protivnici. Ako ste devedesetih bili uz Slavka Perovi\u0107a, to je zna\u010dilo da ste protiv rata, protiv klanja u Bosni, protiv napada na Dubrovnik, izbjeglica, deportacija; ako ste od 1997. bili za Mila \u0110ukanovi\u0107a, bili ste protiv politike Slobodana Milo\u0161evi\u0107a kojoj se danas sudi u Hagu. Bila su to zla vremena i Bo\u0161njaci su, kao i drugi crnogorski gra\u0111ani, \u010desto bili dovo\u0111eni u situaciju da od dva zla biraju manje. Danas sam siguran da je to, uprkos svemu, bio pravi izbor i na tu sam \u010dinjenicu veoma ponosan.<\/p>\n<p>Izvor: <strong>Bicent.com<\/strong><\/p>\n","protected":false},"excerpt":{"rendered":"<p>Akademik Dukljanske akademije nauka i umjetnosti i nedavno osnovane Bo\u0161nja\u010dke akademije nauka i umjetnosti, crnogorski istori\u010dar i profesor Univerziteta, dr \u0160erbo Rastoder, ovogodi\u0161nji je dobitnik Trinaestojulske nagrade, najve\u0107eg dr\u017eavnog priznanja Crne Gore. U intervjuu za DANE profesor Rastoder obja\u0161njava zbog \u010dega je Crna Gora jedina dr\u017eava na svijetu u kojoj su muslimani nacija, za\u0161to Njego\u0161 [&hellip;]<\/p>\n","protected":false},"author":83,"featured_media":19233,"comment_status":"open","ping_status":"open","sticky":false,"template":"","format":"standard","meta":{"footnotes":""},"categories":[398,397,396,395,399],"tags":[],"class_list":{"0":"post-19232","1":"post","2":"type-post","3":"status-publish","4":"format-standard","5":"has-post-thumbnail","7":"category-rozaje","8":"category-berane","9":"category-bijelo_polje","10":"category-pljevlja_","11":"category-plav_"},"yoast_head":"<!-- This site is optimized with the Yoast SEO Premium plugin v23.1 (Yoast SEO v24.9) - https:\/\/yoast.com\/wordpress\/plugins\/seo\/ -->\n<title>Bo\u0161njaci nisu je\u017e u stomaku Crne Gore<\/title>\n<meta name=\"robots\" content=\"index, follow, max-snippet:-1, max-image-preview:large, max-video-preview:-1\" \/>\n<link rel=\"canonical\" href=\"https:\/\/sandzakpress.net\/arhiva\/bosnjaci-nisu-jez-u-stomaku-crne-gore\/\" \/>\n<meta property=\"og:locale\" content=\"bs_BA\" \/>\n<meta property=\"og:type\" content=\"article\" \/>\n<meta property=\"og:title\" content=\"Bo\u0161njaci nisu je\u017e u stomaku Crne Gore\" \/>\n<meta property=\"og:description\" content=\"Akademik Dukljanske akademije nauka i umjetnosti i nedavno osnovane Bo\u0161nja\u010dke akademije nauka i umjetnosti, crnogorski istori\u010dar i profesor Univerziteta, dr \u0160erbo Rastoder, ovogodi\u0161nji je dobitnik Trinaestojulske nagrade, najve\u0107eg dr\u017eavnog priznanja Crne Gore. U intervjuu za DANE profesor Rastoder obja\u0161njava zbog \u010dega je Crna Gora jedina dr\u017eava na svijetu u kojoj su muslimani nacija, za\u0161to Njego\u0161 [&hellip;]\" \/>\n<meta property=\"og:url\" content=\"https:\/\/sandzakpress.net\/arhiva\/bosnjaci-nisu-jez-u-stomaku-crne-gore\/\" \/>\n<meta property=\"og:site_name\" content=\"Sand\u017eak PRESS\" \/>\n<meta property=\"article:published_time\" content=\"2011-09-02T17:42:25+00:00\" \/>\n<meta property=\"og:image\" content=\"https:\/\/sandzakpress.net\/arhiva\/wp-content\/uploads\/2011\/09\/serbo-rastoder01.jpg\" \/>\n\t<meta property=\"og:image:width\" content=\"436\" \/>\n\t<meta property=\"og:image:height\" content=\"281\" \/>\n\t<meta property=\"og:image:type\" content=\"image\/jpeg\" \/>\n<meta name=\"author\" content=\"bosniak\" \/>\n<meta name=\"twitter:card\" content=\"summary_large_image\" \/>\n<meta name=\"twitter:label1\" content=\"Written by\" \/>\n\t<meta name=\"twitter:data1\" content=\"bosniak\" \/>\n\t<meta name=\"twitter:label2\" content=\"Est. reading time\" \/>\n\t<meta name=\"twitter:data2\" content=\"14 minuta\" \/>\n<script type=\"application\/ld+json\" class=\"yoast-schema-graph\">{\"@context\":\"https:\/\/schema.org\",\"@graph\":[{\"@type\":\"Article\",\"@id\":\"https:\/\/sandzakpress.net\/arhiva\/bosnjaci-nisu-jez-u-stomaku-crne-gore\/#article\",\"isPartOf\":{\"@id\":\"https:\/\/sandzakpress.net\/arhiva\/bosnjaci-nisu-jez-u-stomaku-crne-gore\/\"},\"author\":{\"name\":\"bosniak\",\"@id\":\"https:\/\/sandzakpress.net\/arhiva\/#\/schema\/person\/c8baee722073534b583ea7bdb2e36c02\"},\"headline\":\"Bo\u0161njaci nisu je\u017e u stomaku Crne Gore\",\"datePublished\":\"2011-09-02T17:42:25+00:00\",\"mainEntityOfPage\":{\"@id\":\"https:\/\/sandzakpress.net\/arhiva\/bosnjaci-nisu-jez-u-stomaku-crne-gore\/\"},\"wordCount\":2892,\"commentCount\":0,\"publisher\":{\"@id\":\"https:\/\/sandzakpress.net\/arhiva\/#\/schema\/person\/6e72b67d6e51910a1117b3b483ba20bd\"},\"image\":{\"@id\":\"https:\/\/sandzakpress.net\/arhiva\/bosnjaci-nisu-jez-u-stomaku-crne-gore\/#primaryimage\"},\"thumbnailUrl\":\"https:\/\/sandzakpress.net\/arhiva\/wp-content\/uploads\/2011\/09\/serbo-rastoder01.jpg\",\"articleSection\":[\"Ro\u017eaje\",\"Berane\",\"Bijelo Polje\",\"Pljevlja\",\"Plav\"],\"inLanguage\":\"bs-BA\",\"potentialAction\":[{\"@type\":\"CommentAction\",\"name\":\"Comment\",\"target\":[\"https:\/\/sandzakpress.net\/arhiva\/bosnjaci-nisu-jez-u-stomaku-crne-gore\/#respond\"]}]},{\"@type\":\"WebPage\",\"@id\":\"https:\/\/sandzakpress.net\/arhiva\/bosnjaci-nisu-jez-u-stomaku-crne-gore\/\",\"url\":\"https:\/\/sandzakpress.net\/arhiva\/bosnjaci-nisu-jez-u-stomaku-crne-gore\/\",\"name\":\"Bo\u0161njaci nisu je\u017e u stomaku Crne Gore\",\"isPartOf\":{\"@id\":\"https:\/\/sandzakpress.net\/arhiva\/#website\"},\"primaryImageOfPage\":{\"@id\":\"https:\/\/sandzakpress.net\/arhiva\/bosnjaci-nisu-jez-u-stomaku-crne-gore\/#primaryimage\"},\"image\":{\"@id\":\"https:\/\/sandzakpress.net\/arhiva\/bosnjaci-nisu-jez-u-stomaku-crne-gore\/#primaryimage\"},\"thumbnailUrl\":\"https:\/\/sandzakpress.net\/arhiva\/wp-content\/uploads\/2011\/09\/serbo-rastoder01.jpg\",\"datePublished\":\"2011-09-02T17:42:25+00:00\",\"breadcrumb\":{\"@id\":\"https:\/\/sandzakpress.net\/arhiva\/bosnjaci-nisu-jez-u-stomaku-crne-gore\/#breadcrumb\"},\"inLanguage\":\"bs-BA\",\"potentialAction\":[{\"@type\":\"ReadAction\",\"target\":[\"https:\/\/sandzakpress.net\/arhiva\/bosnjaci-nisu-jez-u-stomaku-crne-gore\/\"]}]},{\"@type\":\"ImageObject\",\"inLanguage\":\"bs-BA\",\"@id\":\"https:\/\/sandzakpress.net\/arhiva\/bosnjaci-nisu-jez-u-stomaku-crne-gore\/#primaryimage\",\"url\":\"https:\/\/sandzakpress.net\/arhiva\/wp-content\/uploads\/2011\/09\/serbo-rastoder01.jpg\",\"contentUrl\":\"https:\/\/sandzakpress.net\/arhiva\/wp-content\/uploads\/2011\/09\/serbo-rastoder01.jpg\",\"width\":436,\"height\":281,\"caption\":\"Akademik \u0160erbo Rastoder, predsjednik BNV CG\"},{\"@type\":\"BreadcrumbList\",\"@id\":\"https:\/\/sandzakpress.net\/arhiva\/bosnjaci-nisu-jez-u-stomaku-crne-gore\/#breadcrumb\",\"itemListElement\":[{\"@type\":\"ListItem\",\"position\":1,\"name\":\"Home\",\"item\":\"https:\/\/sandzakpress.net\/arhiva\/\"},{\"@type\":\"ListItem\",\"position\":2,\"name\":\"Bo\u0161njaci nisu je\u017e u stomaku Crne Gore\"}]},{\"@type\":\"WebSite\",\"@id\":\"https:\/\/sandzakpress.net\/arhiva\/#website\",\"url\":\"https:\/\/sandzakpress.net\/arhiva\/\",\"name\":\"Sand\u017eak PRESS\",\"description\":\"Prve elektronske novine u Sand\u017eaku\",\"publisher\":{\"@id\":\"https:\/\/sandzakpress.net\/arhiva\/#\/schema\/person\/6e72b67d6e51910a1117b3b483ba20bd\"},\"potentialAction\":[{\"@type\":\"SearchAction\",\"target\":{\"@type\":\"EntryPoint\",\"urlTemplate\":\"https:\/\/sandzakpress.net\/arhiva\/?s={search_term_string}\"},\"query-input\":{\"@type\":\"PropertyValueSpecification\",\"valueRequired\":true,\"valueName\":\"search_term_string\"}}],\"inLanguage\":\"bs-BA\"},{\"@type\":[\"Person\",\"Organization\"],\"@id\":\"https:\/\/sandzakpress.net\/arhiva\/#\/schema\/person\/6e72b67d6e51910a1117b3b483ba20bd\",\"name\":\"Kul\",\"image\":{\"@type\":\"ImageObject\",\"inLanguage\":\"bs-BA\",\"@id\":\"https:\/\/sandzakpress.net\/arhiva\/#\/schema\/person\/image\/\",\"url\":\"https:\/\/secure.gravatar.com\/avatar\/42263f39aa27ac04c43cab85c280eb2e?s=96&d=mm&r=pg\",\"contentUrl\":\"https:\/\/secure.gravatar.com\/avatar\/42263f39aa27ac04c43cab85c280eb2e?s=96&d=mm&r=pg\",\"caption\":\"Kul\"},\"logo\":{\"@id\":\"https:\/\/sandzakpress.net\/arhiva\/#\/schema\/person\/image\/\"}},{\"@type\":\"Person\",\"@id\":\"https:\/\/sandzakpress.net\/arhiva\/#\/schema\/person\/c8baee722073534b583ea7bdb2e36c02\",\"name\":\"bosniak\",\"image\":{\"@type\":\"ImageObject\",\"inLanguage\":\"bs-BA\",\"@id\":\"https:\/\/sandzakpress.net\/arhiva\/#\/schema\/person\/image\/\",\"url\":\"https:\/\/secure.gravatar.com\/avatar\/a04fd330bfe3a36a72a0ad4a6d89fca7?s=96&d=mm&r=pg\",\"contentUrl\":\"https:\/\/secure.gravatar.com\/avatar\/a04fd330bfe3a36a72a0ad4a6d89fca7?s=96&d=mm&r=pg\",\"caption\":\"bosniak\"},\"url\":\"https:\/\/sandzakpress.net\/arhiva\/author\/bosniak\/\"}]}<\/script>\n<!-- \/ Yoast SEO Premium plugin. -->","yoast_head_json":{"title":"Bo\u0161njaci nisu je\u017e u stomaku Crne Gore","robots":{"index":"index","follow":"follow","max-snippet":"max-snippet:-1","max-image-preview":"max-image-preview:large","max-video-preview":"max-video-preview:-1"},"canonical":"https:\/\/sandzakpress.net\/arhiva\/bosnjaci-nisu-jez-u-stomaku-crne-gore\/","og_locale":"bs_BA","og_type":"article","og_title":"Bo\u0161njaci nisu je\u017e u stomaku Crne Gore","og_description":"Akademik Dukljanske akademije nauka i umjetnosti i nedavno osnovane Bo\u0161nja\u010dke akademije nauka i umjetnosti, crnogorski istori\u010dar i profesor Univerziteta, dr \u0160erbo Rastoder, ovogodi\u0161nji je dobitnik Trinaestojulske nagrade, najve\u0107eg dr\u017eavnog priznanja Crne Gore. U intervjuu za DANE profesor Rastoder obja\u0161njava zbog \u010dega je Crna Gora jedina dr\u017eava na svijetu u kojoj su muslimani nacija, za\u0161to Njego\u0161 [&hellip;]","og_url":"https:\/\/sandzakpress.net\/arhiva\/bosnjaci-nisu-jez-u-stomaku-crne-gore\/","og_site_name":"Sand\u017eak PRESS","article_published_time":"2011-09-02T17:42:25+00:00","og_image":[{"width":436,"height":281,"url":"https:\/\/sandzakpress.net\/arhiva\/wp-content\/uploads\/2011\/09\/serbo-rastoder01.jpg","type":"image\/jpeg"}],"author":"bosniak","twitter_card":"summary_large_image","twitter_misc":{"Written by":"bosniak","Est. reading time":"14 minuta"},"schema":{"@context":"https:\/\/schema.org","@graph":[{"@type":"Article","@id":"https:\/\/sandzakpress.net\/arhiva\/bosnjaci-nisu-jez-u-stomaku-crne-gore\/#article","isPartOf":{"@id":"https:\/\/sandzakpress.net\/arhiva\/bosnjaci-nisu-jez-u-stomaku-crne-gore\/"},"author":{"name":"bosniak","@id":"https:\/\/sandzakpress.net\/arhiva\/#\/schema\/person\/c8baee722073534b583ea7bdb2e36c02"},"headline":"Bo\u0161njaci nisu je\u017e u stomaku Crne Gore","datePublished":"2011-09-02T17:42:25+00:00","mainEntityOfPage":{"@id":"https:\/\/sandzakpress.net\/arhiva\/bosnjaci-nisu-jez-u-stomaku-crne-gore\/"},"wordCount":2892,"commentCount":0,"publisher":{"@id":"https:\/\/sandzakpress.net\/arhiva\/#\/schema\/person\/6e72b67d6e51910a1117b3b483ba20bd"},"image":{"@id":"https:\/\/sandzakpress.net\/arhiva\/bosnjaci-nisu-jez-u-stomaku-crne-gore\/#primaryimage"},"thumbnailUrl":"https:\/\/sandzakpress.net\/arhiva\/wp-content\/uploads\/2011\/09\/serbo-rastoder01.jpg","articleSection":["Ro\u017eaje","Berane","Bijelo Polje","Pljevlja","Plav"],"inLanguage":"bs-BA","potentialAction":[{"@type":"CommentAction","name":"Comment","target":["https:\/\/sandzakpress.net\/arhiva\/bosnjaci-nisu-jez-u-stomaku-crne-gore\/#respond"]}]},{"@type":"WebPage","@id":"https:\/\/sandzakpress.net\/arhiva\/bosnjaci-nisu-jez-u-stomaku-crne-gore\/","url":"https:\/\/sandzakpress.net\/arhiva\/bosnjaci-nisu-jez-u-stomaku-crne-gore\/","name":"Bo\u0161njaci nisu je\u017e u stomaku Crne Gore","isPartOf":{"@id":"https:\/\/sandzakpress.net\/arhiva\/#website"},"primaryImageOfPage":{"@id":"https:\/\/sandzakpress.net\/arhiva\/bosnjaci-nisu-jez-u-stomaku-crne-gore\/#primaryimage"},"image":{"@id":"https:\/\/sandzakpress.net\/arhiva\/bosnjaci-nisu-jez-u-stomaku-crne-gore\/#primaryimage"},"thumbnailUrl":"https:\/\/sandzakpress.net\/arhiva\/wp-content\/uploads\/2011\/09\/serbo-rastoder01.jpg","datePublished":"2011-09-02T17:42:25+00:00","breadcrumb":{"@id":"https:\/\/sandzakpress.net\/arhiva\/bosnjaci-nisu-jez-u-stomaku-crne-gore\/#breadcrumb"},"inLanguage":"bs-BA","potentialAction":[{"@type":"ReadAction","target":["https:\/\/sandzakpress.net\/arhiva\/bosnjaci-nisu-jez-u-stomaku-crne-gore\/"]}]},{"@type":"ImageObject","inLanguage":"bs-BA","@id":"https:\/\/sandzakpress.net\/arhiva\/bosnjaci-nisu-jez-u-stomaku-crne-gore\/#primaryimage","url":"https:\/\/sandzakpress.net\/arhiva\/wp-content\/uploads\/2011\/09\/serbo-rastoder01.jpg","contentUrl":"https:\/\/sandzakpress.net\/arhiva\/wp-content\/uploads\/2011\/09\/serbo-rastoder01.jpg","width":436,"height":281,"caption":"Akademik \u0160erbo Rastoder, predsjednik BNV CG"},{"@type":"BreadcrumbList","@id":"https:\/\/sandzakpress.net\/arhiva\/bosnjaci-nisu-jez-u-stomaku-crne-gore\/#breadcrumb","itemListElement":[{"@type":"ListItem","position":1,"name":"Home","item":"https:\/\/sandzakpress.net\/arhiva\/"},{"@type":"ListItem","position":2,"name":"Bo\u0161njaci nisu je\u017e u stomaku Crne Gore"}]},{"@type":"WebSite","@id":"https:\/\/sandzakpress.net\/arhiva\/#website","url":"https:\/\/sandzakpress.net\/arhiva\/","name":"Sand\u017eak PRESS","description":"Prve elektronske novine u Sand\u017eaku","publisher":{"@id":"https:\/\/sandzakpress.net\/arhiva\/#\/schema\/person\/6e72b67d6e51910a1117b3b483ba20bd"},"potentialAction":[{"@type":"SearchAction","target":{"@type":"EntryPoint","urlTemplate":"https:\/\/sandzakpress.net\/arhiva\/?s={search_term_string}"},"query-input":{"@type":"PropertyValueSpecification","valueRequired":true,"valueName":"search_term_string"}}],"inLanguage":"bs-BA"},{"@type":["Person","Organization"],"@id":"https:\/\/sandzakpress.net\/arhiva\/#\/schema\/person\/6e72b67d6e51910a1117b3b483ba20bd","name":"Kul","image":{"@type":"ImageObject","inLanguage":"bs-BA","@id":"https:\/\/sandzakpress.net\/arhiva\/#\/schema\/person\/image\/","url":"https:\/\/secure.gravatar.com\/avatar\/42263f39aa27ac04c43cab85c280eb2e?s=96&d=mm&r=pg","contentUrl":"https:\/\/secure.gravatar.com\/avatar\/42263f39aa27ac04c43cab85c280eb2e?s=96&d=mm&r=pg","caption":"Kul"},"logo":{"@id":"https:\/\/sandzakpress.net\/arhiva\/#\/schema\/person\/image\/"}},{"@type":"Person","@id":"https:\/\/sandzakpress.net\/arhiva\/#\/schema\/person\/c8baee722073534b583ea7bdb2e36c02","name":"bosniak","image":{"@type":"ImageObject","inLanguage":"bs-BA","@id":"https:\/\/sandzakpress.net\/arhiva\/#\/schema\/person\/image\/","url":"https:\/\/secure.gravatar.com\/avatar\/a04fd330bfe3a36a72a0ad4a6d89fca7?s=96&d=mm&r=pg","contentUrl":"https:\/\/secure.gravatar.com\/avatar\/a04fd330bfe3a36a72a0ad4a6d89fca7?s=96&d=mm&r=pg","caption":"bosniak"},"url":"https:\/\/sandzakpress.net\/arhiva\/author\/bosniak\/"}]}},"_links":{"self":[{"href":"https:\/\/sandzakpress.net\/arhiva\/wp-json\/wp\/v2\/posts\/19232"}],"collection":[{"href":"https:\/\/sandzakpress.net\/arhiva\/wp-json\/wp\/v2\/posts"}],"about":[{"href":"https:\/\/sandzakpress.net\/arhiva\/wp-json\/wp\/v2\/types\/post"}],"author":[{"embeddable":true,"href":"https:\/\/sandzakpress.net\/arhiva\/wp-json\/wp\/v2\/users\/83"}],"replies":[{"embeddable":true,"href":"https:\/\/sandzakpress.net\/arhiva\/wp-json\/wp\/v2\/comments?post=19232"}],"version-history":[{"count":0,"href":"https:\/\/sandzakpress.net\/arhiva\/wp-json\/wp\/v2\/posts\/19232\/revisions"}],"wp:featuredmedia":[{"embeddable":true,"href":"https:\/\/sandzakpress.net\/arhiva\/wp-json\/wp\/v2\/media\/19233"}],"wp:attachment":[{"href":"https:\/\/sandzakpress.net\/arhiva\/wp-json\/wp\/v2\/media?parent=19232"}],"wp:term":[{"taxonomy":"category","embeddable":true,"href":"https:\/\/sandzakpress.net\/arhiva\/wp-json\/wp\/v2\/categories?post=19232"},{"taxonomy":"post_tag","embeddable":true,"href":"https:\/\/sandzakpress.net\/arhiva\/wp-json\/wp\/v2\/tags?post=19232"}],"curies":[{"name":"wp","href":"https:\/\/api.w.org\/{rel}","templated":true}]}}