{"id":192253,"date":"2017-08-01T13:36:59","date_gmt":"2017-08-01T11:36:59","guid":{"rendered":"https:\/\/sandzakpress.net\/arhiva\/?p=192253"},"modified":"2017-08-01T13:14:03","modified_gmt":"2017-08-01T11:14:03","slug":"dukanovic-u-petnjici-iseljenici-hvala-vam-sto-ste-obnovili-nezavisnost-crna-gore","status":"publish","type":"post","link":"https:\/\/sandzakpress.net\/arhiva\/dukanovic-u-petnjici-iseljenici-hvala-vam-sto-ste-obnovili-nezavisnost-crna-gore\/","title":{"rendered":"\u0110ukanovi\u0107 u Petnjici: Iseljenici hvala vam \u0161to ste obnovili nezavisnost Crna Gore"},"content":{"rendered":"<div class=\"td-post-featured-image\">\n<figure><img loading=\"lazy\" decoding=\"async\" class=\"entry-thumb td-animation-stack-type0-1\" title=\"djukanovic-u-petnjici\" src=\"http:\/\/www.sandzacke.rs\/wp-content\/uploads\/2017\/07\/djukanovic-u-petnjici-696x469.jpg\" sizes=\"(max-width: 696px) 100vw, 696px\" srcset=\"http:\/\/www.sandzacke.rs\/wp-content\/uploads\/2017\/07\/djukanovic-u-petnjici-696x469.jpg 696w, http:\/\/www.sandzacke.rs\/wp-content\/uploads\/2017\/07\/djukanovic-u-petnjici-300x202.jpg 300w, http:\/\/www.sandzacke.rs\/wp-content\/uploads\/2017\/07\/djukanovic-u-petnjici-768x517.jpg 768w, http:\/\/www.sandzacke.rs\/wp-content\/uploads\/2017\/07\/djukanovic-u-petnjici-623x420.jpg 623w, http:\/\/www.sandzacke.rs\/wp-content\/uploads\/2017\/07\/djukanovic-u-petnjici.jpg 800w\" alt=\"\" width=\"696\" height=\"469\" \/><\/figure>\n<\/div>\n<p><strong>Dani iseljenika nijesu mogli biti odr\u017eani na boljem mjestu od Petnjice i Bihora, ocijenilo je predsjednik Demokratske partije socijalista (DPS) Milo \u0110ukanovi\u0107 u razgovoru sa crnogorskim iseljenicima, navode\u0107i da je danas Petnjica prijestonica jo\u0161 jedne Crne Gore.<\/strong><\/p>\n<div class=\"td-g-rec td-g-rec-id-content_inline  \">\u00a0<\/div>\n<p>\u0110ukanovi\u0107 je, tokom radnog ru\u010dka koji je organizovan u petnji\u010dkom selu Bor, zahvalio svim crnogorskim iseljenicima \u0161to su \u201cdali nemjerljiv doprinos da, nakon gotovo \u010ditavog vijeka, obnovimo dr\u017eavnost na\u0161eg zajedni\u010dkog doma, Crne Gore\u201c.<\/p>\n<p>Kako je saop\u0161teno iz DPS-a, \u0110ukanovi\u0107 je zahvalio iseljenicima i na istrajnosti i upornosti da se obnovi op\u0161tina Petnjica \u0161to, kako je naveo, daje zna\u010dajan doprinos stvaranju uslova za ravnomjeran razvoj i bolji \u017eivot svih gra\u0111ana.<\/p>\n<p>\u201cOgromna je zasluga dijaspore u obnovi crnogorske nezavisnosti i moramo biti ponosni na dvije stvari: \u0161to smo to u\u010dinili na miran na\u010din, ne naru\u0161avaju\u0107i stabilnost i mir, po\u0161tuju\u0107i visoke evropske standarde, olovkom\u201c, kazao je \u0110ukanovi\u0107.<\/p>\n<p>Prema njegovim rije\u010dima, Crna Gora ima razloga da bude ponosna \u0161to su obnovi njene nezavisnosti presudan doprinos dali manjinski narodi.<\/p>\n<p>\u201cTime su pokazali da vjeruju Crnoj Gori kao svojoj dr\u017eavnoj ku\u0107i, a mi se moramo pa\u017eljivo odnositi prema tom doprinosu i povjerenju\u201c, istakao je \u0110ukanovi\u0107.<\/p>\n<p>On je kazao da se, tokom posjete Luksemburgu i razgovora sa \u010dlanovima udru\u017eenja \u201cBihor\u201c, uvjerio da su crnogorski iseljenici u toj zemlji dostojni predstavnici Crne Gore, koji zna\u010dajno doprinose razvoju Luksembruga koji im je \u0161irom otvorio svoja vrata.<\/p>\n<figure class=\"wp-caption alignnone\"><img loading=\"lazy\" decoding=\"async\" class=\"td-animation-stack-type0-1\" src=\"http:\/\/www.rtcg.me\/upload\/boxImageData\/2017\/07\/31\/240250\/Milo%20Djukanovic%20u%20Boru%20-%20Petnjica%2031%2007%202017%2003.jpg\" alt=\"\" width=\"719\" height=\"640\" \/><figcaption class=\"wp-caption-text\">Foto: rtcg.me<\/figcaption><\/figure>\n<p>\u201cI da su ugledni \u010dlanovi tamo\u0161nje zajednice, ali da nijesu zaboravili Crnu Goru i to je \u010dinjenica za veliko po\u0161tovanje\u201c, dodao je \u0110ukanovi\u0107.<\/p>\n<p>On je, kako je saop\u0161teno, govorio i o ekonomskom razvoju i potencijalima Crne Gore, posebno u turizmu i poljoprivredi koji, osim velikih investitora, treba da privuku i crnogorske iseljenike na ulaganja u dr\u017eavu.<\/p>\n<p>\u201c\u0160to, uz zna\u010dajne podsticaje koje daje Vlada, treba da doprinese daljem pobolj\u0161anju kvaliteta \u017eivota svih gra\u0111ana\u201c, dodaje se u saop\u0161tenju.<\/p>\n<p>\u0110ukanovi\u0107 je u Boru obi\u0161ao i novootvoreni pogon za proizvodnju pe\u0161kira, a nakon susreta sa iseljenicima je u Petnjici prisustvovao ceremoniji otvaranja \u201cDana iseljenika\u201d i uru\u010denju nagrada udru\u017eenjima i pojedincima koji su dali zna\u010dajan doprinos saradnji izme\u0111u dijaspore i njihove mati\u010dne dr\u017eave Crne Gore.<\/p>\n<p>(RTVG)<\/p>\n","protected":false},"excerpt":{"rendered":"<p>Dani iseljenika nijesu mogli biti odr\u017eani na boljem mjestu od Petnjice i Bihora, ocijenilo je predsjednik Demokratske partije socijalista (DPS) Milo \u0110ukanovi\u0107 u razgovoru sa crnogorskim iseljenicima, navode\u0107i da je danas Petnjica prijestonica jo\u0161 jedne Crne Gore. \u00a0 \u0110ukanovi\u0107 je, tokom radnog ru\u010dka koji je organizovan u petnji\u010dkom selu Bor, zahvalio svim crnogorskim iseljenicima \u0161to [&hellip;]<\/p>\n","protected":false},"author":509,"featured_media":192273,"comment_status":"open","ping_status":"open","sticky":false,"template":"","format":"standard","meta":{"footnotes":""},"categories":[1,10174,8957],"tags":[],"class_list":{"0":"post-192253","1":"post","2":"type-post","3":"status-publish","4":"format-standard","5":"has-post-thumbnail","7":"category-politika","8":"category-petnjica-vase-vijesti","9":"category-vijesti-dana"},"yoast_head":"<!-- This site is optimized with the Yoast SEO Premium plugin v23.1 (Yoast SEO v24.9) - https:\/\/yoast.com\/wordpress\/plugins\/seo\/ -->\n<title>\u0110ukanovi\u0107 u Petnjici: Iseljenici hvala vam \u0161to ste obnovili nezavisnost Crna Gore<\/title>\n<meta name=\"robots\" content=\"index, follow, max-snippet:-1, max-image-preview:large, max-video-preview:-1\" \/>\n<link rel=\"canonical\" href=\"https:\/\/sandzakpress.net\/arhiva\/dukanovic-u-petnjici-iseljenici-hvala-vam-sto-ste-obnovili-nezavisnost-crna-gore\/\" \/>\n<meta property=\"og:locale\" content=\"bs_BA\" \/>\n<meta property=\"og:type\" content=\"article\" \/>\n<meta property=\"og:title\" content=\"\u0110ukanovi\u0107 u Petnjici: Iseljenici hvala vam \u0161to ste obnovili nezavisnost Crna Gore\" \/>\n<meta property=\"og:description\" content=\"Dani iseljenika nijesu mogli biti odr\u017eani na boljem mjestu od Petnjice i Bihora, ocijenilo je predsjednik Demokratske partije socijalista (DPS) Milo \u0110ukanovi\u0107 u razgovoru sa crnogorskim iseljenicima, navode\u0107i da je danas Petnjica prijestonica jo\u0161 jedne Crne Gore. \u00a0 \u0110ukanovi\u0107 je, tokom radnog ru\u010dka koji je organizovan u petnji\u010dkom selu Bor, zahvalio svim crnogorskim iseljenicima \u0161to [&hellip;]\" \/>\n<meta property=\"og:url\" content=\"https:\/\/sandzakpress.net\/arhiva\/dukanovic-u-petnjici-iseljenici-hvala-vam-sto-ste-obnovili-nezavisnost-crna-gore\/\" \/>\n<meta property=\"og:site_name\" content=\"Sand\u017eak PRESS\" \/>\n<meta property=\"article:published_time\" content=\"2017-08-01T11:36:59+00:00\" \/>\n<meta property=\"og:image\" content=\"https:\/\/sandzakpress.net\/arhiva\/wp-content\/uploads\/2017\/08\/djukanovic-u-petnjici-696x469.jpg\" \/>\n\t<meta property=\"og:image:width\" content=\"696\" \/>\n\t<meta property=\"og:image:height\" content=\"469\" \/>\n\t<meta property=\"og:image:type\" content=\"image\/jpeg\" \/>\n<meta name=\"author\" content=\"Agencija\" \/>\n<meta name=\"twitter:card\" content=\"summary_large_image\" \/>\n<meta name=\"twitter:label1\" content=\"Written by\" \/>\n\t<meta name=\"twitter:data1\" content=\"Agencija\" \/>\n\t<meta name=\"twitter:label2\" content=\"Est. reading time\" \/>\n\t<meta name=\"twitter:data2\" content=\"2 minute\" \/>\n<script type=\"application\/ld+json\" class=\"yoast-schema-graph\">{\"@context\":\"https:\/\/schema.org\",\"@graph\":[{\"@type\":\"Article\",\"@id\":\"https:\/\/sandzakpress.net\/arhiva\/dukanovic-u-petnjici-iseljenici-hvala-vam-sto-ste-obnovili-nezavisnost-crna-gore\/#article\",\"isPartOf\":{\"@id\":\"https:\/\/sandzakpress.net\/arhiva\/dukanovic-u-petnjici-iseljenici-hvala-vam-sto-ste-obnovili-nezavisnost-crna-gore\/\"},\"author\":{\"name\":\"Agencija\",\"@id\":\"https:\/\/sandzakpress.net\/arhiva\/#\/schema\/person\/cb59d7e3ab91ab90dd680ad0305a6185\"},\"headline\":\"\u0110ukanovi\u0107 u Petnjici: Iseljenici hvala vam \u0161to ste obnovili nezavisnost Crna Gore\",\"datePublished\":\"2017-08-01T11:36:59+00:00\",\"mainEntityOfPage\":{\"@id\":\"https:\/\/sandzakpress.net\/arhiva\/dukanovic-u-petnjici-iseljenici-hvala-vam-sto-ste-obnovili-nezavisnost-crna-gore\/\"},\"wordCount\":399,\"commentCount\":4,\"publisher\":{\"@id\":\"https:\/\/sandzakpress.net\/arhiva\/#\/schema\/person\/6e72b67d6e51910a1117b3b483ba20bd\"},\"image\":{\"@id\":\"https:\/\/sandzakpress.net\/arhiva\/dukanovic-u-petnjici-iseljenici-hvala-vam-sto-ste-obnovili-nezavisnost-crna-gore\/#primaryimage\"},\"thumbnailUrl\":\"https:\/\/sandzakpress.net\/arhiva\/wp-content\/uploads\/2017\/08\/djukanovic-u-petnjici-696x469.jpg\",\"articleSection\":[\"Politika\",\"Petnjica\",\"VIJESTI DANA\"],\"inLanguage\":\"bs-BA\",\"potentialAction\":[{\"@type\":\"CommentAction\",\"name\":\"Comment\",\"target\":[\"https:\/\/sandzakpress.net\/arhiva\/dukanovic-u-petnjici-iseljenici-hvala-vam-sto-ste-obnovili-nezavisnost-crna-gore\/#respond\"]}]},{\"@type\":\"WebPage\",\"@id\":\"https:\/\/sandzakpress.net\/arhiva\/dukanovic-u-petnjici-iseljenici-hvala-vam-sto-ste-obnovili-nezavisnost-crna-gore\/\",\"url\":\"https:\/\/sandzakpress.net\/arhiva\/dukanovic-u-petnjici-iseljenici-hvala-vam-sto-ste-obnovili-nezavisnost-crna-gore\/\",\"name\":\"\u0110ukanovi\u0107 u Petnjici: Iseljenici hvala vam \u0161to ste obnovili nezavisnost Crna Gore\",\"isPartOf\":{\"@id\":\"https:\/\/sandzakpress.net\/arhiva\/#website\"},\"primaryImageOfPage\":{\"@id\":\"https:\/\/sandzakpress.net\/arhiva\/dukanovic-u-petnjici-iseljenici-hvala-vam-sto-ste-obnovili-nezavisnost-crna-gore\/#primaryimage\"},\"image\":{\"@id\":\"https:\/\/sandzakpress.net\/arhiva\/dukanovic-u-petnjici-iseljenici-hvala-vam-sto-ste-obnovili-nezavisnost-crna-gore\/#primaryimage\"},\"thumbnailUrl\":\"https:\/\/sandzakpress.net\/arhiva\/wp-content\/uploads\/2017\/08\/djukanovic-u-petnjici-696x469.jpg\",\"datePublished\":\"2017-08-01T11:36:59+00:00\",\"breadcrumb\":{\"@id\":\"https:\/\/sandzakpress.net\/arhiva\/dukanovic-u-petnjici-iseljenici-hvala-vam-sto-ste-obnovili-nezavisnost-crna-gore\/#breadcrumb\"},\"inLanguage\":\"bs-BA\",\"potentialAction\":[{\"@type\":\"ReadAction\",\"target\":[\"https:\/\/sandzakpress.net\/arhiva\/dukanovic-u-petnjici-iseljenici-hvala-vam-sto-ste-obnovili-nezavisnost-crna-gore\/\"]}]},{\"@type\":\"ImageObject\",\"inLanguage\":\"bs-BA\",\"@id\":\"https:\/\/sandzakpress.net\/arhiva\/dukanovic-u-petnjici-iseljenici-hvala-vam-sto-ste-obnovili-nezavisnost-crna-gore\/#primaryimage\",\"url\":\"https:\/\/sandzakpress.net\/arhiva\/wp-content\/uploads\/2017\/08\/djukanovic-u-petnjici-696x469.jpg\",\"contentUrl\":\"https:\/\/sandzakpress.net\/arhiva\/wp-content\/uploads\/2017\/08\/djukanovic-u-petnjici-696x469.jpg\",\"width\":696,\"height\":469},{\"@type\":\"BreadcrumbList\",\"@id\":\"https:\/\/sandzakpress.net\/arhiva\/dukanovic-u-petnjici-iseljenici-hvala-vam-sto-ste-obnovili-nezavisnost-crna-gore\/#breadcrumb\",\"itemListElement\":[{\"@type\":\"ListItem\",\"position\":1,\"name\":\"Home\",\"item\":\"https:\/\/sandzakpress.net\/arhiva\/\"},{\"@type\":\"ListItem\",\"position\":2,\"name\":\"\u0110ukanovi\u0107 u Petnjici: Iseljenici hvala vam \u0161to ste obnovili nezavisnost Crna Gore\"}]},{\"@type\":\"WebSite\",\"@id\":\"https:\/\/sandzakpress.net\/arhiva\/#website\",\"url\":\"https:\/\/sandzakpress.net\/arhiva\/\",\"name\":\"Sand\u017eak PRESS\",\"description\":\"Prve elektronske novine u Sand\u017eaku\",\"publisher\":{\"@id\":\"https:\/\/sandzakpress.net\/arhiva\/#\/schema\/person\/6e72b67d6e51910a1117b3b483ba20bd\"},\"potentialAction\":[{\"@type\":\"SearchAction\",\"target\":{\"@type\":\"EntryPoint\",\"urlTemplate\":\"https:\/\/sandzakpress.net\/arhiva\/?s={search_term_string}\"},\"query-input\":{\"@type\":\"PropertyValueSpecification\",\"valueRequired\":true,\"valueName\":\"search_term_string\"}}],\"inLanguage\":\"bs-BA\"},{\"@type\":[\"Person\",\"Organization\"],\"@id\":\"https:\/\/sandzakpress.net\/arhiva\/#\/schema\/person\/6e72b67d6e51910a1117b3b483ba20bd\",\"name\":\"Kul\",\"image\":{\"@type\":\"ImageObject\",\"inLanguage\":\"bs-BA\",\"@id\":\"https:\/\/sandzakpress.net\/arhiva\/#\/schema\/person\/image\/\",\"url\":\"https:\/\/secure.gravatar.com\/avatar\/42263f39aa27ac04c43cab85c280eb2e?s=96&d=mm&r=pg\",\"contentUrl\":\"https:\/\/secure.gravatar.com\/avatar\/42263f39aa27ac04c43cab85c280eb2e?s=96&d=mm&r=pg\",\"caption\":\"Kul\"},\"logo\":{\"@id\":\"https:\/\/sandzakpress.net\/arhiva\/#\/schema\/person\/image\/\"}},{\"@type\":\"Person\",\"@id\":\"https:\/\/sandzakpress.net\/arhiva\/#\/schema\/person\/cb59d7e3ab91ab90dd680ad0305a6185\",\"name\":\"Agencija\",\"image\":{\"@type\":\"ImageObject\",\"inLanguage\":\"bs-BA\",\"@id\":\"https:\/\/sandzakpress.net\/arhiva\/#\/schema\/person\/image\/\",\"url\":\"https:\/\/secure.gravatar.com\/avatar\/4b7fafa80a22f0c2afe23966b3961fe0?s=96&d=mm&r=pg\",\"contentUrl\":\"https:\/\/secure.gravatar.com\/avatar\/4b7fafa80a22f0c2afe23966b3961fe0?s=96&d=mm&r=pg\",\"caption\":\"Agencija\"},\"url\":\"https:\/\/sandzakpress.net\/arhiva\/author\/agencija\/\"}]}<\/script>\n<!-- \/ Yoast SEO Premium plugin. -->","yoast_head_json":{"title":"\u0110ukanovi\u0107 u Petnjici: Iseljenici hvala vam \u0161to ste obnovili nezavisnost Crna Gore","robots":{"index":"index","follow":"follow","max-snippet":"max-snippet:-1","max-image-preview":"max-image-preview:large","max-video-preview":"max-video-preview:-1"},"canonical":"https:\/\/sandzakpress.net\/arhiva\/dukanovic-u-petnjici-iseljenici-hvala-vam-sto-ste-obnovili-nezavisnost-crna-gore\/","og_locale":"bs_BA","og_type":"article","og_title":"\u0110ukanovi\u0107 u Petnjici: Iseljenici hvala vam \u0161to ste obnovili nezavisnost Crna Gore","og_description":"Dani iseljenika nijesu mogli biti odr\u017eani na boljem mjestu od Petnjice i Bihora, ocijenilo je predsjednik Demokratske partije socijalista (DPS) Milo \u0110ukanovi\u0107 u razgovoru sa crnogorskim iseljenicima, navode\u0107i da je danas Petnjica prijestonica jo\u0161 jedne Crne Gore. \u00a0 \u0110ukanovi\u0107 je, tokom radnog ru\u010dka koji je organizovan u petnji\u010dkom selu Bor, zahvalio svim crnogorskim iseljenicima \u0161to [&hellip;]","og_url":"https:\/\/sandzakpress.net\/arhiva\/dukanovic-u-petnjici-iseljenici-hvala-vam-sto-ste-obnovili-nezavisnost-crna-gore\/","og_site_name":"Sand\u017eak PRESS","article_published_time":"2017-08-01T11:36:59+00:00","og_image":[{"width":696,"height":469,"url":"https:\/\/sandzakpress.net\/arhiva\/wp-content\/uploads\/2017\/08\/djukanovic-u-petnjici-696x469.jpg","type":"image\/jpeg"}],"author":"Agencija","twitter_card":"summary_large_image","twitter_misc":{"Written by":"Agencija","Est. reading time":"2 minute"},"schema":{"@context":"https:\/\/schema.org","@graph":[{"@type":"Article","@id":"https:\/\/sandzakpress.net\/arhiva\/dukanovic-u-petnjici-iseljenici-hvala-vam-sto-ste-obnovili-nezavisnost-crna-gore\/#article","isPartOf":{"@id":"https:\/\/sandzakpress.net\/arhiva\/dukanovic-u-petnjici-iseljenici-hvala-vam-sto-ste-obnovili-nezavisnost-crna-gore\/"},"author":{"name":"Agencija","@id":"https:\/\/sandzakpress.net\/arhiva\/#\/schema\/person\/cb59d7e3ab91ab90dd680ad0305a6185"},"headline":"\u0110ukanovi\u0107 u Petnjici: Iseljenici hvala vam \u0161to ste obnovili nezavisnost Crna Gore","datePublished":"2017-08-01T11:36:59+00:00","mainEntityOfPage":{"@id":"https:\/\/sandzakpress.net\/arhiva\/dukanovic-u-petnjici-iseljenici-hvala-vam-sto-ste-obnovili-nezavisnost-crna-gore\/"},"wordCount":399,"commentCount":4,"publisher":{"@id":"https:\/\/sandzakpress.net\/arhiva\/#\/schema\/person\/6e72b67d6e51910a1117b3b483ba20bd"},"image":{"@id":"https:\/\/sandzakpress.net\/arhiva\/dukanovic-u-petnjici-iseljenici-hvala-vam-sto-ste-obnovili-nezavisnost-crna-gore\/#primaryimage"},"thumbnailUrl":"https:\/\/sandzakpress.net\/arhiva\/wp-content\/uploads\/2017\/08\/djukanovic-u-petnjici-696x469.jpg","articleSection":["Politika","Petnjica","VIJESTI DANA"],"inLanguage":"bs-BA","potentialAction":[{"@type":"CommentAction","name":"Comment","target":["https:\/\/sandzakpress.net\/arhiva\/dukanovic-u-petnjici-iseljenici-hvala-vam-sto-ste-obnovili-nezavisnost-crna-gore\/#respond"]}]},{"@type":"WebPage","@id":"https:\/\/sandzakpress.net\/arhiva\/dukanovic-u-petnjici-iseljenici-hvala-vam-sto-ste-obnovili-nezavisnost-crna-gore\/","url":"https:\/\/sandzakpress.net\/arhiva\/dukanovic-u-petnjici-iseljenici-hvala-vam-sto-ste-obnovili-nezavisnost-crna-gore\/","name":"\u0110ukanovi\u0107 u Petnjici: Iseljenici hvala vam \u0161to ste obnovili nezavisnost Crna Gore","isPartOf":{"@id":"https:\/\/sandzakpress.net\/arhiva\/#website"},"primaryImageOfPage":{"@id":"https:\/\/sandzakpress.net\/arhiva\/dukanovic-u-petnjici-iseljenici-hvala-vam-sto-ste-obnovili-nezavisnost-crna-gore\/#primaryimage"},"image":{"@id":"https:\/\/sandzakpress.net\/arhiva\/dukanovic-u-petnjici-iseljenici-hvala-vam-sto-ste-obnovili-nezavisnost-crna-gore\/#primaryimage"},"thumbnailUrl":"https:\/\/sandzakpress.net\/arhiva\/wp-content\/uploads\/2017\/08\/djukanovic-u-petnjici-696x469.jpg","datePublished":"2017-08-01T11:36:59+00:00","breadcrumb":{"@id":"https:\/\/sandzakpress.net\/arhiva\/dukanovic-u-petnjici-iseljenici-hvala-vam-sto-ste-obnovili-nezavisnost-crna-gore\/#breadcrumb"},"inLanguage":"bs-BA","potentialAction":[{"@type":"ReadAction","target":["https:\/\/sandzakpress.net\/arhiva\/dukanovic-u-petnjici-iseljenici-hvala-vam-sto-ste-obnovili-nezavisnost-crna-gore\/"]}]},{"@type":"ImageObject","inLanguage":"bs-BA","@id":"https:\/\/sandzakpress.net\/arhiva\/dukanovic-u-petnjici-iseljenici-hvala-vam-sto-ste-obnovili-nezavisnost-crna-gore\/#primaryimage","url":"https:\/\/sandzakpress.net\/arhiva\/wp-content\/uploads\/2017\/08\/djukanovic-u-petnjici-696x469.jpg","contentUrl":"https:\/\/sandzakpress.net\/arhiva\/wp-content\/uploads\/2017\/08\/djukanovic-u-petnjici-696x469.jpg","width":696,"height":469},{"@type":"BreadcrumbList","@id":"https:\/\/sandzakpress.net\/arhiva\/dukanovic-u-petnjici-iseljenici-hvala-vam-sto-ste-obnovili-nezavisnost-crna-gore\/#breadcrumb","itemListElement":[{"@type":"ListItem","position":1,"name":"Home","item":"https:\/\/sandzakpress.net\/arhiva\/"},{"@type":"ListItem","position":2,"name":"\u0110ukanovi\u0107 u Petnjici: Iseljenici hvala vam \u0161to ste obnovili nezavisnost Crna Gore"}]},{"@type":"WebSite","@id":"https:\/\/sandzakpress.net\/arhiva\/#website","url":"https:\/\/sandzakpress.net\/arhiva\/","name":"Sand\u017eak PRESS","description":"Prve elektronske novine u Sand\u017eaku","publisher":{"@id":"https:\/\/sandzakpress.net\/arhiva\/#\/schema\/person\/6e72b67d6e51910a1117b3b483ba20bd"},"potentialAction":[{"@type":"SearchAction","target":{"@type":"EntryPoint","urlTemplate":"https:\/\/sandzakpress.net\/arhiva\/?s={search_term_string}"},"query-input":{"@type":"PropertyValueSpecification","valueRequired":true,"valueName":"search_term_string"}}],"inLanguage":"bs-BA"},{"@type":["Person","Organization"],"@id":"https:\/\/sandzakpress.net\/arhiva\/#\/schema\/person\/6e72b67d6e51910a1117b3b483ba20bd","name":"Kul","image":{"@type":"ImageObject","inLanguage":"bs-BA","@id":"https:\/\/sandzakpress.net\/arhiva\/#\/schema\/person\/image\/","url":"https:\/\/secure.gravatar.com\/avatar\/42263f39aa27ac04c43cab85c280eb2e?s=96&d=mm&r=pg","contentUrl":"https:\/\/secure.gravatar.com\/avatar\/42263f39aa27ac04c43cab85c280eb2e?s=96&d=mm&r=pg","caption":"Kul"},"logo":{"@id":"https:\/\/sandzakpress.net\/arhiva\/#\/schema\/person\/image\/"}},{"@type":"Person","@id":"https:\/\/sandzakpress.net\/arhiva\/#\/schema\/person\/cb59d7e3ab91ab90dd680ad0305a6185","name":"Agencija","image":{"@type":"ImageObject","inLanguage":"bs-BA","@id":"https:\/\/sandzakpress.net\/arhiva\/#\/schema\/person\/image\/","url":"https:\/\/secure.gravatar.com\/avatar\/4b7fafa80a22f0c2afe23966b3961fe0?s=96&d=mm&r=pg","contentUrl":"https:\/\/secure.gravatar.com\/avatar\/4b7fafa80a22f0c2afe23966b3961fe0?s=96&d=mm&r=pg","caption":"Agencija"},"url":"https:\/\/sandzakpress.net\/arhiva\/author\/agencija\/"}]}},"_links":{"self":[{"href":"https:\/\/sandzakpress.net\/arhiva\/wp-json\/wp\/v2\/posts\/192253"}],"collection":[{"href":"https:\/\/sandzakpress.net\/arhiva\/wp-json\/wp\/v2\/posts"}],"about":[{"href":"https:\/\/sandzakpress.net\/arhiva\/wp-json\/wp\/v2\/types\/post"}],"author":[{"embeddable":true,"href":"https:\/\/sandzakpress.net\/arhiva\/wp-json\/wp\/v2\/users\/509"}],"replies":[{"embeddable":true,"href":"https:\/\/sandzakpress.net\/arhiva\/wp-json\/wp\/v2\/comments?post=192253"}],"version-history":[{"count":0,"href":"https:\/\/sandzakpress.net\/arhiva\/wp-json\/wp\/v2\/posts\/192253\/revisions"}],"wp:featuredmedia":[{"embeddable":true,"href":"https:\/\/sandzakpress.net\/arhiva\/wp-json\/wp\/v2\/media\/192273"}],"wp:attachment":[{"href":"https:\/\/sandzakpress.net\/arhiva\/wp-json\/wp\/v2\/media?parent=192253"}],"wp:term":[{"taxonomy":"category","embeddable":true,"href":"https:\/\/sandzakpress.net\/arhiva\/wp-json\/wp\/v2\/categories?post=192253"},{"taxonomy":"post_tag","embeddable":true,"href":"https:\/\/sandzakpress.net\/arhiva\/wp-json\/wp\/v2\/tags?post=192253"}],"curies":[{"name":"wp","href":"https:\/\/api.w.org\/{rel}","templated":true}]}}