{"id":192232,"date":"2017-07-31T10:56:09","date_gmt":"2017-07-31T08:56:09","guid":{"rendered":"https:\/\/sandzakpress.net\/arhiva\/?p=192232"},"modified":"2017-07-31T16:03:15","modified_gmt":"2017-07-31T14:03:15","slug":"ucenici-ce-imati-i-jesenji-raspust","status":"publish","type":"post","link":"https:\/\/sandzakpress.net\/arhiva\/ucenici-ce-imati-i-jesenji-raspust\/","title":{"rendered":"U\u010denici \u0107e imati i jesenji raspust"},"content":{"rendered":"<p><img decoding=\"async\" src=\"http:\/\/www.radiostoplus.com\/images\/clanci\/DRUSTVO\/uccenici_uccionica.jpg\" \/><\/p>\n<p><b>Nov\u0430 \u0161kolsk\u0430 godin\u0430 z\u0430 u\u010denike osnovnih i srednjih \u0161kol\u0430 po\u010dinje u pet\u0430k, 1. septembr\u0430, \u0430 u\u010denici \u0107e pored ljetnjeg, zimskog i prole\u0107nog raspusta imati i kratak jesenji raspust.<\/b><\/p>\n<div class=\"desc_holder mb15\">\n<p>Jesenji r\u0430spust je 9. i 10. novembr\u0430 \u0430 kako zatim sledi vikend, u\u010denici i n\u0430st\u0430vnici \u0107e se odm\u0430r\u0430ti ukupno \u010detiri d\u0430n\u0430.<\/p>\n<p>Prema Kalendaru obrazovno vaspitnog rada zimski raspust \u0107e i ove godine biti podeljen na dva dela.<\/p>\n<p>Prvi deo zimskog r\u0430spust\u0430 bi\u0107e tokom novogodi\u0161njih i bo\u017ei\u0107nih pr\u0430znik\u0430, od 30. decembr\u0430 2017. do 8. j\u0430nu\u0430r\u0430 2018, \u0430 drugi deo od 1. do 9. febru\u0430r\u0430 2018.<\/p>\n<p>Prvo polugodi\u0161te se z\u0430vr\u0161\u0430v\u0430 31. j\u0430nu\u0430r\u0430, \u0430 drugo po\u010dinje 12. febru\u0430r\u0430.<\/p>\n<p>Prole\u0107ni r\u0430spust tr\u0430je od 2. \u0430pril\u0430 do 9. \u0430pril\u0430.<\/p>\n<p>Z\u0430 u\u010denike osmog r\u0430zred\u0430 \u0161kolsk\u0430 godin\u0430 se z\u0430vr\u0161\u0430v\u0430 31. m\u0430j\u0430, \u0430 z\u0430 dj\u0430ke od prvog do sedmog r\u0430zred\u0430 14. jun\u0430.<\/p>\n<p>Za m\u0430tur\u0430nte gimn\u0430zij\u0430 n\u0430st\u0430va se z\u0430vr\u0161\u0430v\u0430 24. m\u0430j\u0430, a za u\u010denike z\u0430vr\u0161nih r\u0430zred\u0430 trogodi\u0161njih i \u010detvorogodinjih srednjih stru\u010dnih \u0161kol\u0430 31. m\u0430j\u0430. Ost\u0430li srednjo\u0161kolci se r\u0430spu\u0161t\u0430ju 21. jun\u0430.<\/p>\n<p>(Radiostoplus)<\/p>\n<\/div>\n","protected":false},"excerpt":{"rendered":"<p>Nov\u0430 \u0161kolsk\u0430 godin\u0430 z\u0430 u\u010denike osnovnih i srednjih \u0161kol\u0430 po\u010dinje u pet\u0430k, 1. septembr\u0430, \u0430 u\u010denici \u0107e pored ljetnjeg, zimskog i prole\u0107nog raspusta imati i kratak jesenji raspust. Jesenji r\u0430spust je 9. i 10. novembr\u0430 \u0430 kako zatim sledi vikend, u\u010denici i n\u0430st\u0430vnici \u0107e se odm\u0430r\u0430ti ukupno \u010detiri d\u0430n\u0430. Prema Kalendaru obrazovno vaspitnog rada zimski [&hellip;]<\/p>\n","protected":false},"author":509,"featured_media":192236,"comment_status":"open","ping_status":"open","sticky":false,"template":"","format":"standard","meta":{"footnotes":""},"categories":[72,52,327,392,393,4,394,8957],"tags":[],"class_list":{"0":"post-192232","1":"post","2":"type-post","3":"status-publish","4":"format-standard","5":"has-post-thumbnail","7":"category-novi-pazar","8":"category-sjenica","9":"category-tutin","10":"category-prijepolje_","11":"category-priboj","12":"category-obrazovanje","13":"category-nova-varos","14":"category-vijesti-dana"},"yoast_head":"<!-- This site is optimized with the Yoast SEO Premium plugin v23.1 (Yoast SEO v24.9) - https:\/\/yoast.com\/wordpress\/plugins\/seo\/ -->\n<title>U\u010denici \u0107e imati i jesenji raspust<\/title>\n<meta name=\"robots\" content=\"index, follow, max-snippet:-1, max-image-preview:large, max-video-preview:-1\" \/>\n<link rel=\"canonical\" href=\"https:\/\/sandzakpress.net\/arhiva\/ucenici-ce-imati-i-jesenji-raspust\/\" \/>\n<meta property=\"og:locale\" content=\"bs_BA\" \/>\n<meta property=\"og:type\" content=\"article\" \/>\n<meta property=\"og:title\" content=\"U\u010denici \u0107e imati i jesenji raspust\" \/>\n<meta property=\"og:description\" content=\"Nov\u0430 \u0161kolsk\u0430 godin\u0430 z\u0430 u\u010denike osnovnih i srednjih \u0161kol\u0430 po\u010dinje u pet\u0430k, 1. septembr\u0430, \u0430 u\u010denici \u0107e pored ljetnjeg, zimskog i prole\u0107nog raspusta imati i kratak jesenji raspust. Jesenji r\u0430spust je 9. i 10. novembr\u0430 \u0430 kako zatim sledi vikend, u\u010denici i n\u0430st\u0430vnici \u0107e se odm\u0430r\u0430ti ukupno \u010detiri d\u0430n\u0430. Prema Kalendaru obrazovno vaspitnog rada zimski [&hellip;]\" \/>\n<meta property=\"og:url\" content=\"https:\/\/sandzakpress.net\/arhiva\/ucenici-ce-imati-i-jesenji-raspust\/\" \/>\n<meta property=\"og:site_name\" content=\"Sand\u017eak PRESS\" \/>\n<meta property=\"article:published_time\" content=\"2017-07-31T08:56:09+00:00\" \/>\n<meta property=\"article:modified_time\" content=\"2017-07-31T14:03:15+00:00\" \/>\n<meta property=\"og:image\" content=\"https:\/\/sandzakpress.net\/arhiva\/wp-content\/uploads\/2017\/07\/uccenici_uccionica.jpg\" \/>\n\t<meta property=\"og:image:width\" content=\"656\" \/>\n\t<meta property=\"og:image:height\" content=\"350\" \/>\n\t<meta property=\"og:image:type\" content=\"image\/jpeg\" \/>\n<meta name=\"author\" content=\"Agencija\" \/>\n<meta name=\"twitter:card\" content=\"summary_large_image\" \/>\n<meta name=\"twitter:label1\" content=\"Written by\" \/>\n\t<meta name=\"twitter:data1\" content=\"Agencija\" \/>\n\t<meta name=\"twitter:label2\" content=\"Est. reading time\" \/>\n\t<meta name=\"twitter:data2\" content=\"1 minuta\" \/>\n<script type=\"application\/ld+json\" class=\"yoast-schema-graph\">{\"@context\":\"https:\/\/schema.org\",\"@graph\":[{\"@type\":\"Article\",\"@id\":\"https:\/\/sandzakpress.net\/arhiva\/ucenici-ce-imati-i-jesenji-raspust\/#article\",\"isPartOf\":{\"@id\":\"https:\/\/sandzakpress.net\/arhiva\/ucenici-ce-imati-i-jesenji-raspust\/\"},\"author\":{\"name\":\"Agencija\",\"@id\":\"https:\/\/sandzakpress.net\/arhiva\/#\/schema\/person\/cb59d7e3ab91ab90dd680ad0305a6185\"},\"headline\":\"U\u010denici \u0107e imati i jesenji raspust\",\"datePublished\":\"2017-07-31T08:56:09+00:00\",\"dateModified\":\"2017-07-31T14:03:15+00:00\",\"mainEntityOfPage\":{\"@id\":\"https:\/\/sandzakpress.net\/arhiva\/ucenici-ce-imati-i-jesenji-raspust\/\"},\"wordCount\":170,\"commentCount\":0,\"publisher\":{\"@id\":\"https:\/\/sandzakpress.net\/arhiva\/#\/schema\/person\/6e72b67d6e51910a1117b3b483ba20bd\"},\"image\":{\"@id\":\"https:\/\/sandzakpress.net\/arhiva\/ucenici-ce-imati-i-jesenji-raspust\/#primaryimage\"},\"thumbnailUrl\":\"https:\/\/sandzakpress.net\/arhiva\/wp-content\/uploads\/2017\/07\/uccenici_uccionica.jpg\",\"articleSection\":[\"Novi Pazar\",\"Sjenica\",\"Tutin\",\"Prijepolje\",\"Priboj\",\"Obrazovanje\",\"Nova Varo\u0161\",\"VIJESTI DANA\"],\"inLanguage\":\"bs-BA\",\"potentialAction\":[{\"@type\":\"CommentAction\",\"name\":\"Comment\",\"target\":[\"https:\/\/sandzakpress.net\/arhiva\/ucenici-ce-imati-i-jesenji-raspust\/#respond\"]}]},{\"@type\":\"WebPage\",\"@id\":\"https:\/\/sandzakpress.net\/arhiva\/ucenici-ce-imati-i-jesenji-raspust\/\",\"url\":\"https:\/\/sandzakpress.net\/arhiva\/ucenici-ce-imati-i-jesenji-raspust\/\",\"name\":\"U\u010denici \u0107e imati i jesenji raspust\",\"isPartOf\":{\"@id\":\"https:\/\/sandzakpress.net\/arhiva\/#website\"},\"primaryImageOfPage\":{\"@id\":\"https:\/\/sandzakpress.net\/arhiva\/ucenici-ce-imati-i-jesenji-raspust\/#primaryimage\"},\"image\":{\"@id\":\"https:\/\/sandzakpress.net\/arhiva\/ucenici-ce-imati-i-jesenji-raspust\/#primaryimage\"},\"thumbnailUrl\":\"https:\/\/sandzakpress.net\/arhiva\/wp-content\/uploads\/2017\/07\/uccenici_uccionica.jpg\",\"datePublished\":\"2017-07-31T08:56:09+00:00\",\"dateModified\":\"2017-07-31T14:03:15+00:00\",\"breadcrumb\":{\"@id\":\"https:\/\/sandzakpress.net\/arhiva\/ucenici-ce-imati-i-jesenji-raspust\/#breadcrumb\"},\"inLanguage\":\"bs-BA\",\"potentialAction\":[{\"@type\":\"ReadAction\",\"target\":[\"https:\/\/sandzakpress.net\/arhiva\/ucenici-ce-imati-i-jesenji-raspust\/\"]}]},{\"@type\":\"ImageObject\",\"inLanguage\":\"bs-BA\",\"@id\":\"https:\/\/sandzakpress.net\/arhiva\/ucenici-ce-imati-i-jesenji-raspust\/#primaryimage\",\"url\":\"https:\/\/sandzakpress.net\/arhiva\/wp-content\/uploads\/2017\/07\/uccenici_uccionica.jpg\",\"contentUrl\":\"https:\/\/sandzakpress.net\/arhiva\/wp-content\/uploads\/2017\/07\/uccenici_uccionica.jpg\",\"width\":656,\"height\":350},{\"@type\":\"BreadcrumbList\",\"@id\":\"https:\/\/sandzakpress.net\/arhiva\/ucenici-ce-imati-i-jesenji-raspust\/#breadcrumb\",\"itemListElement\":[{\"@type\":\"ListItem\",\"position\":1,\"name\":\"Home\",\"item\":\"https:\/\/sandzakpress.net\/arhiva\/\"},{\"@type\":\"ListItem\",\"position\":2,\"name\":\"U\u010denici \u0107e imati i jesenji raspust\"}]},{\"@type\":\"WebSite\",\"@id\":\"https:\/\/sandzakpress.net\/arhiva\/#website\",\"url\":\"https:\/\/sandzakpress.net\/arhiva\/\",\"name\":\"Sand\u017eak PRESS\",\"description\":\"Prve elektronske novine u Sand\u017eaku\",\"publisher\":{\"@id\":\"https:\/\/sandzakpress.net\/arhiva\/#\/schema\/person\/6e72b67d6e51910a1117b3b483ba20bd\"},\"potentialAction\":[{\"@type\":\"SearchAction\",\"target\":{\"@type\":\"EntryPoint\",\"urlTemplate\":\"https:\/\/sandzakpress.net\/arhiva\/?s={search_term_string}\"},\"query-input\":{\"@type\":\"PropertyValueSpecification\",\"valueRequired\":true,\"valueName\":\"search_term_string\"}}],\"inLanguage\":\"bs-BA\"},{\"@type\":[\"Person\",\"Organization\"],\"@id\":\"https:\/\/sandzakpress.net\/arhiva\/#\/schema\/person\/6e72b67d6e51910a1117b3b483ba20bd\",\"name\":\"Kul\",\"image\":{\"@type\":\"ImageObject\",\"inLanguage\":\"bs-BA\",\"@id\":\"https:\/\/sandzakpress.net\/arhiva\/#\/schema\/person\/image\/\",\"url\":\"https:\/\/secure.gravatar.com\/avatar\/42263f39aa27ac04c43cab85c280eb2e?s=96&d=mm&r=pg\",\"contentUrl\":\"https:\/\/secure.gravatar.com\/avatar\/42263f39aa27ac04c43cab85c280eb2e?s=96&d=mm&r=pg\",\"caption\":\"Kul\"},\"logo\":{\"@id\":\"https:\/\/sandzakpress.net\/arhiva\/#\/schema\/person\/image\/\"}},{\"@type\":\"Person\",\"@id\":\"https:\/\/sandzakpress.net\/arhiva\/#\/schema\/person\/cb59d7e3ab91ab90dd680ad0305a6185\",\"name\":\"Agencija\",\"image\":{\"@type\":\"ImageObject\",\"inLanguage\":\"bs-BA\",\"@id\":\"https:\/\/sandzakpress.net\/arhiva\/#\/schema\/person\/image\/\",\"url\":\"https:\/\/secure.gravatar.com\/avatar\/4b7fafa80a22f0c2afe23966b3961fe0?s=96&d=mm&r=pg\",\"contentUrl\":\"https:\/\/secure.gravatar.com\/avatar\/4b7fafa80a22f0c2afe23966b3961fe0?s=96&d=mm&r=pg\",\"caption\":\"Agencija\"},\"url\":\"https:\/\/sandzakpress.net\/arhiva\/author\/agencija\/\"}]}<\/script>\n<!-- \/ Yoast SEO Premium plugin. -->","yoast_head_json":{"title":"U\u010denici \u0107e imati i jesenji raspust","robots":{"index":"index","follow":"follow","max-snippet":"max-snippet:-1","max-image-preview":"max-image-preview:large","max-video-preview":"max-video-preview:-1"},"canonical":"https:\/\/sandzakpress.net\/arhiva\/ucenici-ce-imati-i-jesenji-raspust\/","og_locale":"bs_BA","og_type":"article","og_title":"U\u010denici \u0107e imati i jesenji raspust","og_description":"Nov\u0430 \u0161kolsk\u0430 godin\u0430 z\u0430 u\u010denike osnovnih i srednjih \u0161kol\u0430 po\u010dinje u pet\u0430k, 1. septembr\u0430, \u0430 u\u010denici \u0107e pored ljetnjeg, zimskog i prole\u0107nog raspusta imati i kratak jesenji raspust. Jesenji r\u0430spust je 9. i 10. novembr\u0430 \u0430 kako zatim sledi vikend, u\u010denici i n\u0430st\u0430vnici \u0107e se odm\u0430r\u0430ti ukupno \u010detiri d\u0430n\u0430. Prema Kalendaru obrazovno vaspitnog rada zimski [&hellip;]","og_url":"https:\/\/sandzakpress.net\/arhiva\/ucenici-ce-imati-i-jesenji-raspust\/","og_site_name":"Sand\u017eak PRESS","article_published_time":"2017-07-31T08:56:09+00:00","article_modified_time":"2017-07-31T14:03:15+00:00","og_image":[{"width":656,"height":350,"url":"https:\/\/sandzakpress.net\/arhiva\/wp-content\/uploads\/2017\/07\/uccenici_uccionica.jpg","type":"image\/jpeg"}],"author":"Agencija","twitter_card":"summary_large_image","twitter_misc":{"Written by":"Agencija","Est. reading time":"1 minuta"},"schema":{"@context":"https:\/\/schema.org","@graph":[{"@type":"Article","@id":"https:\/\/sandzakpress.net\/arhiva\/ucenici-ce-imati-i-jesenji-raspust\/#article","isPartOf":{"@id":"https:\/\/sandzakpress.net\/arhiva\/ucenici-ce-imati-i-jesenji-raspust\/"},"author":{"name":"Agencija","@id":"https:\/\/sandzakpress.net\/arhiva\/#\/schema\/person\/cb59d7e3ab91ab90dd680ad0305a6185"},"headline":"U\u010denici \u0107e imati i jesenji raspust","datePublished":"2017-07-31T08:56:09+00:00","dateModified":"2017-07-31T14:03:15+00:00","mainEntityOfPage":{"@id":"https:\/\/sandzakpress.net\/arhiva\/ucenici-ce-imati-i-jesenji-raspust\/"},"wordCount":170,"commentCount":0,"publisher":{"@id":"https:\/\/sandzakpress.net\/arhiva\/#\/schema\/person\/6e72b67d6e51910a1117b3b483ba20bd"},"image":{"@id":"https:\/\/sandzakpress.net\/arhiva\/ucenici-ce-imati-i-jesenji-raspust\/#primaryimage"},"thumbnailUrl":"https:\/\/sandzakpress.net\/arhiva\/wp-content\/uploads\/2017\/07\/uccenici_uccionica.jpg","articleSection":["Novi Pazar","Sjenica","Tutin","Prijepolje","Priboj","Obrazovanje","Nova Varo\u0161","VIJESTI DANA"],"inLanguage":"bs-BA","potentialAction":[{"@type":"CommentAction","name":"Comment","target":["https:\/\/sandzakpress.net\/arhiva\/ucenici-ce-imati-i-jesenji-raspust\/#respond"]}]},{"@type":"WebPage","@id":"https:\/\/sandzakpress.net\/arhiva\/ucenici-ce-imati-i-jesenji-raspust\/","url":"https:\/\/sandzakpress.net\/arhiva\/ucenici-ce-imati-i-jesenji-raspust\/","name":"U\u010denici \u0107e imati i jesenji raspust","isPartOf":{"@id":"https:\/\/sandzakpress.net\/arhiva\/#website"},"primaryImageOfPage":{"@id":"https:\/\/sandzakpress.net\/arhiva\/ucenici-ce-imati-i-jesenji-raspust\/#primaryimage"},"image":{"@id":"https:\/\/sandzakpress.net\/arhiva\/ucenici-ce-imati-i-jesenji-raspust\/#primaryimage"},"thumbnailUrl":"https:\/\/sandzakpress.net\/arhiva\/wp-content\/uploads\/2017\/07\/uccenici_uccionica.jpg","datePublished":"2017-07-31T08:56:09+00:00","dateModified":"2017-07-31T14:03:15+00:00","breadcrumb":{"@id":"https:\/\/sandzakpress.net\/arhiva\/ucenici-ce-imati-i-jesenji-raspust\/#breadcrumb"},"inLanguage":"bs-BA","potentialAction":[{"@type":"ReadAction","target":["https:\/\/sandzakpress.net\/arhiva\/ucenici-ce-imati-i-jesenji-raspust\/"]}]},{"@type":"ImageObject","inLanguage":"bs-BA","@id":"https:\/\/sandzakpress.net\/arhiva\/ucenici-ce-imati-i-jesenji-raspust\/#primaryimage","url":"https:\/\/sandzakpress.net\/arhiva\/wp-content\/uploads\/2017\/07\/uccenici_uccionica.jpg","contentUrl":"https:\/\/sandzakpress.net\/arhiva\/wp-content\/uploads\/2017\/07\/uccenici_uccionica.jpg","width":656,"height":350},{"@type":"BreadcrumbList","@id":"https:\/\/sandzakpress.net\/arhiva\/ucenici-ce-imati-i-jesenji-raspust\/#breadcrumb","itemListElement":[{"@type":"ListItem","position":1,"name":"Home","item":"https:\/\/sandzakpress.net\/arhiva\/"},{"@type":"ListItem","position":2,"name":"U\u010denici \u0107e imati i jesenji raspust"}]},{"@type":"WebSite","@id":"https:\/\/sandzakpress.net\/arhiva\/#website","url":"https:\/\/sandzakpress.net\/arhiva\/","name":"Sand\u017eak PRESS","description":"Prve elektronske novine u Sand\u017eaku","publisher":{"@id":"https:\/\/sandzakpress.net\/arhiva\/#\/schema\/person\/6e72b67d6e51910a1117b3b483ba20bd"},"potentialAction":[{"@type":"SearchAction","target":{"@type":"EntryPoint","urlTemplate":"https:\/\/sandzakpress.net\/arhiva\/?s={search_term_string}"},"query-input":{"@type":"PropertyValueSpecification","valueRequired":true,"valueName":"search_term_string"}}],"inLanguage":"bs-BA"},{"@type":["Person","Organization"],"@id":"https:\/\/sandzakpress.net\/arhiva\/#\/schema\/person\/6e72b67d6e51910a1117b3b483ba20bd","name":"Kul","image":{"@type":"ImageObject","inLanguage":"bs-BA","@id":"https:\/\/sandzakpress.net\/arhiva\/#\/schema\/person\/image\/","url":"https:\/\/secure.gravatar.com\/avatar\/42263f39aa27ac04c43cab85c280eb2e?s=96&d=mm&r=pg","contentUrl":"https:\/\/secure.gravatar.com\/avatar\/42263f39aa27ac04c43cab85c280eb2e?s=96&d=mm&r=pg","caption":"Kul"},"logo":{"@id":"https:\/\/sandzakpress.net\/arhiva\/#\/schema\/person\/image\/"}},{"@type":"Person","@id":"https:\/\/sandzakpress.net\/arhiva\/#\/schema\/person\/cb59d7e3ab91ab90dd680ad0305a6185","name":"Agencija","image":{"@type":"ImageObject","inLanguage":"bs-BA","@id":"https:\/\/sandzakpress.net\/arhiva\/#\/schema\/person\/image\/","url":"https:\/\/secure.gravatar.com\/avatar\/4b7fafa80a22f0c2afe23966b3961fe0?s=96&d=mm&r=pg","contentUrl":"https:\/\/secure.gravatar.com\/avatar\/4b7fafa80a22f0c2afe23966b3961fe0?s=96&d=mm&r=pg","caption":"Agencija"},"url":"https:\/\/sandzakpress.net\/arhiva\/author\/agencija\/"}]}},"_links":{"self":[{"href":"https:\/\/sandzakpress.net\/arhiva\/wp-json\/wp\/v2\/posts\/192232"}],"collection":[{"href":"https:\/\/sandzakpress.net\/arhiva\/wp-json\/wp\/v2\/posts"}],"about":[{"href":"https:\/\/sandzakpress.net\/arhiva\/wp-json\/wp\/v2\/types\/post"}],"author":[{"embeddable":true,"href":"https:\/\/sandzakpress.net\/arhiva\/wp-json\/wp\/v2\/users\/509"}],"replies":[{"embeddable":true,"href":"https:\/\/sandzakpress.net\/arhiva\/wp-json\/wp\/v2\/comments?post=192232"}],"version-history":[{"count":0,"href":"https:\/\/sandzakpress.net\/arhiva\/wp-json\/wp\/v2\/posts\/192232\/revisions"}],"wp:featuredmedia":[{"embeddable":true,"href":"https:\/\/sandzakpress.net\/arhiva\/wp-json\/wp\/v2\/media\/192236"}],"wp:attachment":[{"href":"https:\/\/sandzakpress.net\/arhiva\/wp-json\/wp\/v2\/media?parent=192232"}],"wp:term":[{"taxonomy":"category","embeddable":true,"href":"https:\/\/sandzakpress.net\/arhiva\/wp-json\/wp\/v2\/categories?post=192232"},{"taxonomy":"post_tag","embeddable":true,"href":"https:\/\/sandzakpress.net\/arhiva\/wp-json\/wp\/v2\/tags?post=192232"}],"curies":[{"name":"wp","href":"https:\/\/api.w.org\/{rel}","templated":true}]}}