{"id":19205,"date":"2011-08-29T20:40:19","date_gmt":"2011-08-29T18:40:19","guid":{"rendered":"https:\/\/sandzakpress.net\/arhiva\/?p=19205"},"modified":"2011-08-29T20:40:19","modified_gmt":"2011-08-29T18:40:19","slug":"bajramska-cestitka-glavnog-muftije","status":"publish","type":"post","link":"https:\/\/sandzakpress.net\/arhiva\/bajramska-cestitka-glavnog-muftije\/","title":{"rendered":"Bajramska \u010destitka Glavnog muftije"},"content":{"rendered":"<p><strong><a href=\"https:\/\/sandzakpress.net\/arhiva\/wp-content\/uploads\/2011\/08\/muftija-selami1.jpg\"><img loading=\"lazy\" decoding=\"async\" class=\"alignleft size-medium wp-image-19206\" title=\"muftija selami\" src=\"https:\/\/sandzakpress.net\/arhiva\/wp-content\/uploads\/2011\/08\/muftija-selami1-166x300.jpg\" alt=\"\" width=\"166\" height=\"300\" \/><\/a>Sand\u017eak &#8211; Ispra\u0107amo prvi Ramazan poslije petnaest godina bez neposrednog ataka na Islamsku zajednicu. To razumijemo kao po\u010detak pobjede istine, prava i pravde.<\/strong><\/p>\n<p>U ibadetu posta, namaza, Kur'ana i pune predanosti Stvoritelju provedosmo mjesec Ramazan oja\u010dani na putu emaneta uspostave reda na Zemlji.<\/p>\n<p>Festival islama sa masovnim iftarima na otvorenom \u0161irom Sand\u017eaka potvrdio je snagu jedinstva i odlu\u010dnosti muslimana ovog prostora, o\u017eivljavaju\u0107i tradiciju solidarnosti i natjecanja u gostoljubivosti i dobro\u010dinstvu.<\/p>\n<p>U punom sjaju plemenitih du\u0161a, sa izo\u0161trenom voljom i jasnim ciljem muslimani do\u010dekuju ovaj Bajram. Radosni zbog uspje\u0161nog ramazanskog uspona, ipak sa dozom tuge zbog ispra\u0107aja najdra\u017eega gosta.<\/p>\n<p>Pravi posta\u010di imaju pravo na punu radost Bajrama. I neka se raduju kako im dolikuje, sa porodicama i prijateljima svojim. Pravi\u00a0\u00a0musliman ne\u0107e obilje\u017eiti Bajram uz alkohol i druge harame, \u010dime bi uprljao \u010distotu Ramazana i Bajrama.<\/p>\n<p>Plemenitost du\u0161e muslimana potvrdi\u0107e se kvalitetom njegovog pona\u0161anja do sljede\u0107eg Ramazana. Musliman je dobar koliko su mu dobra djela.<\/p>\n<p>U tom svjetlu, BAJRAM MUBAREK OLSUN svim posta\u010dima i njihovim porodicama.<\/p>\n<p>Izvor: <strong>Mesihat.org<\/strong><\/p>\n","protected":false},"excerpt":{"rendered":"<p>Sand\u017eak &#8211; Ispra\u0107amo prvi Ramazan poslije petnaest godina bez neposrednog ataka na Islamsku zajednicu. To razumijemo kao po\u010detak pobjede istine, prava i pravde. U ibadetu posta, namaza, Kur'ana i pune predanosti Stvoritelju provedosmo mjesec Ramazan oja\u010dani na putu emaneta uspostave reda na Zemlji. Festival islama sa masovnim iftarima na otvorenom \u0161irom Sand\u017eaka potvrdio je snagu [&hellip;]<\/p>\n","protected":false},"author":83,"featured_media":19206,"comment_status":"open","ping_status":"open","sticky":false,"template":"","format":"standard","meta":{"footnotes":""},"categories":[398,72,397,52,327,396,392,802,393,395,399,394],"tags":[],"class_list":{"0":"post-19205","1":"post","2":"type-post","3":"status-publish","4":"format-standard","5":"has-post-thumbnail","7":"category-rozaje","8":"category-novi-pazar","9":"category-berane","10":"category-sjenica","11":"category-tutin","12":"category-bijelo_polje","13":"category-prijepolje_","14":"category-islamska_zajednica","15":"category-priboj","16":"category-pljevlja_","17":"category-plav_","18":"category-nova-varos"},"yoast_head":"<!-- This site is optimized with the Yoast SEO Premium plugin v23.1 (Yoast SEO v24.9) - https:\/\/yoast.com\/wordpress\/plugins\/seo\/ -->\n<title>Bajramska \u010destitka Glavnog muftije<\/title>\n<meta name=\"robots\" content=\"index, follow, max-snippet:-1, max-image-preview:large, max-video-preview:-1\" \/>\n<link rel=\"canonical\" href=\"https:\/\/sandzakpress.net\/arhiva\/bajramska-cestitka-glavnog-muftije\/\" \/>\n<meta property=\"og:locale\" content=\"bs_BA\" \/>\n<meta property=\"og:type\" content=\"article\" \/>\n<meta property=\"og:title\" content=\"Bajramska \u010destitka Glavnog muftije\" \/>\n<meta property=\"og:description\" content=\"Sand\u017eak &#8211; Ispra\u0107amo prvi Ramazan poslije petnaest godina bez neposrednog ataka na Islamsku zajednicu. To razumijemo kao po\u010detak pobjede istine, prava i pravde. U ibadetu posta, namaza, Kur&#039;ana i pune predanosti Stvoritelju provedosmo mjesec Ramazan oja\u010dani na putu emaneta uspostave reda na Zemlji. Festival islama sa masovnim iftarima na otvorenom \u0161irom Sand\u017eaka potvrdio je snagu [&hellip;]\" \/>\n<meta property=\"og:url\" content=\"https:\/\/sandzakpress.net\/arhiva\/bajramska-cestitka-glavnog-muftije\/\" \/>\n<meta property=\"og:site_name\" content=\"Sand\u017eak PRESS\" \/>\n<meta property=\"article:published_time\" content=\"2011-08-29T18:40:19+00:00\" \/>\n<meta property=\"og:image\" content=\"https:\/\/sandzakpress.net\/arhiva\/wp-content\/uploads\/2011\/08\/muftija-selami1.jpg\" \/>\n\t<meta property=\"og:image:width\" content=\"500\" \/>\n\t<meta property=\"og:image:height\" content=\"901\" \/>\n\t<meta property=\"og:image:type\" content=\"image\/jpeg\" \/>\n<meta name=\"author\" content=\"bosniak\" \/>\n<meta name=\"twitter:card\" content=\"summary_large_image\" \/>\n<meta name=\"twitter:label1\" content=\"Written by\" \/>\n\t<meta name=\"twitter:data1\" content=\"bosniak\" \/>\n\t<meta name=\"twitter:label2\" content=\"Est. reading time\" \/>\n\t<meta name=\"twitter:data2\" content=\"1 minuta\" \/>\n<script type=\"application\/ld+json\" class=\"yoast-schema-graph\">{\"@context\":\"https:\/\/schema.org\",\"@graph\":[{\"@type\":\"Article\",\"@id\":\"https:\/\/sandzakpress.net\/arhiva\/bajramska-cestitka-glavnog-muftije\/#article\",\"isPartOf\":{\"@id\":\"https:\/\/sandzakpress.net\/arhiva\/bajramska-cestitka-glavnog-muftije\/\"},\"author\":{\"name\":\"bosniak\",\"@id\":\"https:\/\/sandzakpress.net\/arhiva\/#\/schema\/person\/c8baee722073534b583ea7bdb2e36c02\"},\"headline\":\"Bajramska \u010destitka Glavnog muftije\",\"datePublished\":\"2011-08-29T18:40:19+00:00\",\"mainEntityOfPage\":{\"@id\":\"https:\/\/sandzakpress.net\/arhiva\/bajramska-cestitka-glavnog-muftije\/\"},\"wordCount\":196,\"commentCount\":3,\"publisher\":{\"@id\":\"https:\/\/sandzakpress.net\/arhiva\/#\/schema\/person\/6e72b67d6e51910a1117b3b483ba20bd\"},\"image\":{\"@id\":\"https:\/\/sandzakpress.net\/arhiva\/bajramska-cestitka-glavnog-muftije\/#primaryimage\"},\"thumbnailUrl\":\"https:\/\/sandzakpress.net\/arhiva\/wp-content\/uploads\/2011\/08\/muftija-selami1.jpg\",\"articleSection\":[\"Ro\u017eaje\",\"Novi Pazar\",\"Berane\",\"Sjenica\",\"Tutin\",\"Bijelo Polje\",\"Prijepolje\",\"Islamska zajednica\",\"Priboj\",\"Pljevlja\",\"Plav\",\"Nova Varo\u0161\"],\"inLanguage\":\"bs-BA\",\"potentialAction\":[{\"@type\":\"CommentAction\",\"name\":\"Comment\",\"target\":[\"https:\/\/sandzakpress.net\/arhiva\/bajramska-cestitka-glavnog-muftije\/#respond\"]}]},{\"@type\":\"WebPage\",\"@id\":\"https:\/\/sandzakpress.net\/arhiva\/bajramska-cestitka-glavnog-muftije\/\",\"url\":\"https:\/\/sandzakpress.net\/arhiva\/bajramska-cestitka-glavnog-muftije\/\",\"name\":\"Bajramska \u010destitka Glavnog muftije\",\"isPartOf\":{\"@id\":\"https:\/\/sandzakpress.net\/arhiva\/#website\"},\"primaryImageOfPage\":{\"@id\":\"https:\/\/sandzakpress.net\/arhiva\/bajramska-cestitka-glavnog-muftije\/#primaryimage\"},\"image\":{\"@id\":\"https:\/\/sandzakpress.net\/arhiva\/bajramska-cestitka-glavnog-muftije\/#primaryimage\"},\"thumbnailUrl\":\"https:\/\/sandzakpress.net\/arhiva\/wp-content\/uploads\/2011\/08\/muftija-selami1.jpg\",\"datePublished\":\"2011-08-29T18:40:19+00:00\",\"breadcrumb\":{\"@id\":\"https:\/\/sandzakpress.net\/arhiva\/bajramska-cestitka-glavnog-muftije\/#breadcrumb\"},\"inLanguage\":\"bs-BA\",\"potentialAction\":[{\"@type\":\"ReadAction\",\"target\":[\"https:\/\/sandzakpress.net\/arhiva\/bajramska-cestitka-glavnog-muftije\/\"]}]},{\"@type\":\"ImageObject\",\"inLanguage\":\"bs-BA\",\"@id\":\"https:\/\/sandzakpress.net\/arhiva\/bajramska-cestitka-glavnog-muftije\/#primaryimage\",\"url\":\"https:\/\/sandzakpress.net\/arhiva\/wp-content\/uploads\/2011\/08\/muftija-selami1.jpg\",\"contentUrl\":\"https:\/\/sandzakpress.net\/arhiva\/wp-content\/uploads\/2011\/08\/muftija-selami1.jpg\",\"width\":500,\"height\":901},{\"@type\":\"BreadcrumbList\",\"@id\":\"https:\/\/sandzakpress.net\/arhiva\/bajramska-cestitka-glavnog-muftije\/#breadcrumb\",\"itemListElement\":[{\"@type\":\"ListItem\",\"position\":1,\"name\":\"Home\",\"item\":\"https:\/\/sandzakpress.net\/arhiva\/\"},{\"@type\":\"ListItem\",\"position\":2,\"name\":\"Bajramska \u010destitka Glavnog muftije\"}]},{\"@type\":\"WebSite\",\"@id\":\"https:\/\/sandzakpress.net\/arhiva\/#website\",\"url\":\"https:\/\/sandzakpress.net\/arhiva\/\",\"name\":\"Sand\u017eak PRESS\",\"description\":\"Prve elektronske novine u Sand\u017eaku\",\"publisher\":{\"@id\":\"https:\/\/sandzakpress.net\/arhiva\/#\/schema\/person\/6e72b67d6e51910a1117b3b483ba20bd\"},\"potentialAction\":[{\"@type\":\"SearchAction\",\"target\":{\"@type\":\"EntryPoint\",\"urlTemplate\":\"https:\/\/sandzakpress.net\/arhiva\/?s={search_term_string}\"},\"query-input\":{\"@type\":\"PropertyValueSpecification\",\"valueRequired\":true,\"valueName\":\"search_term_string\"}}],\"inLanguage\":\"bs-BA\"},{\"@type\":[\"Person\",\"Organization\"],\"@id\":\"https:\/\/sandzakpress.net\/arhiva\/#\/schema\/person\/6e72b67d6e51910a1117b3b483ba20bd\",\"name\":\"Kul\",\"image\":{\"@type\":\"ImageObject\",\"inLanguage\":\"bs-BA\",\"@id\":\"https:\/\/sandzakpress.net\/arhiva\/#\/schema\/person\/image\/\",\"url\":\"https:\/\/secure.gravatar.com\/avatar\/42263f39aa27ac04c43cab85c280eb2e?s=96&d=mm&r=pg\",\"contentUrl\":\"https:\/\/secure.gravatar.com\/avatar\/42263f39aa27ac04c43cab85c280eb2e?s=96&d=mm&r=pg\",\"caption\":\"Kul\"},\"logo\":{\"@id\":\"https:\/\/sandzakpress.net\/arhiva\/#\/schema\/person\/image\/\"}},{\"@type\":\"Person\",\"@id\":\"https:\/\/sandzakpress.net\/arhiva\/#\/schema\/person\/c8baee722073534b583ea7bdb2e36c02\",\"name\":\"bosniak\",\"image\":{\"@type\":\"ImageObject\",\"inLanguage\":\"bs-BA\",\"@id\":\"https:\/\/sandzakpress.net\/arhiva\/#\/schema\/person\/image\/\",\"url\":\"https:\/\/secure.gravatar.com\/avatar\/a04fd330bfe3a36a72a0ad4a6d89fca7?s=96&d=mm&r=pg\",\"contentUrl\":\"https:\/\/secure.gravatar.com\/avatar\/a04fd330bfe3a36a72a0ad4a6d89fca7?s=96&d=mm&r=pg\",\"caption\":\"bosniak\"},\"url\":\"https:\/\/sandzakpress.net\/arhiva\/author\/bosniak\/\"}]}<\/script>\n<!-- \/ Yoast SEO Premium plugin. -->","yoast_head_json":{"title":"Bajramska \u010destitka Glavnog muftije","robots":{"index":"index","follow":"follow","max-snippet":"max-snippet:-1","max-image-preview":"max-image-preview:large","max-video-preview":"max-video-preview:-1"},"canonical":"https:\/\/sandzakpress.net\/arhiva\/bajramska-cestitka-glavnog-muftije\/","og_locale":"bs_BA","og_type":"article","og_title":"Bajramska \u010destitka Glavnog muftije","og_description":"Sand\u017eak &#8211; Ispra\u0107amo prvi Ramazan poslije petnaest godina bez neposrednog ataka na Islamsku zajednicu. To razumijemo kao po\u010detak pobjede istine, prava i pravde. U ibadetu posta, namaza, Kur'ana i pune predanosti Stvoritelju provedosmo mjesec Ramazan oja\u010dani na putu emaneta uspostave reda na Zemlji. Festival islama sa masovnim iftarima na otvorenom \u0161irom Sand\u017eaka potvrdio je snagu [&hellip;]","og_url":"https:\/\/sandzakpress.net\/arhiva\/bajramska-cestitka-glavnog-muftije\/","og_site_name":"Sand\u017eak PRESS","article_published_time":"2011-08-29T18:40:19+00:00","og_image":[{"width":500,"height":901,"url":"https:\/\/sandzakpress.net\/arhiva\/wp-content\/uploads\/2011\/08\/muftija-selami1.jpg","type":"image\/jpeg"}],"author":"bosniak","twitter_card":"summary_large_image","twitter_misc":{"Written by":"bosniak","Est. reading time":"1 minuta"},"schema":{"@context":"https:\/\/schema.org","@graph":[{"@type":"Article","@id":"https:\/\/sandzakpress.net\/arhiva\/bajramska-cestitka-glavnog-muftije\/#article","isPartOf":{"@id":"https:\/\/sandzakpress.net\/arhiva\/bajramska-cestitka-glavnog-muftije\/"},"author":{"name":"bosniak","@id":"https:\/\/sandzakpress.net\/arhiva\/#\/schema\/person\/c8baee722073534b583ea7bdb2e36c02"},"headline":"Bajramska \u010destitka Glavnog muftije","datePublished":"2011-08-29T18:40:19+00:00","mainEntityOfPage":{"@id":"https:\/\/sandzakpress.net\/arhiva\/bajramska-cestitka-glavnog-muftije\/"},"wordCount":196,"commentCount":3,"publisher":{"@id":"https:\/\/sandzakpress.net\/arhiva\/#\/schema\/person\/6e72b67d6e51910a1117b3b483ba20bd"},"image":{"@id":"https:\/\/sandzakpress.net\/arhiva\/bajramska-cestitka-glavnog-muftije\/#primaryimage"},"thumbnailUrl":"https:\/\/sandzakpress.net\/arhiva\/wp-content\/uploads\/2011\/08\/muftija-selami1.jpg","articleSection":["Ro\u017eaje","Novi Pazar","Berane","Sjenica","Tutin","Bijelo Polje","Prijepolje","Islamska zajednica","Priboj","Pljevlja","Plav","Nova Varo\u0161"],"inLanguage":"bs-BA","potentialAction":[{"@type":"CommentAction","name":"Comment","target":["https:\/\/sandzakpress.net\/arhiva\/bajramska-cestitka-glavnog-muftije\/#respond"]}]},{"@type":"WebPage","@id":"https:\/\/sandzakpress.net\/arhiva\/bajramska-cestitka-glavnog-muftije\/","url":"https:\/\/sandzakpress.net\/arhiva\/bajramska-cestitka-glavnog-muftije\/","name":"Bajramska \u010destitka Glavnog muftije","isPartOf":{"@id":"https:\/\/sandzakpress.net\/arhiva\/#website"},"primaryImageOfPage":{"@id":"https:\/\/sandzakpress.net\/arhiva\/bajramska-cestitka-glavnog-muftije\/#primaryimage"},"image":{"@id":"https:\/\/sandzakpress.net\/arhiva\/bajramska-cestitka-glavnog-muftije\/#primaryimage"},"thumbnailUrl":"https:\/\/sandzakpress.net\/arhiva\/wp-content\/uploads\/2011\/08\/muftija-selami1.jpg","datePublished":"2011-08-29T18:40:19+00:00","breadcrumb":{"@id":"https:\/\/sandzakpress.net\/arhiva\/bajramska-cestitka-glavnog-muftije\/#breadcrumb"},"inLanguage":"bs-BA","potentialAction":[{"@type":"ReadAction","target":["https:\/\/sandzakpress.net\/arhiva\/bajramska-cestitka-glavnog-muftije\/"]}]},{"@type":"ImageObject","inLanguage":"bs-BA","@id":"https:\/\/sandzakpress.net\/arhiva\/bajramska-cestitka-glavnog-muftije\/#primaryimage","url":"https:\/\/sandzakpress.net\/arhiva\/wp-content\/uploads\/2011\/08\/muftija-selami1.jpg","contentUrl":"https:\/\/sandzakpress.net\/arhiva\/wp-content\/uploads\/2011\/08\/muftija-selami1.jpg","width":500,"height":901},{"@type":"BreadcrumbList","@id":"https:\/\/sandzakpress.net\/arhiva\/bajramska-cestitka-glavnog-muftije\/#breadcrumb","itemListElement":[{"@type":"ListItem","position":1,"name":"Home","item":"https:\/\/sandzakpress.net\/arhiva\/"},{"@type":"ListItem","position":2,"name":"Bajramska \u010destitka Glavnog muftije"}]},{"@type":"WebSite","@id":"https:\/\/sandzakpress.net\/arhiva\/#website","url":"https:\/\/sandzakpress.net\/arhiva\/","name":"Sand\u017eak PRESS","description":"Prve elektronske novine u Sand\u017eaku","publisher":{"@id":"https:\/\/sandzakpress.net\/arhiva\/#\/schema\/person\/6e72b67d6e51910a1117b3b483ba20bd"},"potentialAction":[{"@type":"SearchAction","target":{"@type":"EntryPoint","urlTemplate":"https:\/\/sandzakpress.net\/arhiva\/?s={search_term_string}"},"query-input":{"@type":"PropertyValueSpecification","valueRequired":true,"valueName":"search_term_string"}}],"inLanguage":"bs-BA"},{"@type":["Person","Organization"],"@id":"https:\/\/sandzakpress.net\/arhiva\/#\/schema\/person\/6e72b67d6e51910a1117b3b483ba20bd","name":"Kul","image":{"@type":"ImageObject","inLanguage":"bs-BA","@id":"https:\/\/sandzakpress.net\/arhiva\/#\/schema\/person\/image\/","url":"https:\/\/secure.gravatar.com\/avatar\/42263f39aa27ac04c43cab85c280eb2e?s=96&d=mm&r=pg","contentUrl":"https:\/\/secure.gravatar.com\/avatar\/42263f39aa27ac04c43cab85c280eb2e?s=96&d=mm&r=pg","caption":"Kul"},"logo":{"@id":"https:\/\/sandzakpress.net\/arhiva\/#\/schema\/person\/image\/"}},{"@type":"Person","@id":"https:\/\/sandzakpress.net\/arhiva\/#\/schema\/person\/c8baee722073534b583ea7bdb2e36c02","name":"bosniak","image":{"@type":"ImageObject","inLanguage":"bs-BA","@id":"https:\/\/sandzakpress.net\/arhiva\/#\/schema\/person\/image\/","url":"https:\/\/secure.gravatar.com\/avatar\/a04fd330bfe3a36a72a0ad4a6d89fca7?s=96&d=mm&r=pg","contentUrl":"https:\/\/secure.gravatar.com\/avatar\/a04fd330bfe3a36a72a0ad4a6d89fca7?s=96&d=mm&r=pg","caption":"bosniak"},"url":"https:\/\/sandzakpress.net\/arhiva\/author\/bosniak\/"}]}},"_links":{"self":[{"href":"https:\/\/sandzakpress.net\/arhiva\/wp-json\/wp\/v2\/posts\/19205"}],"collection":[{"href":"https:\/\/sandzakpress.net\/arhiva\/wp-json\/wp\/v2\/posts"}],"about":[{"href":"https:\/\/sandzakpress.net\/arhiva\/wp-json\/wp\/v2\/types\/post"}],"author":[{"embeddable":true,"href":"https:\/\/sandzakpress.net\/arhiva\/wp-json\/wp\/v2\/users\/83"}],"replies":[{"embeddable":true,"href":"https:\/\/sandzakpress.net\/arhiva\/wp-json\/wp\/v2\/comments?post=19205"}],"version-history":[{"count":0,"href":"https:\/\/sandzakpress.net\/arhiva\/wp-json\/wp\/v2\/posts\/19205\/revisions"}],"wp:featuredmedia":[{"embeddable":true,"href":"https:\/\/sandzakpress.net\/arhiva\/wp-json\/wp\/v2\/media\/19206"}],"wp:attachment":[{"href":"https:\/\/sandzakpress.net\/arhiva\/wp-json\/wp\/v2\/media?parent=19205"}],"wp:term":[{"taxonomy":"category","embeddable":true,"href":"https:\/\/sandzakpress.net\/arhiva\/wp-json\/wp\/v2\/categories?post=19205"},{"taxonomy":"post_tag","embeddable":true,"href":"https:\/\/sandzakpress.net\/arhiva\/wp-json\/wp\/v2\/tags?post=19205"}],"curies":[{"name":"wp","href":"https:\/\/api.w.org\/{rel}","templated":true}]}}