{"id":19202,"date":"2011-08-29T20:37:02","date_gmt":"2011-08-29T18:37:02","guid":{"rendered":"https:\/\/sandzakpress.net\/arhiva\/?p=19202"},"modified":"2011-08-29T20:37:02","modified_gmt":"2011-08-29T18:37:02","slug":"bajramska-cestitka-reisu-l-uleme","status":"publish","type":"post","link":"https:\/\/sandzakpress.net\/arhiva\/bajramska-cestitka-reisu-l-uleme\/","title":{"rendered":"Bajramska \u010destitka reisu-l-uleme"},"content":{"rendered":"<p><strong><a href=\"https:\/\/sandzakpress.net\/arhiva\/wp-content\/uploads\/2011\/08\/Reisu-l-ulema-upucuje-bajramsku-cestitku-29.08.11.jpg\"><img loading=\"lazy\" decoding=\"async\" class=\"alignleft size-medium wp-image-19203\" title=\"Reisu-l-ulema-upucuje-bajramsku-cestitku-29.08.11\" src=\"https:\/\/sandzakpress.net\/arhiva\/wp-content\/uploads\/2011\/08\/Reisu-l-ulema-upucuje-bajramsku-cestitku-29.08.11-300x224.jpg\" alt=\"\" width=\"300\" height=\"224\" \/><\/a>BiH, Sand\u017eak &#8211; Reisu-l-ulema dr. Mustafa Ceri\u0107 uputio je danas bajramsku \u010destitku povodom sutra\u0161njeg Ramazanskog bajrama.<\/strong><\/p>\n<p>MINA u cjelosti prenosi bajramsku \u010destitku Reisu-l-uleme:<\/p>\n<p>&#8211; Draga bra\u0107o i sestre,<strong><\/strong><\/p>\n<p>Nakon jednomjese\u010dnog posta, najuzvi\u0161enijeg ibadeta u islamu, nakon iftara i sehura, nakon teravija i ramazanskih sijela, nakon Lejletu-l-bedra i Lejletu-l-qadra, nakon \u0161to se du\u0161a napunila vjerom i srce nakon \u0161to se ispunilo \u017eeljom da dosegne Allahov rizaluk, dolazi nam Bajram, sutra 1. \u0161evvala, 1432., odnosno 30. avgusta, 2011. po Miladu.<\/p>\n<p>Ovogodi\u0161nji ramazan ostat \u0107e upam\u0107en po dugim i vru\u0107im danima, po punim d\u017eamijama na teravih-namazima i po velikom prisustvu omladine na no\u0107nom kijam-namazu u blagoslovljenoj no\u0107i, Lejletu-l-Qadra.<\/p>\n<p>Ramazan ove godine pamtit \u0107emo i po dobrom srcu na\u0161ih ljudi, koji su za gladnu Somaliju ukupili\u00a0 oko \u010detristo hiljada maraka, kao i po mnogim doma\u0107im humanim akcijama da se gladni nahrane, da se nezbrinuti zbrinu te da se ne zaboravi kom\u0161ija za kojeg se moramo brinuti kao uvjet valjanosti na\u0161e vjere.<\/p>\n<p>U ovom ramazanu \u010detvrti \u0161art islama &#8211; zekat bolje je shva\u0107en nego ikad ranije i Bejtu-l-mal je prihva\u0107en kao briga svih vjernika. Stoga, Allahu Milostivi blagoslovi svakog onog koji je ve\u0107 izdvojio ili \u0107e izdvojiti iz svog imetka zekat za potrebe na\u0161e zajednice. Bo\u017ee, o\u010disti njegovo srce i ruke od harama, uve\u0107aj njegov imetak, obraduj ga, Bo\u017ee, \u017eeljenim uspjesima i podari njemu i njegovoj porodici zdravlje i sre\u0107u u \u017eivotu.<\/p>\n<p>U\u010dim dovu Uzvi\u0161enom Allahu da primi post posta\u010dima i da blagoslovi sadeqatu-l-fitr svima koji su ve\u0107 dali i koji \u0107e to dati prije sutra\u0161njeg bajram namaza.<\/p>\n<p>Sa tim mislima, svima vam od srca \u017eelim sretan Bajram, mole\u0107i dragog Allaha, d\u017e.\u0161., za va\u0161e zdravlje i uspjeh u \u017eivotu i radu. Posebno \u017eelim Bajram \u010destitati prognanim, bolesnim i nemo\u0107nim s dovom Stvoritelju Uzvi\u0161enom da im bude na pomo\u0107i!<\/p>\n<p>S osobitim \u017eeljama Bajram \u010destitam na\u0161oj bra\u0107i u Hrvatskoj, Sloveniji, Sand\u017eaku, Kosovu, Crnoj Gori, Srbiji, Makedoniji, te bo\u0161nja\u010dkoj dijaspori i svim muslimanima u svijetu s rije\u010dima:<\/p>\n<p><strong>Bajram \u0161erif mubarek olsun!<\/strong><\/p>\n<p>Izvor: <strong>Rijaset.ba<\/strong><\/p>\n","protected":false},"excerpt":{"rendered":"<p>BiH, Sand\u017eak &#8211; Reisu-l-ulema dr. Mustafa Ceri\u0107 uputio je danas bajramsku \u010destitku povodom sutra\u0161njeg Ramazanskog bajrama. MINA u cjelosti prenosi bajramsku \u010destitku Reisu-l-uleme: &#8211; Draga bra\u0107o i sestre, Nakon jednomjese\u010dnog posta, najuzvi\u0161enijeg ibadeta u islamu, nakon iftara i sehura, nakon teravija i ramazanskih sijela, nakon Lejletu-l-bedra i Lejletu-l-qadra, nakon \u0161to se du\u0161a napunila vjerom i [&hellip;]<\/p>\n","protected":false},"author":83,"featured_media":19203,"comment_status":"open","ping_status":"open","sticky":false,"template":"","format":"standard","meta":{"footnotes":""},"categories":[800,2860,72,398,52,397,327,392,396,393,395,399,394],"tags":[],"class_list":{"0":"post-19202","1":"post","2":"type-post","3":"status-publish","4":"format-standard","5":"has-post-thumbnail","7":"category-nacija","8":"category-bosna-i-hercegovina-gradovi","9":"category-novi-pazar","10":"category-rozaje","11":"category-sjenica","12":"category-berane","13":"category-tutin","14":"category-prijepolje_","15":"category-bijelo_polje","16":"category-priboj","17":"category-pljevlja_","18":"category-plav_","19":"category-nova-varos"},"yoast_head":"<!-- This site is optimized with the Yoast SEO Premium plugin v23.1 (Yoast SEO v24.9) - https:\/\/yoast.com\/wordpress\/plugins\/seo\/ -->\n<title>Bajramska \u010destitka reisu-l-uleme<\/title>\n<meta name=\"robots\" content=\"index, follow, max-snippet:-1, max-image-preview:large, max-video-preview:-1\" \/>\n<link rel=\"canonical\" href=\"https:\/\/sandzakpress.net\/arhiva\/bajramska-cestitka-reisu-l-uleme\/\" \/>\n<meta property=\"og:locale\" content=\"bs_BA\" \/>\n<meta property=\"og:type\" content=\"article\" \/>\n<meta property=\"og:title\" content=\"Bajramska \u010destitka reisu-l-uleme\" \/>\n<meta property=\"og:description\" content=\"BiH, Sand\u017eak &#8211; Reisu-l-ulema dr. Mustafa Ceri\u0107 uputio je danas bajramsku \u010destitku povodom sutra\u0161njeg Ramazanskog bajrama. MINA u cjelosti prenosi bajramsku \u010destitku Reisu-l-uleme: &#8211; Draga bra\u0107o i sestre, Nakon jednomjese\u010dnog posta, najuzvi\u0161enijeg ibadeta u islamu, nakon iftara i sehura, nakon teravija i ramazanskih sijela, nakon Lejletu-l-bedra i Lejletu-l-qadra, nakon \u0161to se du\u0161a napunila vjerom i [&hellip;]\" \/>\n<meta property=\"og:url\" content=\"https:\/\/sandzakpress.net\/arhiva\/bajramska-cestitka-reisu-l-uleme\/\" \/>\n<meta property=\"og:site_name\" content=\"Sand\u017eak PRESS\" \/>\n<meta property=\"article:published_time\" content=\"2011-08-29T18:37:02+00:00\" \/>\n<meta property=\"og:image\" content=\"https:\/\/sandzakpress.net\/arhiva\/wp-content\/uploads\/2011\/08\/Reisu-l-ulema-upucuje-bajramsku-cestitku-29.08.11.jpg\" \/>\n\t<meta property=\"og:image:width\" content=\"448\" \/>\n\t<meta property=\"og:image:height\" content=\"336\" \/>\n\t<meta property=\"og:image:type\" content=\"image\/jpeg\" \/>\n<meta name=\"author\" content=\"bosniak\" \/>\n<meta name=\"twitter:card\" content=\"summary_large_image\" \/>\n<meta name=\"twitter:label1\" content=\"Written by\" \/>\n\t<meta name=\"twitter:data1\" content=\"bosniak\" \/>\n\t<meta name=\"twitter:label2\" content=\"Est. reading time\" \/>\n\t<meta name=\"twitter:data2\" content=\"2 minute\" \/>\n<script type=\"application\/ld+json\" class=\"yoast-schema-graph\">{\"@context\":\"https:\/\/schema.org\",\"@graph\":[{\"@type\":\"Article\",\"@id\":\"https:\/\/sandzakpress.net\/arhiva\/bajramska-cestitka-reisu-l-uleme\/#article\",\"isPartOf\":{\"@id\":\"https:\/\/sandzakpress.net\/arhiva\/bajramska-cestitka-reisu-l-uleme\/\"},\"author\":{\"name\":\"bosniak\",\"@id\":\"https:\/\/sandzakpress.net\/arhiva\/#\/schema\/person\/c8baee722073534b583ea7bdb2e36c02\"},\"headline\":\"Bajramska \u010destitka reisu-l-uleme\",\"datePublished\":\"2011-08-29T18:37:02+00:00\",\"mainEntityOfPage\":{\"@id\":\"https:\/\/sandzakpress.net\/arhiva\/bajramska-cestitka-reisu-l-uleme\/\"},\"wordCount\":364,\"commentCount\":3,\"publisher\":{\"@id\":\"https:\/\/sandzakpress.net\/arhiva\/#\/schema\/person\/6e72b67d6e51910a1117b3b483ba20bd\"},\"image\":{\"@id\":\"https:\/\/sandzakpress.net\/arhiva\/bajramska-cestitka-reisu-l-uleme\/#primaryimage\"},\"thumbnailUrl\":\"https:\/\/sandzakpress.net\/arhiva\/wp-content\/uploads\/2011\/08\/Reisu-l-ulema-upucuje-bajramsku-cestitku-29.08.11.jpg\",\"articleSection\":[\"Nacija\",\"Bosna i Hercegovina\",\"Novi Pazar\",\"Ro\u017eaje\",\"Sjenica\",\"Berane\",\"Tutin\",\"Prijepolje\",\"Bijelo Polje\",\"Priboj\",\"Pljevlja\",\"Plav\",\"Nova Varo\u0161\"],\"inLanguage\":\"bs-BA\",\"potentialAction\":[{\"@type\":\"CommentAction\",\"name\":\"Comment\",\"target\":[\"https:\/\/sandzakpress.net\/arhiva\/bajramska-cestitka-reisu-l-uleme\/#respond\"]}]},{\"@type\":\"WebPage\",\"@id\":\"https:\/\/sandzakpress.net\/arhiva\/bajramska-cestitka-reisu-l-uleme\/\",\"url\":\"https:\/\/sandzakpress.net\/arhiva\/bajramska-cestitka-reisu-l-uleme\/\",\"name\":\"Bajramska \u010destitka reisu-l-uleme\",\"isPartOf\":{\"@id\":\"https:\/\/sandzakpress.net\/arhiva\/#website\"},\"primaryImageOfPage\":{\"@id\":\"https:\/\/sandzakpress.net\/arhiva\/bajramska-cestitka-reisu-l-uleme\/#primaryimage\"},\"image\":{\"@id\":\"https:\/\/sandzakpress.net\/arhiva\/bajramska-cestitka-reisu-l-uleme\/#primaryimage\"},\"thumbnailUrl\":\"https:\/\/sandzakpress.net\/arhiva\/wp-content\/uploads\/2011\/08\/Reisu-l-ulema-upucuje-bajramsku-cestitku-29.08.11.jpg\",\"datePublished\":\"2011-08-29T18:37:02+00:00\",\"breadcrumb\":{\"@id\":\"https:\/\/sandzakpress.net\/arhiva\/bajramska-cestitka-reisu-l-uleme\/#breadcrumb\"},\"inLanguage\":\"bs-BA\",\"potentialAction\":[{\"@type\":\"ReadAction\",\"target\":[\"https:\/\/sandzakpress.net\/arhiva\/bajramska-cestitka-reisu-l-uleme\/\"]}]},{\"@type\":\"ImageObject\",\"inLanguage\":\"bs-BA\",\"@id\":\"https:\/\/sandzakpress.net\/arhiva\/bajramska-cestitka-reisu-l-uleme\/#primaryimage\",\"url\":\"https:\/\/sandzakpress.net\/arhiva\/wp-content\/uploads\/2011\/08\/Reisu-l-ulema-upucuje-bajramsku-cestitku-29.08.11.jpg\",\"contentUrl\":\"https:\/\/sandzakpress.net\/arhiva\/wp-content\/uploads\/2011\/08\/Reisu-l-ulema-upucuje-bajramsku-cestitku-29.08.11.jpg\",\"width\":448,\"height\":336},{\"@type\":\"BreadcrumbList\",\"@id\":\"https:\/\/sandzakpress.net\/arhiva\/bajramska-cestitka-reisu-l-uleme\/#breadcrumb\",\"itemListElement\":[{\"@type\":\"ListItem\",\"position\":1,\"name\":\"Home\",\"item\":\"https:\/\/sandzakpress.net\/arhiva\/\"},{\"@type\":\"ListItem\",\"position\":2,\"name\":\"Bajramska \u010destitka reisu-l-uleme\"}]},{\"@type\":\"WebSite\",\"@id\":\"https:\/\/sandzakpress.net\/arhiva\/#website\",\"url\":\"https:\/\/sandzakpress.net\/arhiva\/\",\"name\":\"Sand\u017eak PRESS\",\"description\":\"Prve elektronske novine u Sand\u017eaku\",\"publisher\":{\"@id\":\"https:\/\/sandzakpress.net\/arhiva\/#\/schema\/person\/6e72b67d6e51910a1117b3b483ba20bd\"},\"potentialAction\":[{\"@type\":\"SearchAction\",\"target\":{\"@type\":\"EntryPoint\",\"urlTemplate\":\"https:\/\/sandzakpress.net\/arhiva\/?s={search_term_string}\"},\"query-input\":{\"@type\":\"PropertyValueSpecification\",\"valueRequired\":true,\"valueName\":\"search_term_string\"}}],\"inLanguage\":\"bs-BA\"},{\"@type\":[\"Person\",\"Organization\"],\"@id\":\"https:\/\/sandzakpress.net\/arhiva\/#\/schema\/person\/6e72b67d6e51910a1117b3b483ba20bd\",\"name\":\"Kul\",\"image\":{\"@type\":\"ImageObject\",\"inLanguage\":\"bs-BA\",\"@id\":\"https:\/\/sandzakpress.net\/arhiva\/#\/schema\/person\/image\/\",\"url\":\"https:\/\/secure.gravatar.com\/avatar\/42263f39aa27ac04c43cab85c280eb2e?s=96&d=mm&r=pg\",\"contentUrl\":\"https:\/\/secure.gravatar.com\/avatar\/42263f39aa27ac04c43cab85c280eb2e?s=96&d=mm&r=pg\",\"caption\":\"Kul\"},\"logo\":{\"@id\":\"https:\/\/sandzakpress.net\/arhiva\/#\/schema\/person\/image\/\"}},{\"@type\":\"Person\",\"@id\":\"https:\/\/sandzakpress.net\/arhiva\/#\/schema\/person\/c8baee722073534b583ea7bdb2e36c02\",\"name\":\"bosniak\",\"image\":{\"@type\":\"ImageObject\",\"inLanguage\":\"bs-BA\",\"@id\":\"https:\/\/sandzakpress.net\/arhiva\/#\/schema\/person\/image\/\",\"url\":\"https:\/\/secure.gravatar.com\/avatar\/a04fd330bfe3a36a72a0ad4a6d89fca7?s=96&d=mm&r=pg\",\"contentUrl\":\"https:\/\/secure.gravatar.com\/avatar\/a04fd330bfe3a36a72a0ad4a6d89fca7?s=96&d=mm&r=pg\",\"caption\":\"bosniak\"},\"url\":\"https:\/\/sandzakpress.net\/arhiva\/author\/bosniak\/\"}]}<\/script>\n<!-- \/ Yoast SEO Premium plugin. -->","yoast_head_json":{"title":"Bajramska \u010destitka reisu-l-uleme","robots":{"index":"index","follow":"follow","max-snippet":"max-snippet:-1","max-image-preview":"max-image-preview:large","max-video-preview":"max-video-preview:-1"},"canonical":"https:\/\/sandzakpress.net\/arhiva\/bajramska-cestitka-reisu-l-uleme\/","og_locale":"bs_BA","og_type":"article","og_title":"Bajramska \u010destitka reisu-l-uleme","og_description":"BiH, Sand\u017eak &#8211; Reisu-l-ulema dr. Mustafa Ceri\u0107 uputio je danas bajramsku \u010destitku povodom sutra\u0161njeg Ramazanskog bajrama. MINA u cjelosti prenosi bajramsku \u010destitku Reisu-l-uleme: &#8211; Draga bra\u0107o i sestre, Nakon jednomjese\u010dnog posta, najuzvi\u0161enijeg ibadeta u islamu, nakon iftara i sehura, nakon teravija i ramazanskih sijela, nakon Lejletu-l-bedra i Lejletu-l-qadra, nakon \u0161to se du\u0161a napunila vjerom i [&hellip;]","og_url":"https:\/\/sandzakpress.net\/arhiva\/bajramska-cestitka-reisu-l-uleme\/","og_site_name":"Sand\u017eak PRESS","article_published_time":"2011-08-29T18:37:02+00:00","og_image":[{"width":448,"height":336,"url":"https:\/\/sandzakpress.net\/arhiva\/wp-content\/uploads\/2011\/08\/Reisu-l-ulema-upucuje-bajramsku-cestitku-29.08.11.jpg","type":"image\/jpeg"}],"author":"bosniak","twitter_card":"summary_large_image","twitter_misc":{"Written by":"bosniak","Est. reading time":"2 minute"},"schema":{"@context":"https:\/\/schema.org","@graph":[{"@type":"Article","@id":"https:\/\/sandzakpress.net\/arhiva\/bajramska-cestitka-reisu-l-uleme\/#article","isPartOf":{"@id":"https:\/\/sandzakpress.net\/arhiva\/bajramska-cestitka-reisu-l-uleme\/"},"author":{"name":"bosniak","@id":"https:\/\/sandzakpress.net\/arhiva\/#\/schema\/person\/c8baee722073534b583ea7bdb2e36c02"},"headline":"Bajramska \u010destitka reisu-l-uleme","datePublished":"2011-08-29T18:37:02+00:00","mainEntityOfPage":{"@id":"https:\/\/sandzakpress.net\/arhiva\/bajramska-cestitka-reisu-l-uleme\/"},"wordCount":364,"commentCount":3,"publisher":{"@id":"https:\/\/sandzakpress.net\/arhiva\/#\/schema\/person\/6e72b67d6e51910a1117b3b483ba20bd"},"image":{"@id":"https:\/\/sandzakpress.net\/arhiva\/bajramska-cestitka-reisu-l-uleme\/#primaryimage"},"thumbnailUrl":"https:\/\/sandzakpress.net\/arhiva\/wp-content\/uploads\/2011\/08\/Reisu-l-ulema-upucuje-bajramsku-cestitku-29.08.11.jpg","articleSection":["Nacija","Bosna i Hercegovina","Novi Pazar","Ro\u017eaje","Sjenica","Berane","Tutin","Prijepolje","Bijelo Polje","Priboj","Pljevlja","Plav","Nova Varo\u0161"],"inLanguage":"bs-BA","potentialAction":[{"@type":"CommentAction","name":"Comment","target":["https:\/\/sandzakpress.net\/arhiva\/bajramska-cestitka-reisu-l-uleme\/#respond"]}]},{"@type":"WebPage","@id":"https:\/\/sandzakpress.net\/arhiva\/bajramska-cestitka-reisu-l-uleme\/","url":"https:\/\/sandzakpress.net\/arhiva\/bajramska-cestitka-reisu-l-uleme\/","name":"Bajramska \u010destitka reisu-l-uleme","isPartOf":{"@id":"https:\/\/sandzakpress.net\/arhiva\/#website"},"primaryImageOfPage":{"@id":"https:\/\/sandzakpress.net\/arhiva\/bajramska-cestitka-reisu-l-uleme\/#primaryimage"},"image":{"@id":"https:\/\/sandzakpress.net\/arhiva\/bajramska-cestitka-reisu-l-uleme\/#primaryimage"},"thumbnailUrl":"https:\/\/sandzakpress.net\/arhiva\/wp-content\/uploads\/2011\/08\/Reisu-l-ulema-upucuje-bajramsku-cestitku-29.08.11.jpg","datePublished":"2011-08-29T18:37:02+00:00","breadcrumb":{"@id":"https:\/\/sandzakpress.net\/arhiva\/bajramska-cestitka-reisu-l-uleme\/#breadcrumb"},"inLanguage":"bs-BA","potentialAction":[{"@type":"ReadAction","target":["https:\/\/sandzakpress.net\/arhiva\/bajramska-cestitka-reisu-l-uleme\/"]}]},{"@type":"ImageObject","inLanguage":"bs-BA","@id":"https:\/\/sandzakpress.net\/arhiva\/bajramska-cestitka-reisu-l-uleme\/#primaryimage","url":"https:\/\/sandzakpress.net\/arhiva\/wp-content\/uploads\/2011\/08\/Reisu-l-ulema-upucuje-bajramsku-cestitku-29.08.11.jpg","contentUrl":"https:\/\/sandzakpress.net\/arhiva\/wp-content\/uploads\/2011\/08\/Reisu-l-ulema-upucuje-bajramsku-cestitku-29.08.11.jpg","width":448,"height":336},{"@type":"BreadcrumbList","@id":"https:\/\/sandzakpress.net\/arhiva\/bajramska-cestitka-reisu-l-uleme\/#breadcrumb","itemListElement":[{"@type":"ListItem","position":1,"name":"Home","item":"https:\/\/sandzakpress.net\/arhiva\/"},{"@type":"ListItem","position":2,"name":"Bajramska \u010destitka reisu-l-uleme"}]},{"@type":"WebSite","@id":"https:\/\/sandzakpress.net\/arhiva\/#website","url":"https:\/\/sandzakpress.net\/arhiva\/","name":"Sand\u017eak PRESS","description":"Prve elektronske novine u Sand\u017eaku","publisher":{"@id":"https:\/\/sandzakpress.net\/arhiva\/#\/schema\/person\/6e72b67d6e51910a1117b3b483ba20bd"},"potentialAction":[{"@type":"SearchAction","target":{"@type":"EntryPoint","urlTemplate":"https:\/\/sandzakpress.net\/arhiva\/?s={search_term_string}"},"query-input":{"@type":"PropertyValueSpecification","valueRequired":true,"valueName":"search_term_string"}}],"inLanguage":"bs-BA"},{"@type":["Person","Organization"],"@id":"https:\/\/sandzakpress.net\/arhiva\/#\/schema\/person\/6e72b67d6e51910a1117b3b483ba20bd","name":"Kul","image":{"@type":"ImageObject","inLanguage":"bs-BA","@id":"https:\/\/sandzakpress.net\/arhiva\/#\/schema\/person\/image\/","url":"https:\/\/secure.gravatar.com\/avatar\/42263f39aa27ac04c43cab85c280eb2e?s=96&d=mm&r=pg","contentUrl":"https:\/\/secure.gravatar.com\/avatar\/42263f39aa27ac04c43cab85c280eb2e?s=96&d=mm&r=pg","caption":"Kul"},"logo":{"@id":"https:\/\/sandzakpress.net\/arhiva\/#\/schema\/person\/image\/"}},{"@type":"Person","@id":"https:\/\/sandzakpress.net\/arhiva\/#\/schema\/person\/c8baee722073534b583ea7bdb2e36c02","name":"bosniak","image":{"@type":"ImageObject","inLanguage":"bs-BA","@id":"https:\/\/sandzakpress.net\/arhiva\/#\/schema\/person\/image\/","url":"https:\/\/secure.gravatar.com\/avatar\/a04fd330bfe3a36a72a0ad4a6d89fca7?s=96&d=mm&r=pg","contentUrl":"https:\/\/secure.gravatar.com\/avatar\/a04fd330bfe3a36a72a0ad4a6d89fca7?s=96&d=mm&r=pg","caption":"bosniak"},"url":"https:\/\/sandzakpress.net\/arhiva\/author\/bosniak\/"}]}},"_links":{"self":[{"href":"https:\/\/sandzakpress.net\/arhiva\/wp-json\/wp\/v2\/posts\/19202"}],"collection":[{"href":"https:\/\/sandzakpress.net\/arhiva\/wp-json\/wp\/v2\/posts"}],"about":[{"href":"https:\/\/sandzakpress.net\/arhiva\/wp-json\/wp\/v2\/types\/post"}],"author":[{"embeddable":true,"href":"https:\/\/sandzakpress.net\/arhiva\/wp-json\/wp\/v2\/users\/83"}],"replies":[{"embeddable":true,"href":"https:\/\/sandzakpress.net\/arhiva\/wp-json\/wp\/v2\/comments?post=19202"}],"version-history":[{"count":0,"href":"https:\/\/sandzakpress.net\/arhiva\/wp-json\/wp\/v2\/posts\/19202\/revisions"}],"wp:featuredmedia":[{"embeddable":true,"href":"https:\/\/sandzakpress.net\/arhiva\/wp-json\/wp\/v2\/media\/19203"}],"wp:attachment":[{"href":"https:\/\/sandzakpress.net\/arhiva\/wp-json\/wp\/v2\/media?parent=19202"}],"wp:term":[{"taxonomy":"category","embeddable":true,"href":"https:\/\/sandzakpress.net\/arhiva\/wp-json\/wp\/v2\/categories?post=19202"},{"taxonomy":"post_tag","embeddable":true,"href":"https:\/\/sandzakpress.net\/arhiva\/wp-json\/wp\/v2\/tags?post=19202"}],"curies":[{"name":"wp","href":"https:\/\/api.w.org\/{rel}","templated":true}]}}