{"id":191791,"date":"2017-07-24T18:45:25","date_gmt":"2017-07-24T16:45:25","guid":{"rendered":"https:\/\/sandzakpress.net\/arhiva\/?p=191791"},"modified":"2017-07-24T18:14:34","modified_gmt":"2017-07-24T16:14:34","slug":"okrivljeni-za-zlocin-u-plavu-otisao-sam-da-pljackam-nisam-ubijao","status":"publish","type":"post","link":"https:\/\/sandzakpress.net\/arhiva\/okrivljeni-za-zlocin-u-plavu-otisao-sam-da-pljackam-nisam-ubijao\/","title":{"rendered":"Okrivljeni za zlo\u010din u Plavu: Oti\u0161ao sam da plja\u010dkam, nisam ubijao"},"content":{"rendered":"<p><img decoding=\"async\" class=\"aligncenter\" src=\"http:\/\/www.vijesti.me\/media\/cache\/8d\/8b\/8d8bd6589c50c077ff7262e957a2d8eb.jpg\" alt=\"Okrivljeni za zlo\u010din u Plavu: Oti\u0161ao sam da plja\u010dkam, nisam ubijao\" \/><\/p>\n<p><strong>Jedan od osumnji\u010denih za ubistvo Gordane Da\u0161i\u0107 (84), Bjelopoljac Aleksandar Konatar (35) priznao je &#8220;Vijestima&#8221; da je 31. maja oti\u0161ao u ku\u0107u Plavljana da ih oplja\u010dka, ali tvrdi da nema veze sa ubistvom starice i mu\u010denjem njenog supruga\u00a0Vuka Da\u0161i\u0107a (86).<\/strong><\/p>\n<p>Konatar i Plavljanin Marko \u0160o\u0161ki\u0107 (24) osumnji\u010deni su da su posljednjeg dana maja, tri sata poslije pono\u0107i, provalili u ku\u0107u starijeg bra\u010dnog para, a potom tra\u017ee\u0107i novac, ugu\u0161ili \u017eenu, a njenog osamdesetdvogodi\u0161njeg supruga te\u0161ko povrijedili.<\/p>\n<p>U pismu poslatom &#8220;Vijestima&#8221;, koje je &#8220;Vijestima&#8221; dostavio njegov branilac, advokat Damir &#8211; Dado Leki\u0107, pi\u0161e da je vidio Gordanu prekrivenu pokriva\u010dem, ali da mu je \u0160o\u0161ki\u0107 rekao da je pokrio jer se onesvijestila.\u00a0<\/p>\n<p>&#8220;Ta\u010dno je da sam sa Markom \u0160o\u0161ki\u0107em do\u0161ao na ideju da ukrademo novac od Da\u0161i\u0107a. Ta\u010dno je da smo 31. maja u\u0161li u njihovu ku\u0107u, kroz prozor od podruma, i stepenicama iz hodnika popeli se u hodnik na prizemlju, ali tada smo se razdvojili. U\u0161ao sam u sobu u kojoj je spavao Vuk Da\u0161i\u0107, a Marko u sobu u kojoj je spavala Gordana Da\u0161i\u0107\u201d, tvrdi Konatar.\u00a0<\/p>\n<p>Bjelopoljac obja\u0161njava da je u sobi zatekao Vuka kako spava, uhvatio ga za ruke i rekao mu da mu ne\u0107e uraditi ni\u0161ta, ali da mu mora re\u0107i gdje dr\u017ee novac.\u00a0<\/p>\n<p>&#8220;Rekao sam mu da ne brine. Odgovorio je da im je novac u banci i da jedino ima ne\u0161to novca u staklenoj posudi. Za vrijeme dok sam boravio u Vukovoj sobi nijesam mogao da vidim \u0161to se de\u0161ava u sobi u kojoj su se nalazili Marko i Gordana. U jednom trenutku u sobu u kojoj sam se nalazio sa Vukom ulazi Marko, rekao sam mu da ostane tu, da bih ja oti\u0161ao na prvi sprat \u00a0da potra\u017eim novac. Poslije toga nisam mogao da vidim \u0161to se de\u0161avalo u sobi u kojoj je ostao Vuk&#8221;, napisao je osumnji\u010deni za zlo\u010din u plavskom selu Brezopjevice.<\/p>\n<div class=\"ck_image_in_article ck_image_in_article--full100\"><picture data-alt=\"Marko \u0160o\u0161ki\u0107\" data-default-src=\"\/media\/cache\/7a\/22\/7a227b3d595d6e14f6ed27b011e4bf25.jpg?id=934807&amp;width=480\"><\/picture>Dodaje da se vratio u Vukovu i \u0160o\u0161ki\u0107u rekao da Da\u0161i\u0107i nemaju novca u ku\u0107i, osim toga \u0161to je prona\u0161ao na spratu.\u00a0<\/div>\n<p>&#8220;Rekao sam mu da nema vi\u0161e novca i da treba da idemo odatle. U tom trenutku u sobi sam vidio pu\u0161ku. Marko je uzeo. Kad smo izlazili iz ku\u0107e u\u0161li smo u prostoriju u kojoj je bila Gordana. Vidio sam da je prekrivena pokriva\u010dem i pitao\u00a0Marka \u0161ta joj je. Odgovorio mi je da se onesvijestila od straha kada ga je ugledala. Nakon toga sa pu\u0161kom i novcem iz posude napustili smo njihovu ku\u0107u. Nijesam imao namjeru bilo koga da ubijem, niti povrijedim i nisam to uradio. Nisam ubio Gordanu Da\u0161i\u0107 i nijesam povrijedio njenog mu\u017ea. Oti\u0161ao sam u kra\u0111u i potpuno sam spreman da odgovaram za to&#8221;, napisao je on.<\/p>\n<p>Tvrdi da je isto rekao policajcima i tu\u017eiocu tokom saslu\u0161anja.\u00a0<\/p>\n<p>Prema spisima iz istrage, Konatar i \u0160o\u0161ki\u0107 staricu su ubili zbog 600 eura i pu\u0161ke. Plavljanin Nikola Kne\u017eevi\u0107 osumnji\u010den je da im je pomagao nakon ubistva.<\/p>\n<p>(Vijesti)<\/p>\n","protected":false},"excerpt":{"rendered":"<p>Jedan od osumnji\u010denih za ubistvo Gordane Da\u0161i\u0107 (84), Bjelopoljac Aleksandar Konatar (35) priznao je &#8220;Vijestima&#8221; da je 31. maja oti\u0161ao u ku\u0107u Plavljana da ih oplja\u010dka, ali tvrdi da nema veze sa ubistvom starice i mu\u010denjem njenog supruga\u00a0Vuka Da\u0161i\u0107a (86). Konatar i Plavljanin Marko \u0160o\u0161ki\u0107 (24) osumnji\u010deni su da su posljednjeg dana maja, tri sata [&hellip;]<\/p>\n","protected":false},"author":509,"featured_media":191798,"comment_status":"open","ping_status":"open","sticky":false,"template":"","format":"standard","meta":{"footnotes":""},"categories":[399,801,10429],"tags":[],"class_list":{"0":"post-191791","1":"post","2":"type-post","3":"status-publish","4":"format-standard","5":"has-post-thumbnail","7":"category-plav_","8":"category-crna_hronika","9":"category-vazno"},"yoast_head":"<!-- This site is optimized with the Yoast SEO Premium plugin v23.1 (Yoast SEO v24.9) - https:\/\/yoast.com\/wordpress\/plugins\/seo\/ -->\n<title>Okrivljeni za zlo\u010din u Plavu: Oti\u0161ao sam da plja\u010dkam, nisam ubijao<\/title>\n<meta name=\"robots\" content=\"index, follow, max-snippet:-1, max-image-preview:large, max-video-preview:-1\" \/>\n<link rel=\"canonical\" href=\"https:\/\/sandzakpress.net\/arhiva\/okrivljeni-za-zlocin-u-plavu-otisao-sam-da-pljackam-nisam-ubijao\/\" \/>\n<meta property=\"og:locale\" content=\"bs_BA\" \/>\n<meta property=\"og:type\" content=\"article\" \/>\n<meta property=\"og:title\" content=\"Okrivljeni za zlo\u010din u Plavu: Oti\u0161ao sam da plja\u010dkam, nisam ubijao\" \/>\n<meta property=\"og:description\" content=\"Jedan od osumnji\u010denih za ubistvo Gordane Da\u0161i\u0107 (84), Bjelopoljac Aleksandar Konatar (35) priznao je &#8220;Vijestima&#8221; da je 31. maja oti\u0161ao u ku\u0107u Plavljana da ih oplja\u010dka, ali tvrdi da nema veze sa ubistvom starice i mu\u010denjem njenog supruga\u00a0Vuka Da\u0161i\u0107a (86). Konatar i Plavljanin Marko \u0160o\u0161ki\u0107 (24) osumnji\u010deni su da su posljednjeg dana maja, tri sata [&hellip;]\" \/>\n<meta property=\"og:url\" content=\"https:\/\/sandzakpress.net\/arhiva\/okrivljeni-za-zlocin-u-plavu-otisao-sam-da-pljackam-nisam-ubijao\/\" \/>\n<meta property=\"og:site_name\" content=\"Sand\u017eak PRESS\" \/>\n<meta property=\"article:published_time\" content=\"2017-07-24T16:45:25+00:00\" \/>\n<meta property=\"og:image\" content=\"https:\/\/sandzakpress.net\/arhiva\/wp-content\/uploads\/2017\/07\/8d8bd6589c50c077ff7262e957a2d8eb.jpg\" \/>\n\t<meta property=\"og:image:width\" content=\"560\" \/>\n\t<meta property=\"og:image:height\" content=\"352\" \/>\n\t<meta property=\"og:image:type\" content=\"image\/jpeg\" \/>\n<meta name=\"author\" content=\"Agencija\" \/>\n<meta name=\"twitter:card\" content=\"summary_large_image\" \/>\n<meta name=\"twitter:label1\" content=\"Written by\" \/>\n\t<meta name=\"twitter:data1\" content=\"Agencija\" \/>\n\t<meta name=\"twitter:label2\" content=\"Est. reading time\" \/>\n\t<meta name=\"twitter:data2\" content=\"3 minute\" \/>\n<script type=\"application\/ld+json\" class=\"yoast-schema-graph\">{\"@context\":\"https:\/\/schema.org\",\"@graph\":[{\"@type\":\"Article\",\"@id\":\"https:\/\/sandzakpress.net\/arhiva\/okrivljeni-za-zlocin-u-plavu-otisao-sam-da-pljackam-nisam-ubijao\/#article\",\"isPartOf\":{\"@id\":\"https:\/\/sandzakpress.net\/arhiva\/okrivljeni-za-zlocin-u-plavu-otisao-sam-da-pljackam-nisam-ubijao\/\"},\"author\":{\"name\":\"Agencija\",\"@id\":\"https:\/\/sandzakpress.net\/arhiva\/#\/schema\/person\/cb59d7e3ab91ab90dd680ad0305a6185\"},\"headline\":\"Okrivljeni za zlo\u010din u Plavu: Oti\u0161ao sam da plja\u010dkam, nisam ubijao\",\"datePublished\":\"2017-07-24T16:45:25+00:00\",\"mainEntityOfPage\":{\"@id\":\"https:\/\/sandzakpress.net\/arhiva\/okrivljeni-za-zlocin-u-plavu-otisao-sam-da-pljackam-nisam-ubijao\/\"},\"wordCount\":554,\"commentCount\":1,\"publisher\":{\"@id\":\"https:\/\/sandzakpress.net\/arhiva\/#\/schema\/person\/6e72b67d6e51910a1117b3b483ba20bd\"},\"image\":{\"@id\":\"https:\/\/sandzakpress.net\/arhiva\/okrivljeni-za-zlocin-u-plavu-otisao-sam-da-pljackam-nisam-ubijao\/#primaryimage\"},\"thumbnailUrl\":\"https:\/\/sandzakpress.net\/arhiva\/wp-content\/uploads\/2017\/07\/8d8bd6589c50c077ff7262e957a2d8eb.jpg\",\"articleSection\":[\"Plav\",\"Hronika\",\"VA\u017dNO!\"],\"inLanguage\":\"bs-BA\",\"potentialAction\":[{\"@type\":\"CommentAction\",\"name\":\"Comment\",\"target\":[\"https:\/\/sandzakpress.net\/arhiva\/okrivljeni-za-zlocin-u-plavu-otisao-sam-da-pljackam-nisam-ubijao\/#respond\"]}]},{\"@type\":\"WebPage\",\"@id\":\"https:\/\/sandzakpress.net\/arhiva\/okrivljeni-za-zlocin-u-plavu-otisao-sam-da-pljackam-nisam-ubijao\/\",\"url\":\"https:\/\/sandzakpress.net\/arhiva\/okrivljeni-za-zlocin-u-plavu-otisao-sam-da-pljackam-nisam-ubijao\/\",\"name\":\"Okrivljeni za zlo\u010din u Plavu: Oti\u0161ao sam da plja\u010dkam, nisam ubijao\",\"isPartOf\":{\"@id\":\"https:\/\/sandzakpress.net\/arhiva\/#website\"},\"primaryImageOfPage\":{\"@id\":\"https:\/\/sandzakpress.net\/arhiva\/okrivljeni-za-zlocin-u-plavu-otisao-sam-da-pljackam-nisam-ubijao\/#primaryimage\"},\"image\":{\"@id\":\"https:\/\/sandzakpress.net\/arhiva\/okrivljeni-za-zlocin-u-plavu-otisao-sam-da-pljackam-nisam-ubijao\/#primaryimage\"},\"thumbnailUrl\":\"https:\/\/sandzakpress.net\/arhiva\/wp-content\/uploads\/2017\/07\/8d8bd6589c50c077ff7262e957a2d8eb.jpg\",\"datePublished\":\"2017-07-24T16:45:25+00:00\",\"breadcrumb\":{\"@id\":\"https:\/\/sandzakpress.net\/arhiva\/okrivljeni-za-zlocin-u-plavu-otisao-sam-da-pljackam-nisam-ubijao\/#breadcrumb\"},\"inLanguage\":\"bs-BA\",\"potentialAction\":[{\"@type\":\"ReadAction\",\"target\":[\"https:\/\/sandzakpress.net\/arhiva\/okrivljeni-za-zlocin-u-plavu-otisao-sam-da-pljackam-nisam-ubijao\/\"]}]},{\"@type\":\"ImageObject\",\"inLanguage\":\"bs-BA\",\"@id\":\"https:\/\/sandzakpress.net\/arhiva\/okrivljeni-za-zlocin-u-plavu-otisao-sam-da-pljackam-nisam-ubijao\/#primaryimage\",\"url\":\"https:\/\/sandzakpress.net\/arhiva\/wp-content\/uploads\/2017\/07\/8d8bd6589c50c077ff7262e957a2d8eb.jpg\",\"contentUrl\":\"https:\/\/sandzakpress.net\/arhiva\/wp-content\/uploads\/2017\/07\/8d8bd6589c50c077ff7262e957a2d8eb.jpg\",\"width\":560,\"height\":352},{\"@type\":\"BreadcrumbList\",\"@id\":\"https:\/\/sandzakpress.net\/arhiva\/okrivljeni-za-zlocin-u-plavu-otisao-sam-da-pljackam-nisam-ubijao\/#breadcrumb\",\"itemListElement\":[{\"@type\":\"ListItem\",\"position\":1,\"name\":\"Home\",\"item\":\"https:\/\/sandzakpress.net\/arhiva\/\"},{\"@type\":\"ListItem\",\"position\":2,\"name\":\"Okrivljeni za zlo\u010din u Plavu: Oti\u0161ao sam da plja\u010dkam, nisam ubijao\"}]},{\"@type\":\"WebSite\",\"@id\":\"https:\/\/sandzakpress.net\/arhiva\/#website\",\"url\":\"https:\/\/sandzakpress.net\/arhiva\/\",\"name\":\"Sand\u017eak PRESS\",\"description\":\"Prve elektronske novine u Sand\u017eaku\",\"publisher\":{\"@id\":\"https:\/\/sandzakpress.net\/arhiva\/#\/schema\/person\/6e72b67d6e51910a1117b3b483ba20bd\"},\"potentialAction\":[{\"@type\":\"SearchAction\",\"target\":{\"@type\":\"EntryPoint\",\"urlTemplate\":\"https:\/\/sandzakpress.net\/arhiva\/?s={search_term_string}\"},\"query-input\":{\"@type\":\"PropertyValueSpecification\",\"valueRequired\":true,\"valueName\":\"search_term_string\"}}],\"inLanguage\":\"bs-BA\"},{\"@type\":[\"Person\",\"Organization\"],\"@id\":\"https:\/\/sandzakpress.net\/arhiva\/#\/schema\/person\/6e72b67d6e51910a1117b3b483ba20bd\",\"name\":\"Kul\",\"image\":{\"@type\":\"ImageObject\",\"inLanguage\":\"bs-BA\",\"@id\":\"https:\/\/sandzakpress.net\/arhiva\/#\/schema\/person\/image\/\",\"url\":\"https:\/\/secure.gravatar.com\/avatar\/42263f39aa27ac04c43cab85c280eb2e?s=96&d=mm&r=pg\",\"contentUrl\":\"https:\/\/secure.gravatar.com\/avatar\/42263f39aa27ac04c43cab85c280eb2e?s=96&d=mm&r=pg\",\"caption\":\"Kul\"},\"logo\":{\"@id\":\"https:\/\/sandzakpress.net\/arhiva\/#\/schema\/person\/image\/\"}},{\"@type\":\"Person\",\"@id\":\"https:\/\/sandzakpress.net\/arhiva\/#\/schema\/person\/cb59d7e3ab91ab90dd680ad0305a6185\",\"name\":\"Agencija\",\"image\":{\"@type\":\"ImageObject\",\"inLanguage\":\"bs-BA\",\"@id\":\"https:\/\/sandzakpress.net\/arhiva\/#\/schema\/person\/image\/\",\"url\":\"https:\/\/secure.gravatar.com\/avatar\/4b7fafa80a22f0c2afe23966b3961fe0?s=96&d=mm&r=pg\",\"contentUrl\":\"https:\/\/secure.gravatar.com\/avatar\/4b7fafa80a22f0c2afe23966b3961fe0?s=96&d=mm&r=pg\",\"caption\":\"Agencija\"},\"url\":\"https:\/\/sandzakpress.net\/arhiva\/author\/agencija\/\"}]}<\/script>\n<!-- \/ Yoast SEO Premium plugin. -->","yoast_head_json":{"title":"Okrivljeni za zlo\u010din u Plavu: Oti\u0161ao sam da plja\u010dkam, nisam ubijao","robots":{"index":"index","follow":"follow","max-snippet":"max-snippet:-1","max-image-preview":"max-image-preview:large","max-video-preview":"max-video-preview:-1"},"canonical":"https:\/\/sandzakpress.net\/arhiva\/okrivljeni-za-zlocin-u-plavu-otisao-sam-da-pljackam-nisam-ubijao\/","og_locale":"bs_BA","og_type":"article","og_title":"Okrivljeni za zlo\u010din u Plavu: Oti\u0161ao sam da plja\u010dkam, nisam ubijao","og_description":"Jedan od osumnji\u010denih za ubistvo Gordane Da\u0161i\u0107 (84), Bjelopoljac Aleksandar Konatar (35) priznao je &#8220;Vijestima&#8221; da je 31. maja oti\u0161ao u ku\u0107u Plavljana da ih oplja\u010dka, ali tvrdi da nema veze sa ubistvom starice i mu\u010denjem njenog supruga\u00a0Vuka Da\u0161i\u0107a (86). Konatar i Plavljanin Marko \u0160o\u0161ki\u0107 (24) osumnji\u010deni su da su posljednjeg dana maja, tri sata [&hellip;]","og_url":"https:\/\/sandzakpress.net\/arhiva\/okrivljeni-za-zlocin-u-plavu-otisao-sam-da-pljackam-nisam-ubijao\/","og_site_name":"Sand\u017eak PRESS","article_published_time":"2017-07-24T16:45:25+00:00","og_image":[{"width":560,"height":352,"url":"https:\/\/sandzakpress.net\/arhiva\/wp-content\/uploads\/2017\/07\/8d8bd6589c50c077ff7262e957a2d8eb.jpg","type":"image\/jpeg"}],"author":"Agencija","twitter_card":"summary_large_image","twitter_misc":{"Written by":"Agencija","Est. reading time":"3 minute"},"schema":{"@context":"https:\/\/schema.org","@graph":[{"@type":"Article","@id":"https:\/\/sandzakpress.net\/arhiva\/okrivljeni-za-zlocin-u-plavu-otisao-sam-da-pljackam-nisam-ubijao\/#article","isPartOf":{"@id":"https:\/\/sandzakpress.net\/arhiva\/okrivljeni-za-zlocin-u-plavu-otisao-sam-da-pljackam-nisam-ubijao\/"},"author":{"name":"Agencija","@id":"https:\/\/sandzakpress.net\/arhiva\/#\/schema\/person\/cb59d7e3ab91ab90dd680ad0305a6185"},"headline":"Okrivljeni za zlo\u010din u Plavu: Oti\u0161ao sam da plja\u010dkam, nisam ubijao","datePublished":"2017-07-24T16:45:25+00:00","mainEntityOfPage":{"@id":"https:\/\/sandzakpress.net\/arhiva\/okrivljeni-za-zlocin-u-plavu-otisao-sam-da-pljackam-nisam-ubijao\/"},"wordCount":554,"commentCount":1,"publisher":{"@id":"https:\/\/sandzakpress.net\/arhiva\/#\/schema\/person\/6e72b67d6e51910a1117b3b483ba20bd"},"image":{"@id":"https:\/\/sandzakpress.net\/arhiva\/okrivljeni-za-zlocin-u-plavu-otisao-sam-da-pljackam-nisam-ubijao\/#primaryimage"},"thumbnailUrl":"https:\/\/sandzakpress.net\/arhiva\/wp-content\/uploads\/2017\/07\/8d8bd6589c50c077ff7262e957a2d8eb.jpg","articleSection":["Plav","Hronika","VA\u017dNO!"],"inLanguage":"bs-BA","potentialAction":[{"@type":"CommentAction","name":"Comment","target":["https:\/\/sandzakpress.net\/arhiva\/okrivljeni-za-zlocin-u-plavu-otisao-sam-da-pljackam-nisam-ubijao\/#respond"]}]},{"@type":"WebPage","@id":"https:\/\/sandzakpress.net\/arhiva\/okrivljeni-za-zlocin-u-plavu-otisao-sam-da-pljackam-nisam-ubijao\/","url":"https:\/\/sandzakpress.net\/arhiva\/okrivljeni-za-zlocin-u-plavu-otisao-sam-da-pljackam-nisam-ubijao\/","name":"Okrivljeni za zlo\u010din u Plavu: Oti\u0161ao sam da plja\u010dkam, nisam ubijao","isPartOf":{"@id":"https:\/\/sandzakpress.net\/arhiva\/#website"},"primaryImageOfPage":{"@id":"https:\/\/sandzakpress.net\/arhiva\/okrivljeni-za-zlocin-u-plavu-otisao-sam-da-pljackam-nisam-ubijao\/#primaryimage"},"image":{"@id":"https:\/\/sandzakpress.net\/arhiva\/okrivljeni-za-zlocin-u-plavu-otisao-sam-da-pljackam-nisam-ubijao\/#primaryimage"},"thumbnailUrl":"https:\/\/sandzakpress.net\/arhiva\/wp-content\/uploads\/2017\/07\/8d8bd6589c50c077ff7262e957a2d8eb.jpg","datePublished":"2017-07-24T16:45:25+00:00","breadcrumb":{"@id":"https:\/\/sandzakpress.net\/arhiva\/okrivljeni-za-zlocin-u-plavu-otisao-sam-da-pljackam-nisam-ubijao\/#breadcrumb"},"inLanguage":"bs-BA","potentialAction":[{"@type":"ReadAction","target":["https:\/\/sandzakpress.net\/arhiva\/okrivljeni-za-zlocin-u-plavu-otisao-sam-da-pljackam-nisam-ubijao\/"]}]},{"@type":"ImageObject","inLanguage":"bs-BA","@id":"https:\/\/sandzakpress.net\/arhiva\/okrivljeni-za-zlocin-u-plavu-otisao-sam-da-pljackam-nisam-ubijao\/#primaryimage","url":"https:\/\/sandzakpress.net\/arhiva\/wp-content\/uploads\/2017\/07\/8d8bd6589c50c077ff7262e957a2d8eb.jpg","contentUrl":"https:\/\/sandzakpress.net\/arhiva\/wp-content\/uploads\/2017\/07\/8d8bd6589c50c077ff7262e957a2d8eb.jpg","width":560,"height":352},{"@type":"BreadcrumbList","@id":"https:\/\/sandzakpress.net\/arhiva\/okrivljeni-za-zlocin-u-plavu-otisao-sam-da-pljackam-nisam-ubijao\/#breadcrumb","itemListElement":[{"@type":"ListItem","position":1,"name":"Home","item":"https:\/\/sandzakpress.net\/arhiva\/"},{"@type":"ListItem","position":2,"name":"Okrivljeni za zlo\u010din u Plavu: Oti\u0161ao sam da plja\u010dkam, nisam ubijao"}]},{"@type":"WebSite","@id":"https:\/\/sandzakpress.net\/arhiva\/#website","url":"https:\/\/sandzakpress.net\/arhiva\/","name":"Sand\u017eak PRESS","description":"Prve elektronske novine u Sand\u017eaku","publisher":{"@id":"https:\/\/sandzakpress.net\/arhiva\/#\/schema\/person\/6e72b67d6e51910a1117b3b483ba20bd"},"potentialAction":[{"@type":"SearchAction","target":{"@type":"EntryPoint","urlTemplate":"https:\/\/sandzakpress.net\/arhiva\/?s={search_term_string}"},"query-input":{"@type":"PropertyValueSpecification","valueRequired":true,"valueName":"search_term_string"}}],"inLanguage":"bs-BA"},{"@type":["Person","Organization"],"@id":"https:\/\/sandzakpress.net\/arhiva\/#\/schema\/person\/6e72b67d6e51910a1117b3b483ba20bd","name":"Kul","image":{"@type":"ImageObject","inLanguage":"bs-BA","@id":"https:\/\/sandzakpress.net\/arhiva\/#\/schema\/person\/image\/","url":"https:\/\/secure.gravatar.com\/avatar\/42263f39aa27ac04c43cab85c280eb2e?s=96&d=mm&r=pg","contentUrl":"https:\/\/secure.gravatar.com\/avatar\/42263f39aa27ac04c43cab85c280eb2e?s=96&d=mm&r=pg","caption":"Kul"},"logo":{"@id":"https:\/\/sandzakpress.net\/arhiva\/#\/schema\/person\/image\/"}},{"@type":"Person","@id":"https:\/\/sandzakpress.net\/arhiva\/#\/schema\/person\/cb59d7e3ab91ab90dd680ad0305a6185","name":"Agencija","image":{"@type":"ImageObject","inLanguage":"bs-BA","@id":"https:\/\/sandzakpress.net\/arhiva\/#\/schema\/person\/image\/","url":"https:\/\/secure.gravatar.com\/avatar\/4b7fafa80a22f0c2afe23966b3961fe0?s=96&d=mm&r=pg","contentUrl":"https:\/\/secure.gravatar.com\/avatar\/4b7fafa80a22f0c2afe23966b3961fe0?s=96&d=mm&r=pg","caption":"Agencija"},"url":"https:\/\/sandzakpress.net\/arhiva\/author\/agencija\/"}]}},"_links":{"self":[{"href":"https:\/\/sandzakpress.net\/arhiva\/wp-json\/wp\/v2\/posts\/191791"}],"collection":[{"href":"https:\/\/sandzakpress.net\/arhiva\/wp-json\/wp\/v2\/posts"}],"about":[{"href":"https:\/\/sandzakpress.net\/arhiva\/wp-json\/wp\/v2\/types\/post"}],"author":[{"embeddable":true,"href":"https:\/\/sandzakpress.net\/arhiva\/wp-json\/wp\/v2\/users\/509"}],"replies":[{"embeddable":true,"href":"https:\/\/sandzakpress.net\/arhiva\/wp-json\/wp\/v2\/comments?post=191791"}],"version-history":[{"count":0,"href":"https:\/\/sandzakpress.net\/arhiva\/wp-json\/wp\/v2\/posts\/191791\/revisions"}],"wp:featuredmedia":[{"embeddable":true,"href":"https:\/\/sandzakpress.net\/arhiva\/wp-json\/wp\/v2\/media\/191798"}],"wp:attachment":[{"href":"https:\/\/sandzakpress.net\/arhiva\/wp-json\/wp\/v2\/media?parent=191791"}],"wp:term":[{"taxonomy":"category","embeddable":true,"href":"https:\/\/sandzakpress.net\/arhiva\/wp-json\/wp\/v2\/categories?post=191791"},{"taxonomy":"post_tag","embeddable":true,"href":"https:\/\/sandzakpress.net\/arhiva\/wp-json\/wp\/v2\/tags?post=191791"}],"curies":[{"name":"wp","href":"https:\/\/api.w.org\/{rel}","templated":true}]}}