{"id":19176,"date":"2011-08-29T13:27:19","date_gmt":"2011-08-29T11:27:19","guid":{"rendered":"https:\/\/sandzakpress.net\/arhiva\/?p=19176"},"modified":"2011-08-29T13:27:19","modified_gmt":"2011-08-29T11:27:19","slug":"muzej-iz-prijepolja-medu-evropskom-elitom","status":"publish","type":"post","link":"https:\/\/sandzakpress.net\/arhiva\/muzej-iz-prijepolja-medu-evropskom-elitom\/","title":{"rendered":"Muzej iz Prijepolja me\u0111u evropskom elitom"},"content":{"rendered":"<p><strong><a href=\"https:\/\/sandzakpress.net\/arhiva\/wp-content\/uploads\/2011\/08\/Muzej-u-Prijepolju-letnja-scena.jpg\"><img loading=\"lazy\" decoding=\"async\" class=\"alignleft size-medium wp-image-19177\" src=\"https:\/\/sandzakpress.net\/arhiva\/wp-content\/uploads\/2011\/08\/Muzej-u-Prijepolju-letnja-scena-300x201.jpg\" alt=\"\" width=\"300\" height=\"201\" \/><\/a>Prijepolje &#8211; Na\u0161 najmla\u0111i i najmanji muzej do\u0161ao je u izuzetnu priliku da postane evropski muzej godine. Rije\u010d je o muzeju iz Prijepolja, pravom biseru na\u0161e muzejske djelatnosti, koji je, u strahovitoj konkurenciji ustanova ove vrste iz vode\u0107ih metropola Evrope, u\u0161ao u naju\u017ei izbor za to presti\u017eno zvanje.<\/strong><\/p>\n<p>One koji bolje poznaju rad prijepoljskog muzeja, osnovanog prije ta\u010dno dvije decenije, ova kandidatura ne iznena\u0111uje. Zdanje nasred stare \u010dar\u0161ije, u \u010dije ure\u0111enje je minulih godina dr\u017eava iz NIP-a ulo\u017eila oko 50 miliona dinara, opremljeno je po najvi\u0161im svjetskim standardima: s centralnom klimatizacijom, galerijama obezbe\u0111enim senzorima, potpuno izolovano od vlage, s modernim muzejskim depoom pod zemljom, letnjom kulturnom scenom sa lapidarijumom, sa vrijednom stalnom postavkom o karijeri slavnog ko\u0161arka\u0161a Vlade Divca&#8230;<\/p>\n<p>Projekti ovog muzeja tako\u0111er su za po\u0161tovanje: vi\u0161edecenijski poduhvat obnove pravoslavnih svetinja u Polimlju nazvan \u201eNa svetim vodama Lima\u201d(obnovljeni srednjovekovni manastiri Davidovica, Kumanica i drugi hramovi, spomenici), obnova islamskih spomenika kulture (Jusovi\u0107a kula, za\u0161tita najstarijeg Kurana u Polimlju starog 400 godina i drugo), niz vrijednih likovnih programa (postavljene izlo\u017ebe \u0160umanovi\u0107a, Nade\u017ede Petrovi\u0107, Lubarde i druge) u Prijepolju i u svetu (Bern, Korzika), izgra\u0111en ugled muzeja stvarala\u0161tva, znanja i entuzijazma.<\/p>\n<p>Direktor prijepoljskog muzeja je Slavoljub Bato Pu\u0161ica, istori\u010dar umjetnosti, ve\u0107 punih 18 godina od 20, koliko muzej postoji. Gle, \u010duda, \u010dovjek nije \u010dlan nijedne stranke, a odoleva promjenama vlasti u Prijepolju, pri \u010demu se nikad ne postavlja pitanje njegovog reizbora, stalno je na terenu (ovih dana smo ga zatekli na obnovi fresaka starih 730 godina u manastiru Davidovica) i nosilac je svih projekata muzeja u kome je samo pet zaposlenih.<\/p>\n<p>\u2013 Istakli smo se po uspostavljanju kontakata me\u0111u muzejima iz dr\u017eava regiona. Jo\u0161 prije sedam godina prvi put je Zemaljski muzej iz Sarajeva, velikom izlo\u017ebom kod nas postavljenom, do\u0161ao u Srbiju. Prvi put su, prije nekoliko godina, predstavnici IKOM-a (muzejskih nacionalnih komiteta) iz Hrvatske i BiH do\u0161li u Prijepolje. To je u Evropi pozdravljeno kao primjer kako treba sara\u0111ivati na Balkanu, to je ta dru\u0161tvena uloga prijepoljskog muzeja koji se izdigao iznad politike \u2013ka\u017ee Pu\u0161ica.<\/p>\n<p>Sagovornik \u201ePolitike\u201d je, ina\u010de, predsjednik IKOM-a za Srbiju, poznat u muzejskim krugovima i kod nas i u Evropi. Pro\u010dula se delatnost Prijepoljaca, pa je pro\u0161le godine usledila i kandidatura ove ustanove za evropski muzej godine.<\/p>\n<p>\u2013 Kolege iz Hrvatske, koji su uticajni u muzejskim organizacijama u Evropi, predlo\u017eile su da mi budemo kandidati. Onda je iza tog predloga stala i dr Mila Popovi\u0107-\u017divan\u010devi\u0107, direktorka Centralnog instituta za konzervaciju Srbije, potpisala kandidaturu, koja je oti\u0161la Muzejskom evropskom forumu, \u010dije je sedi\u0161te u Liverpulu. Iz tog foruma su nam najpre tra\u017eili da ih ukratko upoznamo \u0161ta radimo, pa su posle zahtevne procedure javili da smo u\u0161li u u\u017ei izborni krug za evropski muzej godine i da ispunjavamo tra\u017eene uslove. I to ubedljivo najmanji i najmla\u0111i me\u0111u velikim evropskim muzejima, iz ubedljivo najmanjeg grada. To je prvi put da jedan muzej iz Srbije konkuri\u0161e za najve\u0107u evropsku muzejsku nagradu i da ispuni uslove, \u0161to je priznanje i nama i cijeloj na\u0161oj muzejskoj struci \u2013 napominje direktor Pu\u0161ica, dodaju\u0107i da se, bez obzira na kona\u010dan ishod izbora, ve\u0107 osje\u0107a kao pobjednik.<\/p>\n<p>Izvor: <strong>Politika.rs<\/strong><\/p>\n","protected":false},"excerpt":{"rendered":"<p>Prijepolje &#8211; Na\u0161 najmla\u0111i i najmanji muzej do\u0161ao je u izuzetnu priliku da postane evropski muzej godine. Rije\u010d je o muzeju iz Prijepolja, pravom biseru na\u0161e muzejske djelatnosti, koji je, u strahovitoj konkurenciji ustanova ove vrste iz vode\u0107ih metropola Evrope, u\u0161ao u naju\u017ei izbor za to presti\u017eno zvanje. One koji bolje poznaju rad prijepoljskog muzeja, [&hellip;]<\/p>\n","protected":false},"author":13,"featured_media":19177,"comment_status":"open","ping_status":"open","sticky":false,"template":"","format":"standard","meta":{"footnotes":""},"categories":[392],"tags":[],"class_list":{"0":"post-19176","1":"post","2":"type-post","3":"status-publish","4":"format-standard","5":"has-post-thumbnail","7":"category-prijepolje_"},"yoast_head":"<!-- This site is optimized with the Yoast SEO Premium plugin v23.1 (Yoast SEO v24.9) - https:\/\/yoast.com\/wordpress\/plugins\/seo\/ -->\n<title>Muzej iz Prijepolja me\u0111u evropskom elitom<\/title>\n<meta name=\"robots\" content=\"index, follow, max-snippet:-1, max-image-preview:large, max-video-preview:-1\" \/>\n<link rel=\"canonical\" href=\"https:\/\/sandzakpress.net\/arhiva\/muzej-iz-prijepolja-medu-evropskom-elitom\/\" \/>\n<meta property=\"og:locale\" content=\"bs_BA\" \/>\n<meta property=\"og:type\" content=\"article\" \/>\n<meta property=\"og:title\" content=\"Muzej iz Prijepolja me\u0111u evropskom elitom\" \/>\n<meta property=\"og:description\" content=\"Prijepolje &#8211; Na\u0161 najmla\u0111i i najmanji muzej do\u0161ao je u izuzetnu priliku da postane evropski muzej godine. Rije\u010d je o muzeju iz Prijepolja, pravom biseru na\u0161e muzejske djelatnosti, koji je, u strahovitoj konkurenciji ustanova ove vrste iz vode\u0107ih metropola Evrope, u\u0161ao u naju\u017ei izbor za to presti\u017eno zvanje. One koji bolje poznaju rad prijepoljskog muzeja, [&hellip;]\" \/>\n<meta property=\"og:url\" content=\"https:\/\/sandzakpress.net\/arhiva\/muzej-iz-prijepolja-medu-evropskom-elitom\/\" \/>\n<meta property=\"og:site_name\" content=\"Sand\u017eak PRESS\" \/>\n<meta property=\"article:published_time\" content=\"2011-08-29T11:27:19+00:00\" \/>\n<meta property=\"og:image\" content=\"https:\/\/sandzakpress.net\/arhiva\/wp-content\/uploads\/2011\/08\/Muzej-u-Prijepolju-letnja-scena.jpg\" \/>\n\t<meta property=\"og:image:width\" content=\"468\" \/>\n\t<meta property=\"og:image:height\" content=\"314\" \/>\n\t<meta property=\"og:image:type\" content=\"image\/jpeg\" \/>\n<meta name=\"twitter:card\" content=\"summary_large_image\" \/>\n<meta name=\"twitter:label1\" content=\"Written by\" \/>\n\t<meta name=\"twitter:data1\" content=\"\" \/>\n\t<meta name=\"twitter:label2\" content=\"Est. reading time\" \/>\n\t<meta name=\"twitter:data2\" content=\"3 minute\" \/>\n<script type=\"application\/ld+json\" class=\"yoast-schema-graph\">{\"@context\":\"https:\/\/schema.org\",\"@graph\":[{\"@type\":\"Article\",\"@id\":\"https:\/\/sandzakpress.net\/arhiva\/muzej-iz-prijepolja-medu-evropskom-elitom\/#article\",\"isPartOf\":{\"@id\":\"https:\/\/sandzakpress.net\/arhiva\/muzej-iz-prijepolja-medu-evropskom-elitom\/\"},\"author\":{\"name\":\"\",\"@id\":\"\"},\"headline\":\"Muzej iz Prijepolja me\u0111u evropskom elitom\",\"datePublished\":\"2011-08-29T11:27:19+00:00\",\"mainEntityOfPage\":{\"@id\":\"https:\/\/sandzakpress.net\/arhiva\/muzej-iz-prijepolja-medu-evropskom-elitom\/\"},\"wordCount\":573,\"commentCount\":0,\"publisher\":{\"@id\":\"https:\/\/sandzakpress.net\/arhiva\/#\/schema\/person\/6e72b67d6e51910a1117b3b483ba20bd\"},\"image\":{\"@id\":\"https:\/\/sandzakpress.net\/arhiva\/muzej-iz-prijepolja-medu-evropskom-elitom\/#primaryimage\"},\"thumbnailUrl\":\"https:\/\/sandzakpress.net\/arhiva\/wp-content\/uploads\/2011\/08\/Muzej-u-Prijepolju-letnja-scena.jpg\",\"articleSection\":[\"Prijepolje\"],\"inLanguage\":\"bs-BA\",\"potentialAction\":[{\"@type\":\"CommentAction\",\"name\":\"Comment\",\"target\":[\"https:\/\/sandzakpress.net\/arhiva\/muzej-iz-prijepolja-medu-evropskom-elitom\/#respond\"]}]},{\"@type\":\"WebPage\",\"@id\":\"https:\/\/sandzakpress.net\/arhiva\/muzej-iz-prijepolja-medu-evropskom-elitom\/\",\"url\":\"https:\/\/sandzakpress.net\/arhiva\/muzej-iz-prijepolja-medu-evropskom-elitom\/\",\"name\":\"Muzej iz Prijepolja me\u0111u evropskom elitom\",\"isPartOf\":{\"@id\":\"https:\/\/sandzakpress.net\/arhiva\/#website\"},\"primaryImageOfPage\":{\"@id\":\"https:\/\/sandzakpress.net\/arhiva\/muzej-iz-prijepolja-medu-evropskom-elitom\/#primaryimage\"},\"image\":{\"@id\":\"https:\/\/sandzakpress.net\/arhiva\/muzej-iz-prijepolja-medu-evropskom-elitom\/#primaryimage\"},\"thumbnailUrl\":\"https:\/\/sandzakpress.net\/arhiva\/wp-content\/uploads\/2011\/08\/Muzej-u-Prijepolju-letnja-scena.jpg\",\"datePublished\":\"2011-08-29T11:27:19+00:00\",\"breadcrumb\":{\"@id\":\"https:\/\/sandzakpress.net\/arhiva\/muzej-iz-prijepolja-medu-evropskom-elitom\/#breadcrumb\"},\"inLanguage\":\"bs-BA\",\"potentialAction\":[{\"@type\":\"ReadAction\",\"target\":[\"https:\/\/sandzakpress.net\/arhiva\/muzej-iz-prijepolja-medu-evropskom-elitom\/\"]}]},{\"@type\":\"ImageObject\",\"inLanguage\":\"bs-BA\",\"@id\":\"https:\/\/sandzakpress.net\/arhiva\/muzej-iz-prijepolja-medu-evropskom-elitom\/#primaryimage\",\"url\":\"https:\/\/sandzakpress.net\/arhiva\/wp-content\/uploads\/2011\/08\/Muzej-u-Prijepolju-letnja-scena.jpg\",\"contentUrl\":\"https:\/\/sandzakpress.net\/arhiva\/wp-content\/uploads\/2011\/08\/Muzej-u-Prijepolju-letnja-scena.jpg\",\"width\":468,\"height\":314},{\"@type\":\"BreadcrumbList\",\"@id\":\"https:\/\/sandzakpress.net\/arhiva\/muzej-iz-prijepolja-medu-evropskom-elitom\/#breadcrumb\",\"itemListElement\":[{\"@type\":\"ListItem\",\"position\":1,\"name\":\"Home\",\"item\":\"https:\/\/sandzakpress.net\/arhiva\/\"},{\"@type\":\"ListItem\",\"position\":2,\"name\":\"Muzej iz Prijepolja me\u0111u evropskom elitom\"}]},{\"@type\":\"WebSite\",\"@id\":\"https:\/\/sandzakpress.net\/arhiva\/#website\",\"url\":\"https:\/\/sandzakpress.net\/arhiva\/\",\"name\":\"Sand\u017eak PRESS\",\"description\":\"Prve elektronske novine u Sand\u017eaku\",\"publisher\":{\"@id\":\"https:\/\/sandzakpress.net\/arhiva\/#\/schema\/person\/6e72b67d6e51910a1117b3b483ba20bd\"},\"potentialAction\":[{\"@type\":\"SearchAction\",\"target\":{\"@type\":\"EntryPoint\",\"urlTemplate\":\"https:\/\/sandzakpress.net\/arhiva\/?s={search_term_string}\"},\"query-input\":{\"@type\":\"PropertyValueSpecification\",\"valueRequired\":true,\"valueName\":\"search_term_string\"}}],\"inLanguage\":\"bs-BA\"},{\"@type\":[\"Person\",\"Organization\"],\"@id\":\"https:\/\/sandzakpress.net\/arhiva\/#\/schema\/person\/6e72b67d6e51910a1117b3b483ba20bd\",\"name\":\"Kul\",\"image\":{\"@type\":\"ImageObject\",\"inLanguage\":\"bs-BA\",\"@id\":\"https:\/\/sandzakpress.net\/arhiva\/#\/schema\/person\/image\/\",\"url\":\"https:\/\/secure.gravatar.com\/avatar\/42263f39aa27ac04c43cab85c280eb2e?s=96&d=mm&r=pg\",\"contentUrl\":\"https:\/\/secure.gravatar.com\/avatar\/42263f39aa27ac04c43cab85c280eb2e?s=96&d=mm&r=pg\",\"caption\":\"Kul\"},\"logo\":{\"@id\":\"https:\/\/sandzakpress.net\/arhiva\/#\/schema\/person\/image\/\"}},{\"@type\":\"Person\",\"@id\":\"\",\"url\":\"https:\/\/sandzakpress.net\/arhiva\/author\/\"}]}<\/script>\n<!-- \/ Yoast SEO Premium plugin. -->","yoast_head_json":{"title":"Muzej iz Prijepolja me\u0111u evropskom elitom","robots":{"index":"index","follow":"follow","max-snippet":"max-snippet:-1","max-image-preview":"max-image-preview:large","max-video-preview":"max-video-preview:-1"},"canonical":"https:\/\/sandzakpress.net\/arhiva\/muzej-iz-prijepolja-medu-evropskom-elitom\/","og_locale":"bs_BA","og_type":"article","og_title":"Muzej iz Prijepolja me\u0111u evropskom elitom","og_description":"Prijepolje &#8211; Na\u0161 najmla\u0111i i najmanji muzej do\u0161ao je u izuzetnu priliku da postane evropski muzej godine. Rije\u010d je o muzeju iz Prijepolja, pravom biseru na\u0161e muzejske djelatnosti, koji je, u strahovitoj konkurenciji ustanova ove vrste iz vode\u0107ih metropola Evrope, u\u0161ao u naju\u017ei izbor za to presti\u017eno zvanje. One koji bolje poznaju rad prijepoljskog muzeja, [&hellip;]","og_url":"https:\/\/sandzakpress.net\/arhiva\/muzej-iz-prijepolja-medu-evropskom-elitom\/","og_site_name":"Sand\u017eak PRESS","article_published_time":"2011-08-29T11:27:19+00:00","og_image":[{"width":468,"height":314,"url":"https:\/\/sandzakpress.net\/arhiva\/wp-content\/uploads\/2011\/08\/Muzej-u-Prijepolju-letnja-scena.jpg","type":"image\/jpeg"}],"twitter_card":"summary_large_image","twitter_misc":{"Written by":"","Est. reading time":"3 minute"},"schema":{"@context":"https:\/\/schema.org","@graph":[{"@type":"Article","@id":"https:\/\/sandzakpress.net\/arhiva\/muzej-iz-prijepolja-medu-evropskom-elitom\/#article","isPartOf":{"@id":"https:\/\/sandzakpress.net\/arhiva\/muzej-iz-prijepolja-medu-evropskom-elitom\/"},"author":{"name":"","@id":""},"headline":"Muzej iz Prijepolja me\u0111u evropskom elitom","datePublished":"2011-08-29T11:27:19+00:00","mainEntityOfPage":{"@id":"https:\/\/sandzakpress.net\/arhiva\/muzej-iz-prijepolja-medu-evropskom-elitom\/"},"wordCount":573,"commentCount":0,"publisher":{"@id":"https:\/\/sandzakpress.net\/arhiva\/#\/schema\/person\/6e72b67d6e51910a1117b3b483ba20bd"},"image":{"@id":"https:\/\/sandzakpress.net\/arhiva\/muzej-iz-prijepolja-medu-evropskom-elitom\/#primaryimage"},"thumbnailUrl":"https:\/\/sandzakpress.net\/arhiva\/wp-content\/uploads\/2011\/08\/Muzej-u-Prijepolju-letnja-scena.jpg","articleSection":["Prijepolje"],"inLanguage":"bs-BA","potentialAction":[{"@type":"CommentAction","name":"Comment","target":["https:\/\/sandzakpress.net\/arhiva\/muzej-iz-prijepolja-medu-evropskom-elitom\/#respond"]}]},{"@type":"WebPage","@id":"https:\/\/sandzakpress.net\/arhiva\/muzej-iz-prijepolja-medu-evropskom-elitom\/","url":"https:\/\/sandzakpress.net\/arhiva\/muzej-iz-prijepolja-medu-evropskom-elitom\/","name":"Muzej iz Prijepolja me\u0111u evropskom elitom","isPartOf":{"@id":"https:\/\/sandzakpress.net\/arhiva\/#website"},"primaryImageOfPage":{"@id":"https:\/\/sandzakpress.net\/arhiva\/muzej-iz-prijepolja-medu-evropskom-elitom\/#primaryimage"},"image":{"@id":"https:\/\/sandzakpress.net\/arhiva\/muzej-iz-prijepolja-medu-evropskom-elitom\/#primaryimage"},"thumbnailUrl":"https:\/\/sandzakpress.net\/arhiva\/wp-content\/uploads\/2011\/08\/Muzej-u-Prijepolju-letnja-scena.jpg","datePublished":"2011-08-29T11:27:19+00:00","breadcrumb":{"@id":"https:\/\/sandzakpress.net\/arhiva\/muzej-iz-prijepolja-medu-evropskom-elitom\/#breadcrumb"},"inLanguage":"bs-BA","potentialAction":[{"@type":"ReadAction","target":["https:\/\/sandzakpress.net\/arhiva\/muzej-iz-prijepolja-medu-evropskom-elitom\/"]}]},{"@type":"ImageObject","inLanguage":"bs-BA","@id":"https:\/\/sandzakpress.net\/arhiva\/muzej-iz-prijepolja-medu-evropskom-elitom\/#primaryimage","url":"https:\/\/sandzakpress.net\/arhiva\/wp-content\/uploads\/2011\/08\/Muzej-u-Prijepolju-letnja-scena.jpg","contentUrl":"https:\/\/sandzakpress.net\/arhiva\/wp-content\/uploads\/2011\/08\/Muzej-u-Prijepolju-letnja-scena.jpg","width":468,"height":314},{"@type":"BreadcrumbList","@id":"https:\/\/sandzakpress.net\/arhiva\/muzej-iz-prijepolja-medu-evropskom-elitom\/#breadcrumb","itemListElement":[{"@type":"ListItem","position":1,"name":"Home","item":"https:\/\/sandzakpress.net\/arhiva\/"},{"@type":"ListItem","position":2,"name":"Muzej iz Prijepolja me\u0111u evropskom elitom"}]},{"@type":"WebSite","@id":"https:\/\/sandzakpress.net\/arhiva\/#website","url":"https:\/\/sandzakpress.net\/arhiva\/","name":"Sand\u017eak PRESS","description":"Prve elektronske novine u Sand\u017eaku","publisher":{"@id":"https:\/\/sandzakpress.net\/arhiva\/#\/schema\/person\/6e72b67d6e51910a1117b3b483ba20bd"},"potentialAction":[{"@type":"SearchAction","target":{"@type":"EntryPoint","urlTemplate":"https:\/\/sandzakpress.net\/arhiva\/?s={search_term_string}"},"query-input":{"@type":"PropertyValueSpecification","valueRequired":true,"valueName":"search_term_string"}}],"inLanguage":"bs-BA"},{"@type":["Person","Organization"],"@id":"https:\/\/sandzakpress.net\/arhiva\/#\/schema\/person\/6e72b67d6e51910a1117b3b483ba20bd","name":"Kul","image":{"@type":"ImageObject","inLanguage":"bs-BA","@id":"https:\/\/sandzakpress.net\/arhiva\/#\/schema\/person\/image\/","url":"https:\/\/secure.gravatar.com\/avatar\/42263f39aa27ac04c43cab85c280eb2e?s=96&d=mm&r=pg","contentUrl":"https:\/\/secure.gravatar.com\/avatar\/42263f39aa27ac04c43cab85c280eb2e?s=96&d=mm&r=pg","caption":"Kul"},"logo":{"@id":"https:\/\/sandzakpress.net\/arhiva\/#\/schema\/person\/image\/"}},{"@type":"Person","@id":"","url":"https:\/\/sandzakpress.net\/arhiva\/author\/"}]}},"_links":{"self":[{"href":"https:\/\/sandzakpress.net\/arhiva\/wp-json\/wp\/v2\/posts\/19176"}],"collection":[{"href":"https:\/\/sandzakpress.net\/arhiva\/wp-json\/wp\/v2\/posts"}],"about":[{"href":"https:\/\/sandzakpress.net\/arhiva\/wp-json\/wp\/v2\/types\/post"}],"author":[{"embeddable":true,"href":"https:\/\/sandzakpress.net\/arhiva\/wp-json\/wp\/v2\/users\/13"}],"replies":[{"embeddable":true,"href":"https:\/\/sandzakpress.net\/arhiva\/wp-json\/wp\/v2\/comments?post=19176"}],"version-history":[{"count":0,"href":"https:\/\/sandzakpress.net\/arhiva\/wp-json\/wp\/v2\/posts\/19176\/revisions"}],"wp:featuredmedia":[{"embeddable":true,"href":"https:\/\/sandzakpress.net\/arhiva\/wp-json\/wp\/v2\/media\/19177"}],"wp:attachment":[{"href":"https:\/\/sandzakpress.net\/arhiva\/wp-json\/wp\/v2\/media?parent=19176"}],"wp:term":[{"taxonomy":"category","embeddable":true,"href":"https:\/\/sandzakpress.net\/arhiva\/wp-json\/wp\/v2\/categories?post=19176"},{"taxonomy":"post_tag","embeddable":true,"href":"https:\/\/sandzakpress.net\/arhiva\/wp-json\/wp\/v2\/tags?post=19176"}],"curies":[{"name":"wp","href":"https:\/\/api.w.org\/{rel}","templated":true}]}}