{"id":191476,"date":"2017-07-20T12:25:57","date_gmt":"2017-07-20T10:25:57","guid":{"rendered":"https:\/\/sandzakpress.net\/arhiva\/tuzilastvo-bih-danas-ulaze-zalbu-zbog-odbijanja-optuznice-u-slucaju-referenduma-u-rs-u"},"modified":"2017-07-20T12:25:57","modified_gmt":"2017-07-20T10:25:57","slug":"tuzilastvo-bih-danas-ulaze-zalbu-zbog-odbijanja-optuznice-u-slucaju-referenduma-u-rs-u","status":"publish","type":"post","link":"https:\/\/sandzakpress.net\/arhiva\/tuzilastvo-bih-danas-ulaze-zalbu-zbog-odbijanja-optuznice-u-slucaju-referenduma-u-rs-u\/","title":{"rendered":"Tu\u017eila\u0161tvo BiH danas ula\u017ee \u017ealbu zbog odbijanja optu\u017enice u slu\u010daju referenduma u RS-u"},"content":{"rendered":"<p><span class=\"cb-itemprop\"><\/p>\n<div class=\"uvod uvod-clanka hidden-xs\"><strong><img loading=\"lazy\" decoding=\"async\" class=\"alignnone size-large wp-image-198192\" src=\"http:\/\/bosnapress.net\/wp-content\/uploads\/2017\/07\/b_141217110_0_4-616x341.jpg\" alt=\"\" width=\"616\" height=\"341\" \/>Sarajevo, Banja Luka \u2013 Nakon \u0161to je Sud Bosne i Hercegovine odbio optu\u017enicu protiv svih optu\u017eenih zbog neustavnog referenduma u RS-u iz Tu\u017eila\u0161tva BiH najavili su da \u0107e ulo\u017eiti \u017ealbu.<\/strong><\/div>\n<div class=\"tekst clanak_vijesti\"><strong>\u201cTu\u017eila\u0161tvo BiH je zaprimilo odluku Suda BiH i u zakonskom roku ulo\u017eit \u0107e \u017ealbu\u201d, kazali su u \u00a0Tu\u017eila\u0161tvu BiH.\u00a0<\/strong><\/p>\n<p>Sudija za prethodno saslu\u0161anje odbio je optu\u017enicu Tu\u017eila\u0161tva BiH, kojom su optu\u017eeni Sini\u0161a Karan, Dragoljub Relji\u0107, Goran Zmijanac i Milan Petkovi\u0107 zbog krivi\u010dnog djela Neizvr\u0161enja odluke Ustavnog suda BiH o privremenoj mjeri kojom se privremeno obustavlja primjena Odluke o raspisivanju referenduma o 9. januaru kao Danu Republike Srpske.<\/p>\n<p>Sudija za prethodno saslu\u0161anje je zaklju\u010dio da iz dokaza Tu\u017eila\u0161tva BiH nije mogu\u0107e izvesti zaklju\u010dak o postojanju osnovane sumnje da su optu\u017eeni po\u010dinili krivi\u010dno djelo koje im se stavlja na teret.<\/p>\n<p>U odluci se ukazuje na \u010dinjenicu da je izvr\u0161enje odluke Ustavnog suda BiH bilo u nadle\u017enosti Narodne skup\u0161tine RS, kojoj je Ustavni sud i dostavio odluku o privremenoj mjeri, te da optu\u017eeni nisu imali realnu mo\u0107 da donesu bilo kakvu odluku o suspenziji odluke o sprovo\u0111enju referenduma s obzirom na \u010dinjenicu da je ve\u0107ina \u010dlanova Komisije za sprovo\u0111enje referenduma (pet) bila iz reda narodnih poslanika koji su u\u010destvovali u dono\u0161enju odluke o referendumu, a koji nisu optu\u017eeni najvjerovatnije zbog toga \u0161to kao narodni poslanici u\u017eivaju imunitet.<\/p>\n<p>Kako je ju\u010der saop\u0107eno iz Suda BiH, protiv odluke o odbijanju optu\u017enice Tu\u017eila\u0161tvo BiH mo\u017ee podnijeti \u017ealbu u roku od 24 sata.<\/p>\n<\/div>\n<div><\/div>\n<div>klix<\/div>\n<p><\/span><br \/>\nPogledajte vijest na izvornom sajtu:<\/p>\n<p><a href=\"http:\/\/bosnapress.net\/tuzilastvo-bih-danas-ulaze-zalbu-zbog-odbijanja-optuznice-u-slucaju-referenduma-u-rs-u\/\" target=\"_blank\">Tu\u017eila\u0161tvo BiH danas ula\u017ee \u017ealbu zbog odbijanja optu\u017enice u slu\u010daju referenduma u RS-u<\/a><\/p>\n","protected":false},"excerpt":{"rendered":"<p>Sarajevo, Banja Luka \u2013 Nakon \u0161to je Sud Bosne i Hercegovine odbio optu\u017enicu protiv svih optu\u017eenih zbog neustavnog referenduma u RS-u iz Tu\u017eila\u0161tva BiH najavili su da \u0107e ulo\u017eiti \u017ealbu. \u201cTu\u017eila\u0161tvo BiH je zaprimilo odluku Suda BiH i u zakonskom roku ulo\u017eit \u0107e \u017ealbu\u201d, kazali su u \u00a0Tu\u017eila\u0161tvu BiH.\u00a0 Sudija za prethodno saslu\u0161anje odbio je [&hellip;]<\/p>\n","protected":false},"author":83,"featured_media":191478,"comment_status":"open","ping_status":"open","sticky":false,"template":"","format":"standard","meta":{"footnotes":""},"categories":[10513],"tags":[10466],"class_list":{"0":"post-191476","1":"post","2":"type-post","3":"status-publish","4":"format-standard","5":"has-post-thumbnail","7":"category-bosna-press","8":"tag-bosna-i-hercegovina"},"yoast_head":"<!-- This site is optimized with the Yoast SEO Premium plugin v23.1 (Yoast SEO v24.9) - https:\/\/yoast.com\/wordpress\/plugins\/seo\/ -->\n<title>Tu\u017eila\u0161tvo BiH danas ula\u017ee \u017ealbu zbog odbijanja optu\u017enice u slu\u010daju referenduma u RS-u<\/title>\n<meta name=\"robots\" content=\"index, follow, max-snippet:-1, max-image-preview:large, max-video-preview:-1\" \/>\n<link rel=\"canonical\" href=\"https:\/\/sandzakpress.net\/arhiva\/tuzilastvo-bih-danas-ulaze-zalbu-zbog-odbijanja-optuznice-u-slucaju-referenduma-u-rs-u\/\" \/>\n<meta property=\"og:locale\" content=\"bs_BA\" \/>\n<meta property=\"og:type\" content=\"article\" \/>\n<meta property=\"og:title\" content=\"Tu\u017eila\u0161tvo BiH danas ula\u017ee \u017ealbu zbog odbijanja optu\u017enice u slu\u010daju referenduma u RS-u\" \/>\n<meta property=\"og:description\" content=\"Sarajevo, Banja Luka \u2013 Nakon \u0161to je Sud Bosne i Hercegovine odbio optu\u017enicu protiv svih optu\u017eenih zbog neustavnog referenduma u RS-u iz Tu\u017eila\u0161tva BiH najavili su da \u0107e ulo\u017eiti \u017ealbu. \u201cTu\u017eila\u0161tvo BiH je zaprimilo odluku Suda BiH i u zakonskom roku ulo\u017eit \u0107e \u017ealbu\u201d, kazali su u \u00a0Tu\u017eila\u0161tvu BiH.\u00a0 Sudija za prethodno saslu\u0161anje odbio je [&hellip;]\" \/>\n<meta property=\"og:url\" content=\"https:\/\/sandzakpress.net\/arhiva\/tuzilastvo-bih-danas-ulaze-zalbu-zbog-odbijanja-optuznice-u-slucaju-referenduma-u-rs-u\/\" \/>\n<meta property=\"og:site_name\" content=\"Sand\u017eak PRESS\" \/>\n<meta property=\"article:published_time\" content=\"2017-07-20T10:25:57+00:00\" \/>\n<meta property=\"og:image\" content=\"https:\/\/sandzakpress.net\/arhiva\/wp-content\/uploads\/2017\/07\/b_141217110_0_4-616x341-1.jpg\" \/>\n\t<meta property=\"og:image:width\" content=\"616\" \/>\n\t<meta property=\"og:image:height\" content=\"341\" \/>\n\t<meta property=\"og:image:type\" content=\"image\/jpeg\" \/>\n<meta name=\"author\" content=\"bosniak\" \/>\n<meta name=\"twitter:card\" content=\"summary_large_image\" \/>\n<meta name=\"twitter:label1\" content=\"Written by\" \/>\n\t<meta name=\"twitter:data1\" content=\"bosniak\" \/>\n\t<meta name=\"twitter:label2\" content=\"Est. reading time\" \/>\n\t<meta name=\"twitter:data2\" content=\"2 minute\" \/>\n<script type=\"application\/ld+json\" class=\"yoast-schema-graph\">{\"@context\":\"https:\/\/schema.org\",\"@graph\":[{\"@type\":\"Article\",\"@id\":\"https:\/\/sandzakpress.net\/arhiva\/tuzilastvo-bih-danas-ulaze-zalbu-zbog-odbijanja-optuznice-u-slucaju-referenduma-u-rs-u\/#article\",\"isPartOf\":{\"@id\":\"https:\/\/sandzakpress.net\/arhiva\/tuzilastvo-bih-danas-ulaze-zalbu-zbog-odbijanja-optuznice-u-slucaju-referenduma-u-rs-u\/\"},\"author\":{\"name\":\"bosniak\",\"@id\":\"https:\/\/sandzakpress.net\/arhiva\/#\/schema\/person\/c8baee722073534b583ea7bdb2e36c02\"},\"headline\":\"Tu\u017eila\u0161tvo BiH danas ula\u017ee \u017ealbu zbog odbijanja optu\u017enice u slu\u010daju referenduma u RS-u\",\"datePublished\":\"2017-07-20T10:25:57+00:00\",\"mainEntityOfPage\":{\"@id\":\"https:\/\/sandzakpress.net\/arhiva\/tuzilastvo-bih-danas-ulaze-zalbu-zbog-odbijanja-optuznice-u-slucaju-referenduma-u-rs-u\/\"},\"wordCount\":319,\"commentCount\":0,\"publisher\":{\"@id\":\"https:\/\/sandzakpress.net\/arhiva\/#\/schema\/person\/6e72b67d6e51910a1117b3b483ba20bd\"},\"image\":{\"@id\":\"https:\/\/sandzakpress.net\/arhiva\/tuzilastvo-bih-danas-ulaze-zalbu-zbog-odbijanja-optuznice-u-slucaju-referenduma-u-rs-u\/#primaryimage\"},\"thumbnailUrl\":\"https:\/\/sandzakpress.net\/arhiva\/wp-content\/uploads\/2017\/07\/b_141217110_0_4-616x341-1.jpg\",\"keywords\":[\"Bosna i Hercegovina\"],\"articleSection\":[\"Bosna PRESS\"],\"inLanguage\":\"bs-BA\",\"potentialAction\":[{\"@type\":\"CommentAction\",\"name\":\"Comment\",\"target\":[\"https:\/\/sandzakpress.net\/arhiva\/tuzilastvo-bih-danas-ulaze-zalbu-zbog-odbijanja-optuznice-u-slucaju-referenduma-u-rs-u\/#respond\"]}]},{\"@type\":\"WebPage\",\"@id\":\"https:\/\/sandzakpress.net\/arhiva\/tuzilastvo-bih-danas-ulaze-zalbu-zbog-odbijanja-optuznice-u-slucaju-referenduma-u-rs-u\/\",\"url\":\"https:\/\/sandzakpress.net\/arhiva\/tuzilastvo-bih-danas-ulaze-zalbu-zbog-odbijanja-optuznice-u-slucaju-referenduma-u-rs-u\/\",\"name\":\"Tu\u017eila\u0161tvo BiH danas ula\u017ee \u017ealbu zbog odbijanja optu\u017enice u slu\u010daju referenduma u RS-u\",\"isPartOf\":{\"@id\":\"https:\/\/sandzakpress.net\/arhiva\/#website\"},\"primaryImageOfPage\":{\"@id\":\"https:\/\/sandzakpress.net\/arhiva\/tuzilastvo-bih-danas-ulaze-zalbu-zbog-odbijanja-optuznice-u-slucaju-referenduma-u-rs-u\/#primaryimage\"},\"image\":{\"@id\":\"https:\/\/sandzakpress.net\/arhiva\/tuzilastvo-bih-danas-ulaze-zalbu-zbog-odbijanja-optuznice-u-slucaju-referenduma-u-rs-u\/#primaryimage\"},\"thumbnailUrl\":\"https:\/\/sandzakpress.net\/arhiva\/wp-content\/uploads\/2017\/07\/b_141217110_0_4-616x341-1.jpg\",\"datePublished\":\"2017-07-20T10:25:57+00:00\",\"breadcrumb\":{\"@id\":\"https:\/\/sandzakpress.net\/arhiva\/tuzilastvo-bih-danas-ulaze-zalbu-zbog-odbijanja-optuznice-u-slucaju-referenduma-u-rs-u\/#breadcrumb\"},\"inLanguage\":\"bs-BA\",\"potentialAction\":[{\"@type\":\"ReadAction\",\"target\":[\"https:\/\/sandzakpress.net\/arhiva\/tuzilastvo-bih-danas-ulaze-zalbu-zbog-odbijanja-optuznice-u-slucaju-referenduma-u-rs-u\/\"]}]},{\"@type\":\"ImageObject\",\"inLanguage\":\"bs-BA\",\"@id\":\"https:\/\/sandzakpress.net\/arhiva\/tuzilastvo-bih-danas-ulaze-zalbu-zbog-odbijanja-optuznice-u-slucaju-referenduma-u-rs-u\/#primaryimage\",\"url\":\"https:\/\/sandzakpress.net\/arhiva\/wp-content\/uploads\/2017\/07\/b_141217110_0_4-616x341-1.jpg\",\"contentUrl\":\"https:\/\/sandzakpress.net\/arhiva\/wp-content\/uploads\/2017\/07\/b_141217110_0_4-616x341-1.jpg\",\"width\":616,\"height\":341},{\"@type\":\"BreadcrumbList\",\"@id\":\"https:\/\/sandzakpress.net\/arhiva\/tuzilastvo-bih-danas-ulaze-zalbu-zbog-odbijanja-optuznice-u-slucaju-referenduma-u-rs-u\/#breadcrumb\",\"itemListElement\":[{\"@type\":\"ListItem\",\"position\":1,\"name\":\"Home\",\"item\":\"https:\/\/sandzakpress.net\/arhiva\/\"},{\"@type\":\"ListItem\",\"position\":2,\"name\":\"Tu\u017eila\u0161tvo BiH danas ula\u017ee \u017ealbu zbog odbijanja optu\u017enice u slu\u010daju referenduma u RS-u\"}]},{\"@type\":\"WebSite\",\"@id\":\"https:\/\/sandzakpress.net\/arhiva\/#website\",\"url\":\"https:\/\/sandzakpress.net\/arhiva\/\",\"name\":\"Sand\u017eak PRESS\",\"description\":\"Prve elektronske novine u Sand\u017eaku\",\"publisher\":{\"@id\":\"https:\/\/sandzakpress.net\/arhiva\/#\/schema\/person\/6e72b67d6e51910a1117b3b483ba20bd\"},\"potentialAction\":[{\"@type\":\"SearchAction\",\"target\":{\"@type\":\"EntryPoint\",\"urlTemplate\":\"https:\/\/sandzakpress.net\/arhiva\/?s={search_term_string}\"},\"query-input\":{\"@type\":\"PropertyValueSpecification\",\"valueRequired\":true,\"valueName\":\"search_term_string\"}}],\"inLanguage\":\"bs-BA\"},{\"@type\":[\"Person\",\"Organization\"],\"@id\":\"https:\/\/sandzakpress.net\/arhiva\/#\/schema\/person\/6e72b67d6e51910a1117b3b483ba20bd\",\"name\":\"Kul\",\"image\":{\"@type\":\"ImageObject\",\"inLanguage\":\"bs-BA\",\"@id\":\"https:\/\/sandzakpress.net\/arhiva\/#\/schema\/person\/image\/\",\"url\":\"https:\/\/secure.gravatar.com\/avatar\/42263f39aa27ac04c43cab85c280eb2e?s=96&d=mm&r=pg\",\"contentUrl\":\"https:\/\/secure.gravatar.com\/avatar\/42263f39aa27ac04c43cab85c280eb2e?s=96&d=mm&r=pg\",\"caption\":\"Kul\"},\"logo\":{\"@id\":\"https:\/\/sandzakpress.net\/arhiva\/#\/schema\/person\/image\/\"}},{\"@type\":\"Person\",\"@id\":\"https:\/\/sandzakpress.net\/arhiva\/#\/schema\/person\/c8baee722073534b583ea7bdb2e36c02\",\"name\":\"bosniak\",\"image\":{\"@type\":\"ImageObject\",\"inLanguage\":\"bs-BA\",\"@id\":\"https:\/\/sandzakpress.net\/arhiva\/#\/schema\/person\/image\/\",\"url\":\"https:\/\/secure.gravatar.com\/avatar\/a04fd330bfe3a36a72a0ad4a6d89fca7?s=96&d=mm&r=pg\",\"contentUrl\":\"https:\/\/secure.gravatar.com\/avatar\/a04fd330bfe3a36a72a0ad4a6d89fca7?s=96&d=mm&r=pg\",\"caption\":\"bosniak\"},\"url\":\"https:\/\/sandzakpress.net\/arhiva\/author\/bosniak\/\"}]}<\/script>\n<!-- \/ Yoast SEO Premium plugin. -->","yoast_head_json":{"title":"Tu\u017eila\u0161tvo BiH danas ula\u017ee \u017ealbu zbog odbijanja optu\u017enice u slu\u010daju referenduma u RS-u","robots":{"index":"index","follow":"follow","max-snippet":"max-snippet:-1","max-image-preview":"max-image-preview:large","max-video-preview":"max-video-preview:-1"},"canonical":"https:\/\/sandzakpress.net\/arhiva\/tuzilastvo-bih-danas-ulaze-zalbu-zbog-odbijanja-optuznice-u-slucaju-referenduma-u-rs-u\/","og_locale":"bs_BA","og_type":"article","og_title":"Tu\u017eila\u0161tvo BiH danas ula\u017ee \u017ealbu zbog odbijanja optu\u017enice u slu\u010daju referenduma u RS-u","og_description":"Sarajevo, Banja Luka \u2013 Nakon \u0161to je Sud Bosne i Hercegovine odbio optu\u017enicu protiv svih optu\u017eenih zbog neustavnog referenduma u RS-u iz Tu\u017eila\u0161tva BiH najavili su da \u0107e ulo\u017eiti \u017ealbu. \u201cTu\u017eila\u0161tvo BiH je zaprimilo odluku Suda BiH i u zakonskom roku ulo\u017eit \u0107e \u017ealbu\u201d, kazali su u \u00a0Tu\u017eila\u0161tvu BiH.\u00a0 Sudija za prethodno saslu\u0161anje odbio je [&hellip;]","og_url":"https:\/\/sandzakpress.net\/arhiva\/tuzilastvo-bih-danas-ulaze-zalbu-zbog-odbijanja-optuznice-u-slucaju-referenduma-u-rs-u\/","og_site_name":"Sand\u017eak PRESS","article_published_time":"2017-07-20T10:25:57+00:00","og_image":[{"width":616,"height":341,"url":"https:\/\/sandzakpress.net\/arhiva\/wp-content\/uploads\/2017\/07\/b_141217110_0_4-616x341-1.jpg","type":"image\/jpeg"}],"author":"bosniak","twitter_card":"summary_large_image","twitter_misc":{"Written by":"bosniak","Est. reading time":"2 minute"},"schema":{"@context":"https:\/\/schema.org","@graph":[{"@type":"Article","@id":"https:\/\/sandzakpress.net\/arhiva\/tuzilastvo-bih-danas-ulaze-zalbu-zbog-odbijanja-optuznice-u-slucaju-referenduma-u-rs-u\/#article","isPartOf":{"@id":"https:\/\/sandzakpress.net\/arhiva\/tuzilastvo-bih-danas-ulaze-zalbu-zbog-odbijanja-optuznice-u-slucaju-referenduma-u-rs-u\/"},"author":{"name":"bosniak","@id":"https:\/\/sandzakpress.net\/arhiva\/#\/schema\/person\/c8baee722073534b583ea7bdb2e36c02"},"headline":"Tu\u017eila\u0161tvo BiH danas ula\u017ee \u017ealbu zbog odbijanja optu\u017enice u slu\u010daju referenduma u RS-u","datePublished":"2017-07-20T10:25:57+00:00","mainEntityOfPage":{"@id":"https:\/\/sandzakpress.net\/arhiva\/tuzilastvo-bih-danas-ulaze-zalbu-zbog-odbijanja-optuznice-u-slucaju-referenduma-u-rs-u\/"},"wordCount":319,"commentCount":0,"publisher":{"@id":"https:\/\/sandzakpress.net\/arhiva\/#\/schema\/person\/6e72b67d6e51910a1117b3b483ba20bd"},"image":{"@id":"https:\/\/sandzakpress.net\/arhiva\/tuzilastvo-bih-danas-ulaze-zalbu-zbog-odbijanja-optuznice-u-slucaju-referenduma-u-rs-u\/#primaryimage"},"thumbnailUrl":"https:\/\/sandzakpress.net\/arhiva\/wp-content\/uploads\/2017\/07\/b_141217110_0_4-616x341-1.jpg","keywords":["Bosna i Hercegovina"],"articleSection":["Bosna PRESS"],"inLanguage":"bs-BA","potentialAction":[{"@type":"CommentAction","name":"Comment","target":["https:\/\/sandzakpress.net\/arhiva\/tuzilastvo-bih-danas-ulaze-zalbu-zbog-odbijanja-optuznice-u-slucaju-referenduma-u-rs-u\/#respond"]}]},{"@type":"WebPage","@id":"https:\/\/sandzakpress.net\/arhiva\/tuzilastvo-bih-danas-ulaze-zalbu-zbog-odbijanja-optuznice-u-slucaju-referenduma-u-rs-u\/","url":"https:\/\/sandzakpress.net\/arhiva\/tuzilastvo-bih-danas-ulaze-zalbu-zbog-odbijanja-optuznice-u-slucaju-referenduma-u-rs-u\/","name":"Tu\u017eila\u0161tvo BiH danas ula\u017ee \u017ealbu zbog odbijanja optu\u017enice u slu\u010daju referenduma u RS-u","isPartOf":{"@id":"https:\/\/sandzakpress.net\/arhiva\/#website"},"primaryImageOfPage":{"@id":"https:\/\/sandzakpress.net\/arhiva\/tuzilastvo-bih-danas-ulaze-zalbu-zbog-odbijanja-optuznice-u-slucaju-referenduma-u-rs-u\/#primaryimage"},"image":{"@id":"https:\/\/sandzakpress.net\/arhiva\/tuzilastvo-bih-danas-ulaze-zalbu-zbog-odbijanja-optuznice-u-slucaju-referenduma-u-rs-u\/#primaryimage"},"thumbnailUrl":"https:\/\/sandzakpress.net\/arhiva\/wp-content\/uploads\/2017\/07\/b_141217110_0_4-616x341-1.jpg","datePublished":"2017-07-20T10:25:57+00:00","breadcrumb":{"@id":"https:\/\/sandzakpress.net\/arhiva\/tuzilastvo-bih-danas-ulaze-zalbu-zbog-odbijanja-optuznice-u-slucaju-referenduma-u-rs-u\/#breadcrumb"},"inLanguage":"bs-BA","potentialAction":[{"@type":"ReadAction","target":["https:\/\/sandzakpress.net\/arhiva\/tuzilastvo-bih-danas-ulaze-zalbu-zbog-odbijanja-optuznice-u-slucaju-referenduma-u-rs-u\/"]}]},{"@type":"ImageObject","inLanguage":"bs-BA","@id":"https:\/\/sandzakpress.net\/arhiva\/tuzilastvo-bih-danas-ulaze-zalbu-zbog-odbijanja-optuznice-u-slucaju-referenduma-u-rs-u\/#primaryimage","url":"https:\/\/sandzakpress.net\/arhiva\/wp-content\/uploads\/2017\/07\/b_141217110_0_4-616x341-1.jpg","contentUrl":"https:\/\/sandzakpress.net\/arhiva\/wp-content\/uploads\/2017\/07\/b_141217110_0_4-616x341-1.jpg","width":616,"height":341},{"@type":"BreadcrumbList","@id":"https:\/\/sandzakpress.net\/arhiva\/tuzilastvo-bih-danas-ulaze-zalbu-zbog-odbijanja-optuznice-u-slucaju-referenduma-u-rs-u\/#breadcrumb","itemListElement":[{"@type":"ListItem","position":1,"name":"Home","item":"https:\/\/sandzakpress.net\/arhiva\/"},{"@type":"ListItem","position":2,"name":"Tu\u017eila\u0161tvo BiH danas ula\u017ee \u017ealbu zbog odbijanja optu\u017enice u slu\u010daju referenduma u RS-u"}]},{"@type":"WebSite","@id":"https:\/\/sandzakpress.net\/arhiva\/#website","url":"https:\/\/sandzakpress.net\/arhiva\/","name":"Sand\u017eak PRESS","description":"Prve elektronske novine u Sand\u017eaku","publisher":{"@id":"https:\/\/sandzakpress.net\/arhiva\/#\/schema\/person\/6e72b67d6e51910a1117b3b483ba20bd"},"potentialAction":[{"@type":"SearchAction","target":{"@type":"EntryPoint","urlTemplate":"https:\/\/sandzakpress.net\/arhiva\/?s={search_term_string}"},"query-input":{"@type":"PropertyValueSpecification","valueRequired":true,"valueName":"search_term_string"}}],"inLanguage":"bs-BA"},{"@type":["Person","Organization"],"@id":"https:\/\/sandzakpress.net\/arhiva\/#\/schema\/person\/6e72b67d6e51910a1117b3b483ba20bd","name":"Kul","image":{"@type":"ImageObject","inLanguage":"bs-BA","@id":"https:\/\/sandzakpress.net\/arhiva\/#\/schema\/person\/image\/","url":"https:\/\/secure.gravatar.com\/avatar\/42263f39aa27ac04c43cab85c280eb2e?s=96&d=mm&r=pg","contentUrl":"https:\/\/secure.gravatar.com\/avatar\/42263f39aa27ac04c43cab85c280eb2e?s=96&d=mm&r=pg","caption":"Kul"},"logo":{"@id":"https:\/\/sandzakpress.net\/arhiva\/#\/schema\/person\/image\/"}},{"@type":"Person","@id":"https:\/\/sandzakpress.net\/arhiva\/#\/schema\/person\/c8baee722073534b583ea7bdb2e36c02","name":"bosniak","image":{"@type":"ImageObject","inLanguage":"bs-BA","@id":"https:\/\/sandzakpress.net\/arhiva\/#\/schema\/person\/image\/","url":"https:\/\/secure.gravatar.com\/avatar\/a04fd330bfe3a36a72a0ad4a6d89fca7?s=96&d=mm&r=pg","contentUrl":"https:\/\/secure.gravatar.com\/avatar\/a04fd330bfe3a36a72a0ad4a6d89fca7?s=96&d=mm&r=pg","caption":"bosniak"},"url":"https:\/\/sandzakpress.net\/arhiva\/author\/bosniak\/"}]}},"_links":{"self":[{"href":"https:\/\/sandzakpress.net\/arhiva\/wp-json\/wp\/v2\/posts\/191476"}],"collection":[{"href":"https:\/\/sandzakpress.net\/arhiva\/wp-json\/wp\/v2\/posts"}],"about":[{"href":"https:\/\/sandzakpress.net\/arhiva\/wp-json\/wp\/v2\/types\/post"}],"author":[{"embeddable":true,"href":"https:\/\/sandzakpress.net\/arhiva\/wp-json\/wp\/v2\/users\/83"}],"replies":[{"embeddable":true,"href":"https:\/\/sandzakpress.net\/arhiva\/wp-json\/wp\/v2\/comments?post=191476"}],"version-history":[{"count":0,"href":"https:\/\/sandzakpress.net\/arhiva\/wp-json\/wp\/v2\/posts\/191476\/revisions"}],"wp:featuredmedia":[{"embeddable":true,"href":"https:\/\/sandzakpress.net\/arhiva\/wp-json\/wp\/v2\/media\/191478"}],"wp:attachment":[{"href":"https:\/\/sandzakpress.net\/arhiva\/wp-json\/wp\/v2\/media?parent=191476"}],"wp:term":[{"taxonomy":"category","embeddable":true,"href":"https:\/\/sandzakpress.net\/arhiva\/wp-json\/wp\/v2\/categories?post=191476"},{"taxonomy":"post_tag","embeddable":true,"href":"https:\/\/sandzakpress.net\/arhiva\/wp-json\/wp\/v2\/tags?post=191476"}],"curies":[{"name":"wp","href":"https:\/\/api.w.org\/{rel}","templated":true}]}}