{"id":19134,"date":"2011-08-29T12:00:52","date_gmt":"2011-08-29T10:00:52","guid":{"rendered":"https:\/\/sandzakpress.net\/arhiva\/?p=19134"},"modified":"2011-08-29T12:00:52","modified_gmt":"2011-08-29T10:00:52","slug":"novi-vodovod-za-centar-prizrena","status":"publish","type":"post","link":"https:\/\/sandzakpress.net\/arhiva\/novi-vodovod-za-centar-prizrena\/","title":{"rendered":"Novi vodovod za centar Prizrena"},"content":{"rendered":"<p><strong><a href=\"https:\/\/sandzakpress.net\/arhiva\/wp-content\/uploads\/2011\/08\/vodovod-302.jpg\"><img loading=\"lazy\" decoding=\"async\" class=\"alignleft size-medium wp-image-19135\" src=\"https:\/\/sandzakpress.net\/arhiva\/wp-content\/uploads\/2011\/08\/vodovod-302-300x225.jpg\" alt=\"\" width=\"300\" height=\"225\" \/><\/a>Kosovo &#8211; Sredstvima USAID-a u visini od 300 hiljada ameri\u010dkih dolara desetak  hiljada sranovnika u centru Prizrena za nekoliko narednih decenija  obezbjedilo je dovoljne koli\u010dine kvalitetne i zdrave pija\u0107e vode. Tim  povodom organizovana je prigodna sve\u010danost i izvr\u0161ena primopredaja nove  vodovodne mre\u017ee.<\/strong><\/p>\n<p>Besim Baraliu, menad\u017eer Hidroregiona, sektora jug zahvaliv\u0161i se na  donaciji USAID-a kazao je kako je sada bitno pobolj\u0161ana vodovodna  infarstruktura a gar\u0111ani ovog dijuela Prizrena se ne\u0107e suo\u010davati sa\u00a0  ovim problemom kao \u0161to je to do sada bio veoma \u010desti slu\u010daj.<\/p>\n<p>\u201cNa\u0161a  kompanija nadgledaju\u0107i ovaj ali i druge sli\u010dne projekte nastoji da  obezb\u010dedi \u0161to vi\u0161e vode za na\u0161e potro\u0161a\u010de. Stanovnicima ovog naselja  \u010destitam na vodovodu kojeg je fiansnirao USAID i nadam se da \u0107e biti jo\u0161  dosta ovakvih i sli\u010dnih projekata sa ovim veoma zna\u010dajnim donatorom, ne  samo za na\u0161u kompaniju nego i za cijelo Kosovo\u201d, naglasio je Baraliu.<\/p>\n<p>I  visoki zvani\u010dnik USAID-a Key Sparkes je podvukao da \u0107e ubudu\u0107e na  hiljade stanovnika ovog dijela grada imati vodu koja zna\u010di \u017eivot i  progers\u201d, kazao je Sparks istakav\u0161i da se ovaj projekat ne bi mogao  realizovati bez pomo\u0107i i razumjevanja op\u0161tinskih i zvani\u010dnika  Hidroregiona &#8211; sektora jug koji su obezbjedili logistiku.<\/p>\n<p>\u201cUradili  smo mali korak za\u00a0 Prizren ali velkiki korak za stanovnike ovog dijela  na\u0161eg grada. Oni sigurno sada razmi\u0161ljaju u kakvim uslovima su do ovih  dana \u017eivjeli \u0161to se vodosnabdjevanja ti\u010de vjerujem da su danas presre\u0107ni  i u njihovo ime zahvaljujem se i donatoru i na\u0161em preduze\u0107u koje je  nadgledalo ove radove. Me\u0111utim Hhidroregion &#8211; sektor jug mora da  razmi\u0161lja i na du\u017ee staze u \u0161ta ne sumnajm i da\u00a0 ovako kvalitetno  snabdjevanje sa minimalnim gubicima treba da obezbjedi i za ostale  stanovnike prizrenske op\u0161tine\u201d, kazao je izme\u0111u ostalog potpredsjednik  op\u0161tine Ruzhdi Rexha.<\/p>\n<p>Ina\u010de, ve\u0107i dio gra\u0111ana prizrenske op\u0161tine,  naro\u010dito nekih prigradskih naselja, ovih dana zbog tropskih  temperatuira\u00a0 ima velikih problema sa vodosnabdjevanjem. Nekim danima  nemaju ni kapi vode. Ako se tome doda podatak da su na snazi i darsti\u010dne  restrikcije struje koje traju i po 10 sati\u00a0 onda nije \u010dudo \u0161to mnogi  stanovnici nisu zadovoljni uslugama prije svega KEK-a a time i  Hidroregiona &#8211; sektora jug jer je, kako tvrde stru\u010dnajci, sve povezano  sa redovnim snabdevanjem strujom.<\/p>\n<p>Izvor: <strong>Info-Ks.net<\/strong><\/p>\n","protected":false},"excerpt":{"rendered":"<p>Kosovo &#8211; Sredstvima USAID-a u visini od 300 hiljada ameri\u010dkih dolara desetak hiljada sranovnika u centru Prizrena za nekoliko narednih decenija obezbjedilo je dovoljne koli\u010dine kvalitetne i zdrave pija\u0107e vode. Tim povodom organizovana je prigodna sve\u010danost i izvr\u0161ena primopredaja nove vodovodne mre\u017ee. Besim Baraliu, menad\u017eer Hidroregiona, sektora jug zahvaliv\u0161i se na donaciji USAID-a kazao je [&hellip;]<\/p>\n","protected":false},"author":13,"featured_media":19135,"comment_status":"open","ping_status":"open","sticky":false,"template":"","format":"standard","meta":{"footnotes":""},"categories":[2690,3],"tags":[],"class_list":{"0":"post-19134","1":"post","2":"type-post","3":"status-publish","4":"format-standard","5":"has-post-thumbnail","7":"category-kosovo-gradovi","8":"category-privreda"},"yoast_head":"<!-- This site is optimized with the Yoast SEO Premium plugin v23.1 (Yoast SEO v24.9) - https:\/\/yoast.com\/wordpress\/plugins\/seo\/ -->\n<title>Novi vodovod za centar Prizrena<\/title>\n<meta name=\"robots\" content=\"index, follow, max-snippet:-1, max-image-preview:large, max-video-preview:-1\" \/>\n<link rel=\"canonical\" href=\"https:\/\/sandzakpress.net\/arhiva\/novi-vodovod-za-centar-prizrena\/\" \/>\n<meta property=\"og:locale\" content=\"bs_BA\" \/>\n<meta property=\"og:type\" content=\"article\" \/>\n<meta property=\"og:title\" content=\"Novi vodovod za centar Prizrena\" \/>\n<meta property=\"og:description\" content=\"Kosovo &#8211; Sredstvima USAID-a u visini od 300 hiljada ameri\u010dkih dolara desetak hiljada sranovnika u centru Prizrena za nekoliko narednih decenija obezbjedilo je dovoljne koli\u010dine kvalitetne i zdrave pija\u0107e vode. Tim povodom organizovana je prigodna sve\u010danost i izvr\u0161ena primopredaja nove vodovodne mre\u017ee. Besim Baraliu, menad\u017eer Hidroregiona, sektora jug zahvaliv\u0161i se na donaciji USAID-a kazao je [&hellip;]\" \/>\n<meta property=\"og:url\" content=\"https:\/\/sandzakpress.net\/arhiva\/novi-vodovod-za-centar-prizrena\/\" \/>\n<meta property=\"og:site_name\" content=\"Sand\u017eak PRESS\" \/>\n<meta property=\"article:published_time\" content=\"2011-08-29T10:00:52+00:00\" \/>\n<meta property=\"og:image\" content=\"https:\/\/sandzakpress.net\/arhiva\/wp-content\/uploads\/2011\/08\/vodovod-302.jpg\" \/>\n\t<meta property=\"og:image:width\" content=\"302\" \/>\n\t<meta property=\"og:image:height\" content=\"227\" \/>\n\t<meta property=\"og:image:type\" content=\"image\/jpeg\" \/>\n<meta name=\"twitter:card\" content=\"summary_large_image\" \/>\n<meta name=\"twitter:label1\" content=\"Written by\" \/>\n\t<meta name=\"twitter:data1\" content=\"\" \/>\n\t<meta name=\"twitter:label2\" content=\"Est. reading time\" \/>\n\t<meta name=\"twitter:data2\" content=\"2 minute\" \/>\n<script type=\"application\/ld+json\" class=\"yoast-schema-graph\">{\"@context\":\"https:\/\/schema.org\",\"@graph\":[{\"@type\":\"Article\",\"@id\":\"https:\/\/sandzakpress.net\/arhiva\/novi-vodovod-za-centar-prizrena\/#article\",\"isPartOf\":{\"@id\":\"https:\/\/sandzakpress.net\/arhiva\/novi-vodovod-za-centar-prizrena\/\"},\"author\":{\"name\":\"\",\"@id\":\"\"},\"headline\":\"Novi vodovod za centar Prizrena\",\"datePublished\":\"2011-08-29T10:00:52+00:00\",\"mainEntityOfPage\":{\"@id\":\"https:\/\/sandzakpress.net\/arhiva\/novi-vodovod-za-centar-prizrena\/\"},\"wordCount\":416,\"commentCount\":0,\"publisher\":{\"@id\":\"https:\/\/sandzakpress.net\/arhiva\/#\/schema\/person\/6e72b67d6e51910a1117b3b483ba20bd\"},\"image\":{\"@id\":\"https:\/\/sandzakpress.net\/arhiva\/novi-vodovod-za-centar-prizrena\/#primaryimage\"},\"thumbnailUrl\":\"https:\/\/sandzakpress.net\/arhiva\/wp-content\/uploads\/2011\/08\/vodovod-302.jpg\",\"articleSection\":[\"Kosovo\",\"Privreda\"],\"inLanguage\":\"bs-BA\",\"potentialAction\":[{\"@type\":\"CommentAction\",\"name\":\"Comment\",\"target\":[\"https:\/\/sandzakpress.net\/arhiva\/novi-vodovod-za-centar-prizrena\/#respond\"]}]},{\"@type\":\"WebPage\",\"@id\":\"https:\/\/sandzakpress.net\/arhiva\/novi-vodovod-za-centar-prizrena\/\",\"url\":\"https:\/\/sandzakpress.net\/arhiva\/novi-vodovod-za-centar-prizrena\/\",\"name\":\"Novi vodovod za centar Prizrena\",\"isPartOf\":{\"@id\":\"https:\/\/sandzakpress.net\/arhiva\/#website\"},\"primaryImageOfPage\":{\"@id\":\"https:\/\/sandzakpress.net\/arhiva\/novi-vodovod-za-centar-prizrena\/#primaryimage\"},\"image\":{\"@id\":\"https:\/\/sandzakpress.net\/arhiva\/novi-vodovod-za-centar-prizrena\/#primaryimage\"},\"thumbnailUrl\":\"https:\/\/sandzakpress.net\/arhiva\/wp-content\/uploads\/2011\/08\/vodovod-302.jpg\",\"datePublished\":\"2011-08-29T10:00:52+00:00\",\"breadcrumb\":{\"@id\":\"https:\/\/sandzakpress.net\/arhiva\/novi-vodovod-za-centar-prizrena\/#breadcrumb\"},\"inLanguage\":\"bs-BA\",\"potentialAction\":[{\"@type\":\"ReadAction\",\"target\":[\"https:\/\/sandzakpress.net\/arhiva\/novi-vodovod-za-centar-prizrena\/\"]}]},{\"@type\":\"ImageObject\",\"inLanguage\":\"bs-BA\",\"@id\":\"https:\/\/sandzakpress.net\/arhiva\/novi-vodovod-za-centar-prizrena\/#primaryimage\",\"url\":\"https:\/\/sandzakpress.net\/arhiva\/wp-content\/uploads\/2011\/08\/vodovod-302.jpg\",\"contentUrl\":\"https:\/\/sandzakpress.net\/arhiva\/wp-content\/uploads\/2011\/08\/vodovod-302.jpg\",\"width\":302,\"height\":227},{\"@type\":\"BreadcrumbList\",\"@id\":\"https:\/\/sandzakpress.net\/arhiva\/novi-vodovod-za-centar-prizrena\/#breadcrumb\",\"itemListElement\":[{\"@type\":\"ListItem\",\"position\":1,\"name\":\"Home\",\"item\":\"https:\/\/sandzakpress.net\/arhiva\/\"},{\"@type\":\"ListItem\",\"position\":2,\"name\":\"Novi vodovod za centar Prizrena\"}]},{\"@type\":\"WebSite\",\"@id\":\"https:\/\/sandzakpress.net\/arhiva\/#website\",\"url\":\"https:\/\/sandzakpress.net\/arhiva\/\",\"name\":\"Sand\u017eak PRESS\",\"description\":\"Prve elektronske novine u Sand\u017eaku\",\"publisher\":{\"@id\":\"https:\/\/sandzakpress.net\/arhiva\/#\/schema\/person\/6e72b67d6e51910a1117b3b483ba20bd\"},\"potentialAction\":[{\"@type\":\"SearchAction\",\"target\":{\"@type\":\"EntryPoint\",\"urlTemplate\":\"https:\/\/sandzakpress.net\/arhiva\/?s={search_term_string}\"},\"query-input\":{\"@type\":\"PropertyValueSpecification\",\"valueRequired\":true,\"valueName\":\"search_term_string\"}}],\"inLanguage\":\"bs-BA\"},{\"@type\":[\"Person\",\"Organization\"],\"@id\":\"https:\/\/sandzakpress.net\/arhiva\/#\/schema\/person\/6e72b67d6e51910a1117b3b483ba20bd\",\"name\":\"Kul\",\"image\":{\"@type\":\"ImageObject\",\"inLanguage\":\"bs-BA\",\"@id\":\"https:\/\/sandzakpress.net\/arhiva\/#\/schema\/person\/image\/\",\"url\":\"https:\/\/secure.gravatar.com\/avatar\/42263f39aa27ac04c43cab85c280eb2e?s=96&d=mm&r=pg\",\"contentUrl\":\"https:\/\/secure.gravatar.com\/avatar\/42263f39aa27ac04c43cab85c280eb2e?s=96&d=mm&r=pg\",\"caption\":\"Kul\"},\"logo\":{\"@id\":\"https:\/\/sandzakpress.net\/arhiva\/#\/schema\/person\/image\/\"}},{\"@type\":\"Person\",\"@id\":\"\",\"url\":\"https:\/\/sandzakpress.net\/arhiva\/author\/\"}]}<\/script>\n<!-- \/ Yoast SEO Premium plugin. -->","yoast_head_json":{"title":"Novi vodovod za centar Prizrena","robots":{"index":"index","follow":"follow","max-snippet":"max-snippet:-1","max-image-preview":"max-image-preview:large","max-video-preview":"max-video-preview:-1"},"canonical":"https:\/\/sandzakpress.net\/arhiva\/novi-vodovod-za-centar-prizrena\/","og_locale":"bs_BA","og_type":"article","og_title":"Novi vodovod za centar Prizrena","og_description":"Kosovo &#8211; Sredstvima USAID-a u visini od 300 hiljada ameri\u010dkih dolara desetak hiljada sranovnika u centru Prizrena za nekoliko narednih decenija obezbjedilo je dovoljne koli\u010dine kvalitetne i zdrave pija\u0107e vode. Tim povodom organizovana je prigodna sve\u010danost i izvr\u0161ena primopredaja nove vodovodne mre\u017ee. Besim Baraliu, menad\u017eer Hidroregiona, sektora jug zahvaliv\u0161i se na donaciji USAID-a kazao je [&hellip;]","og_url":"https:\/\/sandzakpress.net\/arhiva\/novi-vodovod-za-centar-prizrena\/","og_site_name":"Sand\u017eak PRESS","article_published_time":"2011-08-29T10:00:52+00:00","og_image":[{"width":302,"height":227,"url":"https:\/\/sandzakpress.net\/arhiva\/wp-content\/uploads\/2011\/08\/vodovod-302.jpg","type":"image\/jpeg"}],"twitter_card":"summary_large_image","twitter_misc":{"Written by":"","Est. reading time":"2 minute"},"schema":{"@context":"https:\/\/schema.org","@graph":[{"@type":"Article","@id":"https:\/\/sandzakpress.net\/arhiva\/novi-vodovod-za-centar-prizrena\/#article","isPartOf":{"@id":"https:\/\/sandzakpress.net\/arhiva\/novi-vodovod-za-centar-prizrena\/"},"author":{"name":"","@id":""},"headline":"Novi vodovod za centar Prizrena","datePublished":"2011-08-29T10:00:52+00:00","mainEntityOfPage":{"@id":"https:\/\/sandzakpress.net\/arhiva\/novi-vodovod-za-centar-prizrena\/"},"wordCount":416,"commentCount":0,"publisher":{"@id":"https:\/\/sandzakpress.net\/arhiva\/#\/schema\/person\/6e72b67d6e51910a1117b3b483ba20bd"},"image":{"@id":"https:\/\/sandzakpress.net\/arhiva\/novi-vodovod-za-centar-prizrena\/#primaryimage"},"thumbnailUrl":"https:\/\/sandzakpress.net\/arhiva\/wp-content\/uploads\/2011\/08\/vodovod-302.jpg","articleSection":["Kosovo","Privreda"],"inLanguage":"bs-BA","potentialAction":[{"@type":"CommentAction","name":"Comment","target":["https:\/\/sandzakpress.net\/arhiva\/novi-vodovod-za-centar-prizrena\/#respond"]}]},{"@type":"WebPage","@id":"https:\/\/sandzakpress.net\/arhiva\/novi-vodovod-za-centar-prizrena\/","url":"https:\/\/sandzakpress.net\/arhiva\/novi-vodovod-za-centar-prizrena\/","name":"Novi vodovod za centar Prizrena","isPartOf":{"@id":"https:\/\/sandzakpress.net\/arhiva\/#website"},"primaryImageOfPage":{"@id":"https:\/\/sandzakpress.net\/arhiva\/novi-vodovod-za-centar-prizrena\/#primaryimage"},"image":{"@id":"https:\/\/sandzakpress.net\/arhiva\/novi-vodovod-za-centar-prizrena\/#primaryimage"},"thumbnailUrl":"https:\/\/sandzakpress.net\/arhiva\/wp-content\/uploads\/2011\/08\/vodovod-302.jpg","datePublished":"2011-08-29T10:00:52+00:00","breadcrumb":{"@id":"https:\/\/sandzakpress.net\/arhiva\/novi-vodovod-za-centar-prizrena\/#breadcrumb"},"inLanguage":"bs-BA","potentialAction":[{"@type":"ReadAction","target":["https:\/\/sandzakpress.net\/arhiva\/novi-vodovod-za-centar-prizrena\/"]}]},{"@type":"ImageObject","inLanguage":"bs-BA","@id":"https:\/\/sandzakpress.net\/arhiva\/novi-vodovod-za-centar-prizrena\/#primaryimage","url":"https:\/\/sandzakpress.net\/arhiva\/wp-content\/uploads\/2011\/08\/vodovod-302.jpg","contentUrl":"https:\/\/sandzakpress.net\/arhiva\/wp-content\/uploads\/2011\/08\/vodovod-302.jpg","width":302,"height":227},{"@type":"BreadcrumbList","@id":"https:\/\/sandzakpress.net\/arhiva\/novi-vodovod-za-centar-prizrena\/#breadcrumb","itemListElement":[{"@type":"ListItem","position":1,"name":"Home","item":"https:\/\/sandzakpress.net\/arhiva\/"},{"@type":"ListItem","position":2,"name":"Novi vodovod za centar Prizrena"}]},{"@type":"WebSite","@id":"https:\/\/sandzakpress.net\/arhiva\/#website","url":"https:\/\/sandzakpress.net\/arhiva\/","name":"Sand\u017eak PRESS","description":"Prve elektronske novine u Sand\u017eaku","publisher":{"@id":"https:\/\/sandzakpress.net\/arhiva\/#\/schema\/person\/6e72b67d6e51910a1117b3b483ba20bd"},"potentialAction":[{"@type":"SearchAction","target":{"@type":"EntryPoint","urlTemplate":"https:\/\/sandzakpress.net\/arhiva\/?s={search_term_string}"},"query-input":{"@type":"PropertyValueSpecification","valueRequired":true,"valueName":"search_term_string"}}],"inLanguage":"bs-BA"},{"@type":["Person","Organization"],"@id":"https:\/\/sandzakpress.net\/arhiva\/#\/schema\/person\/6e72b67d6e51910a1117b3b483ba20bd","name":"Kul","image":{"@type":"ImageObject","inLanguage":"bs-BA","@id":"https:\/\/sandzakpress.net\/arhiva\/#\/schema\/person\/image\/","url":"https:\/\/secure.gravatar.com\/avatar\/42263f39aa27ac04c43cab85c280eb2e?s=96&d=mm&r=pg","contentUrl":"https:\/\/secure.gravatar.com\/avatar\/42263f39aa27ac04c43cab85c280eb2e?s=96&d=mm&r=pg","caption":"Kul"},"logo":{"@id":"https:\/\/sandzakpress.net\/arhiva\/#\/schema\/person\/image\/"}},{"@type":"Person","@id":"","url":"https:\/\/sandzakpress.net\/arhiva\/author\/"}]}},"_links":{"self":[{"href":"https:\/\/sandzakpress.net\/arhiva\/wp-json\/wp\/v2\/posts\/19134"}],"collection":[{"href":"https:\/\/sandzakpress.net\/arhiva\/wp-json\/wp\/v2\/posts"}],"about":[{"href":"https:\/\/sandzakpress.net\/arhiva\/wp-json\/wp\/v2\/types\/post"}],"author":[{"embeddable":true,"href":"https:\/\/sandzakpress.net\/arhiva\/wp-json\/wp\/v2\/users\/13"}],"replies":[{"embeddable":true,"href":"https:\/\/sandzakpress.net\/arhiva\/wp-json\/wp\/v2\/comments?post=19134"}],"version-history":[{"count":0,"href":"https:\/\/sandzakpress.net\/arhiva\/wp-json\/wp\/v2\/posts\/19134\/revisions"}],"wp:featuredmedia":[{"embeddable":true,"href":"https:\/\/sandzakpress.net\/arhiva\/wp-json\/wp\/v2\/media\/19135"}],"wp:attachment":[{"href":"https:\/\/sandzakpress.net\/arhiva\/wp-json\/wp\/v2\/media?parent=19134"}],"wp:term":[{"taxonomy":"category","embeddable":true,"href":"https:\/\/sandzakpress.net\/arhiva\/wp-json\/wp\/v2\/categories?post=19134"},{"taxonomy":"post_tag","embeddable":true,"href":"https:\/\/sandzakpress.net\/arhiva\/wp-json\/wp\/v2\/tags?post=19134"}],"curies":[{"name":"wp","href":"https:\/\/api.w.org\/{rel}","templated":true}]}}