{"id":191189,"date":"2017-07-15T14:36:39","date_gmt":"2017-07-15T12:36:39","guid":{"rendered":"https:\/\/sandzakpress.net\/arhiva\/?p=191189"},"modified":"2017-07-15T18:16:57","modified_gmt":"2017-07-15T16:16:57","slug":"turska-objavila-oglas-u-novinama-srbi-hvala-vam-sto-niste-podrzali-drzavni-udar","status":"publish","type":"post","link":"https:\/\/sandzakpress.net\/arhiva\/turska-objavila-oglas-u-novinama-srbi-hvala-vam-sto-niste-podrzali-drzavni-udar\/","title":{"rendered":"Turska objavila oglas u novinama: Srbi, hvala vam \u0161to niste podr\u017eali dr\u017eavni udar"},"content":{"rendered":"<div class=\"uvod uvod-clanka hidden-xs\"><img decoding=\"async\" src=\"https:\/\/static.klix.ba\/media\/images\/vijesti\/b_170715014.jpg?v=1\" alt=\"Turska objavila oglas u novinama: Srbi, hvala vam \u0161to niste podr\u017eali dr\u017eavni udar\" \/><\/div>\n<div class=\"uvod uvod-clanka hidden-xs\">\u00a0<\/div>\n<div class=\"uvod uvod-clanka hidden-xs\"><strong>U beogradskoj &#8220;Politici&#8221; iza\u0161ao je oglas u kojem se turska Ambasada u Beogradu zahvaljuje Srbiji jer je odmah nakon poku\u0161aja dr\u017eavnog udara u Turskoj stala uz turski narod i demokratiju.<\/strong><\/div>\n<div id=\"ads_intext\" data-google-query-id=\"CKCS07_Xi9UCFXUf0wodjkYA7w\">\u00a0<\/div>\n<div class=\"tekst clanak_vijesti\">U oglasu, objavljenom na \u010ditavoj stranici, napominje se da je prije ta\u010dno godinu dana, 15. jula 2016. godine, turski narod osujetio poku\u0161aj dr\u017eavnog udara koji su organizovali &#8220;\u010dlanovi teroristi\u010dke organizacije Fetulaha Gulana, infiltrirani u oru\u017eane snage i druge javne ustanove&#8221;.\u00a0<\/p>\n<p>U tekstu sa naslovom &#8220;Dok slavimo pobjedu demokratije, s po\u0161tovanjem se sje\u0107amo \u017ertava, koje su pale 15. jula&#8221;, navodi se da je &#8220;ono \u0161to se desilo bio najstra\u0161niji teroristi\u010dki napad u historiji Turske, kakav do sada nije vi\u0111en&#8221;.\u00a0<\/p>\n<p>Podsje\u0107a se da je poginulo 250 dr\u017eavljana Turske, a vi\u0161e od 2.000 ranjeno, ali da je turski narod bio jedinstven i hrabro se suprotstavio pu\u010distima, stao ispred tenkova kao \u017eivi \u0161tit, da bi sprije\u010dio zauzimanje javnih ustanova.\u00a0<\/p>\n<p>&#8220;Turski narod je stavio do znanja da ne\u0107e dozvoliti nedemokratske intervencije, da ne\u0107e dopustiti da naoru\u017eane grupe kreiraju budu\u0107nost Turske, ve\u0107 volja naroda&#8221;, navodi se u oglasu.<\/p><\/div>\n<div class=\"tekst clanak_vijesti\">\u00a0<\/div>\n<div class=\"tekst clanak_vijesti\">(klix.ba)<\/div>\n","protected":false},"excerpt":{"rendered":"<p>\u00a0 U beogradskoj &#8220;Politici&#8221; iza\u0161ao je oglas u kojem se turska Ambasada u Beogradu zahvaljuje Srbiji jer je odmah nakon poku\u0161aja dr\u017eavnog udara u Turskoj stala uz turski narod i demokratiju. \u00a0 U oglasu, objavljenom na \u010ditavoj stranici, napominje se da je prije ta\u010dno godinu dana, 15. jula 2016. godine, turski narod osujetio poku\u0161aj dr\u017eavnog [&hellip;]<\/p>\n","protected":false},"author":509,"featured_media":191190,"comment_status":"open","ping_status":"open","sticky":false,"template":"","format":"standard","meta":{"footnotes":""},"categories":[10307,9,8957,798,2692],"tags":[],"class_list":{"0":"post-191189","1":"post","2":"type-post","3":"status-publish","4":"format-standard","5":"has-post-thumbnail","7":"category-srbija","8":"category-svijet","9":"category-vijesti-dana","10":"category-teme","11":"category-turska-gradovi"},"yoast_head":"<!-- This site is optimized with the Yoast SEO Premium plugin v23.1 (Yoast SEO v24.9) - https:\/\/yoast.com\/wordpress\/plugins\/seo\/ -->\n<title>Turska objavila oglas u novinama: Srbi, hvala vam \u0161to niste podr\u017eali dr\u017eavni udar<\/title>\n<meta name=\"robots\" content=\"index, follow, max-snippet:-1, max-image-preview:large, max-video-preview:-1\" \/>\n<link rel=\"canonical\" href=\"https:\/\/sandzakpress.net\/arhiva\/turska-objavila-oglas-u-novinama-srbi-hvala-vam-sto-niste-podrzali-drzavni-udar\/\" \/>\n<meta property=\"og:locale\" content=\"bs_BA\" \/>\n<meta property=\"og:type\" content=\"article\" \/>\n<meta property=\"og:title\" content=\"Turska objavila oglas u novinama: Srbi, hvala vam \u0161to niste podr\u017eali dr\u017eavni udar\" \/>\n<meta property=\"og:description\" content=\"\u00a0 U beogradskoj &#8220;Politici&#8221; iza\u0161ao je oglas u kojem se turska Ambasada u Beogradu zahvaljuje Srbiji jer je odmah nakon poku\u0161aja dr\u017eavnog udara u Turskoj stala uz turski narod i demokratiju. \u00a0 U oglasu, objavljenom na \u010ditavoj stranici, napominje se da je prije ta\u010dno godinu dana, 15. jula 2016. godine, turski narod osujetio poku\u0161aj dr\u017eavnog [&hellip;]\" \/>\n<meta property=\"og:url\" content=\"https:\/\/sandzakpress.net\/arhiva\/turska-objavila-oglas-u-novinama-srbi-hvala-vam-sto-niste-podrzali-drzavni-udar\/\" \/>\n<meta property=\"og:site_name\" content=\"Sand\u017eak PRESS\" \/>\n<meta property=\"article:published_time\" content=\"2017-07-15T12:36:39+00:00\" \/>\n<meta property=\"article:modified_time\" content=\"2017-07-15T16:16:57+00:00\" \/>\n<meta property=\"og:image\" content=\"https:\/\/sandzakpress.net\/arhiva\/wp-content\/uploads\/2017\/07\/b_170715014.jpg\" \/>\n\t<meta property=\"og:image:width\" content=\"850\" \/>\n\t<meta property=\"og:image:height\" content=\"568\" \/>\n\t<meta property=\"og:image:type\" content=\"image\/jpeg\" \/>\n<meta name=\"author\" content=\"Agencija\" \/>\n<meta name=\"twitter:card\" content=\"summary_large_image\" \/>\n<meta name=\"twitter:label1\" content=\"Written by\" \/>\n\t<meta name=\"twitter:data1\" content=\"Agencija\" \/>\n\t<meta name=\"twitter:label2\" content=\"Est. reading time\" \/>\n\t<meta name=\"twitter:data2\" content=\"1 minuta\" \/>\n<script type=\"application\/ld+json\" class=\"yoast-schema-graph\">{\"@context\":\"https:\/\/schema.org\",\"@graph\":[{\"@type\":\"Article\",\"@id\":\"https:\/\/sandzakpress.net\/arhiva\/turska-objavila-oglas-u-novinama-srbi-hvala-vam-sto-niste-podrzali-drzavni-udar\/#article\",\"isPartOf\":{\"@id\":\"https:\/\/sandzakpress.net\/arhiva\/turska-objavila-oglas-u-novinama-srbi-hvala-vam-sto-niste-podrzali-drzavni-udar\/\"},\"author\":{\"name\":\"Agencija\",\"@id\":\"https:\/\/sandzakpress.net\/arhiva\/#\/schema\/person\/cb59d7e3ab91ab90dd680ad0305a6185\"},\"headline\":\"Turska objavila oglas u novinama: Srbi, hvala vam \u0161to niste podr\u017eali dr\u017eavni udar\",\"datePublished\":\"2017-07-15T12:36:39+00:00\",\"dateModified\":\"2017-07-15T16:16:57+00:00\",\"mainEntityOfPage\":{\"@id\":\"https:\/\/sandzakpress.net\/arhiva\/turska-objavila-oglas-u-novinama-srbi-hvala-vam-sto-niste-podrzali-drzavni-udar\/\"},\"wordCount\":206,\"commentCount\":4,\"publisher\":{\"@id\":\"https:\/\/sandzakpress.net\/arhiva\/#\/schema\/person\/6e72b67d6e51910a1117b3b483ba20bd\"},\"image\":{\"@id\":\"https:\/\/sandzakpress.net\/arhiva\/turska-objavila-oglas-u-novinama-srbi-hvala-vam-sto-niste-podrzali-drzavni-udar\/#primaryimage\"},\"thumbnailUrl\":\"https:\/\/sandzakpress.net\/arhiva\/wp-content\/uploads\/2017\/07\/b_170715014.jpg\",\"articleSection\":[\"Srbija\",\"Svijet\",\"VIJESTI DANA\",\"NAJNOVIJE\",\"Turska\"],\"inLanguage\":\"bs-BA\",\"potentialAction\":[{\"@type\":\"CommentAction\",\"name\":\"Comment\",\"target\":[\"https:\/\/sandzakpress.net\/arhiva\/turska-objavila-oglas-u-novinama-srbi-hvala-vam-sto-niste-podrzali-drzavni-udar\/#respond\"]}]},{\"@type\":\"WebPage\",\"@id\":\"https:\/\/sandzakpress.net\/arhiva\/turska-objavila-oglas-u-novinama-srbi-hvala-vam-sto-niste-podrzali-drzavni-udar\/\",\"url\":\"https:\/\/sandzakpress.net\/arhiva\/turska-objavila-oglas-u-novinama-srbi-hvala-vam-sto-niste-podrzali-drzavni-udar\/\",\"name\":\"Turska objavila oglas u novinama: Srbi, hvala vam \u0161to niste podr\u017eali dr\u017eavni udar\",\"isPartOf\":{\"@id\":\"https:\/\/sandzakpress.net\/arhiva\/#website\"},\"primaryImageOfPage\":{\"@id\":\"https:\/\/sandzakpress.net\/arhiva\/turska-objavila-oglas-u-novinama-srbi-hvala-vam-sto-niste-podrzali-drzavni-udar\/#primaryimage\"},\"image\":{\"@id\":\"https:\/\/sandzakpress.net\/arhiva\/turska-objavila-oglas-u-novinama-srbi-hvala-vam-sto-niste-podrzali-drzavni-udar\/#primaryimage\"},\"thumbnailUrl\":\"https:\/\/sandzakpress.net\/arhiva\/wp-content\/uploads\/2017\/07\/b_170715014.jpg\",\"datePublished\":\"2017-07-15T12:36:39+00:00\",\"dateModified\":\"2017-07-15T16:16:57+00:00\",\"breadcrumb\":{\"@id\":\"https:\/\/sandzakpress.net\/arhiva\/turska-objavila-oglas-u-novinama-srbi-hvala-vam-sto-niste-podrzali-drzavni-udar\/#breadcrumb\"},\"inLanguage\":\"bs-BA\",\"potentialAction\":[{\"@type\":\"ReadAction\",\"target\":[\"https:\/\/sandzakpress.net\/arhiva\/turska-objavila-oglas-u-novinama-srbi-hvala-vam-sto-niste-podrzali-drzavni-udar\/\"]}]},{\"@type\":\"ImageObject\",\"inLanguage\":\"bs-BA\",\"@id\":\"https:\/\/sandzakpress.net\/arhiva\/turska-objavila-oglas-u-novinama-srbi-hvala-vam-sto-niste-podrzali-drzavni-udar\/#primaryimage\",\"url\":\"https:\/\/sandzakpress.net\/arhiva\/wp-content\/uploads\/2017\/07\/b_170715014.jpg\",\"contentUrl\":\"https:\/\/sandzakpress.net\/arhiva\/wp-content\/uploads\/2017\/07\/b_170715014.jpg\",\"width\":850,\"height\":568},{\"@type\":\"BreadcrumbList\",\"@id\":\"https:\/\/sandzakpress.net\/arhiva\/turska-objavila-oglas-u-novinama-srbi-hvala-vam-sto-niste-podrzali-drzavni-udar\/#breadcrumb\",\"itemListElement\":[{\"@type\":\"ListItem\",\"position\":1,\"name\":\"Home\",\"item\":\"https:\/\/sandzakpress.net\/arhiva\/\"},{\"@type\":\"ListItem\",\"position\":2,\"name\":\"Turska objavila oglas u novinama: Srbi, hvala vam \u0161to niste podr\u017eali dr\u017eavni udar\"}]},{\"@type\":\"WebSite\",\"@id\":\"https:\/\/sandzakpress.net\/arhiva\/#website\",\"url\":\"https:\/\/sandzakpress.net\/arhiva\/\",\"name\":\"Sand\u017eak PRESS\",\"description\":\"Prve elektronske novine u Sand\u017eaku\",\"publisher\":{\"@id\":\"https:\/\/sandzakpress.net\/arhiva\/#\/schema\/person\/6e72b67d6e51910a1117b3b483ba20bd\"},\"potentialAction\":[{\"@type\":\"SearchAction\",\"target\":{\"@type\":\"EntryPoint\",\"urlTemplate\":\"https:\/\/sandzakpress.net\/arhiva\/?s={search_term_string}\"},\"query-input\":{\"@type\":\"PropertyValueSpecification\",\"valueRequired\":true,\"valueName\":\"search_term_string\"}}],\"inLanguage\":\"bs-BA\"},{\"@type\":[\"Person\",\"Organization\"],\"@id\":\"https:\/\/sandzakpress.net\/arhiva\/#\/schema\/person\/6e72b67d6e51910a1117b3b483ba20bd\",\"name\":\"Kul\",\"image\":{\"@type\":\"ImageObject\",\"inLanguage\":\"bs-BA\",\"@id\":\"https:\/\/sandzakpress.net\/arhiva\/#\/schema\/person\/image\/\",\"url\":\"https:\/\/secure.gravatar.com\/avatar\/42263f39aa27ac04c43cab85c280eb2e?s=96&d=mm&r=pg\",\"contentUrl\":\"https:\/\/secure.gravatar.com\/avatar\/42263f39aa27ac04c43cab85c280eb2e?s=96&d=mm&r=pg\",\"caption\":\"Kul\"},\"logo\":{\"@id\":\"https:\/\/sandzakpress.net\/arhiva\/#\/schema\/person\/image\/\"}},{\"@type\":\"Person\",\"@id\":\"https:\/\/sandzakpress.net\/arhiva\/#\/schema\/person\/cb59d7e3ab91ab90dd680ad0305a6185\",\"name\":\"Agencija\",\"image\":{\"@type\":\"ImageObject\",\"inLanguage\":\"bs-BA\",\"@id\":\"https:\/\/sandzakpress.net\/arhiva\/#\/schema\/person\/image\/\",\"url\":\"https:\/\/secure.gravatar.com\/avatar\/4b7fafa80a22f0c2afe23966b3961fe0?s=96&d=mm&r=pg\",\"contentUrl\":\"https:\/\/secure.gravatar.com\/avatar\/4b7fafa80a22f0c2afe23966b3961fe0?s=96&d=mm&r=pg\",\"caption\":\"Agencija\"},\"url\":\"https:\/\/sandzakpress.net\/arhiva\/author\/agencija\/\"}]}<\/script>\n<!-- \/ Yoast SEO Premium plugin. -->","yoast_head_json":{"title":"Turska objavila oglas u novinama: Srbi, hvala vam \u0161to niste podr\u017eali dr\u017eavni udar","robots":{"index":"index","follow":"follow","max-snippet":"max-snippet:-1","max-image-preview":"max-image-preview:large","max-video-preview":"max-video-preview:-1"},"canonical":"https:\/\/sandzakpress.net\/arhiva\/turska-objavila-oglas-u-novinama-srbi-hvala-vam-sto-niste-podrzali-drzavni-udar\/","og_locale":"bs_BA","og_type":"article","og_title":"Turska objavila oglas u novinama: Srbi, hvala vam \u0161to niste podr\u017eali dr\u017eavni udar","og_description":"\u00a0 U beogradskoj &#8220;Politici&#8221; iza\u0161ao je oglas u kojem se turska Ambasada u Beogradu zahvaljuje Srbiji jer je odmah nakon poku\u0161aja dr\u017eavnog udara u Turskoj stala uz turski narod i demokratiju. \u00a0 U oglasu, objavljenom na \u010ditavoj stranici, napominje se da je prije ta\u010dno godinu dana, 15. jula 2016. godine, turski narod osujetio poku\u0161aj dr\u017eavnog [&hellip;]","og_url":"https:\/\/sandzakpress.net\/arhiva\/turska-objavila-oglas-u-novinama-srbi-hvala-vam-sto-niste-podrzali-drzavni-udar\/","og_site_name":"Sand\u017eak PRESS","article_published_time":"2017-07-15T12:36:39+00:00","article_modified_time":"2017-07-15T16:16:57+00:00","og_image":[{"width":850,"height":568,"url":"https:\/\/sandzakpress.net\/arhiva\/wp-content\/uploads\/2017\/07\/b_170715014.jpg","type":"image\/jpeg"}],"author":"Agencija","twitter_card":"summary_large_image","twitter_misc":{"Written by":"Agencija","Est. reading time":"1 minuta"},"schema":{"@context":"https:\/\/schema.org","@graph":[{"@type":"Article","@id":"https:\/\/sandzakpress.net\/arhiva\/turska-objavila-oglas-u-novinama-srbi-hvala-vam-sto-niste-podrzali-drzavni-udar\/#article","isPartOf":{"@id":"https:\/\/sandzakpress.net\/arhiva\/turska-objavila-oglas-u-novinama-srbi-hvala-vam-sto-niste-podrzali-drzavni-udar\/"},"author":{"name":"Agencija","@id":"https:\/\/sandzakpress.net\/arhiva\/#\/schema\/person\/cb59d7e3ab91ab90dd680ad0305a6185"},"headline":"Turska objavila oglas u novinama: Srbi, hvala vam \u0161to niste podr\u017eali dr\u017eavni udar","datePublished":"2017-07-15T12:36:39+00:00","dateModified":"2017-07-15T16:16:57+00:00","mainEntityOfPage":{"@id":"https:\/\/sandzakpress.net\/arhiva\/turska-objavila-oglas-u-novinama-srbi-hvala-vam-sto-niste-podrzali-drzavni-udar\/"},"wordCount":206,"commentCount":4,"publisher":{"@id":"https:\/\/sandzakpress.net\/arhiva\/#\/schema\/person\/6e72b67d6e51910a1117b3b483ba20bd"},"image":{"@id":"https:\/\/sandzakpress.net\/arhiva\/turska-objavila-oglas-u-novinama-srbi-hvala-vam-sto-niste-podrzali-drzavni-udar\/#primaryimage"},"thumbnailUrl":"https:\/\/sandzakpress.net\/arhiva\/wp-content\/uploads\/2017\/07\/b_170715014.jpg","articleSection":["Srbija","Svijet","VIJESTI DANA","NAJNOVIJE","Turska"],"inLanguage":"bs-BA","potentialAction":[{"@type":"CommentAction","name":"Comment","target":["https:\/\/sandzakpress.net\/arhiva\/turska-objavila-oglas-u-novinama-srbi-hvala-vam-sto-niste-podrzali-drzavni-udar\/#respond"]}]},{"@type":"WebPage","@id":"https:\/\/sandzakpress.net\/arhiva\/turska-objavila-oglas-u-novinama-srbi-hvala-vam-sto-niste-podrzali-drzavni-udar\/","url":"https:\/\/sandzakpress.net\/arhiva\/turska-objavila-oglas-u-novinama-srbi-hvala-vam-sto-niste-podrzali-drzavni-udar\/","name":"Turska objavila oglas u novinama: Srbi, hvala vam \u0161to niste podr\u017eali dr\u017eavni udar","isPartOf":{"@id":"https:\/\/sandzakpress.net\/arhiva\/#website"},"primaryImageOfPage":{"@id":"https:\/\/sandzakpress.net\/arhiva\/turska-objavila-oglas-u-novinama-srbi-hvala-vam-sto-niste-podrzali-drzavni-udar\/#primaryimage"},"image":{"@id":"https:\/\/sandzakpress.net\/arhiva\/turska-objavila-oglas-u-novinama-srbi-hvala-vam-sto-niste-podrzali-drzavni-udar\/#primaryimage"},"thumbnailUrl":"https:\/\/sandzakpress.net\/arhiva\/wp-content\/uploads\/2017\/07\/b_170715014.jpg","datePublished":"2017-07-15T12:36:39+00:00","dateModified":"2017-07-15T16:16:57+00:00","breadcrumb":{"@id":"https:\/\/sandzakpress.net\/arhiva\/turska-objavila-oglas-u-novinama-srbi-hvala-vam-sto-niste-podrzali-drzavni-udar\/#breadcrumb"},"inLanguage":"bs-BA","potentialAction":[{"@type":"ReadAction","target":["https:\/\/sandzakpress.net\/arhiva\/turska-objavila-oglas-u-novinama-srbi-hvala-vam-sto-niste-podrzali-drzavni-udar\/"]}]},{"@type":"ImageObject","inLanguage":"bs-BA","@id":"https:\/\/sandzakpress.net\/arhiva\/turska-objavila-oglas-u-novinama-srbi-hvala-vam-sto-niste-podrzali-drzavni-udar\/#primaryimage","url":"https:\/\/sandzakpress.net\/arhiva\/wp-content\/uploads\/2017\/07\/b_170715014.jpg","contentUrl":"https:\/\/sandzakpress.net\/arhiva\/wp-content\/uploads\/2017\/07\/b_170715014.jpg","width":850,"height":568},{"@type":"BreadcrumbList","@id":"https:\/\/sandzakpress.net\/arhiva\/turska-objavila-oglas-u-novinama-srbi-hvala-vam-sto-niste-podrzali-drzavni-udar\/#breadcrumb","itemListElement":[{"@type":"ListItem","position":1,"name":"Home","item":"https:\/\/sandzakpress.net\/arhiva\/"},{"@type":"ListItem","position":2,"name":"Turska objavila oglas u novinama: Srbi, hvala vam \u0161to niste podr\u017eali dr\u017eavni udar"}]},{"@type":"WebSite","@id":"https:\/\/sandzakpress.net\/arhiva\/#website","url":"https:\/\/sandzakpress.net\/arhiva\/","name":"Sand\u017eak PRESS","description":"Prve elektronske novine u Sand\u017eaku","publisher":{"@id":"https:\/\/sandzakpress.net\/arhiva\/#\/schema\/person\/6e72b67d6e51910a1117b3b483ba20bd"},"potentialAction":[{"@type":"SearchAction","target":{"@type":"EntryPoint","urlTemplate":"https:\/\/sandzakpress.net\/arhiva\/?s={search_term_string}"},"query-input":{"@type":"PropertyValueSpecification","valueRequired":true,"valueName":"search_term_string"}}],"inLanguage":"bs-BA"},{"@type":["Person","Organization"],"@id":"https:\/\/sandzakpress.net\/arhiva\/#\/schema\/person\/6e72b67d6e51910a1117b3b483ba20bd","name":"Kul","image":{"@type":"ImageObject","inLanguage":"bs-BA","@id":"https:\/\/sandzakpress.net\/arhiva\/#\/schema\/person\/image\/","url":"https:\/\/secure.gravatar.com\/avatar\/42263f39aa27ac04c43cab85c280eb2e?s=96&d=mm&r=pg","contentUrl":"https:\/\/secure.gravatar.com\/avatar\/42263f39aa27ac04c43cab85c280eb2e?s=96&d=mm&r=pg","caption":"Kul"},"logo":{"@id":"https:\/\/sandzakpress.net\/arhiva\/#\/schema\/person\/image\/"}},{"@type":"Person","@id":"https:\/\/sandzakpress.net\/arhiva\/#\/schema\/person\/cb59d7e3ab91ab90dd680ad0305a6185","name":"Agencija","image":{"@type":"ImageObject","inLanguage":"bs-BA","@id":"https:\/\/sandzakpress.net\/arhiva\/#\/schema\/person\/image\/","url":"https:\/\/secure.gravatar.com\/avatar\/4b7fafa80a22f0c2afe23966b3961fe0?s=96&d=mm&r=pg","contentUrl":"https:\/\/secure.gravatar.com\/avatar\/4b7fafa80a22f0c2afe23966b3961fe0?s=96&d=mm&r=pg","caption":"Agencija"},"url":"https:\/\/sandzakpress.net\/arhiva\/author\/agencija\/"}]}},"_links":{"self":[{"href":"https:\/\/sandzakpress.net\/arhiva\/wp-json\/wp\/v2\/posts\/191189"}],"collection":[{"href":"https:\/\/sandzakpress.net\/arhiva\/wp-json\/wp\/v2\/posts"}],"about":[{"href":"https:\/\/sandzakpress.net\/arhiva\/wp-json\/wp\/v2\/types\/post"}],"author":[{"embeddable":true,"href":"https:\/\/sandzakpress.net\/arhiva\/wp-json\/wp\/v2\/users\/509"}],"replies":[{"embeddable":true,"href":"https:\/\/sandzakpress.net\/arhiva\/wp-json\/wp\/v2\/comments?post=191189"}],"version-history":[{"count":0,"href":"https:\/\/sandzakpress.net\/arhiva\/wp-json\/wp\/v2\/posts\/191189\/revisions"}],"wp:featuredmedia":[{"embeddable":true,"href":"https:\/\/sandzakpress.net\/arhiva\/wp-json\/wp\/v2\/media\/191190"}],"wp:attachment":[{"href":"https:\/\/sandzakpress.net\/arhiva\/wp-json\/wp\/v2\/media?parent=191189"}],"wp:term":[{"taxonomy":"category","embeddable":true,"href":"https:\/\/sandzakpress.net\/arhiva\/wp-json\/wp\/v2\/categories?post=191189"},{"taxonomy":"post_tag","embeddable":true,"href":"https:\/\/sandzakpress.net\/arhiva\/wp-json\/wp\/v2\/tags?post=191189"}],"curies":[{"name":"wp","href":"https:\/\/api.w.org\/{rel}","templated":true}]}}